{"id":4200,"date":"2018-07-24T00:12:36","date_gmt":"2018-07-24T00:12:36","guid":{"rendered":"https:\/\/laprensacristiana.com\/?p=4200"},"modified":"2020-07-01T23:39:11","modified_gmt":"2020-07-01T23:39:11","slug":"entrevista-especial-a-dr-oscar-rodriguez","status":"publish","type":"post","link":"https:\/\/laprensacristiana.com\/?p=4200","title":{"rendered":"Entrevista especial a Dr. \u00d3scar Rodr\u00edguez"},"content":{"rendered":"<p>&nbsp;<\/p>\n<p>\u00bfC\u00f3mo equilibra su tiempo para el Se\u00f1or, la obra y su familia, \u00a0a fin de que cada una este completamente sana y en crecimiento?<\/p>\n<p>Te ser\u00e9 muy honesto, no lo hago yo, lo hace mi Se\u00f1or! F\u00edjate que hace tiempo le dije que no pod\u00eda organizarme, y me sent\u00eda que todo me halaba seg\u00fan su prioridad de momento, pero al pedirle ayuda todo se fue ordenando, y las demandas de tiempo de las \u00e1reas que mencionas se equilibraron, no dudo que yo no puedo hacer nada por mi mismo, siempre es el Se\u00f1or Jesucristo; lo que s\u00ed trato, es de que cuando estoy en cada lugar o tiempo, intento dar lo mejor de mi.<\/p>\n<p>\u00bfSe ha sentido alguna vez en desventaja en comparaci\u00f3n con los grandes personajes \u00a0de Biblia y de la historia cristiana; si, no? \u00bfQu\u00e9 lo impulsa?<\/p>\n<p>Qu\u00e9 fuerte tu pregunta! Los personajes de la Biblia y de la Historia de la Iglesia son mi ejemplo, casi seguido converso con el Ap\u00f3stol Pablo (te estoy hablando en fe, jejejeje), tambi\u00e9n me gusta hablar con el Rey David para consultas sobre el reino (esto para mi es meditar querido Luis), y usando la imaginaci\u00f3n y el conocimiento que tengo de la Biblia y sobre todo con la ayuda del Esp\u00edritu Santo, comprendo algunas soluciones que \u00abellos\u00bb (lo dir\u00e9 as\u00ed) me dan, pero realmente es la Palabra quien me da la soluci\u00f3n que requiero. As\u00ed que al tener la Palabra, al Esp\u00edritu Santo, la preciosa Sangre de Jes\u00fas, y por medio de \u00c9l una comuni\u00f3n con el Padre, comprendo todo lo que han hecho por mi, como lo hizo con los grandes hombres de la Biblia y de la historia de la Iglesia; sabes qu\u00e9 palabra se me viene a mi mente? Jn 17:21-22 somos uno y tenemos la Gloria del Padre. No me siento en desventaja en cuanto a recursos como los que he mencionado se refiere, pero la verdad no me comparo, ni busco hacerlo.<\/p>\n<p>Usted es un formador de l\u00edderes \u00bfAlguna vez a querido tirar la toalla con alg\u00fan caso en particular? No, es hermoso descubrir paso a paso el coraz\u00f3n de un l\u00edder, sus capacidades, y sobre todo nunca olvidar que ha sido creado a imagen y semejanza de Dios, por lo que no dejo nunca de creer en \u00e9l, luego de manera natural o sobrenatural ellos se lanzan a su destino, logrando conquistar el monte, para lo cual Dios los llam\u00f3! En este caso, solo soy un recurso o instrumento para tal fin, pero a ninguno de ellos se debe de desechar, porque al que nadie quiere resulta ser el que hace la diferencia, sino m\u00edrame a mi.<\/p>\n<p>\u00bfC\u00f3mo sue\u00f1a usted entregar al Se\u00f1or el pueblo que lidera? Esa pregunta va m\u00e1s all\u00e1 de una posibilidad humana, Dios nos ha comisionado para llevar el Evangelio, contar las maravillas extraordinarias de nuestro Se\u00f1or Jesucristo. Considero que tu pregunta es quiz\u00e1s m\u00e1s dirigida a nuestro amado Esp\u00edritu Santo. El trabajo es de \u00c9l, lo sobrenatural en cuanto al cambio de un ser humano, estriba solo en \u00c9l. Por mi parte seguir con mi entrega en amor de contarles aqu\u00ed, all\u00e1 y en todo lugar que \u00c9l me permita llegar, de lo que \u00c9l es capaz, lo que ha hecho en mi vida, y que lo puede hacer en ellos y m\u00e1s, confesarles siempre que Jes\u00fas es Se\u00f1or!<\/p>\n<p>\u00bfSeg\u00fan la Visi\u00f3n que Dios le entreg\u00f3 para realizar la Misi\u00f3n, hasta d\u00f3nde llegar\u00e1 Casa de Bendici\u00f3n y ORM?<\/p>\n<p>\u00c9l entreg\u00f3 la Visi\u00f3n, por lo que la Visi\u00f3n es de \u00c9l y el Se\u00f1or Jes\u00fas nunca pierde (Cuando puedas lee y medita nuestra Visi\u00f3n junto con la misi\u00f3n). Cada vez vemos como se ensancha la obra, no con un mega templo a\u00fan o miles de personas congreg\u00e1ndose en un solo lugar, no; pero si bendiciendo con la Palabra de Dios, seguido de maravillosas manifestaciones del Esp\u00edritu Santo; como sabes, Dios es siempre en primer lugar, pero tambi\u00e9n y seg\u00fan nuestras posibilidades, \u00c9l nos permite ayudar al necesitado, y cuando tu extiendes la mano seg\u00fan Stgo. 2:15-16, d\u00e9jame le\u00e9rtelo:<\/p>\n<p>&#8230; y si un hermano o hermana est\u00e1n desnudos, y tienen necesidad del mantenimiento de cada d\u00eda, 16 y alguno de vosotros les dice: Id en paz, calentaos y saciaos, pero no le dais las cosas que son necesarias para el cuerpo, \u00bfde qu\u00e9 aprovecha? 17 As\u00ed tambi\u00e9n la Fe, si no tiene obras, es muerta en si misma.<\/p>\n<p>As\u00ed que cuando extiendes la mano con algo, es producto de la Fe; as\u00ed que por Fe seguiremos y no nos detendremos. El proyecto ORM es producto de la Fe, como una estrategia para llegar al que puede y quiere ayudar y as\u00ed llevar al necesitado de parte del esforzado en amor por el pr\u00f3jimo, ayuda y saciedad, seg\u00fan lo explica Santiago. F\u00edjate que EN Dios no necesitas de muchas personas para lograr algo, pero s\u00ed de la Palabra de Fe para sostenerte t\u00fa y contigo tu equipo! As\u00ed que si tengo fe, la obra llegar\u00e1 o continuar\u00e1 hasta que Dios venga, porque, como sabes, es de Dios y no m\u00eda. ORM llevar\u00e1 mucha ayuda al necesitado y sobre todo biblias y palabras de fe a todo aquel que lo necesite, en el nombre de Jes\u00fas<\/p>\n<p>\u00bfEs Ud. un hombre de pasi\u00f3n por Jes\u00fas?<\/p>\n<p>F\u00edjate que pasi\u00f3n, es una emoci\u00f3n, y el amor es un sentimiento, y cuando se trata de sentimiento el mayor de ellos es el amor, y dices: yo amo, como el plus de tu sentir, y al decir pasi\u00f3n, es tu plus en tu emoci\u00f3n, lograr el prop\u00f3sito o motivo y esto puede ser transitorio, m\u00e1s el amor nunca deja de ser, como dice Corintios. Por amor he sido salvado, por amor se hizo todo, por amor se da hasta la vida, yo dir\u00eda que m\u00e1s que pasi\u00f3n es amor por Jes\u00fas!<\/p>\n<p>Ud. siempre habla de su equipo, \u00bfqu\u00e9 tan especial es? Son L\u00edderes Extraordinarios, cada uno de ellos est\u00e1 siendo capacitado constantemente para salir adelante, aunque a veces los veo en pruebas o dificultades, ya sean \u00e9stas de todo tipo, sinceramente, siempre triunfan! Aplican lo aprendido, y a pesar de lo que sea siguen caminando, no se detienen, cr\u00e9eme que se me hace un nudo en la garganta porque son muy importantes para mi, a pesar de todo lo malo e imperfecto que soy, me escuchan y Dios ayuda y salimos, hemos estado en \u00a0\u00a8unas&#8230;\u00bb \u00a0pero al final vemos la gloria de Dios y aprendemos de cada lecci\u00f3n de vida, y pedimos a Dios no volver a caer dos veces en el mismo hoyo. Lo especial de ellos es que \u201cno importa el esfuerzo sino la excelencia para Dios\u201d<\/p>\n<p>\u00bfHay algo m\u00e1s que pueda decir de su equipo? S\u00ed, por supuesto: Son ellos quienes con la ayuda de Dios lo hacen todo, les amo! Y gracias porque me permiten dedicarme a buscar m\u00e1s de Dios.<\/p>\n<p>\u00bfC\u00f3mo ve el Evangelio en las Naciones?<\/p>\n<p>Hemos llegado a tiempos peligrosos como dice II Tim 3:1. El enemigo, pr\u00edncipe de este mundo ha enviado principados y potestades de violencia, corrupci\u00f3n, y crisis econ\u00f3mica, sobre todo hoy d\u00eda a Am\u00e9rica Latina; raz\u00f3n por la cual lo que hoy sabemos es porque lo vemos y o\u00edmos. Pero mira, hay buenas noticias el avivamiento tan esperado, llegar\u00e1 por medio de Latinoam\u00e9rica para el mundo. \u00a0 En rotulo que colocaron sobre la cabeza de Jes\u00fas en la cruz, fue profec\u00eda, all\u00ed dec\u00eda Este es Jes\u00fas, el \u00a0Rey de los jud\u00edos, y estaba escrito en Hebreo, Griego y Lat\u00edn, y han sido dos grandes avivamientos ocurridos, primero en el pueblo Jud\u00edo con la venida de Jes\u00fas y pentecost\u00e9s, luego con el idioma Griego que toda roma lo hablaba, y ahora es para Latinoam\u00e9rica, esto es causa de regocijo porque cuando comenz\u00f3 la persecuci\u00f3n los ap\u00f3stoles oraron y fueron llenos del Esp\u00edritu Santo y comenz\u00f3 Dios a operar en milagros, se\u00f1ales y prodigios y la iglesia se expandi\u00f3, y Latinoam\u00e9rica expandir\u00e1 plenamente el Evangelio del Reino de Dios por toda la tierra. No solo el Evangelio, sino el Evangelio del Reino de Dios.<\/p>\n<p>\u00bfComo se alimenta espiritualmente?<\/p>\n<p>En primer lugar me gusta escudri\u00f1ar la Biblia, tambi\u00e9n estudio libros de hombres de Dios que me instruyen mucho, oro a Dios y converso con \u00c9l. Asisto semanalmente a una reuni\u00f3n de pastores, tengo un maestro que respeto mucho y tambi\u00e9n me aconseja e instruye, asisto a conferencias internacionales para aprender m\u00e1s de la palabra, donde recibo secretos de vida que me alimentan y motivan a mantenerme firme en mi fe.<\/p>\n<p>Pastor esto lo hacen muchos pastores que conozco, \u00bfhay algo m\u00e1s que no ha dicho o no dicen?<\/p>\n<p>Periodista ten\u00edas que ser! \u00a0jejejeje En mi caso s\u00ed, hay algo m\u00e1s, m\u00e1s que un lugar, es un mirador, una vista al paisaje maravilloso de nuestro pa\u00eds, para mi es un lugar de refugio e intimidad con Dios, all\u00ed es donde lloro, me desarraigo de mi mismo, muchas veces se ha vuelto un lugar sobrenatural donde en mi fe, creo que estoy rodeado de huestes espirituales del reino de los cielos, es un lugar donde me confieso pidiendo ser mejor cada d\u00eda. Oro por todos y por mi, declaro palabras de bendici\u00f3n a la amada de Dios, profetizo a mi pa\u00eds, y declaro a mi mismo ser valiente, saludable entre otras cosas. Yo le llamo: Monta\u00f1a Azul<\/p>\n<p>Ud. siempre es Ud., \u00bfhay algo que le gustar\u00eda mencionar?<\/p>\n<p>Si! \u00a0Gracias Padre Eterno por tu Hijo Jes\u00fas y Esp\u00edritu Santo.<\/p>\n<p>Gracias por mi bendita y espectacular familia<\/p>\n<p>Gracias por Casa de Bendici\u00f3n, Lideres Extraordinarios y Equipo de Poder<\/p>\n<p>Gracias por tantas personas, que sin ellas no podr\u00eda hacer lo que me pides<\/p>\n<p>Gracias por La Prensa Cristiana, Radio Verdad, Radio Progreso, por las redes bien usadas para promulgar tu Nombre y gracias por esta gran oportunidad de decir y testificar que: \u00a0\u00ablo que tocas cambias\u00bb<\/p>\n<p>Si Ud. diera una palabra a muchos pastores que les dijera? No dijera, gritar\u00eda con todas mis fuerzas \u00a0!ANIMO, EL TODOPODEROSO ESTA CONTIGO!<\/p>\n<p>Y A Dios que le dijera hoy?<\/p>\n<p>Heme aqu\u00ed!<\/p>\n","protected":false},"excerpt":{"rendered":"<p>&nbsp; \u00bfC\u00f3mo equilibra su tiempo para el Se\u00f1or, la obra y su familia, \u00a0a fin de que cada una este completamente sana y en crecimiento? Te ser\u00e9 muy honesto, no lo hago yo, lo hace mi Se\u00f1or! F\u00edjate que hace tiempo le dije que no pod\u00eda organizarme, y me sent\u00eda que todo me halaba seg\u00fan [&hellip;]<\/p>\n","protected":false},"author":3,"featured_media":4201,"comment_status":"open","ping_status":"open","sticky":false,"template":"","format":"standard","meta":[],"categories":[103],"tags":[],"yoast_head":"<!-- This site is optimized with the Yoast SEO plugin v20.8 - https:\/\/yoast.com\/wordpress\/plugins\/seo\/ -->\n<title>Entrevista especial a Dr. \u00d3scar Rodr\u00edguez - La Prensa Cristiana<\/title>\n<meta name=\"robots\" content=\"index, follow, max-snippet:-1, max-image-preview:large, max-video-preview:-1\" \/>\n<link rel=\"canonical\" href=\"https:\/\/laprensacristiana.com\/?p=4200\" \/>\n<meta property=\"og:locale\" content=\"es_ES\" \/>\n<meta property=\"og:type\" content=\"article\" \/>\n<meta property=\"og:title\" content=\"Entrevista especial a Dr. \u00d3scar Rodr\u00edguez - La Prensa Cristiana\" \/>\n<meta property=\"og:description\" content=\"&nbsp; \u00bfC\u00f3mo equilibra su tiempo para el Se\u00f1or, la obra y su familia, \u00a0a fin de que cada una este completamente sana y en crecimiento? Te ser\u00e9 muy honesto, no lo hago yo, lo hace mi Se\u00f1or! F\u00edjate que hace tiempo le dije que no pod\u00eda organizarme, y me sent\u00eda que todo me halaba seg\u00fan [&hellip;]\" \/>\n<meta property=\"og:url\" content=\"https:\/\/laprensacristiana.com\/?p=4200\" \/>\n<meta property=\"og:site_name\" content=\"La Prensa Cristiana\" \/>\n<meta property=\"article:published_time\" content=\"2018-07-24T00:12:36+00:00\" \/>\n<meta property=\"article:modified_time\" content=\"2020-07-01T23:39:11+00:00\" \/>\n<meta property=\"og:image\" content=\"https:\/\/laprensacristiana.com\/wp-content\/uploads\/2018\/07\/IMG-20180723-WA0017.jpg\" \/>\n\t<meta property=\"og:image:width\" content=\"1280\" \/>\n\t<meta property=\"og:image:height\" content=\"699\" \/>\n\t<meta property=\"og:image:type\" content=\"image\/jpeg\" \/>\n<meta name=\"author\" content=\"EDITOR\" \/>\n<meta name=\"twitter:card\" content=\"summary_large_image\" \/>\n<meta name=\"twitter:label1\" content=\"Escrito por\" \/>\n\t<meta name=\"twitter:data1\" content=\"EDITOR\" \/>\n\t<meta name=\"twitter:label2\" content=\"Tiempo de lectura\" \/>\n\t<meta name=\"twitter:data2\" content=\"9 minutos\" \/>\n<script type=\"application\/ld+json\" class=\"yoast-schema-graph\">{\"@context\":\"https:\/\/schema.org\",\"@graph\":[{\"@type\":\"WebPage\",\"@id\":\"https:\/\/laprensacristiana.com\/?p=4200\",\"url\":\"https:\/\/laprensacristiana.com\/?p=4200\",\"name\":\"Entrevista especial a Dr. \u00d3scar Rodr\u00edguez - La Prensa Cristiana\",\"isPartOf\":{\"@id\":\"https:\/\/laprensacristiana.com\/#website\"},\"datePublished\":\"2018-07-24T00:12:36+00:00\",\"dateModified\":\"2020-07-01T23:39:11+00:00\",\"author\":{\"@id\":\"https:\/\/laprensacristiana.com\/#\/schema\/person\/3e7d82c6bfd6b1fa67010f8f7cd5256e\"},\"breadcrumb\":{\"@id\":\"https:\/\/laprensacristiana.com\/?p=4200#breadcrumb\"},\"inLanguage\":\"es\",\"potentialAction\":[{\"@type\":\"ReadAction\",\"target\":[\"https:\/\/laprensacristiana.com\/?p=4200\"]}]},{\"@type\":\"BreadcrumbList\",\"@id\":\"https:\/\/laprensacristiana.com\/?p=4200#breadcrumb\",\"itemListElement\":[{\"@type\":\"ListItem\",\"position\":1,\"name\":\"Portada\",\"item\":\"https:\/\/laprensacristiana.com\/\"},{\"@type\":\"ListItem\",\"position\":2,\"name\":\"Entrevista especial a Dr. \u00d3scar Rodr\u00edguez\"}]},{\"@type\":\"WebSite\",\"@id\":\"https:\/\/laprensacristiana.com\/#website\",\"url\":\"https:\/\/laprensacristiana.com\/\",\"name\":\"La Prensa Cristiana\",\"description\":\"Anunciando Las Buenas Nuevas\",\"potentialAction\":[{\"@type\":\"SearchAction\",\"target\":{\"@type\":\"EntryPoint\",\"urlTemplate\":\"https:\/\/laprensacristiana.com\/?s={search_term_string}\"},\"query-input\":\"required name=search_term_string\"}],\"inLanguage\":\"es\"},{\"@type\":\"Person\",\"@id\":\"https:\/\/laprensacristiana.com\/#\/schema\/person\/3e7d82c6bfd6b1fa67010f8f7cd5256e\",\"name\":\"EDITOR\",\"image\":{\"@type\":\"ImageObject\",\"inLanguage\":\"es\",\"@id\":\"https:\/\/laprensacristiana.com\/#\/schema\/person\/image\/\",\"url\":\"https:\/\/secure.gravatar.com\/avatar\/72069dfb6c13772d9e8381e3638666d2?s=96&d=mm&r=g\",\"contentUrl\":\"https:\/\/secure.gravatar.com\/avatar\/72069dfb6c13772d9e8381e3638666d2?s=96&d=mm&r=g\",\"caption\":\"EDITOR\"},\"url\":\"https:\/\/laprensacristiana.com\/?author=3\"}]}<\/script>\n<!-- \/ Yoast SEO plugin. -->","yoast_head_json":{"title":"Entrevista especial a Dr. \u00d3scar Rodr\u00edguez - La Prensa Cristiana","robots":{"index":"index","follow":"follow","max-snippet":"max-snippet:-1","max-image-preview":"max-image-preview:large","max-video-preview":"max-video-preview:-1"},"canonical":"https:\/\/laprensacristiana.com\/?p=4200","og_locale":"es_ES","og_type":"article","og_title":"Entrevista especial a Dr. \u00d3scar Rodr\u00edguez - La Prensa Cristiana","og_description":"&nbsp; \u00bfC\u00f3mo equilibra su tiempo para el Se\u00f1or, la obra y su familia, \u00a0a fin de que cada una este completamente sana y en crecimiento? Te ser\u00e9 muy honesto, no lo hago yo, lo hace mi Se\u00f1or! F\u00edjate que hace tiempo le dije que no pod\u00eda organizarme, y me sent\u00eda que todo me halaba seg\u00fan [&hellip;]","og_url":"https:\/\/laprensacristiana.com\/?p=4200","og_site_name":"La Prensa Cristiana","article_published_time":"2018-07-24T00:12:36+00:00","article_modified_time":"2020-07-01T23:39:11+00:00","og_image":[{"width":1280,"height":699,"url":"https:\/\/laprensacristiana.com\/wp-content\/uploads\/2018\/07\/IMG-20180723-WA0017.jpg","type":"image\/jpeg"}],"author":"EDITOR","twitter_card":"summary_large_image","twitter_misc":{"Escrito por":"EDITOR","Tiempo de lectura":"9 minutos"},"schema":{"@context":"https:\/\/schema.org","@graph":[{"@type":"WebPage","@id":"https:\/\/laprensacristiana.com\/?p=4200","url":"https:\/\/laprensacristiana.com\/?p=4200","name":"Entrevista especial a Dr. \u00d3scar Rodr\u00edguez - La Prensa Cristiana","isPartOf":{"@id":"https:\/\/laprensacristiana.com\/#website"},"datePublished":"2018-07-24T00:12:36+00:00","dateModified":"2020-07-01T23:39:11+00:00","author":{"@id":"https:\/\/laprensacristiana.com\/#\/schema\/person\/3e7d82c6bfd6b1fa67010f8f7cd5256e"},"breadcrumb":{"@id":"https:\/\/laprensacristiana.com\/?p=4200#breadcrumb"},"inLanguage":"es","potentialAction":[{"@type":"ReadAction","target":["https:\/\/laprensacristiana.com\/?p=4200"]}]},{"@type":"BreadcrumbList","@id":"https:\/\/laprensacristiana.com\/?p=4200#breadcrumb","itemListElement":[{"@type":"ListItem","position":1,"name":"Portada","item":"https:\/\/laprensacristiana.com\/"},{"@type":"ListItem","position":2,"name":"Entrevista especial a Dr. \u00d3scar Rodr\u00edguez"}]},{"@type":"WebSite","@id":"https:\/\/laprensacristiana.com\/#website","url":"https:\/\/laprensacristiana.com\/","name":"La Prensa Cristiana","description":"Anunciando Las Buenas Nuevas","potentialAction":[{"@type":"SearchAction","target":{"@type":"EntryPoint","urlTemplate":"https:\/\/laprensacristiana.com\/?s={search_term_string}"},"query-input":"required name=search_term_string"}],"inLanguage":"es"},{"@type":"Person","@id":"https:\/\/laprensacristiana.com\/#\/schema\/person\/3e7d82c6bfd6b1fa67010f8f7cd5256e","name":"EDITOR","image":{"@type":"ImageObject","inLanguage":"es","@id":"https:\/\/laprensacristiana.com\/#\/schema\/person\/image\/","url":"https:\/\/secure.gravatar.com\/avatar\/72069dfb6c13772d9e8381e3638666d2?s=96&d=mm&r=g","contentUrl":"https:\/\/secure.gravatar.com\/avatar\/72069dfb6c13772d9e8381e3638666d2?s=96&d=mm&r=g","caption":"EDITOR"},"url":"https:\/\/laprensacristiana.com\/?author=3"}]}},"_links":{"self":[{"href":"https:\/\/laprensacristiana.com\/index.php?rest_route=\/wp\/v2\/posts\/4200"}],"collection":[{"href":"https:\/\/laprensacristiana.com\/index.php?rest_route=\/wp\/v2\/posts"}],"about":[{"href":"https:\/\/laprensacristiana.com\/index.php?rest_route=\/wp\/v2\/types\/post"}],"author":[{"embeddable":true,"href":"https:\/\/laprensacristiana.com\/index.php?rest_route=\/wp\/v2\/users\/3"}],"replies":[{"embeddable":true,"href":"https:\/\/laprensacristiana.com\/index.php?rest_route=%2Fwp%2Fv2%2Fcomments&post=4200"}],"version-history":[{"count":1,"href":"https:\/\/laprensacristiana.com\/index.php?rest_route=\/wp\/v2\/posts\/4200\/revisions"}],"predecessor-version":[{"id":4202,"href":"https:\/\/laprensacristiana.com\/index.php?rest_route=\/wp\/v2\/posts\/4200\/revisions\/4202"}],"wp:featuredmedia":[{"embeddable":true,"href":"https:\/\/laprensacristiana.com\/index.php?rest_route=\/wp\/v2\/media\/4201"}],"wp:attachment":[{"href":"https:\/\/laprensacristiana.com\/index.php?rest_route=%2Fwp%2Fv2%2Fmedia&parent=4200"}],"wp:term":[{"taxonomy":"category","embeddable":true,"href":"https:\/\/laprensacristiana.com\/index.php?rest_route=%2Fwp%2Fv2%2Fcategories&post=4200"},{"taxonomy":"post_tag","embeddable":true,"href":"https:\/\/laprensacristiana.com\/index.php?rest_route=%2Fwp%2Fv2%2Ftags&post=4200"}],"curies":[{"name":"wp","href":"https:\/\/api.w.org\/{rel}","templated":true}]}}