{"id":4211,"date":"2018-07-25T17:33:23","date_gmt":"2018-07-25T17:33:23","guid":{"rendered":"https:\/\/laprensacristiana.com\/?p=4211"},"modified":"2018-07-25T17:36:20","modified_gmt":"2018-07-25T17:36:20","slug":"iglesia-en-contra-de-la-violencia-hacia-la-mujer","status":"publish","type":"post","link":"https:\/\/laprensacristiana.com\/?p=4211","title":{"rendered":"Iglesia en contra de la violencia hacia la mujer"},"content":{"rendered":"<p><strong>Por: Erika Menjivar<\/strong><\/p>\n<p>Seg\u00fan estad\u00edsticas de las autoridades pertinentes en El Salvador afirman un alza en las cifras de feminicidios en el pa\u00eds en al a\u00f1o 2018 se reportan m\u00e1s casos que en el 2017 de violencia hacia la mujer. Con respecto a la problem\u00e1tica, la Iglesia Evang\u00e9lica mantiene su posici\u00f3n en contra de la violencia hacia la mujer.<\/p>\n<p>Seg\u00fan las estad\u00edsticas que reflejan los informes que brind\u00f3 la Polic\u00eda Nacional Civil (PNC), se contabilizan 135 femininicios del 1 enero al 15 de abril del 2018, con el aumento de 11 v\u00edctimas m\u00e1s en comparaci\u00f3n al a\u00f1o 2017.<\/p>\n<p>Especialistas, comentan su opini\u00f3n al respecto de la situaci\u00f3n: \u201cUna mujer ha sido asesinada en El Salvador cada diez horas en los \u00faltimos diez a\u00f1os, frase muy dura y real de la violencia feminicida en nuestro pa\u00eds\u201d, expresa el especialista en seguridad y crimin\u00f3logo Ricardo Sosa.<\/p>\n<p>\u201cEfectivamente, tenemos un problema cultural en El Salvador, que nos induce a la violencia y que lamentablemente se ha venido enquistando en la forma de vida normal del salvadore\u00f1o\u201d, comenta el Licenciado Ram\u00f3n Rivera, presidente del Movimiento No M\u00e1s Violencia.<\/p>\n<p>Los problemas en la sociedad son resueltos con violencia, expresa Rivera \u201cEsta problem\u00e1tica tiene soluci\u00f3n, a pesar del apoderamiento de la violencia en la vida de la sociedad salvadore\u00f1a y la mejor forma de erradicar la violencia es el acto de fomentar valores desde la familia, pues son estos los que permiten una cultura de paz\u201d<\/p>\n<p>Por otra parte, al referirse a la violencia hacia la mujer, Rivera expresa que, el da\u00f1o que se realiza hacia una mujer puede ser en diferentes \u00e1reas como psicol\u00f3gicas, f\u00edsicas, sexual y espiritual, y esto crea una cadena de violencia, son caracter\u00edsticas que se les hereda a las nuevas generaciones.<\/p>\n<p>Es recomendable fomentar valores en el hogar, es m\u00e1s viable que un ni\u00f1o aprenda de valores morales, que un adulto, por el hecho de encontrarse en una etapa de absorber todo lo que se le muestre y m\u00e1s de las personas con las que tiene una comunicaci\u00f3n directa y constante en su vida. En cambio en un adulto, es muy dif\u00edcil porque ya tiene definidas sus creencias, su cultura y valores.<\/p>\n<p>\u00bfQu\u00e9 se est\u00e1 haciendo la Iglesia para erradicar la violencia hacia la mujer? Seg\u00fan el Licenciado Ram\u00f3n Rivera, el Movimiento No M\u00e1s Violencia ayuda a la sociedad, implementa planes de capacitaciones en las Iglesias para que estas desarrollen actividades para fomentar un ambiente lejos de violencia.<\/p>\n<p>El Movimiento No M\u00e1s Violencia brinda las herramientas necesarias para que las personas dentro de la Iglesia sean entes de cambio y poder as\u00ed empezar a realizar peque\u00f1os cambios en la sociedad.<\/p>\n<p>Por su parte, el especialista en seguridad y crimin\u00f3logo, Ricardo Sosa, en uno de sus art\u00edculos publicados en un peri\u00f3dico local describe las condiciones en las que se encuentran las mujeres salvadore\u00f1as en concepto de violencia: \u201cD\u00eda a d\u00eda, cada a\u00f1o y por a\u00f1os las diferentes expresiones de violencia contra la mujer siguen presentes en toda la sociedad, no importando el nivel y estatus econ\u00f3mico del agresor\u201d, a\u00f1ade.<\/p>\n<p>Tambi\u00e9n, expresa Sosa su pesar con los mensajes que se ven diariamente en las redes sociales, desde memes o chistes muy ofensivos hacia la violencia contra la mujer, hasta el hecho que salieran a relucir m\u00e1s casos de feminicidios que han quedado impunes y no hab\u00edan sido del conocimiento del p\u00fablico en general.<\/p>\n<p>Es por eso, que \u00e9l presenta los cuatro ciclos de conducta de un abusador: ciclo uno; se produce la tensi\u00f3n y enojo, estos momentos van de escalada, se destruye la comunicaci\u00f3n y la mujer asume ser la responsable de la situaci\u00f3n. Ciclo dos; se produce una explosi\u00f3n o incidente, en el cual se producen abusos verbales o emocionales, enfado, acusaciones , ira y enojo, en el tercer ciclo; surge la reconciliaci\u00f3n o luna de miel, el abusador se disculpa, da regalos y dice cosas como: \u201cno puedo vivir sin ti\u201d. Finalmente, en el ciclo cuatro; no hay abuso, pronto el abusador estar\u00e1 listo para repetir el ciclo.<\/p>\n<p>\u201cConsidero que el reto pendiente del Estado salvadore\u00f1o es el poder educar, capacitar, orientar, para que se logren empoderar para poder denunciar y desde la familia poder trabajar en la identidad y educaci\u00f3n de las ni\u00f1as\u201d, argument\u00f3 Sosa.<\/p>\n<p><em>\u201cTenemos un problema cultural en El Salvador que nos induce a la violencia y que lamentablemente se ha venido enquistando en la forma de vida normal del salvadore\u00f1o, resolver las cosas violentamente\u201d<\/em><\/p>\n<p><em>Lic. Ramon Rivera \/ Presidente \u201cNo M\u00e1s Violencia\u201d<\/em><\/p>\n<p><em>\u201cD\u00eda a d\u00eda, cada a\u00f1o y por a\u00f1os las diferentes expresiones de violencia contra la mujer siguen presentes en toda la sociedad, no importando el nivel y estatus econ\u00f3mico del agresor\u201d<\/em><\/p>\n<p><em>Ricardo Sosa \/ Especialista en seguridad y crimin\u00f3logo<\/em><\/p>\n<p>&nbsp;<\/p>\n","protected":false},"excerpt":{"rendered":"<p>Por: Erika Menjivar Seg\u00fan estad\u00edsticas de las autoridades pertinentes en El Salvador afirman un alza en las cifras de feminicidios en el pa\u00eds en al a\u00f1o 2018 se reportan m\u00e1s casos que en el 2017 de violencia hacia la mujer. Con respecto a la problem\u00e1tica, la Iglesia Evang\u00e9lica mantiene su posici\u00f3n en contra de la [&hellip;]<\/p>\n","protected":false},"author":3,"featured_media":4213,"comment_status":"open","ping_status":"open","sticky":false,"template":"","format":"standard","meta":[],"categories":[50],"tags":[],"yoast_head":"<!-- This site is optimized with the Yoast SEO plugin v20.8 - https:\/\/yoast.com\/wordpress\/plugins\/seo\/ -->\n<title>Iglesia en contra de la violencia hacia la mujer - La Prensa Cristiana<\/title>\n<meta name=\"robots\" content=\"index, follow, max-snippet:-1, max-image-preview:large, max-video-preview:-1\" \/>\n<link rel=\"canonical\" href=\"https:\/\/laprensacristiana.com\/?p=4211\" \/>\n<meta property=\"og:locale\" content=\"es_ES\" \/>\n<meta property=\"og:type\" content=\"article\" \/>\n<meta property=\"og:title\" content=\"Iglesia en contra de la violencia hacia la mujer - La Prensa Cristiana\" \/>\n<meta property=\"og:description\" content=\"Por: Erika Menjivar Seg\u00fan estad\u00edsticas de las autoridades pertinentes en El Salvador afirman un alza en las cifras de feminicidios en el pa\u00eds en al a\u00f1o 2018 se reportan m\u00e1s casos que en el 2017 de violencia hacia la mujer. Con respecto a la problem\u00e1tica, la Iglesia Evang\u00e9lica mantiene su posici\u00f3n en contra de la [&hellip;]\" \/>\n<meta property=\"og:url\" content=\"https:\/\/laprensacristiana.com\/?p=4211\" \/>\n<meta property=\"og:site_name\" content=\"La Prensa Cristiana\" \/>\n<meta property=\"article:published_time\" content=\"2018-07-25T17:33:23+00:00\" \/>\n<meta property=\"article:modified_time\" content=\"2018-07-25T17:36:20+00:00\" \/>\n<meta property=\"og:image\" content=\"https:\/\/laprensacristiana.com\/wp-content\/uploads\/2018\/07\/1111-scaled.jpg\" \/>\n\t<meta property=\"og:image:width\" content=\"2560\" \/>\n\t<meta property=\"og:image:height\" content=\"1148\" \/>\n\t<meta property=\"og:image:type\" content=\"image\/jpeg\" \/>\n<meta name=\"author\" content=\"EDITOR\" \/>\n<meta name=\"twitter:card\" content=\"summary_large_image\" \/>\n<meta name=\"twitter:label1\" content=\"Escrito por\" \/>\n\t<meta name=\"twitter:data1\" content=\"EDITOR\" \/>\n\t<meta name=\"twitter:label2\" content=\"Tiempo de lectura\" \/>\n\t<meta name=\"twitter:data2\" content=\"4 minutos\" \/>\n<script type=\"application\/ld+json\" class=\"yoast-schema-graph\">{\"@context\":\"https:\/\/schema.org\",\"@graph\":[{\"@type\":\"WebPage\",\"@id\":\"https:\/\/laprensacristiana.com\/?p=4211\",\"url\":\"https:\/\/laprensacristiana.com\/?p=4211\",\"name\":\"Iglesia en contra de la violencia hacia la mujer - La Prensa Cristiana\",\"isPartOf\":{\"@id\":\"https:\/\/laprensacristiana.com\/#website\"},\"datePublished\":\"2018-07-25T17:33:23+00:00\",\"dateModified\":\"2018-07-25T17:36:20+00:00\",\"author\":{\"@id\":\"https:\/\/laprensacristiana.com\/#\/schema\/person\/3e7d82c6bfd6b1fa67010f8f7cd5256e\"},\"breadcrumb\":{\"@id\":\"https:\/\/laprensacristiana.com\/?p=4211#breadcrumb\"},\"inLanguage\":\"es\",\"potentialAction\":[{\"@type\":\"ReadAction\",\"target\":[\"https:\/\/laprensacristiana.com\/?p=4211\"]}]},{\"@type\":\"BreadcrumbList\",\"@id\":\"https:\/\/laprensacristiana.com\/?p=4211#breadcrumb\",\"itemListElement\":[{\"@type\":\"ListItem\",\"position\":1,\"name\":\"Portada\",\"item\":\"https:\/\/laprensacristiana.com\/\"},{\"@type\":\"ListItem\",\"position\":2,\"name\":\"Iglesia en contra de la violencia hacia la mujer\"}]},{\"@type\":\"WebSite\",\"@id\":\"https:\/\/laprensacristiana.com\/#website\",\"url\":\"https:\/\/laprensacristiana.com\/\",\"name\":\"La Prensa Cristiana\",\"description\":\"Anunciando Las Buenas Nuevas\",\"potentialAction\":[{\"@type\":\"SearchAction\",\"target\":{\"@type\":\"EntryPoint\",\"urlTemplate\":\"https:\/\/laprensacristiana.com\/?s={search_term_string}\"},\"query-input\":\"required name=search_term_string\"}],\"inLanguage\":\"es\"},{\"@type\":\"Person\",\"@id\":\"https:\/\/laprensacristiana.com\/#\/schema\/person\/3e7d82c6bfd6b1fa67010f8f7cd5256e\",\"name\":\"EDITOR\",\"image\":{\"@type\":\"ImageObject\",\"inLanguage\":\"es\",\"@id\":\"https:\/\/laprensacristiana.com\/#\/schema\/person\/image\/\",\"url\":\"https:\/\/secure.gravatar.com\/avatar\/72069dfb6c13772d9e8381e3638666d2?s=96&d=mm&r=g\",\"contentUrl\":\"https:\/\/secure.gravatar.com\/avatar\/72069dfb6c13772d9e8381e3638666d2?s=96&d=mm&r=g\",\"caption\":\"EDITOR\"},\"url\":\"https:\/\/laprensacristiana.com\/?author=3\"}]}<\/script>\n<!-- \/ Yoast SEO plugin. -->","yoast_head_json":{"title":"Iglesia en contra de la violencia hacia la mujer - La Prensa Cristiana","robots":{"index":"index","follow":"follow","max-snippet":"max-snippet:-1","max-image-preview":"max-image-preview:large","max-video-preview":"max-video-preview:-1"},"canonical":"https:\/\/laprensacristiana.com\/?p=4211","og_locale":"es_ES","og_type":"article","og_title":"Iglesia en contra de la violencia hacia la mujer - La Prensa Cristiana","og_description":"Por: Erika Menjivar Seg\u00fan estad\u00edsticas de las autoridades pertinentes en El Salvador afirman un alza en las cifras de feminicidios en el pa\u00eds en al a\u00f1o 2018 se reportan m\u00e1s casos que en el 2017 de violencia hacia la mujer. Con respecto a la problem\u00e1tica, la Iglesia Evang\u00e9lica mantiene su posici\u00f3n en contra de la [&hellip;]","og_url":"https:\/\/laprensacristiana.com\/?p=4211","og_site_name":"La Prensa Cristiana","article_published_time":"2018-07-25T17:33:23+00:00","article_modified_time":"2018-07-25T17:36:20+00:00","og_image":[{"width":2560,"height":1148,"url":"https:\/\/laprensacristiana.com\/wp-content\/uploads\/2018\/07\/1111-scaled.jpg","type":"image\/jpeg"}],"author":"EDITOR","twitter_card":"summary_large_image","twitter_misc":{"Escrito por":"EDITOR","Tiempo de lectura":"4 minutos"},"schema":{"@context":"https:\/\/schema.org","@graph":[{"@type":"WebPage","@id":"https:\/\/laprensacristiana.com\/?p=4211","url":"https:\/\/laprensacristiana.com\/?p=4211","name":"Iglesia en contra de la violencia hacia la mujer - La Prensa Cristiana","isPartOf":{"@id":"https:\/\/laprensacristiana.com\/#website"},"datePublished":"2018-07-25T17:33:23+00:00","dateModified":"2018-07-25T17:36:20+00:00","author":{"@id":"https:\/\/laprensacristiana.com\/#\/schema\/person\/3e7d82c6bfd6b1fa67010f8f7cd5256e"},"breadcrumb":{"@id":"https:\/\/laprensacristiana.com\/?p=4211#breadcrumb"},"inLanguage":"es","potentialAction":[{"@type":"ReadAction","target":["https:\/\/laprensacristiana.com\/?p=4211"]}]},{"@type":"BreadcrumbList","@id":"https:\/\/laprensacristiana.com\/?p=4211#breadcrumb","itemListElement":[{"@type":"ListItem","position":1,"name":"Portada","item":"https:\/\/laprensacristiana.com\/"},{"@type":"ListItem","position":2,"name":"Iglesia en contra de la violencia hacia la mujer"}]},{"@type":"WebSite","@id":"https:\/\/laprensacristiana.com\/#website","url":"https:\/\/laprensacristiana.com\/","name":"La Prensa Cristiana","description":"Anunciando Las Buenas Nuevas","potentialAction":[{"@type":"SearchAction","target":{"@type":"EntryPoint","urlTemplate":"https:\/\/laprensacristiana.com\/?s={search_term_string}"},"query-input":"required name=search_term_string"}],"inLanguage":"es"},{"@type":"Person","@id":"https:\/\/laprensacristiana.com\/#\/schema\/person\/3e7d82c6bfd6b1fa67010f8f7cd5256e","name":"EDITOR","image":{"@type":"ImageObject","inLanguage":"es","@id":"https:\/\/laprensacristiana.com\/#\/schema\/person\/image\/","url":"https:\/\/secure.gravatar.com\/avatar\/72069dfb6c13772d9e8381e3638666d2?s=96&d=mm&r=g","contentUrl":"https:\/\/secure.gravatar.com\/avatar\/72069dfb6c13772d9e8381e3638666d2?s=96&d=mm&r=g","caption":"EDITOR"},"url":"https:\/\/laprensacristiana.com\/?author=3"}]}},"_links":{"self":[{"href":"https:\/\/laprensacristiana.com\/index.php?rest_route=\/wp\/v2\/posts\/4211"}],"collection":[{"href":"https:\/\/laprensacristiana.com\/index.php?rest_route=\/wp\/v2\/posts"}],"about":[{"href":"https:\/\/laprensacristiana.com\/index.php?rest_route=\/wp\/v2\/types\/post"}],"author":[{"embeddable":true,"href":"https:\/\/laprensacristiana.com\/index.php?rest_route=\/wp\/v2\/users\/3"}],"replies":[{"embeddable":true,"href":"https:\/\/laprensacristiana.com\/index.php?rest_route=%2Fwp%2Fv2%2Fcomments&post=4211"}],"version-history":[{"count":1,"href":"https:\/\/laprensacristiana.com\/index.php?rest_route=\/wp\/v2\/posts\/4211\/revisions"}],"predecessor-version":[{"id":4212,"href":"https:\/\/laprensacristiana.com\/index.php?rest_route=\/wp\/v2\/posts\/4211\/revisions\/4212"}],"wp:featuredmedia":[{"embeddable":true,"href":"https:\/\/laprensacristiana.com\/index.php?rest_route=\/wp\/v2\/media\/4213"}],"wp:attachment":[{"href":"https:\/\/laprensacristiana.com\/index.php?rest_route=%2Fwp%2Fv2%2Fmedia&parent=4211"}],"wp:term":[{"taxonomy":"category","embeddable":true,"href":"https:\/\/laprensacristiana.com\/index.php?rest_route=%2Fwp%2Fv2%2Fcategories&post=4211"},{"taxonomy":"post_tag","embeddable":true,"href":"https:\/\/laprensacristiana.com\/index.php?rest_route=%2Fwp%2Fv2%2Ftags&post=4211"}],"curies":[{"name":"wp","href":"https:\/\/api.w.org\/{rel}","templated":true}]}}