{"id":4215,"date":"2018-07-26T01:40:27","date_gmt":"2018-07-26T01:40:27","guid":{"rendered":"https:\/\/laprensacristiana.com\/?p=4215"},"modified":"2018-07-26T01:48:12","modified_gmt":"2018-07-26T01:48:12","slug":"4215","status":"publish","type":"post","link":"https:\/\/laprensacristiana.com\/?p=4215","title":{"rendered":"Di\u00e1logo pol\u00edtico para acuerdos de naci\u00f3n"},"content":{"rendered":"<p>Por: pastor Mario Vega, Misi\u00f3n Cristiana Elim<\/p>\n<p>El proceso de di\u00e1logo que comenz\u00f3 con el trabajo del enviado especial del Secretario General de la Naciones Unidas, se\u00f1or Benito Andi\u00f3n, entr\u00f3 a una segunda etapa con la formaci\u00f3n del Grupo de Apoyo al Di\u00e1logo Pol\u00edtico. Los miembros del grupo fueron seleccionados como representativos de sectores sociales como el profesional, el acad\u00e9mico, la empresa y el religioso. Cada uno con su respectiva visi\u00f3n de la vida que le dieron al Grupo de Apoyo al Di\u00e1logo una pluralidad connatural, la cual, era comprensible si lo que se pretende es ponerse de acuerdo sobre intereses de naci\u00f3n que deben pasar por el debido consenso partidario. El mismo principio de pluralidad es el que se garantiza al dar participaci\u00f3n igualitaria a los partidos pol\u00edticos con representaci\u00f3n en la Asamblea Legislativa.<\/p>\n<p>Por definici\u00f3n un partido pol\u00edtico es la expresi\u00f3n de una visi\u00f3n y de unos intereses muy propios en oposici\u00f3n a la visi\u00f3n de los dem\u00e1s. No obstante, la construcci\u00f3n de acuerdos es posible dado el reconocimiento de las dificultades y puntos muertos adonde llegan ciertas discusiones de elementos que resultan esenciales para el bienestar de los ciudadanos.<\/p>\n<p>Por m\u00e1s de un a\u00f1o el proceso se realiz\u00f3 con bastante confidencialidad pues ning\u00fan di\u00e1logo que se realice p\u00fablicamente puede ser reputado como serio.<\/p>\n<p>A pesar de informaciones inexactas que circularon en cuanto al proceso y de que m\u00e1s de una treintena de expertos se involucraron en la elaboraci\u00f3n de las propuestas tem\u00e1ticas priorizadas se logr\u00f3 conservar el sigilo suficiente como para lograr la suscripci\u00f3n de los documentos de compromiso, la metodolog\u00eda del proceso, el c\u00f3digo de conducta y el convenio de confidencialidad sin que el proceso se utilizase para el proselitismo electoral. Ya instalado el di\u00e1logo se abordar\u00e1n los contenidos de los cinco grandes temas seleccionados.<\/p>\n<p>Esa selecci\u00f3n se realiz\u00f3 usando el criterio de aquellos temas considerados esenciales para el pa\u00eds y que requieren de acuerdos pol\u00edticos entre partidos para su implementaci\u00f3n. La primera gran \u00e1rea es la de seguridad, la cual, se comprende como una condici\u00f3n de conflictividad social de naturaleza excepcional y de ra\u00edces estructurales que debe ser atendida de manera tambi\u00e9n excepcional e integral.<\/p>\n<p>La segunda es relativa al crecimiento econ\u00f3mico, el desarrollo social y las finanzas p\u00fablicas. La tercera se enfoca en el fortalecimiento y modernizaci\u00f3n del sistema democr\u00e1tico. La cuarta \u00e1rea desarrolla el tema de un redise\u00f1o de la educaci\u00f3n para la productividad, la tolerancia y la ciudadan\u00eda. Finalmente, la quinta tratar\u00e1 sobre un sistema de salud p\u00fablico digno, integral y universal.<\/p>\n<p>Los acuerdos no pretenden resolver todos los problemas que los salvadore\u00f1os afrontamos, pero s\u00ed buscan enfocarse en aquellos que resultan m\u00e1s urgentes para elaborar metas inter partidarias, de mediano y largo plazo, que se conviertan en acuerdos de naci\u00f3n que vayan m\u00e1s all\u00e1 de los per\u00edodos de gobierno y trasciendan la alternancia en el poder. Todo ello solamente ser\u00e1 posible en la medida en que los ciudadanos nos interesemos y nos apropiemos de los compromisos que los partidos pol\u00edticos vayan asumiendo en el camino. La participaci\u00f3n que se ha requerido de docenas de ciudadanos en sus \u00e1reas de conocimiento ha sido voluntariosa y muy productiva. Es la misma voluntariedad que se espera de la ciudadan\u00eda, destinataria de los beneficios que se procuran.<\/p>\n","protected":false},"excerpt":{"rendered":"<p>Por: pastor Mario Vega, Misi\u00f3n Cristiana Elim El proceso de di\u00e1logo que comenz\u00f3 con el trabajo del enviado especial del Secretario General de la Naciones Unidas, se\u00f1or Benito Andi\u00f3n, entr\u00f3 a una segunda etapa con la formaci\u00f3n del Grupo de Apoyo al Di\u00e1logo Pol\u00edtico. Los miembros del grupo fueron seleccionados como representativos de sectores sociales [&hellip;]<\/p>\n","protected":false},"author":3,"featured_media":3170,"comment_status":"open","ping_status":"open","sticky":false,"template":"","format":"standard","meta":[],"categories":[23],"tags":[],"yoast_head":"<!-- This site is optimized with the Yoast SEO plugin v20.8 - https:\/\/yoast.com\/wordpress\/plugins\/seo\/ -->\n<title>Di\u00e1logo pol\u00edtico para acuerdos de naci\u00f3n - La Prensa Cristiana<\/title>\n<meta name=\"robots\" content=\"index, follow, max-snippet:-1, max-image-preview:large, max-video-preview:-1\" \/>\n<link rel=\"canonical\" href=\"https:\/\/laprensacristiana.com\/?p=4215\" \/>\n<meta property=\"og:locale\" content=\"es_ES\" \/>\n<meta property=\"og:type\" content=\"article\" \/>\n<meta property=\"og:title\" content=\"Di\u00e1logo pol\u00edtico para acuerdos de naci\u00f3n - La Prensa Cristiana\" \/>\n<meta property=\"og:description\" content=\"Por: pastor Mario Vega, Misi\u00f3n Cristiana Elim El proceso de di\u00e1logo que comenz\u00f3 con el trabajo del enviado especial del Secretario General de la Naciones Unidas, se\u00f1or Benito Andi\u00f3n, entr\u00f3 a una segunda etapa con la formaci\u00f3n del Grupo de Apoyo al Di\u00e1logo Pol\u00edtico. Los miembros del grupo fueron seleccionados como representativos de sectores sociales [&hellip;]\" \/>\n<meta property=\"og:url\" content=\"https:\/\/laprensacristiana.com\/?p=4215\" \/>\n<meta property=\"og:site_name\" content=\"La Prensa Cristiana\" \/>\n<meta property=\"article:published_time\" content=\"2018-07-26T01:40:27+00:00\" \/>\n<meta property=\"article:modified_time\" content=\"2018-07-26T01:48:12+00:00\" \/>\n<meta property=\"og:image\" content=\"https:\/\/laprensacristiana.com\/wp-content\/uploads\/2017\/09\/OPINION-01-scaled.jpg\" \/>\n\t<meta property=\"og:image:width\" content=\"2560\" \/>\n\t<meta property=\"og:image:height\" content=\"1429\" \/>\n\t<meta property=\"og:image:type\" content=\"image\/jpeg\" \/>\n<meta name=\"author\" content=\"EDITOR\" \/>\n<meta name=\"twitter:card\" content=\"summary_large_image\" \/>\n<meta name=\"twitter:label1\" content=\"Escrito por\" \/>\n\t<meta name=\"twitter:data1\" content=\"EDITOR\" \/>\n\t<meta name=\"twitter:label2\" content=\"Tiempo de lectura\" \/>\n\t<meta name=\"twitter:data2\" content=\"3 minutos\" \/>\n<script type=\"application\/ld+json\" class=\"yoast-schema-graph\">{\"@context\":\"https:\/\/schema.org\",\"@graph\":[{\"@type\":\"WebPage\",\"@id\":\"https:\/\/laprensacristiana.com\/?p=4215\",\"url\":\"https:\/\/laprensacristiana.com\/?p=4215\",\"name\":\"Di\u00e1logo pol\u00edtico para acuerdos de naci\u00f3n - La Prensa Cristiana\",\"isPartOf\":{\"@id\":\"https:\/\/laprensacristiana.com\/#website\"},\"datePublished\":\"2018-07-26T01:40:27+00:00\",\"dateModified\":\"2018-07-26T01:48:12+00:00\",\"author\":{\"@id\":\"https:\/\/laprensacristiana.com\/#\/schema\/person\/3e7d82c6bfd6b1fa67010f8f7cd5256e\"},\"breadcrumb\":{\"@id\":\"https:\/\/laprensacristiana.com\/?p=4215#breadcrumb\"},\"inLanguage\":\"es\",\"potentialAction\":[{\"@type\":\"ReadAction\",\"target\":[\"https:\/\/laprensacristiana.com\/?p=4215\"]}]},{\"@type\":\"BreadcrumbList\",\"@id\":\"https:\/\/laprensacristiana.com\/?p=4215#breadcrumb\",\"itemListElement\":[{\"@type\":\"ListItem\",\"position\":1,\"name\":\"Portada\",\"item\":\"https:\/\/laprensacristiana.com\/\"},{\"@type\":\"ListItem\",\"position\":2,\"name\":\"Di\u00e1logo pol\u00edtico para acuerdos de naci\u00f3n\"}]},{\"@type\":\"WebSite\",\"@id\":\"https:\/\/laprensacristiana.com\/#website\",\"url\":\"https:\/\/laprensacristiana.com\/\",\"name\":\"La Prensa Cristiana\",\"description\":\"Anunciando Las Buenas Nuevas\",\"potentialAction\":[{\"@type\":\"SearchAction\",\"target\":{\"@type\":\"EntryPoint\",\"urlTemplate\":\"https:\/\/laprensacristiana.com\/?s={search_term_string}\"},\"query-input\":\"required name=search_term_string\"}],\"inLanguage\":\"es\"},{\"@type\":\"Person\",\"@id\":\"https:\/\/laprensacristiana.com\/#\/schema\/person\/3e7d82c6bfd6b1fa67010f8f7cd5256e\",\"name\":\"EDITOR\",\"image\":{\"@type\":\"ImageObject\",\"inLanguage\":\"es\",\"@id\":\"https:\/\/laprensacristiana.com\/#\/schema\/person\/image\/\",\"url\":\"https:\/\/secure.gravatar.com\/avatar\/72069dfb6c13772d9e8381e3638666d2?s=96&d=mm&r=g\",\"contentUrl\":\"https:\/\/secure.gravatar.com\/avatar\/72069dfb6c13772d9e8381e3638666d2?s=96&d=mm&r=g\",\"caption\":\"EDITOR\"},\"url\":\"https:\/\/laprensacristiana.com\/?author=3\"}]}<\/script>\n<!-- \/ Yoast SEO plugin. -->","yoast_head_json":{"title":"Di\u00e1logo pol\u00edtico para acuerdos de naci\u00f3n - La Prensa Cristiana","robots":{"index":"index","follow":"follow","max-snippet":"max-snippet:-1","max-image-preview":"max-image-preview:large","max-video-preview":"max-video-preview:-1"},"canonical":"https:\/\/laprensacristiana.com\/?p=4215","og_locale":"es_ES","og_type":"article","og_title":"Di\u00e1logo pol\u00edtico para acuerdos de naci\u00f3n - La Prensa Cristiana","og_description":"Por: pastor Mario Vega, Misi\u00f3n Cristiana Elim El proceso de di\u00e1logo que comenz\u00f3 con el trabajo del enviado especial del Secretario General de la Naciones Unidas, se\u00f1or Benito Andi\u00f3n, entr\u00f3 a una segunda etapa con la formaci\u00f3n del Grupo de Apoyo al Di\u00e1logo Pol\u00edtico. Los miembros del grupo fueron seleccionados como representativos de sectores sociales [&hellip;]","og_url":"https:\/\/laprensacristiana.com\/?p=4215","og_site_name":"La Prensa Cristiana","article_published_time":"2018-07-26T01:40:27+00:00","article_modified_time":"2018-07-26T01:48:12+00:00","og_image":[{"width":2560,"height":1429,"url":"https:\/\/laprensacristiana.com\/wp-content\/uploads\/2017\/09\/OPINION-01-scaled.jpg","type":"image\/jpeg"}],"author":"EDITOR","twitter_card":"summary_large_image","twitter_misc":{"Escrito por":"EDITOR","Tiempo de lectura":"3 minutos"},"schema":{"@context":"https:\/\/schema.org","@graph":[{"@type":"WebPage","@id":"https:\/\/laprensacristiana.com\/?p=4215","url":"https:\/\/laprensacristiana.com\/?p=4215","name":"Di\u00e1logo pol\u00edtico para acuerdos de naci\u00f3n - La Prensa Cristiana","isPartOf":{"@id":"https:\/\/laprensacristiana.com\/#website"},"datePublished":"2018-07-26T01:40:27+00:00","dateModified":"2018-07-26T01:48:12+00:00","author":{"@id":"https:\/\/laprensacristiana.com\/#\/schema\/person\/3e7d82c6bfd6b1fa67010f8f7cd5256e"},"breadcrumb":{"@id":"https:\/\/laprensacristiana.com\/?p=4215#breadcrumb"},"inLanguage":"es","potentialAction":[{"@type":"ReadAction","target":["https:\/\/laprensacristiana.com\/?p=4215"]}]},{"@type":"BreadcrumbList","@id":"https:\/\/laprensacristiana.com\/?p=4215#breadcrumb","itemListElement":[{"@type":"ListItem","position":1,"name":"Portada","item":"https:\/\/laprensacristiana.com\/"},{"@type":"ListItem","position":2,"name":"Di\u00e1logo pol\u00edtico para acuerdos de naci\u00f3n"}]},{"@type":"WebSite","@id":"https:\/\/laprensacristiana.com\/#website","url":"https:\/\/laprensacristiana.com\/","name":"La Prensa Cristiana","description":"Anunciando Las Buenas Nuevas","potentialAction":[{"@type":"SearchAction","target":{"@type":"EntryPoint","urlTemplate":"https:\/\/laprensacristiana.com\/?s={search_term_string}"},"query-input":"required name=search_term_string"}],"inLanguage":"es"},{"@type":"Person","@id":"https:\/\/laprensacristiana.com\/#\/schema\/person\/3e7d82c6bfd6b1fa67010f8f7cd5256e","name":"EDITOR","image":{"@type":"ImageObject","inLanguage":"es","@id":"https:\/\/laprensacristiana.com\/#\/schema\/person\/image\/","url":"https:\/\/secure.gravatar.com\/avatar\/72069dfb6c13772d9e8381e3638666d2?s=96&d=mm&r=g","contentUrl":"https:\/\/secure.gravatar.com\/avatar\/72069dfb6c13772d9e8381e3638666d2?s=96&d=mm&r=g","caption":"EDITOR"},"url":"https:\/\/laprensacristiana.com\/?author=3"}]}},"_links":{"self":[{"href":"https:\/\/laprensacristiana.com\/index.php?rest_route=\/wp\/v2\/posts\/4215"}],"collection":[{"href":"https:\/\/laprensacristiana.com\/index.php?rest_route=\/wp\/v2\/posts"}],"about":[{"href":"https:\/\/laprensacristiana.com\/index.php?rest_route=\/wp\/v2\/types\/post"}],"author":[{"embeddable":true,"href":"https:\/\/laprensacristiana.com\/index.php?rest_route=\/wp\/v2\/users\/3"}],"replies":[{"embeddable":true,"href":"https:\/\/laprensacristiana.com\/index.php?rest_route=%2Fwp%2Fv2%2Fcomments&post=4215"}],"version-history":[{"count":4,"href":"https:\/\/laprensacristiana.com\/index.php?rest_route=\/wp\/v2\/posts\/4215\/revisions"}],"predecessor-version":[{"id":4220,"href":"https:\/\/laprensacristiana.com\/index.php?rest_route=\/wp\/v2\/posts\/4215\/revisions\/4220"}],"wp:featuredmedia":[{"embeddable":true,"href":"https:\/\/laprensacristiana.com\/index.php?rest_route=\/wp\/v2\/media\/3170"}],"wp:attachment":[{"href":"https:\/\/laprensacristiana.com\/index.php?rest_route=%2Fwp%2Fv2%2Fmedia&parent=4215"}],"wp:term":[{"taxonomy":"category","embeddable":true,"href":"https:\/\/laprensacristiana.com\/index.php?rest_route=%2Fwp%2Fv2%2Fcategories&post=4215"},{"taxonomy":"post_tag","embeddable":true,"href":"https:\/\/laprensacristiana.com\/index.php?rest_route=%2Fwp%2Fv2%2Ftags&post=4215"}],"curies":[{"name":"wp","href":"https:\/\/api.w.org\/{rel}","templated":true}]}}