{"id":4221,"date":"2018-07-26T21:34:41","date_gmt":"2018-07-26T21:34:41","guid":{"rendered":"https:\/\/laprensacristiana.com\/?p=4221"},"modified":"2020-07-01T23:38:50","modified_gmt":"2020-07-01T23:38:50","slug":"alianza-evangelica-de-el-salvador-fomenta-el-valor-de-la-familia","status":"publish","type":"post","link":"https:\/\/laprensacristiana.com\/?p=4221","title":{"rendered":"Alianza Evang\u00e9lica de El Salvador fomenta el valor de la familia"},"content":{"rendered":"<p><strong>Por: Erika Menjivar<\/strong><\/p>\n<p>La ma\u00f1ana de este jueves 26 de julio, se realiz\u00f3 un desayuno conferencia por parte de la Alianza Evang\u00e9lica de El Salvador, con el tema: La Familia en Crisis.<\/p>\n<p>El inicio de dicha reuni\u00f3n estuvo a cargo de un devocional, posteriormente los invitados pudieron disfrutar de un desayuno.<\/p>\n<p><img decoding=\"async\" loading=\"lazy\" class=\"alignnone size-full wp-image-4222\" src=\"https:\/\/laprensacristiana.com\/wp-content\/uploads\/2018\/07\/1.jpg\" alt=\"\" width=\"6016\" height=\"4000\" \/><\/p>\n<p>El director de Alianza Evang\u00e9lica de El Salvador y \u00a0Pastor General de Misi\u00f3n Cristiana Elim, Mario Vega comenta que el tema tratado en esta ocasi\u00f3n es de suma importancia, pues asegura que el concepto de familia desde un punto de vista cristiano est\u00e1 siendo amenazado hoy en d\u00eda por problem\u00e1ticas como: la migraci\u00f3n, la influencia de los medios de comunicaci\u00f3n, espec\u00edficamente los medios digitales.<\/p>\n<p><img decoding=\"async\" loading=\"lazy\" class=\"alignnone size-full wp-image-4223\" src=\"https:\/\/laprensacristiana.com\/wp-content\/uploads\/2018\/07\/5.jpg\" alt=\"5\" width=\"6016\" height=\"3424\" \/><\/p>\n<p>Seg\u00fan expresa el pastor Vega, el internet produce muchas conductas inadecuadas, conductas inapropiadas que afectan a la ni\u00f1ez y \u00a0otro factor importante es la violencia, el hecho de que ni\u00f1os y adolecentes est\u00e1n viendo esta problem\u00e1tica como una forma de relaci\u00f3n normal en la sociedad.<\/p>\n<p>Elida de Mej\u00eda de Iglesia Cimiento Estable, fue la exponente de esta conferencia, quien desarroll\u00f3 el tema: La Familia en Crisis. En su participaci\u00f3n mencion\u00f3 tres puntos importante al respecto del tema, los cuales son: el abandono de la familia, las consecuencias en la familia y la respuesta de Dios para la familia.<\/p>\n<p><img decoding=\"async\" loading=\"lazy\" class=\"alignnone size-full wp-image-4224\" src=\"https:\/\/laprensacristiana.com\/wp-content\/uploads\/2018\/07\/6.jpg\" alt=\"6\" width=\"6016\" height=\"4000\" \/><\/p>\n<p>\u201cRecomiendo a las iglesias que tengan tiempos especiales para la familia, tengan ministerios para matrimonios dirigidos por matrimonios de testimonio fresco, no de gente que hace muchas cosas, sino de gente piadosa que dobla las rodillas ante el Se\u00f1os\u201d, dijo Elida de Mej\u00eda.<\/p>\n<p>Adem\u00e1s, la hrna Elida comenta que es importante como Iglesia brindarle tiempo e importancia a la juventud y es necesario poner al frente a alguien que tenga un gran coraz\u00f3n para poder levantar la naci\u00f3n para Dios.\u201dPastores influyan sobre el matrimonio, la familia y la atenci\u00f3n de nuestros j\u00f3venes en las iglesias\u201d.<\/p>\n<p><img decoding=\"async\" loading=\"lazy\" class=\"alignnone size-full wp-image-4225\" src=\"https:\/\/laprensacristiana.com\/wp-content\/uploads\/2018\/07\/7.jpg\" alt=\"7\" width=\"6016\" height=\"3088\" \/><\/p>\n<p>Por su parte, el pastor Mario Vega comparte una recomendaci\u00f3n al respecto del tema: \u201cLa Iglesia puede enfocarse en una aspecto, una iglesia puede enfocarse en el tema de migraci\u00f3n, otra iglesia en el tema de la violencia, otra tema en las comunicaciones. Entonces, sumados todos estos esfuerzos podemos lograr dar un aporte importante a la sociedad\u201d, expres\u00f3.<\/p>\n<p>&nbsp;<\/p>\n","protected":false},"excerpt":{"rendered":"<p>Por: Erika Menjivar La ma\u00f1ana de este jueves 26 de julio, se realiz\u00f3 un desayuno conferencia por parte de la Alianza Evang\u00e9lica de El Salvador, con el tema: La Familia en Crisis. El inicio de dicha reuni\u00f3n estuvo a cargo de un devocional, posteriormente los invitados pudieron disfrutar de un desayuno. El director de Alianza [&hellip;]<\/p>\n","protected":false},"author":3,"featured_media":4226,"comment_status":"open","ping_status":"open","sticky":false,"template":"","format":"standard","meta":[],"categories":[56],"tags":[],"yoast_head":"<!-- This site is optimized with the Yoast SEO plugin v20.8 - https:\/\/yoast.com\/wordpress\/plugins\/seo\/ -->\n<title>Alianza Evang\u00e9lica de El Salvador fomenta el valor de la familia - La Prensa Cristiana<\/title>\n<meta name=\"robots\" content=\"index, follow, max-snippet:-1, max-image-preview:large, max-video-preview:-1\" \/>\n<link rel=\"canonical\" href=\"https:\/\/laprensacristiana.com\/?p=4221\" \/>\n<meta property=\"og:locale\" content=\"es_ES\" \/>\n<meta property=\"og:type\" content=\"article\" \/>\n<meta property=\"og:title\" content=\"Alianza Evang\u00e9lica de El Salvador fomenta el valor de la familia - La Prensa Cristiana\" \/>\n<meta property=\"og:description\" content=\"Por: Erika Menjivar La ma\u00f1ana de este jueves 26 de julio, se realiz\u00f3 un desayuno conferencia por parte de la Alianza Evang\u00e9lica de El Salvador, con el tema: La Familia en Crisis. El inicio de dicha reuni\u00f3n estuvo a cargo de un devocional, posteriormente los invitados pudieron disfrutar de un desayuno. El director de Alianza [&hellip;]\" \/>\n<meta property=\"og:url\" content=\"https:\/\/laprensacristiana.com\/?p=4221\" \/>\n<meta property=\"og:site_name\" content=\"La Prensa Cristiana\" \/>\n<meta property=\"article:published_time\" content=\"2018-07-26T21:34:41+00:00\" \/>\n<meta property=\"article:modified_time\" content=\"2020-07-01T23:38:50+00:00\" \/>\n<meta property=\"og:image\" content=\"https:\/\/laprensacristiana.com\/wp-content\/uploads\/2018\/07\/3-scaled.jpg\" \/>\n\t<meta property=\"og:image:width\" content=\"2560\" \/>\n\t<meta property=\"og:image:height\" content=\"1702\" \/>\n\t<meta property=\"og:image:type\" content=\"image\/jpeg\" \/>\n<meta name=\"author\" content=\"EDITOR\" \/>\n<meta name=\"twitter:card\" content=\"summary_large_image\" \/>\n<meta name=\"twitter:label1\" content=\"Escrito por\" \/>\n\t<meta name=\"twitter:data1\" content=\"EDITOR\" \/>\n\t<meta name=\"twitter:label2\" content=\"Tiempo de lectura\" \/>\n\t<meta name=\"twitter:data2\" content=\"2 minutos\" \/>\n<script type=\"application\/ld+json\" class=\"yoast-schema-graph\">{\"@context\":\"https:\/\/schema.org\",\"@graph\":[{\"@type\":\"WebPage\",\"@id\":\"https:\/\/laprensacristiana.com\/?p=4221\",\"url\":\"https:\/\/laprensacristiana.com\/?p=4221\",\"name\":\"Alianza Evang\u00e9lica de El Salvador fomenta el valor de la familia - La Prensa Cristiana\",\"isPartOf\":{\"@id\":\"https:\/\/laprensacristiana.com\/#website\"},\"datePublished\":\"2018-07-26T21:34:41+00:00\",\"dateModified\":\"2020-07-01T23:38:50+00:00\",\"author\":{\"@id\":\"https:\/\/laprensacristiana.com\/#\/schema\/person\/3e7d82c6bfd6b1fa67010f8f7cd5256e\"},\"breadcrumb\":{\"@id\":\"https:\/\/laprensacristiana.com\/?p=4221#breadcrumb\"},\"inLanguage\":\"es\",\"potentialAction\":[{\"@type\":\"ReadAction\",\"target\":[\"https:\/\/laprensacristiana.com\/?p=4221\"]}]},{\"@type\":\"BreadcrumbList\",\"@id\":\"https:\/\/laprensacristiana.com\/?p=4221#breadcrumb\",\"itemListElement\":[{\"@type\":\"ListItem\",\"position\":1,\"name\":\"Portada\",\"item\":\"https:\/\/laprensacristiana.com\/\"},{\"@type\":\"ListItem\",\"position\":2,\"name\":\"Alianza Evang\u00e9lica de El Salvador fomenta el valor de la familia\"}]},{\"@type\":\"WebSite\",\"@id\":\"https:\/\/laprensacristiana.com\/#website\",\"url\":\"https:\/\/laprensacristiana.com\/\",\"name\":\"La Prensa Cristiana\",\"description\":\"Anunciando Las Buenas Nuevas\",\"potentialAction\":[{\"@type\":\"SearchAction\",\"target\":{\"@type\":\"EntryPoint\",\"urlTemplate\":\"https:\/\/laprensacristiana.com\/?s={search_term_string}\"},\"query-input\":\"required name=search_term_string\"}],\"inLanguage\":\"es\"},{\"@type\":\"Person\",\"@id\":\"https:\/\/laprensacristiana.com\/#\/schema\/person\/3e7d82c6bfd6b1fa67010f8f7cd5256e\",\"name\":\"EDITOR\",\"image\":{\"@type\":\"ImageObject\",\"inLanguage\":\"es\",\"@id\":\"https:\/\/laprensacristiana.com\/#\/schema\/person\/image\/\",\"url\":\"https:\/\/secure.gravatar.com\/avatar\/72069dfb6c13772d9e8381e3638666d2?s=96&d=mm&r=g\",\"contentUrl\":\"https:\/\/secure.gravatar.com\/avatar\/72069dfb6c13772d9e8381e3638666d2?s=96&d=mm&r=g\",\"caption\":\"EDITOR\"},\"url\":\"https:\/\/laprensacristiana.com\/?author=3\"}]}<\/script>\n<!-- \/ Yoast SEO plugin. -->","yoast_head_json":{"title":"Alianza Evang\u00e9lica de El Salvador fomenta el valor de la familia - La Prensa Cristiana","robots":{"index":"index","follow":"follow","max-snippet":"max-snippet:-1","max-image-preview":"max-image-preview:large","max-video-preview":"max-video-preview:-1"},"canonical":"https:\/\/laprensacristiana.com\/?p=4221","og_locale":"es_ES","og_type":"article","og_title":"Alianza Evang\u00e9lica de El Salvador fomenta el valor de la familia - La Prensa Cristiana","og_description":"Por: Erika Menjivar La ma\u00f1ana de este jueves 26 de julio, se realiz\u00f3 un desayuno conferencia por parte de la Alianza Evang\u00e9lica de El Salvador, con el tema: La Familia en Crisis. El inicio de dicha reuni\u00f3n estuvo a cargo de un devocional, posteriormente los invitados pudieron disfrutar de un desayuno. El director de Alianza [&hellip;]","og_url":"https:\/\/laprensacristiana.com\/?p=4221","og_site_name":"La Prensa Cristiana","article_published_time":"2018-07-26T21:34:41+00:00","article_modified_time":"2020-07-01T23:38:50+00:00","og_image":[{"width":2560,"height":1702,"url":"https:\/\/laprensacristiana.com\/wp-content\/uploads\/2018\/07\/3-scaled.jpg","type":"image\/jpeg"}],"author":"EDITOR","twitter_card":"summary_large_image","twitter_misc":{"Escrito por":"EDITOR","Tiempo de lectura":"2 minutos"},"schema":{"@context":"https:\/\/schema.org","@graph":[{"@type":"WebPage","@id":"https:\/\/laprensacristiana.com\/?p=4221","url":"https:\/\/laprensacristiana.com\/?p=4221","name":"Alianza Evang\u00e9lica de El Salvador fomenta el valor de la familia - La Prensa Cristiana","isPartOf":{"@id":"https:\/\/laprensacristiana.com\/#website"},"datePublished":"2018-07-26T21:34:41+00:00","dateModified":"2020-07-01T23:38:50+00:00","author":{"@id":"https:\/\/laprensacristiana.com\/#\/schema\/person\/3e7d82c6bfd6b1fa67010f8f7cd5256e"},"breadcrumb":{"@id":"https:\/\/laprensacristiana.com\/?p=4221#breadcrumb"},"inLanguage":"es","potentialAction":[{"@type":"ReadAction","target":["https:\/\/laprensacristiana.com\/?p=4221"]}]},{"@type":"BreadcrumbList","@id":"https:\/\/laprensacristiana.com\/?p=4221#breadcrumb","itemListElement":[{"@type":"ListItem","position":1,"name":"Portada","item":"https:\/\/laprensacristiana.com\/"},{"@type":"ListItem","position":2,"name":"Alianza Evang\u00e9lica de El Salvador fomenta el valor de la familia"}]},{"@type":"WebSite","@id":"https:\/\/laprensacristiana.com\/#website","url":"https:\/\/laprensacristiana.com\/","name":"La Prensa Cristiana","description":"Anunciando Las Buenas Nuevas","potentialAction":[{"@type":"SearchAction","target":{"@type":"EntryPoint","urlTemplate":"https:\/\/laprensacristiana.com\/?s={search_term_string}"},"query-input":"required name=search_term_string"}],"inLanguage":"es"},{"@type":"Person","@id":"https:\/\/laprensacristiana.com\/#\/schema\/person\/3e7d82c6bfd6b1fa67010f8f7cd5256e","name":"EDITOR","image":{"@type":"ImageObject","inLanguage":"es","@id":"https:\/\/laprensacristiana.com\/#\/schema\/person\/image\/","url":"https:\/\/secure.gravatar.com\/avatar\/72069dfb6c13772d9e8381e3638666d2?s=96&d=mm&r=g","contentUrl":"https:\/\/secure.gravatar.com\/avatar\/72069dfb6c13772d9e8381e3638666d2?s=96&d=mm&r=g","caption":"EDITOR"},"url":"https:\/\/laprensacristiana.com\/?author=3"}]}},"_links":{"self":[{"href":"https:\/\/laprensacristiana.com\/index.php?rest_route=\/wp\/v2\/posts\/4221"}],"collection":[{"href":"https:\/\/laprensacristiana.com\/index.php?rest_route=\/wp\/v2\/posts"}],"about":[{"href":"https:\/\/laprensacristiana.com\/index.php?rest_route=\/wp\/v2\/types\/post"}],"author":[{"embeddable":true,"href":"https:\/\/laprensacristiana.com\/index.php?rest_route=\/wp\/v2\/users\/3"}],"replies":[{"embeddable":true,"href":"https:\/\/laprensacristiana.com\/index.php?rest_route=%2Fwp%2Fv2%2Fcomments&post=4221"}],"version-history":[{"count":1,"href":"https:\/\/laprensacristiana.com\/index.php?rest_route=\/wp\/v2\/posts\/4221\/revisions"}],"predecessor-version":[{"id":4227,"href":"https:\/\/laprensacristiana.com\/index.php?rest_route=\/wp\/v2\/posts\/4221\/revisions\/4227"}],"wp:featuredmedia":[{"embeddable":true,"href":"https:\/\/laprensacristiana.com\/index.php?rest_route=\/wp\/v2\/media\/4226"}],"wp:attachment":[{"href":"https:\/\/laprensacristiana.com\/index.php?rest_route=%2Fwp%2Fv2%2Fmedia&parent=4221"}],"wp:term":[{"taxonomy":"category","embeddable":true,"href":"https:\/\/laprensacristiana.com\/index.php?rest_route=%2Fwp%2Fv2%2Fcategories&post=4221"},{"taxonomy":"post_tag","embeddable":true,"href":"https:\/\/laprensacristiana.com\/index.php?rest_route=%2Fwp%2Fv2%2Ftags&post=4221"}],"curies":[{"name":"wp","href":"https:\/\/api.w.org\/{rel}","templated":true}]}}