{"id":4231,"date":"2018-07-27T20:42:48","date_gmt":"2018-07-27T20:42:48","guid":{"rendered":"https:\/\/laprensacristiana.com\/?p=4231"},"modified":"2020-07-01T23:37:46","modified_gmt":"2020-07-01T23:37:46","slug":"en-agosto-de-2018-se-estrena-dios-no-esta-muerto-3","status":"publish","type":"post","link":"https:\/\/laprensacristiana.com\/?p=4231","title":{"rendered":"En agosto de 2018 se estrena Dios no Est\u00e1 Muerto 3"},"content":{"rendered":"<p>Por: Erika Menjivar<\/p>\n<p>Este jueves 9 de agosto del presente a\u00f1o, se estrena Dios no Est\u00e1 Muerto 3 en El Salvador, drama inspiracional basado en el personaje del pastor Dave (David A.R. White), distribuida por Canzion Films.<\/p>\n<p>\u201cEsperamos que asistan al cine, lleven al menos una persona invitada (no creyente) para que escuche el evangelio\u201d, comenta Tony Alvarenga, representante de Canzion Films en El Salvador.<\/p>\n<p>Tambi\u00e9n, dice que, esta es la oportunidad para que muchos cristianos sean desafiados a vivir una vida diferente de las del mundo, lejos de las cosas que no edifican y de ser luz en medio de la oscuridad.<\/p>\n<p>La pel\u00edcula trata de una situaci\u00f3n en la que la iglesia que se encuentra dentro del campus de la universidad local, sufre un grave incendio, las complicaciones siguen, cuando con el deseo de la reconstrucci\u00f3n \u00a0de la iglesia las autoridades de la universidad toman una actitud de negaci\u00f3n.<\/p>\n<p>A pesar de las circunstancias, no pierden la fe en que Dios obrar\u00e1 para la reconstrucci\u00f3n de la iglesia, bajo el lema: \u201cDios es bueno en todo tiempo, y comprenden que no todas las batallas requieren acabar con la oposici\u00f3n, sino que el triunfo es mayor cuando se sana y reconstruye con compasi\u00f3n hacia los dem\u00e1s.<\/p>\n<p><img decoding=\"async\" loading=\"lazy\" class=\"alignnone size-full wp-image-4232\" src=\"https:\/\/laprensacristiana.com\/wp-content\/uploads\/2018\/07\/IMG-20180727-WA0008.jpg\" alt=\"IMG-20180727-WA0008\" width=\"1004\" height=\"1004\" srcset=\"https:\/\/laprensacristiana.com\/wp-content\/uploads\/2018\/07\/IMG-20180727-WA0008.jpg 1004w, https:\/\/laprensacristiana.com\/wp-content\/uploads\/2018\/07\/IMG-20180727-WA0008-300x300.jpg 300w, https:\/\/laprensacristiana.com\/wp-content\/uploads\/2018\/07\/IMG-20180727-WA0008-100x100.jpg 100w, https:\/\/laprensacristiana.com\/wp-content\/uploads\/2018\/07\/IMG-20180727-WA0008-600x600.jpg 600w, https:\/\/laprensacristiana.com\/wp-content\/uploads\/2018\/07\/IMG-20180727-WA0008-150x150.jpg 150w, https:\/\/laprensacristiana.com\/wp-content\/uploads\/2018\/07\/IMG-20180727-WA0008-768x768.jpg 768w, https:\/\/laprensacristiana.com\/wp-content\/uploads\/2018\/07\/IMG-20180727-WA0008-696x696.jpg 696w, https:\/\/laprensacristiana.com\/wp-content\/uploads\/2018\/07\/IMG-20180727-WA0008-420x420.jpg 420w\" sizes=\"(max-width: 1004px) 100vw, 1004px\" \/><\/p>\n<p>Dios No Est\u00e1 Muerto 3 fue dirigido por Michael Manson, producido por David A.R Hhile, Michael Scott, Brittany Yost, Elizabeth Travis y Alysoun Wolfe. \u201cEsperamos que estos filmes ofrezcan entretenimiento y motivaci\u00f3n, con un punto de partida para compartir la fe de una forma respetable y compasiva\u201d, agreg\u00f3 el equipo de producci\u00f3n.<\/p>\n<p>El trailler de esta producci\u00f3n puede ser visto en plataformas digitales, para mayor informaci\u00f3n puede visitar el sitio web: www.diosnoestamuertopelicula.com y seguir a Canzion Films en sus redes sociales.<\/p>\n<p><iframe loading=\"lazy\" title=\"Dios No Est\u00e1 Muerto 3 - Trailer oficial doblado en espa\u00f1ol\" width=\"696\" height=\"392\" src=\"https:\/\/www.youtube.com\/embed\/1AwVkgPdDLc?feature=oembed\" frameborder=\"0\" allow=\"accelerometer; autoplay; encrypted-media; gyroscope; picture-in-picture\" allowfullscreen><\/iframe><\/p>\n","protected":false},"excerpt":{"rendered":"<p>Por: Erika Menjivar Este jueves 9 de agosto del presente a\u00f1o, se estrena Dios no Est\u00e1 Muerto 3 en El Salvador, drama inspiracional basado en el personaje del pastor Dave (David A.R. White), distribuida por Canzion Films. \u201cEsperamos que asistan al cine, lleven al menos una persona invitada (no creyente) para que escuche el evangelio\u201d, [&hellip;]<\/p>\n","protected":false},"author":3,"featured_media":4233,"comment_status":"open","ping_status":"open","sticky":false,"template":"","format":"standard","meta":[],"categories":[101],"tags":[],"yoast_head":"<!-- This site is optimized with the Yoast SEO plugin v20.8 - https:\/\/yoast.com\/wordpress\/plugins\/seo\/ -->\n<title>En agosto de 2018 se estrena Dios no Est\u00e1 Muerto 3 - La Prensa Cristiana<\/title>\n<meta name=\"robots\" content=\"index, follow, max-snippet:-1, max-image-preview:large, max-video-preview:-1\" \/>\n<link rel=\"canonical\" href=\"https:\/\/laprensacristiana.com\/?p=4231\" \/>\n<meta property=\"og:locale\" content=\"es_ES\" \/>\n<meta property=\"og:type\" content=\"article\" \/>\n<meta property=\"og:title\" content=\"En agosto de 2018 se estrena Dios no Est\u00e1 Muerto 3 - La Prensa Cristiana\" \/>\n<meta property=\"og:description\" content=\"Por: Erika Menjivar Este jueves 9 de agosto del presente a\u00f1o, se estrena Dios no Est\u00e1 Muerto 3 en El Salvador, drama inspiracional basado en el personaje del pastor Dave (David A.R. White), distribuida por Canzion Films. \u201cEsperamos que asistan al cine, lleven al menos una persona invitada (no creyente) para que escuche el evangelio\u201d, [&hellip;]\" \/>\n<meta property=\"og:url\" content=\"https:\/\/laprensacristiana.com\/?p=4231\" \/>\n<meta property=\"og:site_name\" content=\"La Prensa Cristiana\" \/>\n<meta property=\"article:published_time\" content=\"2018-07-27T20:42:48+00:00\" \/>\n<meta property=\"article:modified_time\" content=\"2020-07-01T23:37:46+00:00\" \/>\n<meta property=\"og:image\" content=\"https:\/\/laprensacristiana.com\/wp-content\/uploads\/2018\/07\/IMG-20180727-WA0007.jpg\" \/>\n\t<meta property=\"og:image:width\" content=\"720\" \/>\n\t<meta property=\"og:image:height\" content=\"273\" \/>\n\t<meta property=\"og:image:type\" content=\"image\/jpeg\" \/>\n<meta name=\"author\" content=\"EDITOR\" \/>\n<meta name=\"twitter:card\" content=\"summary_large_image\" \/>\n<meta name=\"twitter:label1\" content=\"Escrito por\" \/>\n\t<meta name=\"twitter:data1\" content=\"EDITOR\" \/>\n\t<meta name=\"twitter:label2\" content=\"Tiempo de lectura\" \/>\n\t<meta name=\"twitter:data2\" content=\"2 minutos\" \/>\n<script type=\"application\/ld+json\" class=\"yoast-schema-graph\">{\"@context\":\"https:\/\/schema.org\",\"@graph\":[{\"@type\":\"WebPage\",\"@id\":\"https:\/\/laprensacristiana.com\/?p=4231\",\"url\":\"https:\/\/laprensacristiana.com\/?p=4231\",\"name\":\"En agosto de 2018 se estrena Dios no Est\u00e1 Muerto 3 - La Prensa Cristiana\",\"isPartOf\":{\"@id\":\"https:\/\/laprensacristiana.com\/#website\"},\"datePublished\":\"2018-07-27T20:42:48+00:00\",\"dateModified\":\"2020-07-01T23:37:46+00:00\",\"author\":{\"@id\":\"https:\/\/laprensacristiana.com\/#\/schema\/person\/3e7d82c6bfd6b1fa67010f8f7cd5256e\"},\"breadcrumb\":{\"@id\":\"https:\/\/laprensacristiana.com\/?p=4231#breadcrumb\"},\"inLanguage\":\"es\",\"potentialAction\":[{\"@type\":\"ReadAction\",\"target\":[\"https:\/\/laprensacristiana.com\/?p=4231\"]}]},{\"@type\":\"BreadcrumbList\",\"@id\":\"https:\/\/laprensacristiana.com\/?p=4231#breadcrumb\",\"itemListElement\":[{\"@type\":\"ListItem\",\"position\":1,\"name\":\"Portada\",\"item\":\"https:\/\/laprensacristiana.com\/\"},{\"@type\":\"ListItem\",\"position\":2,\"name\":\"En agosto de 2018 se estrena Dios no Est\u00e1 Muerto 3\"}]},{\"@type\":\"WebSite\",\"@id\":\"https:\/\/laprensacristiana.com\/#website\",\"url\":\"https:\/\/laprensacristiana.com\/\",\"name\":\"La Prensa Cristiana\",\"description\":\"Anunciando Las Buenas Nuevas\",\"potentialAction\":[{\"@type\":\"SearchAction\",\"target\":{\"@type\":\"EntryPoint\",\"urlTemplate\":\"https:\/\/laprensacristiana.com\/?s={search_term_string}\"},\"query-input\":\"required name=search_term_string\"}],\"inLanguage\":\"es\"},{\"@type\":\"Person\",\"@id\":\"https:\/\/laprensacristiana.com\/#\/schema\/person\/3e7d82c6bfd6b1fa67010f8f7cd5256e\",\"name\":\"EDITOR\",\"image\":{\"@type\":\"ImageObject\",\"inLanguage\":\"es\",\"@id\":\"https:\/\/laprensacristiana.com\/#\/schema\/person\/image\/\",\"url\":\"https:\/\/secure.gravatar.com\/avatar\/72069dfb6c13772d9e8381e3638666d2?s=96&d=mm&r=g\",\"contentUrl\":\"https:\/\/secure.gravatar.com\/avatar\/72069dfb6c13772d9e8381e3638666d2?s=96&d=mm&r=g\",\"caption\":\"EDITOR\"},\"url\":\"https:\/\/laprensacristiana.com\/?author=3\"}]}<\/script>\n<!-- \/ Yoast SEO plugin. -->","yoast_head_json":{"title":"En agosto de 2018 se estrena Dios no Est\u00e1 Muerto 3 - La Prensa Cristiana","robots":{"index":"index","follow":"follow","max-snippet":"max-snippet:-1","max-image-preview":"max-image-preview:large","max-video-preview":"max-video-preview:-1"},"canonical":"https:\/\/laprensacristiana.com\/?p=4231","og_locale":"es_ES","og_type":"article","og_title":"En agosto de 2018 se estrena Dios no Est\u00e1 Muerto 3 - La Prensa Cristiana","og_description":"Por: Erika Menjivar Este jueves 9 de agosto del presente a\u00f1o, se estrena Dios no Est\u00e1 Muerto 3 en El Salvador, drama inspiracional basado en el personaje del pastor Dave (David A.R. White), distribuida por Canzion Films. \u201cEsperamos que asistan al cine, lleven al menos una persona invitada (no creyente) para que escuche el evangelio\u201d, [&hellip;]","og_url":"https:\/\/laprensacristiana.com\/?p=4231","og_site_name":"La Prensa Cristiana","article_published_time":"2018-07-27T20:42:48+00:00","article_modified_time":"2020-07-01T23:37:46+00:00","og_image":[{"width":720,"height":273,"url":"https:\/\/laprensacristiana.com\/wp-content\/uploads\/2018\/07\/IMG-20180727-WA0007.jpg","type":"image\/jpeg"}],"author":"EDITOR","twitter_card":"summary_large_image","twitter_misc":{"Escrito por":"EDITOR","Tiempo de lectura":"2 minutos"},"schema":{"@context":"https:\/\/schema.org","@graph":[{"@type":"WebPage","@id":"https:\/\/laprensacristiana.com\/?p=4231","url":"https:\/\/laprensacristiana.com\/?p=4231","name":"En agosto de 2018 se estrena Dios no Est\u00e1 Muerto 3 - La Prensa Cristiana","isPartOf":{"@id":"https:\/\/laprensacristiana.com\/#website"},"datePublished":"2018-07-27T20:42:48+00:00","dateModified":"2020-07-01T23:37:46+00:00","author":{"@id":"https:\/\/laprensacristiana.com\/#\/schema\/person\/3e7d82c6bfd6b1fa67010f8f7cd5256e"},"breadcrumb":{"@id":"https:\/\/laprensacristiana.com\/?p=4231#breadcrumb"},"inLanguage":"es","potentialAction":[{"@type":"ReadAction","target":["https:\/\/laprensacristiana.com\/?p=4231"]}]},{"@type":"BreadcrumbList","@id":"https:\/\/laprensacristiana.com\/?p=4231#breadcrumb","itemListElement":[{"@type":"ListItem","position":1,"name":"Portada","item":"https:\/\/laprensacristiana.com\/"},{"@type":"ListItem","position":2,"name":"En agosto de 2018 se estrena Dios no Est\u00e1 Muerto 3"}]},{"@type":"WebSite","@id":"https:\/\/laprensacristiana.com\/#website","url":"https:\/\/laprensacristiana.com\/","name":"La Prensa Cristiana","description":"Anunciando Las Buenas Nuevas","potentialAction":[{"@type":"SearchAction","target":{"@type":"EntryPoint","urlTemplate":"https:\/\/laprensacristiana.com\/?s={search_term_string}"},"query-input":"required name=search_term_string"}],"inLanguage":"es"},{"@type":"Person","@id":"https:\/\/laprensacristiana.com\/#\/schema\/person\/3e7d82c6bfd6b1fa67010f8f7cd5256e","name":"EDITOR","image":{"@type":"ImageObject","inLanguage":"es","@id":"https:\/\/laprensacristiana.com\/#\/schema\/person\/image\/","url":"https:\/\/secure.gravatar.com\/avatar\/72069dfb6c13772d9e8381e3638666d2?s=96&d=mm&r=g","contentUrl":"https:\/\/secure.gravatar.com\/avatar\/72069dfb6c13772d9e8381e3638666d2?s=96&d=mm&r=g","caption":"EDITOR"},"url":"https:\/\/laprensacristiana.com\/?author=3"}]}},"_links":{"self":[{"href":"https:\/\/laprensacristiana.com\/index.php?rest_route=\/wp\/v2\/posts\/4231"}],"collection":[{"href":"https:\/\/laprensacristiana.com\/index.php?rest_route=\/wp\/v2\/posts"}],"about":[{"href":"https:\/\/laprensacristiana.com\/index.php?rest_route=\/wp\/v2\/types\/post"}],"author":[{"embeddable":true,"href":"https:\/\/laprensacristiana.com\/index.php?rest_route=\/wp\/v2\/users\/3"}],"replies":[{"embeddable":true,"href":"https:\/\/laprensacristiana.com\/index.php?rest_route=%2Fwp%2Fv2%2Fcomments&post=4231"}],"version-history":[{"count":2,"href":"https:\/\/laprensacristiana.com\/index.php?rest_route=\/wp\/v2\/posts\/4231\/revisions"}],"predecessor-version":[{"id":4235,"href":"https:\/\/laprensacristiana.com\/index.php?rest_route=\/wp\/v2\/posts\/4231\/revisions\/4235"}],"wp:featuredmedia":[{"embeddable":true,"href":"https:\/\/laprensacristiana.com\/index.php?rest_route=\/wp\/v2\/media\/4233"}],"wp:attachment":[{"href":"https:\/\/laprensacristiana.com\/index.php?rest_route=%2Fwp%2Fv2%2Fmedia&parent=4231"}],"wp:term":[{"taxonomy":"category","embeddable":true,"href":"https:\/\/laprensacristiana.com\/index.php?rest_route=%2Fwp%2Fv2%2Fcategories&post=4231"},{"taxonomy":"post_tag","embeddable":true,"href":"https:\/\/laprensacristiana.com\/index.php?rest_route=%2Fwp%2Fv2%2Ftags&post=4231"}],"curies":[{"name":"wp","href":"https:\/\/api.w.org\/{rel}","templated":true}]}}