{"id":4246,"date":"2018-07-30T18:53:34","date_gmt":"2018-07-30T18:53:34","guid":{"rendered":"https:\/\/laprensacristiana.com\/?p=4246"},"modified":"2020-07-01T23:37:21","modified_gmt":"2020-07-01T23:37:21","slug":"hablar-leer-y-practicar-desarrolla-tu-relacion-personal-con-dios","status":"publish","type":"post","link":"https:\/\/laprensacristiana.com\/?p=4246","title":{"rendered":"Hablar, leer, y practicar, desarrolla tu relaci\u00f3n personal con Dios."},"content":{"rendered":"<p><span class=\"s3\">POR JULY DE SOSA<\/span><\/p>\n<p><span class=\"s4\">El manual de vida para los cr<\/span><span class=\"s4\">istianos<\/span> <span class=\"s4\">\u201c<\/span><span class=\"s4\">Biblia<\/span><span class=\"s4\">\u201d<\/span> <span class=\"s4\">afirma que <\/span><span class=\"s4\">el tipo de relaci\u00f3n que <\/span><span class=\"s4\">Dios<\/span><span class=\"s4\">demanda de <\/span><span class=\"s4\">nosotros no es una relaci\u00f3n grupal, sino <\/span><span class=\"s4\">m\u00e1s<\/span><span class=\"s4\"> bien \u201cpersonal\u201d<\/span><span class=\"s4\"> Lo que nos <\/span><span class=\"s4\">indica que <\/span><span class=\"s4\">es responsabilidad de cada individuo desarrollar<\/span><span class=\"s4\"> o des<\/span><span class=\"s4\">cuidar su relaci\u00f3n con Dios<\/span><span class=\"s4\">. <\/span><span class=\"s4\">E<\/span><span class=\"s4\">xiste<\/span><span class=\"s4\"> gran <\/span><span class=\"s4\">controversia en cuanto a lo que significa tener una <\/span><span class=\"s4\">\u201c<\/span><span class=\"s4\">relaci\u00f3n personal con Dios<\/span><span class=\"s4\">\u201d<\/span><span class=\"s4\">entre estas <\/span><span class=\"s4\">est\u00e1n el<\/span> <span class=\"s4\">asistir ritualmente a una <\/span><span class=\"s4\">iglesia<\/span><span class=\"s4\">,<\/span><span class=\"s4\"> cumplir con diezmos y ofrendas,<\/span><span class=\"s4\">pertenecer a un <\/span><span class=\"s4\">club de <\/span><span class=\"s4\">beneficencia<\/span><span class=\"s4\">,<\/span><span class=\"s4\"> hacer obras de<\/span><span class=\"s4\"> sacrificio corporal<\/span><span class=\"s4\">, <\/span><span class=\"s4\">\u201c<\/span><span class=\"s4\">entre otras<\/span><span class=\"s4\">\u201d<\/span><span class=\"s4\">. <\/span><span class=\"s4\">Considero que <\/span><span class=\"s4\">lo mencionado <\/span><span class=\"s4\">deber\u00eda <\/span><span class=\"s4\">de <\/span><span class=\"s4\">ser<\/span><span class=\"s4\"> fruto de nuestra relaci\u00f3n con Dios, y no el camino <\/span><span class=\"s4\">que nos lleva a desarrollarla.<\/span><\/p>\n<p>Jes\u00fas escogi\u00f3 a doce hombres para capacitarlos en sus tres a\u00f1os de ministerio, y fueran testigos de su poder y de la veracidad de sus palabras, para que cuando \u00e9l regresar\u00e1 al lado de su padre, estos ense\u00f1aran a otros lo que aprendieron conviviendo con \u00e9l. Conociendo esto considero que el camino que nos lleva a desarrollar una relaci\u00f3n personal con Dios es convivir con \u00e9l, todos los d\u00edas, Sin importar que estamos alegres, tristes, enojados, cansados, enfermos, sanos, solteros, casados, viudos, divorciados, con solvencia econ\u00f3mica o sin ella, etc. Todos los d\u00edas debemos de tomar un tiempo para hablar con Dios leer su palabra llevar a hechos lo que all\u00ed est\u00e1 escrito, eso es lo que desarrollar\u00e1 nuestra relaci\u00f3n personal con \u00e9l, esto porque hablar con Dios a diario estrecha lazos de amistad entre \u00e9l y nosotros, adem\u00e1s nos acostumbramos a su presencia y aprendemos de su forma de comunicarse con nosotros; del mismo modo como acostumbramos a desarrollar amistades por medio de conversaciones, as\u00ed debemos desarrollar nuestra relaci\u00f3n con Dios, convencidos de que \u00c9L, no es un \u00eddolo o un dios hecho por manos de hombres que tienen ojos y no ven, boca y no hablan, orejas y no oyen. Nuestro Dios es el \u00fanico Dios vivo y cuando le <a name=\"_GoBack\"><\/a>hablamos \u00e9l, nos mira, oye, y responde. Conversando a diario con \u00e9l, llegaremos a conocerlo. Leer las santas escrituras nos instruye en el camino a seguir,porque escrito esta \u201cLampara es a mis pies tu palabra y lumbrera a mi camino\u201d llevar a la practicar lo le\u00eddo, produce el bien que DIOS desea para nosotros. Conozco personas que se privan de conversar con Dios por el simple hecho de sentirse pecadores o por estar de mal humor, ignorando que Dios nos cre\u00f3 y nadie mejor que \u00e9l, conoce nuestro car\u00e1cter y temperamento, nuestra condici\u00f3n humana, no es motivo para que su o\u00eddo no escuche o sus ojos se nieguen a mirarnos, o enmudezca sus labios. Dios anhela relacionarse con nosotros y no ve lo que el hombre mira, Dios ve nuestro coraz\u00f3n sincero y humillado a \u00e9l. Podr\u00edamos decir que hablarcon Dios, escudri\u00f1ar las santas escrituras, y poner por obra lo le\u00eddo. Es la clave para desarrollar relaci\u00f3n personal con Dios. Todo lo dem\u00e1s ser\u00e1 fruto de esa relaci\u00f3n.<\/p>\n<p>Asista a su iglesia y el resto de su tiempo no descuide su comunicaci\u00f3n con Dios por el simple hecho de estar de mal humor, o por cualquiera otra raz\u00f3n, que no tienen parte en nuestra relaci\u00f3n con Dios. Pablo lo expreso as\u00ed: Ni la muerte, ni la vida, ni \u00e1ngeles, ni principados, ni potestades, ni lo presente, ni lo porvenir, ni lo alto, ni lo profundo, ni ninguna otra cosa creada nos podr\u00e1 separar del amor de Dios. (ROMANOS 8:38-39)<\/p>\n<p>\u00a1Feliz semana!<\/p>\n","protected":false},"excerpt":{"rendered":"<p>POR JULY DE SOSA El manual de vida para los cristianos \u201cBiblia\u201d afirma que el tipo de relaci\u00f3n que Diosdemanda de nosotros no es una relaci\u00f3n grupal, sino m\u00e1s bien \u201cpersonal\u201d Lo que nos indica que es responsabilidad de cada individuo desarrollar o descuidar su relaci\u00f3n con Dios. Existe gran controversia en cuanto a lo [&hellip;]<\/p>\n","protected":false},"author":3,"featured_media":3639,"comment_status":"open","ping_status":"open","sticky":false,"template":"","format":"standard","meta":[],"categories":[36],"tags":[],"yoast_head":"<!-- This site is optimized with the Yoast SEO plugin v20.8 - https:\/\/yoast.com\/wordpress\/plugins\/seo\/ -->\n<title>Hablar, leer, y practicar, desarrolla tu relaci\u00f3n personal con Dios. - La Prensa Cristiana<\/title>\n<meta name=\"robots\" content=\"index, follow, max-snippet:-1, max-image-preview:large, max-video-preview:-1\" \/>\n<link rel=\"canonical\" href=\"https:\/\/laprensacristiana.com\/?p=4246\" \/>\n<meta property=\"og:locale\" content=\"es_ES\" \/>\n<meta property=\"og:type\" content=\"article\" \/>\n<meta property=\"og:title\" content=\"Hablar, leer, y practicar, desarrolla tu relaci\u00f3n personal con Dios. - La Prensa Cristiana\" \/>\n<meta property=\"og:description\" content=\"POR JULY DE SOSA El manual de vida para los cristianos \u201cBiblia\u201d afirma que el tipo de relaci\u00f3n que Diosdemanda de nosotros no es una relaci\u00f3n grupal, sino m\u00e1s bien \u201cpersonal\u201d Lo que nos indica que es responsabilidad de cada individuo desarrollar o descuidar su relaci\u00f3n con Dios. Existe gran controversia en cuanto a lo [&hellip;]\" \/>\n<meta property=\"og:url\" content=\"https:\/\/laprensacristiana.com\/?p=4246\" \/>\n<meta property=\"og:site_name\" content=\"La Prensa Cristiana\" \/>\n<meta property=\"article:published_time\" content=\"2018-07-30T18:53:34+00:00\" \/>\n<meta property=\"article:modified_time\" content=\"2020-07-01T23:37:21+00:00\" \/>\n<meta property=\"og:image\" content=\"https:\/\/laprensacristiana.com\/wp-content\/uploads\/2018\/04\/JULY-LPG-2017.jpg\" \/>\n\t<meta property=\"og:image:width\" content=\"1240\" \/>\n\t<meta property=\"og:image:height\" content=\"692\" \/>\n\t<meta property=\"og:image:type\" content=\"image\/jpeg\" \/>\n<meta name=\"author\" content=\"EDITOR\" \/>\n<meta name=\"twitter:card\" content=\"summary_large_image\" \/>\n<meta name=\"twitter:label1\" content=\"Escrito por\" \/>\n\t<meta name=\"twitter:data1\" content=\"EDITOR\" \/>\n\t<meta name=\"twitter:label2\" content=\"Tiempo de lectura\" \/>\n\t<meta name=\"twitter:data2\" content=\"3 minutos\" \/>\n<script type=\"application\/ld+json\" class=\"yoast-schema-graph\">{\"@context\":\"https:\/\/schema.org\",\"@graph\":[{\"@type\":\"WebPage\",\"@id\":\"https:\/\/laprensacristiana.com\/?p=4246\",\"url\":\"https:\/\/laprensacristiana.com\/?p=4246\",\"name\":\"Hablar, leer, y practicar, desarrolla tu relaci\u00f3n personal con Dios. - La Prensa Cristiana\",\"isPartOf\":{\"@id\":\"https:\/\/laprensacristiana.com\/#website\"},\"datePublished\":\"2018-07-30T18:53:34+00:00\",\"dateModified\":\"2020-07-01T23:37:21+00:00\",\"author\":{\"@id\":\"https:\/\/laprensacristiana.com\/#\/schema\/person\/3e7d82c6bfd6b1fa67010f8f7cd5256e\"},\"breadcrumb\":{\"@id\":\"https:\/\/laprensacristiana.com\/?p=4246#breadcrumb\"},\"inLanguage\":\"es\",\"potentialAction\":[{\"@type\":\"ReadAction\",\"target\":[\"https:\/\/laprensacristiana.com\/?p=4246\"]}]},{\"@type\":\"BreadcrumbList\",\"@id\":\"https:\/\/laprensacristiana.com\/?p=4246#breadcrumb\",\"itemListElement\":[{\"@type\":\"ListItem\",\"position\":1,\"name\":\"Portada\",\"item\":\"https:\/\/laprensacristiana.com\/\"},{\"@type\":\"ListItem\",\"position\":2,\"name\":\"Hablar, leer, y practicar, desarrolla tu relaci\u00f3n personal con Dios.\"}]},{\"@type\":\"WebSite\",\"@id\":\"https:\/\/laprensacristiana.com\/#website\",\"url\":\"https:\/\/laprensacristiana.com\/\",\"name\":\"La Prensa Cristiana\",\"description\":\"Anunciando Las Buenas Nuevas\",\"potentialAction\":[{\"@type\":\"SearchAction\",\"target\":{\"@type\":\"EntryPoint\",\"urlTemplate\":\"https:\/\/laprensacristiana.com\/?s={search_term_string}\"},\"query-input\":\"required name=search_term_string\"}],\"inLanguage\":\"es\"},{\"@type\":\"Person\",\"@id\":\"https:\/\/laprensacristiana.com\/#\/schema\/person\/3e7d82c6bfd6b1fa67010f8f7cd5256e\",\"name\":\"EDITOR\",\"image\":{\"@type\":\"ImageObject\",\"inLanguage\":\"es\",\"@id\":\"https:\/\/laprensacristiana.com\/#\/schema\/person\/image\/\",\"url\":\"https:\/\/secure.gravatar.com\/avatar\/72069dfb6c13772d9e8381e3638666d2?s=96&d=mm&r=g\",\"contentUrl\":\"https:\/\/secure.gravatar.com\/avatar\/72069dfb6c13772d9e8381e3638666d2?s=96&d=mm&r=g\",\"caption\":\"EDITOR\"},\"url\":\"https:\/\/laprensacristiana.com\/?author=3\"}]}<\/script>\n<!-- \/ Yoast SEO plugin. -->","yoast_head_json":{"title":"Hablar, leer, y practicar, desarrolla tu relaci\u00f3n personal con Dios. - La Prensa Cristiana","robots":{"index":"index","follow":"follow","max-snippet":"max-snippet:-1","max-image-preview":"max-image-preview:large","max-video-preview":"max-video-preview:-1"},"canonical":"https:\/\/laprensacristiana.com\/?p=4246","og_locale":"es_ES","og_type":"article","og_title":"Hablar, leer, y practicar, desarrolla tu relaci\u00f3n personal con Dios. - La Prensa Cristiana","og_description":"POR JULY DE SOSA El manual de vida para los cristianos \u201cBiblia\u201d afirma que el tipo de relaci\u00f3n que Diosdemanda de nosotros no es una relaci\u00f3n grupal, sino m\u00e1s bien \u201cpersonal\u201d Lo que nos indica que es responsabilidad de cada individuo desarrollar o descuidar su relaci\u00f3n con Dios. Existe gran controversia en cuanto a lo [&hellip;]","og_url":"https:\/\/laprensacristiana.com\/?p=4246","og_site_name":"La Prensa Cristiana","article_published_time":"2018-07-30T18:53:34+00:00","article_modified_time":"2020-07-01T23:37:21+00:00","og_image":[{"width":1240,"height":692,"url":"https:\/\/laprensacristiana.com\/wp-content\/uploads\/2018\/04\/JULY-LPG-2017.jpg","type":"image\/jpeg"}],"author":"EDITOR","twitter_card":"summary_large_image","twitter_misc":{"Escrito por":"EDITOR","Tiempo de lectura":"3 minutos"},"schema":{"@context":"https:\/\/schema.org","@graph":[{"@type":"WebPage","@id":"https:\/\/laprensacristiana.com\/?p=4246","url":"https:\/\/laprensacristiana.com\/?p=4246","name":"Hablar, leer, y practicar, desarrolla tu relaci\u00f3n personal con Dios. - La Prensa Cristiana","isPartOf":{"@id":"https:\/\/laprensacristiana.com\/#website"},"datePublished":"2018-07-30T18:53:34+00:00","dateModified":"2020-07-01T23:37:21+00:00","author":{"@id":"https:\/\/laprensacristiana.com\/#\/schema\/person\/3e7d82c6bfd6b1fa67010f8f7cd5256e"},"breadcrumb":{"@id":"https:\/\/laprensacristiana.com\/?p=4246#breadcrumb"},"inLanguage":"es","potentialAction":[{"@type":"ReadAction","target":["https:\/\/laprensacristiana.com\/?p=4246"]}]},{"@type":"BreadcrumbList","@id":"https:\/\/laprensacristiana.com\/?p=4246#breadcrumb","itemListElement":[{"@type":"ListItem","position":1,"name":"Portada","item":"https:\/\/laprensacristiana.com\/"},{"@type":"ListItem","position":2,"name":"Hablar, leer, y practicar, desarrolla tu relaci\u00f3n personal con Dios."}]},{"@type":"WebSite","@id":"https:\/\/laprensacristiana.com\/#website","url":"https:\/\/laprensacristiana.com\/","name":"La Prensa Cristiana","description":"Anunciando Las Buenas Nuevas","potentialAction":[{"@type":"SearchAction","target":{"@type":"EntryPoint","urlTemplate":"https:\/\/laprensacristiana.com\/?s={search_term_string}"},"query-input":"required name=search_term_string"}],"inLanguage":"es"},{"@type":"Person","@id":"https:\/\/laprensacristiana.com\/#\/schema\/person\/3e7d82c6bfd6b1fa67010f8f7cd5256e","name":"EDITOR","image":{"@type":"ImageObject","inLanguage":"es","@id":"https:\/\/laprensacristiana.com\/#\/schema\/person\/image\/","url":"https:\/\/secure.gravatar.com\/avatar\/72069dfb6c13772d9e8381e3638666d2?s=96&d=mm&r=g","contentUrl":"https:\/\/secure.gravatar.com\/avatar\/72069dfb6c13772d9e8381e3638666d2?s=96&d=mm&r=g","caption":"EDITOR"},"url":"https:\/\/laprensacristiana.com\/?author=3"}]}},"_links":{"self":[{"href":"https:\/\/laprensacristiana.com\/index.php?rest_route=\/wp\/v2\/posts\/4246"}],"collection":[{"href":"https:\/\/laprensacristiana.com\/index.php?rest_route=\/wp\/v2\/posts"}],"about":[{"href":"https:\/\/laprensacristiana.com\/index.php?rest_route=\/wp\/v2\/types\/post"}],"author":[{"embeddable":true,"href":"https:\/\/laprensacristiana.com\/index.php?rest_route=\/wp\/v2\/users\/3"}],"replies":[{"embeddable":true,"href":"https:\/\/laprensacristiana.com\/index.php?rest_route=%2Fwp%2Fv2%2Fcomments&post=4246"}],"version-history":[{"count":1,"href":"https:\/\/laprensacristiana.com\/index.php?rest_route=\/wp\/v2\/posts\/4246\/revisions"}],"predecessor-version":[{"id":4247,"href":"https:\/\/laprensacristiana.com\/index.php?rest_route=\/wp\/v2\/posts\/4246\/revisions\/4247"}],"wp:featuredmedia":[{"embeddable":true,"href":"https:\/\/laprensacristiana.com\/index.php?rest_route=\/wp\/v2\/media\/3639"}],"wp:attachment":[{"href":"https:\/\/laprensacristiana.com\/index.php?rest_route=%2Fwp%2Fv2%2Fmedia&parent=4246"}],"wp:term":[{"taxonomy":"category","embeddable":true,"href":"https:\/\/laprensacristiana.com\/index.php?rest_route=%2Fwp%2Fv2%2Fcategories&post=4246"},{"taxonomy":"post_tag","embeddable":true,"href":"https:\/\/laprensacristiana.com\/index.php?rest_route=%2Fwp%2Fv2%2Ftags&post=4246"}],"curies":[{"name":"wp","href":"https:\/\/api.w.org\/{rel}","templated":true}]}}