{"id":4258,"date":"2018-08-03T19:22:39","date_gmt":"2018-08-03T19:22:39","guid":{"rendered":"https:\/\/laprensacristiana.com\/?p=4258"},"modified":"2020-07-01T23:36:52","modified_gmt":"2020-07-01T23:36:52","slug":"candil-de-la-casa-proyecto-misionero","status":"publish","type":"post","link":"https:\/\/laprensacristiana.com\/?p=4258","title":{"rendered":"Candil de la Casa,  proyecto misionero"},"content":{"rendered":"<p>Por: Erika Menjivar<\/p>\n<p>Un evento que busca evangelizar a muchas personas en diferentes lugares alrededor de todo El Salvador, este proyecto\u00a0dio inicio el lunes 30 de julio y finaliza el domingo 5 de agosto.<\/p>\n<p>Servidores de Embajadores de Cristo, de Iglesia Asambleas de Dios, se unieron para hacer evangelismo en las calles, con el fin de ganar m\u00e1s almas para Cristo, Rafael Reyes parte del equipo de Embajadores de Cristo de A.D, expresa que: \u201ccomo Embajadores de Cristo hemos salido a muchas partes del pa\u00eds y fuera de el, y hoy nuestra misi\u00f3n fue concentrarnos en nuestro pa\u00eds que tanto lo necesita. Por eso el lema, candil de la casa es para que nosotros seamos luz en nuestra ciudad\u201d.<\/p>\n<p>Entre las actividades que se han realizado con el proyecto Candil de la Casa, se encuentran actividades como: din\u00e1micas, evangelismo urbano, evangelismo personal, toma de carreteras, visita a centros educativos, campa\u00f1as de cultos y m\u00e1s.<\/p>\n<figure id=\"attachment_4260\" aria-describedby=\"caption-attachment-4260\" style=\"width: 1500px\" class=\"wp-caption alignnone\"><img decoding=\"async\" loading=\"lazy\" class=\"size-full wp-image-4260\" src=\"https:\/\/laprensacristiana.com\/wp-content\/uploads\/2018\/08\/FB_IMG_1533323261061.jpg\" alt=\"Cortes\u00eda de Embajadores de Cristo A.D\" width=\"1500\" height=\"1847\" srcset=\"https:\/\/laprensacristiana.com\/wp-content\/uploads\/2018\/08\/FB_IMG_1533323261061.jpg 1500w, https:\/\/laprensacristiana.com\/wp-content\/uploads\/2018\/08\/FB_IMG_1533323261061-600x739.jpg 600w, https:\/\/laprensacristiana.com\/wp-content\/uploads\/2018\/08\/FB_IMG_1533323261061-244x300.jpg 244w, https:\/\/laprensacristiana.com\/wp-content\/uploads\/2018\/08\/FB_IMG_1533323261061-768x946.jpg 768w, https:\/\/laprensacristiana.com\/wp-content\/uploads\/2018\/08\/FB_IMG_1533323261061-832x1024.jpg 832w, https:\/\/laprensacristiana.com\/wp-content\/uploads\/2018\/08\/FB_IMG_1533323261061-324x400.jpg 324w, https:\/\/laprensacristiana.com\/wp-content\/uploads\/2018\/08\/FB_IMG_1533323261061-696x857.jpg 696w, https:\/\/laprensacristiana.com\/wp-content\/uploads\/2018\/08\/FB_IMG_1533323261061-1068x1315.jpg 1068w, https:\/\/laprensacristiana.com\/wp-content\/uploads\/2018\/08\/FB_IMG_1533323261061-341x420.jpg 341w\" sizes=\"(max-width: 1500px) 100vw, 1500px\" \/><figcaption id=\"caption-attachment-4260\" class=\"wp-caption-text\">Cortes\u00eda de Embajadores de Cristo A.D<\/figcaption><\/figure>\n<p>Wilfredo Mir\u00f3n, presidente de Embajadores de Cristo, comenta que este proyecto nace para que todas las personas sean luz en su territorio y quiera sacudir su naci\u00f3n.\u00a0El primer lugar visitado\u00a0fue en Moraz\u00e1n y en La Uni\u00f3n, la idea seg\u00fan el presidente de Embajadores de Cristo, es abarcar a todo El Salvador y que nadie se quede sin conocer del mensaje de salvaci\u00f3n.<\/p>\n<p>Adem\u00e1s, hace una invitaci\u00f3n para todas las personas que quieran participar en estas actividades pueden hacerlo poni\u00e9ndose en contacto con el ministerio a trav\u00e9s de las redes sociales como Embajadores de Cristo de El Salvador.<\/p>\n<figure id=\"attachment_4261\" aria-describedby=\"caption-attachment-4261\" style=\"width: 1365px\" class=\"wp-caption alignnone\"><img decoding=\"async\" loading=\"lazy\" class=\"size-full wp-image-4261\" src=\"https:\/\/laprensacristiana.com\/wp-content\/uploads\/2018\/08\/FB_IMG_1533323103049.jpg\" alt=\"Cortes\u00eda de Embajadores de Cristo A.D\" width=\"1365\" height=\"2048\" srcset=\"https:\/\/laprensacristiana.com\/wp-content\/uploads\/2018\/08\/FB_IMG_1533323103049.jpg 1365w, https:\/\/laprensacristiana.com\/wp-content\/uploads\/2018\/08\/FB_IMG_1533323103049-600x900.jpg 600w, https:\/\/laprensacristiana.com\/wp-content\/uploads\/2018\/08\/FB_IMG_1533323103049-200x300.jpg 200w, https:\/\/laprensacristiana.com\/wp-content\/uploads\/2018\/08\/FB_IMG_1533323103049-768x1152.jpg 768w, https:\/\/laprensacristiana.com\/wp-content\/uploads\/2018\/08\/FB_IMG_1533323103049-683x1024.jpg 683w, https:\/\/laprensacristiana.com\/wp-content\/uploads\/2018\/08\/FB_IMG_1533323103049-696x1044.jpg 696w, https:\/\/laprensacristiana.com\/wp-content\/uploads\/2018\/08\/FB_IMG_1533323103049-1068x1602.jpg 1068w, https:\/\/laprensacristiana.com\/wp-content\/uploads\/2018\/08\/FB_IMG_1533323103049-280x420.jpg 280w\" sizes=\"(max-width: 1365px) 100vw, 1365px\" \/><figcaption id=\"caption-attachment-4261\" class=\"wp-caption-text\">Cortes\u00eda de Embajadores de Cristo A.D<\/figcaption><\/figure>\n<p>\u201cUno de los objetivos de este evento, es evangelizar a las personas que asisten a parques, haciendo evangelismo\u201d, argument\u00f3 \u00a0Gustavo \u00c1valos, presidente regional de Embajadores de Cristo. Tambi\u00e9n, las din\u00e1micas de evangelizaci\u00f3n que se implementan en la zona urbana no son las mismas que realizan en zonas rurales, pues el m\u00e9todo var\u00eda dependiendo de las condiciones del lugar.<\/p>\n<p><img decoding=\"async\" loading=\"lazy\" class=\"alignnone size-full wp-image-4262\" src=\"https:\/\/laprensacristiana.com\/wp-content\/uploads\/2018\/08\/DSCN0238_1.jpg\" alt=\"\" width=\"3478\" height=\"2458\" \/><\/p>\n","protected":false},"excerpt":{"rendered":"<p>Por: Erika Menjivar Un evento que busca evangelizar a muchas personas en diferentes lugares alrededor de todo El Salvador, este proyecto\u00a0dio inicio el lunes 30 de julio y finaliza el domingo 5 de agosto. Servidores de Embajadores de Cristo, de Iglesia Asambleas de Dios, se unieron para hacer evangelismo en las calles, con el fin [&hellip;]<\/p>\n","protected":false},"author":3,"featured_media":4263,"comment_status":"open","ping_status":"open","sticky":false,"template":"","format":"standard","meta":[],"categories":[56],"tags":[],"yoast_head":"<!-- This site is optimized with the Yoast SEO plugin v20.8 - https:\/\/yoast.com\/wordpress\/plugins\/seo\/ -->\n<title>Candil de la Casa, proyecto misionero - La Prensa Cristiana<\/title>\n<meta name=\"robots\" content=\"index, follow, max-snippet:-1, max-image-preview:large, max-video-preview:-1\" \/>\n<link rel=\"canonical\" href=\"https:\/\/laprensacristiana.com\/?p=4258\" \/>\n<meta property=\"og:locale\" content=\"es_ES\" \/>\n<meta property=\"og:type\" content=\"article\" \/>\n<meta property=\"og:title\" content=\"Candil de la Casa, proyecto misionero - La Prensa Cristiana\" \/>\n<meta property=\"og:description\" content=\"Por: Erika Menjivar Un evento que busca evangelizar a muchas personas en diferentes lugares alrededor de todo El Salvador, este proyecto\u00a0dio inicio el lunes 30 de julio y finaliza el domingo 5 de agosto. Servidores de Embajadores de Cristo, de Iglesia Asambleas de Dios, se unieron para hacer evangelismo en las calles, con el fin [&hellip;]\" \/>\n<meta property=\"og:url\" content=\"https:\/\/laprensacristiana.com\/?p=4258\" \/>\n<meta property=\"og:site_name\" content=\"La Prensa Cristiana\" \/>\n<meta property=\"article:published_time\" content=\"2018-08-03T19:22:39+00:00\" \/>\n<meta property=\"article:modified_time\" content=\"2020-07-01T23:36:52+00:00\" \/>\n<meta property=\"og:image\" content=\"https:\/\/laprensacristiana.com\/wp-content\/uploads\/2018\/08\/DSCN0231_1-scaled.jpg\" \/>\n\t<meta property=\"og:image:width\" content=\"2560\" \/>\n\t<meta property=\"og:image:height\" content=\"1769\" \/>\n\t<meta property=\"og:image:type\" content=\"image\/jpeg\" \/>\n<meta name=\"author\" content=\"EDITOR\" \/>\n<meta name=\"twitter:card\" content=\"summary_large_image\" \/>\n<meta name=\"twitter:label1\" content=\"Escrito por\" \/>\n\t<meta name=\"twitter:data1\" content=\"EDITOR\" \/>\n\t<meta name=\"twitter:label2\" content=\"Tiempo de lectura\" \/>\n\t<meta name=\"twitter:data2\" content=\"2 minutos\" \/>\n<script type=\"application\/ld+json\" class=\"yoast-schema-graph\">{\"@context\":\"https:\/\/schema.org\",\"@graph\":[{\"@type\":\"WebPage\",\"@id\":\"https:\/\/laprensacristiana.com\/?p=4258\",\"url\":\"https:\/\/laprensacristiana.com\/?p=4258\",\"name\":\"Candil de la Casa, proyecto misionero - La Prensa Cristiana\",\"isPartOf\":{\"@id\":\"https:\/\/laprensacristiana.com\/#website\"},\"datePublished\":\"2018-08-03T19:22:39+00:00\",\"dateModified\":\"2020-07-01T23:36:52+00:00\",\"author\":{\"@id\":\"https:\/\/laprensacristiana.com\/#\/schema\/person\/3e7d82c6bfd6b1fa67010f8f7cd5256e\"},\"breadcrumb\":{\"@id\":\"https:\/\/laprensacristiana.com\/?p=4258#breadcrumb\"},\"inLanguage\":\"es\",\"potentialAction\":[{\"@type\":\"ReadAction\",\"target\":[\"https:\/\/laprensacristiana.com\/?p=4258\"]}]},{\"@type\":\"BreadcrumbList\",\"@id\":\"https:\/\/laprensacristiana.com\/?p=4258#breadcrumb\",\"itemListElement\":[{\"@type\":\"ListItem\",\"position\":1,\"name\":\"Portada\",\"item\":\"https:\/\/laprensacristiana.com\/\"},{\"@type\":\"ListItem\",\"position\":2,\"name\":\"Candil de la Casa, proyecto misionero\"}]},{\"@type\":\"WebSite\",\"@id\":\"https:\/\/laprensacristiana.com\/#website\",\"url\":\"https:\/\/laprensacristiana.com\/\",\"name\":\"La Prensa Cristiana\",\"description\":\"Anunciando Las Buenas Nuevas\",\"potentialAction\":[{\"@type\":\"SearchAction\",\"target\":{\"@type\":\"EntryPoint\",\"urlTemplate\":\"https:\/\/laprensacristiana.com\/?s={search_term_string}\"},\"query-input\":\"required name=search_term_string\"}],\"inLanguage\":\"es\"},{\"@type\":\"Person\",\"@id\":\"https:\/\/laprensacristiana.com\/#\/schema\/person\/3e7d82c6bfd6b1fa67010f8f7cd5256e\",\"name\":\"EDITOR\",\"image\":{\"@type\":\"ImageObject\",\"inLanguage\":\"es\",\"@id\":\"https:\/\/laprensacristiana.com\/#\/schema\/person\/image\/\",\"url\":\"https:\/\/secure.gravatar.com\/avatar\/72069dfb6c13772d9e8381e3638666d2?s=96&d=mm&r=g\",\"contentUrl\":\"https:\/\/secure.gravatar.com\/avatar\/72069dfb6c13772d9e8381e3638666d2?s=96&d=mm&r=g\",\"caption\":\"EDITOR\"},\"url\":\"https:\/\/laprensacristiana.com\/?author=3\"}]}<\/script>\n<!-- \/ Yoast SEO plugin. -->","yoast_head_json":{"title":"Candil de la Casa, proyecto misionero - La Prensa Cristiana","robots":{"index":"index","follow":"follow","max-snippet":"max-snippet:-1","max-image-preview":"max-image-preview:large","max-video-preview":"max-video-preview:-1"},"canonical":"https:\/\/laprensacristiana.com\/?p=4258","og_locale":"es_ES","og_type":"article","og_title":"Candil de la Casa, proyecto misionero - La Prensa Cristiana","og_description":"Por: Erika Menjivar Un evento que busca evangelizar a muchas personas en diferentes lugares alrededor de todo El Salvador, este proyecto\u00a0dio inicio el lunes 30 de julio y finaliza el domingo 5 de agosto. Servidores de Embajadores de Cristo, de Iglesia Asambleas de Dios, se unieron para hacer evangelismo en las calles, con el fin [&hellip;]","og_url":"https:\/\/laprensacristiana.com\/?p=4258","og_site_name":"La Prensa Cristiana","article_published_time":"2018-08-03T19:22:39+00:00","article_modified_time":"2020-07-01T23:36:52+00:00","og_image":[{"width":2560,"height":1769,"url":"https:\/\/laprensacristiana.com\/wp-content\/uploads\/2018\/08\/DSCN0231_1-scaled.jpg","type":"image\/jpeg"}],"author":"EDITOR","twitter_card":"summary_large_image","twitter_misc":{"Escrito por":"EDITOR","Tiempo de lectura":"2 minutos"},"schema":{"@context":"https:\/\/schema.org","@graph":[{"@type":"WebPage","@id":"https:\/\/laprensacristiana.com\/?p=4258","url":"https:\/\/laprensacristiana.com\/?p=4258","name":"Candil de la Casa, proyecto misionero - La Prensa Cristiana","isPartOf":{"@id":"https:\/\/laprensacristiana.com\/#website"},"datePublished":"2018-08-03T19:22:39+00:00","dateModified":"2020-07-01T23:36:52+00:00","author":{"@id":"https:\/\/laprensacristiana.com\/#\/schema\/person\/3e7d82c6bfd6b1fa67010f8f7cd5256e"},"breadcrumb":{"@id":"https:\/\/laprensacristiana.com\/?p=4258#breadcrumb"},"inLanguage":"es","potentialAction":[{"@type":"ReadAction","target":["https:\/\/laprensacristiana.com\/?p=4258"]}]},{"@type":"BreadcrumbList","@id":"https:\/\/laprensacristiana.com\/?p=4258#breadcrumb","itemListElement":[{"@type":"ListItem","position":1,"name":"Portada","item":"https:\/\/laprensacristiana.com\/"},{"@type":"ListItem","position":2,"name":"Candil de la Casa, proyecto misionero"}]},{"@type":"WebSite","@id":"https:\/\/laprensacristiana.com\/#website","url":"https:\/\/laprensacristiana.com\/","name":"La Prensa Cristiana","description":"Anunciando Las Buenas Nuevas","potentialAction":[{"@type":"SearchAction","target":{"@type":"EntryPoint","urlTemplate":"https:\/\/laprensacristiana.com\/?s={search_term_string}"},"query-input":"required name=search_term_string"}],"inLanguage":"es"},{"@type":"Person","@id":"https:\/\/laprensacristiana.com\/#\/schema\/person\/3e7d82c6bfd6b1fa67010f8f7cd5256e","name":"EDITOR","image":{"@type":"ImageObject","inLanguage":"es","@id":"https:\/\/laprensacristiana.com\/#\/schema\/person\/image\/","url":"https:\/\/secure.gravatar.com\/avatar\/72069dfb6c13772d9e8381e3638666d2?s=96&d=mm&r=g","contentUrl":"https:\/\/secure.gravatar.com\/avatar\/72069dfb6c13772d9e8381e3638666d2?s=96&d=mm&r=g","caption":"EDITOR"},"url":"https:\/\/laprensacristiana.com\/?author=3"}]}},"_links":{"self":[{"href":"https:\/\/laprensacristiana.com\/index.php?rest_route=\/wp\/v2\/posts\/4258"}],"collection":[{"href":"https:\/\/laprensacristiana.com\/index.php?rest_route=\/wp\/v2\/posts"}],"about":[{"href":"https:\/\/laprensacristiana.com\/index.php?rest_route=\/wp\/v2\/types\/post"}],"author":[{"embeddable":true,"href":"https:\/\/laprensacristiana.com\/index.php?rest_route=\/wp\/v2\/users\/3"}],"replies":[{"embeddable":true,"href":"https:\/\/laprensacristiana.com\/index.php?rest_route=%2Fwp%2Fv2%2Fcomments&post=4258"}],"version-history":[{"count":4,"href":"https:\/\/laprensacristiana.com\/index.php?rest_route=\/wp\/v2\/posts\/4258\/revisions"}],"predecessor-version":[{"id":4267,"href":"https:\/\/laprensacristiana.com\/index.php?rest_route=\/wp\/v2\/posts\/4258\/revisions\/4267"}],"wp:featuredmedia":[{"embeddable":true,"href":"https:\/\/laprensacristiana.com\/index.php?rest_route=\/wp\/v2\/media\/4263"}],"wp:attachment":[{"href":"https:\/\/laprensacristiana.com\/index.php?rest_route=%2Fwp%2Fv2%2Fmedia&parent=4258"}],"wp:term":[{"taxonomy":"category","embeddable":true,"href":"https:\/\/laprensacristiana.com\/index.php?rest_route=%2Fwp%2Fv2%2Fcategories&post=4258"},{"taxonomy":"post_tag","embeddable":true,"href":"https:\/\/laprensacristiana.com\/index.php?rest_route=%2Fwp%2Fv2%2Ftags&post=4258"}],"curies":[{"name":"wp","href":"https:\/\/api.w.org\/{rel}","templated":true}]}}