{"id":4268,"date":"2018-08-06T14:25:12","date_gmt":"2018-08-06T14:25:12","guid":{"rendered":"https:\/\/laprensacristiana.com\/?p=4268"},"modified":"2018-08-06T14:25:12","modified_gmt":"2018-08-06T14:25:12","slug":"los-grandes-momentos-para-las-grandes-personas","status":"publish","type":"post","link":"https:\/\/laprensacristiana.com\/?p=4268","title":{"rendered":"Los grandes momentos para las grandes personas"},"content":{"rendered":"<p><strong>Por: Pastor General de Misi\u00f3n Cristiana Elim, Mario Vega<\/strong><\/p>\n<p>Sin ninguna duda la existencia humana tiene un prop\u00f3sito. Desde la perspectiva que se desee abordar resulta ser el sentido racional que da significado al ser. Ese prop\u00f3sito puede entenderse como la misi\u00f3n que toda persona debe cumplir. Es la forma c\u00f3mo cada individuo realiza su visi\u00f3n y cumple su prop\u00f3sito en el d\u00eda a d\u00eda. Una vez la persona es consciente de su misi\u00f3n comienza a pensar en funci\u00f3n de ella y en la medida que su mente es transformada su vida va transform\u00e1ndose tambi\u00e9n. Los valores, la voluntad y el conocimiento se enfocan en aquello que hace al ser humano la persona id\u00f3nea para cumplir con su misi\u00f3n espec\u00edfica. Lastimosamente son pocas las personas que est\u00e1n conscientes de su misi\u00f3n y la procuran. La mayor\u00eda decide rendirse a las misiones sombr\u00edas. Si no se abraza la verdadera misi\u00f3n, se puede abrazar una misi\u00f3n sombr\u00eda y destructiva. El mundo siempre cambiar\u00e1, tanto cuando las personas abrazan su verdadera misi\u00f3n como cuando abrazan una misi\u00f3n sombr\u00eda. El asunto es si cambiar\u00e1 para bien o para mal.<\/p>\n<p>Las misiones destructivas se consuman en la persecuci\u00f3n del poder, el placer, la apariencia, el renombre, la aceptaci\u00f3n, la autoprotecci\u00f3n, la independencia, el m\u00e1s acendrado ego\u00edsmo. Esas caracter\u00edsticas convierten cualquier misi\u00f3n en una ruina. Es lo que ha ocurrido con personas que alcanzaron roles muy singulares, la historia les coloc\u00f3 en puntos de inflexi\u00f3n que los facultaron para impulsar nuevos caminos de bien com\u00fan; pero, confundieron el placer de su auto gratificaci\u00f3n por la nobleza del inter\u00e9s superior de la colectividad. Limitaron los ideales a su peque\u00f1o mundo personal y terminaron ganando la verg\u00fcenza permanente. Es que los grandes momentos son solamente para las grandes personas, para quienes poseen el car\u00e1cter que se va construyendo a lo largo de las d\u00e9cadas, en el d\u00eda a d\u00eda, en los peque\u00f1os detalles. Son esos peque\u00f1os detalles los que revelan si uno se encuentra ante la persona correcta o ante un fraude de las apariencias. Por supuesto, no todos poseen esa capacidad de discernimiento y no por una deficiencia intelectual sino porque el observador mismo necesita reconocer cu\u00e1les son las amenazas que invitan a buscar el camino menos costoso. Se necesita la humildad y la capacidad de catar el sabor de los que vienen del desierto, del sufrimiento, de la cruz. La calidad \u00e9tica de aquellos que se han negado una y otra vez a escoger el camino f\u00e1cil y permanecer en el correcto.<\/p>\n<p>Para forjar un car\u00e1cter probado se necesita el reconocimiento de un ideal superior al que se le debe lealtad. Eso es importante porque solamente la idea de algo m\u00e1s grande, m\u00e1s universal, puede definir la identidad y dar m\u00e1s determinaci\u00f3n para ser menos vulnerables ante los desv\u00edos. Eso incluye la necesidad de pertenecer a una comunidad que comparte los mismos ideales pues el ser humano suele ser el reflejo de sus amistades m\u00e1s cercanas. Rodearse de las personas correctas imparte m\u00e1s fuerza y seguridad. La vocaci\u00f3n de servicio debe ser el prop\u00f3sito \u00faltimo que le da sentido al vivir y del cual se debe rendir cuentas a los dem\u00e1s. Decidir servir no es siempre f\u00e1cil, hay que estar dispuesto a aceptar voluntariamente la incomodidad de seguir el camino correcto. Ello prepara y capacita para el momento en que se deben tomar las decisiones m\u00e1s dif\u00edciles. El mundo se hace a un lado ante una persona que sabe qui\u00e9n es y ad\u00f3nde va.<\/p>\n","protected":false},"excerpt":{"rendered":"<p>Por: Pastor General de Misi\u00f3n Cristiana Elim, Mario Vega Sin ninguna duda la existencia humana tiene un prop\u00f3sito. Desde la perspectiva que se desee abordar resulta ser el sentido racional que da significado al ser. Ese prop\u00f3sito puede entenderse como la misi\u00f3n que toda persona debe cumplir. Es la forma c\u00f3mo cada individuo realiza su [&hellip;]<\/p>\n","protected":false},"author":3,"featured_media":4269,"comment_status":"open","ping_status":"open","sticky":false,"template":"","format":"standard","meta":[],"categories":[23],"tags":[],"yoast_head":"<!-- This site is optimized with the Yoast SEO plugin v20.8 - https:\/\/yoast.com\/wordpress\/plugins\/seo\/ -->\n<title>Los grandes momentos para las grandes personas - La Prensa Cristiana<\/title>\n<meta name=\"robots\" content=\"index, follow, max-snippet:-1, max-image-preview:large, max-video-preview:-1\" \/>\n<link rel=\"canonical\" href=\"https:\/\/laprensacristiana.com\/?p=4268\" \/>\n<meta property=\"og:locale\" content=\"es_ES\" \/>\n<meta property=\"og:type\" content=\"article\" \/>\n<meta property=\"og:title\" content=\"Los grandes momentos para las grandes personas - La Prensa Cristiana\" \/>\n<meta property=\"og:description\" content=\"Por: Pastor General de Misi\u00f3n Cristiana Elim, Mario Vega Sin ninguna duda la existencia humana tiene un prop\u00f3sito. Desde la perspectiva que se desee abordar resulta ser el sentido racional que da significado al ser. Ese prop\u00f3sito puede entenderse como la misi\u00f3n que toda persona debe cumplir. Es la forma c\u00f3mo cada individuo realiza su [&hellip;]\" \/>\n<meta property=\"og:url\" content=\"https:\/\/laprensacristiana.com\/?p=4268\" \/>\n<meta property=\"og:site_name\" content=\"La Prensa Cristiana\" \/>\n<meta property=\"article:published_time\" content=\"2018-08-06T14:25:12+00:00\" \/>\n<meta property=\"og:image\" content=\"https:\/\/laprensacristiana.com\/wp-content\/uploads\/2018\/08\/IMG_20180806_082415.jpg\" \/>\n\t<meta property=\"og:image:width\" content=\"696\" \/>\n\t<meta property=\"og:image:height\" content=\"389\" \/>\n\t<meta property=\"og:image:type\" content=\"image\/jpeg\" \/>\n<meta name=\"author\" content=\"EDITOR\" \/>\n<meta name=\"twitter:card\" content=\"summary_large_image\" \/>\n<meta name=\"twitter:label1\" content=\"Escrito por\" \/>\n\t<meta name=\"twitter:data1\" content=\"EDITOR\" \/>\n\t<meta name=\"twitter:label2\" content=\"Tiempo de lectura\" \/>\n\t<meta name=\"twitter:data2\" content=\"3 minutos\" \/>\n<script type=\"application\/ld+json\" class=\"yoast-schema-graph\">{\"@context\":\"https:\/\/schema.org\",\"@graph\":[{\"@type\":\"WebPage\",\"@id\":\"https:\/\/laprensacristiana.com\/?p=4268\",\"url\":\"https:\/\/laprensacristiana.com\/?p=4268\",\"name\":\"Los grandes momentos para las grandes personas - La Prensa Cristiana\",\"isPartOf\":{\"@id\":\"https:\/\/laprensacristiana.com\/#website\"},\"datePublished\":\"2018-08-06T14:25:12+00:00\",\"dateModified\":\"2018-08-06T14:25:12+00:00\",\"author\":{\"@id\":\"https:\/\/laprensacristiana.com\/#\/schema\/person\/3e7d82c6bfd6b1fa67010f8f7cd5256e\"},\"breadcrumb\":{\"@id\":\"https:\/\/laprensacristiana.com\/?p=4268#breadcrumb\"},\"inLanguage\":\"es\",\"potentialAction\":[{\"@type\":\"ReadAction\",\"target\":[\"https:\/\/laprensacristiana.com\/?p=4268\"]}]},{\"@type\":\"BreadcrumbList\",\"@id\":\"https:\/\/laprensacristiana.com\/?p=4268#breadcrumb\",\"itemListElement\":[{\"@type\":\"ListItem\",\"position\":1,\"name\":\"Portada\",\"item\":\"https:\/\/laprensacristiana.com\/\"},{\"@type\":\"ListItem\",\"position\":2,\"name\":\"Los grandes momentos para las grandes personas\"}]},{\"@type\":\"WebSite\",\"@id\":\"https:\/\/laprensacristiana.com\/#website\",\"url\":\"https:\/\/laprensacristiana.com\/\",\"name\":\"La Prensa Cristiana\",\"description\":\"Anunciando Las Buenas Nuevas\",\"potentialAction\":[{\"@type\":\"SearchAction\",\"target\":{\"@type\":\"EntryPoint\",\"urlTemplate\":\"https:\/\/laprensacristiana.com\/?s={search_term_string}\"},\"query-input\":\"required name=search_term_string\"}],\"inLanguage\":\"es\"},{\"@type\":\"Person\",\"@id\":\"https:\/\/laprensacristiana.com\/#\/schema\/person\/3e7d82c6bfd6b1fa67010f8f7cd5256e\",\"name\":\"EDITOR\",\"image\":{\"@type\":\"ImageObject\",\"inLanguage\":\"es\",\"@id\":\"https:\/\/laprensacristiana.com\/#\/schema\/person\/image\/\",\"url\":\"https:\/\/secure.gravatar.com\/avatar\/72069dfb6c13772d9e8381e3638666d2?s=96&d=mm&r=g\",\"contentUrl\":\"https:\/\/secure.gravatar.com\/avatar\/72069dfb6c13772d9e8381e3638666d2?s=96&d=mm&r=g\",\"caption\":\"EDITOR\"},\"url\":\"https:\/\/laprensacristiana.com\/?author=3\"}]}<\/script>\n<!-- \/ Yoast SEO plugin. -->","yoast_head_json":{"title":"Los grandes momentos para las grandes personas - La Prensa Cristiana","robots":{"index":"index","follow":"follow","max-snippet":"max-snippet:-1","max-image-preview":"max-image-preview:large","max-video-preview":"max-video-preview:-1"},"canonical":"https:\/\/laprensacristiana.com\/?p=4268","og_locale":"es_ES","og_type":"article","og_title":"Los grandes momentos para las grandes personas - La Prensa Cristiana","og_description":"Por: Pastor General de Misi\u00f3n Cristiana Elim, Mario Vega Sin ninguna duda la existencia humana tiene un prop\u00f3sito. Desde la perspectiva que se desee abordar resulta ser el sentido racional que da significado al ser. Ese prop\u00f3sito puede entenderse como la misi\u00f3n que toda persona debe cumplir. Es la forma c\u00f3mo cada individuo realiza su [&hellip;]","og_url":"https:\/\/laprensacristiana.com\/?p=4268","og_site_name":"La Prensa Cristiana","article_published_time":"2018-08-06T14:25:12+00:00","og_image":[{"width":696,"height":389,"url":"https:\/\/laprensacristiana.com\/wp-content\/uploads\/2018\/08\/IMG_20180806_082415.jpg","type":"image\/jpeg"}],"author":"EDITOR","twitter_card":"summary_large_image","twitter_misc":{"Escrito por":"EDITOR","Tiempo de lectura":"3 minutos"},"schema":{"@context":"https:\/\/schema.org","@graph":[{"@type":"WebPage","@id":"https:\/\/laprensacristiana.com\/?p=4268","url":"https:\/\/laprensacristiana.com\/?p=4268","name":"Los grandes momentos para las grandes personas - La Prensa Cristiana","isPartOf":{"@id":"https:\/\/laprensacristiana.com\/#website"},"datePublished":"2018-08-06T14:25:12+00:00","dateModified":"2018-08-06T14:25:12+00:00","author":{"@id":"https:\/\/laprensacristiana.com\/#\/schema\/person\/3e7d82c6bfd6b1fa67010f8f7cd5256e"},"breadcrumb":{"@id":"https:\/\/laprensacristiana.com\/?p=4268#breadcrumb"},"inLanguage":"es","potentialAction":[{"@type":"ReadAction","target":["https:\/\/laprensacristiana.com\/?p=4268"]}]},{"@type":"BreadcrumbList","@id":"https:\/\/laprensacristiana.com\/?p=4268#breadcrumb","itemListElement":[{"@type":"ListItem","position":1,"name":"Portada","item":"https:\/\/laprensacristiana.com\/"},{"@type":"ListItem","position":2,"name":"Los grandes momentos para las grandes personas"}]},{"@type":"WebSite","@id":"https:\/\/laprensacristiana.com\/#website","url":"https:\/\/laprensacristiana.com\/","name":"La Prensa Cristiana","description":"Anunciando Las Buenas Nuevas","potentialAction":[{"@type":"SearchAction","target":{"@type":"EntryPoint","urlTemplate":"https:\/\/laprensacristiana.com\/?s={search_term_string}"},"query-input":"required name=search_term_string"}],"inLanguage":"es"},{"@type":"Person","@id":"https:\/\/laprensacristiana.com\/#\/schema\/person\/3e7d82c6bfd6b1fa67010f8f7cd5256e","name":"EDITOR","image":{"@type":"ImageObject","inLanguage":"es","@id":"https:\/\/laprensacristiana.com\/#\/schema\/person\/image\/","url":"https:\/\/secure.gravatar.com\/avatar\/72069dfb6c13772d9e8381e3638666d2?s=96&d=mm&r=g","contentUrl":"https:\/\/secure.gravatar.com\/avatar\/72069dfb6c13772d9e8381e3638666d2?s=96&d=mm&r=g","caption":"EDITOR"},"url":"https:\/\/laprensacristiana.com\/?author=3"}]}},"_links":{"self":[{"href":"https:\/\/laprensacristiana.com\/index.php?rest_route=\/wp\/v2\/posts\/4268"}],"collection":[{"href":"https:\/\/laprensacristiana.com\/index.php?rest_route=\/wp\/v2\/posts"}],"about":[{"href":"https:\/\/laprensacristiana.com\/index.php?rest_route=\/wp\/v2\/types\/post"}],"author":[{"embeddable":true,"href":"https:\/\/laprensacristiana.com\/index.php?rest_route=\/wp\/v2\/users\/3"}],"replies":[{"embeddable":true,"href":"https:\/\/laprensacristiana.com\/index.php?rest_route=%2Fwp%2Fv2%2Fcomments&post=4268"}],"version-history":[{"count":1,"href":"https:\/\/laprensacristiana.com\/index.php?rest_route=\/wp\/v2\/posts\/4268\/revisions"}],"predecessor-version":[{"id":4270,"href":"https:\/\/laprensacristiana.com\/index.php?rest_route=\/wp\/v2\/posts\/4268\/revisions\/4270"}],"wp:featuredmedia":[{"embeddable":true,"href":"https:\/\/laprensacristiana.com\/index.php?rest_route=\/wp\/v2\/media\/4269"}],"wp:attachment":[{"href":"https:\/\/laprensacristiana.com\/index.php?rest_route=%2Fwp%2Fv2%2Fmedia&parent=4268"}],"wp:term":[{"taxonomy":"category","embeddable":true,"href":"https:\/\/laprensacristiana.com\/index.php?rest_route=%2Fwp%2Fv2%2Fcategories&post=4268"},{"taxonomy":"post_tag","embeddable":true,"href":"https:\/\/laprensacristiana.com\/index.php?rest_route=%2Fwp%2Fv2%2Ftags&post=4268"}],"curies":[{"name":"wp","href":"https:\/\/api.w.org\/{rel}","templated":true}]}}