{"id":4271,"date":"2018-08-06T18:40:49","date_gmt":"2018-08-06T18:40:49","guid":{"rendered":"https:\/\/laprensacristiana.com\/?p=4271"},"modified":"2020-07-01T23:36:41","modified_gmt":"2020-07-01T23:36:41","slug":"la-banda-atrios-lanza-su-primer-disco-el-dia-vendra","status":"publish","type":"post","link":"https:\/\/laprensacristiana.com\/?p=4271","title":{"rendered":"La Banda Atrios, lanza su primer disco: El D\u00eda Vendr\u00e1"},"content":{"rendered":"<p>El disco est\u00e1 compuesto por 8 canciones que han trabajado durante a\u00f1os los hermanos L\u00f3pez; Oscar, Rub\u00e9n, Gustavo y Josu\u00e9, quienes empezaron haciendo m\u00fasica en su iglesia.<\/p>\n<p>Atrios nace como un sue\u00f1o que los integrantes ten\u00edan en com\u00fan y fue hasta julio de 2018 que se hace el lanzamiento oficial de su primer disco.<\/p>\n<p>Con este sencillo, los cuatro hermanos buscan llevar un mensaje positivo a toda la poblaci\u00f3n y recordarles que la ven\u00eda de Jes\u00fas est\u00e1 a la puerta, que no se debe de olvidar en el diario vivir.<\/p>\n<p>\u201cDesde peque\u00f1os siempre so\u00f1amos con hacer esto, crecimos influenciados por varias bandas, la mayor\u00eda de rock cristiano. El primero en convertirse en m\u00fasico fue Gustavo, mi pap\u00e1 es m\u00fasico y mi abuelo tambi\u00e9n\u201d, expresa Rub\u00e9n L\u00f3pez.<\/p>\n<p>Comentan los hermanos, que entre sus planes no estaba crear una banda y como todos los ni\u00f1os ellos siempre realizaban \u00a0actividades de entretenimiento, hasta que un d\u00eda surgi\u00f3 un peque\u00f1o concurso de bandas en la iglesia que ellos asist\u00edan y decidieron aceptar el reto, cada uno de ellos ten\u00eda un don y practicaron mucho para competir, entre risas comentan que no esperaban ser los ganadores de dicho evento; sin embargo mencionan los integrantes de Atrios, que esa fue la se\u00f1al que esperaban de parte de Dios para que hicieran m\u00fasica como grupo.<\/p>\n<p><img decoding=\"async\" loading=\"lazy\" class=\"alignnone size-full wp-image-4276\" src=\"https:\/\/laprensacristiana.com\/wp-content\/uploads\/2018\/08\/lack2-1.jpg\" alt=\"lack2\" width=\"5472\" height=\"3648\" \/><\/p>\n<p>Aaron Alvarenga, productor del disco, destaca que esta banda siempre tuvo entusiasmo para realizar todas las actividades, es el motivo por el cual \u00e9l tuvo la iniciativa de trabajar con el grupo, pues lo inspiraron por sus cualidades.<\/p>\n<p>\u201cDesde que yo los conoc\u00ed, uno por uno yo percib\u00ed en ellos que ten\u00edan dones especiales, en alg\u00fan momento coincidimos. Saber que ellos ten\u00edan el talento y saber que ya estaban componiendo, es como surge la idea de darle forma al proyecto as\u00ed como el d\u00eda de hoy lo tenemos\u201d, coment\u00f3 el productor musical de Christal Studio, Aaron Alvarenga.<\/p>\n<p>Los j\u00f3venes artistas expresan un hecho ocurrido en el 2012, en el que ellos se vieron afectados; cuando iban de regreso a entregar los instrumentos que hab\u00edan utilizado en un culto de j\u00f3venes, iban en la parte trasera del carro el cual fue arrollado por otro hasta el punto de sacarlos del carril. Ese momento de crisis, Rub\u00e9n, fue uno de los pocos que qued\u00f3 consiente en el accidente y al primero que vio fue a Oscar, quien no ten\u00eda signos vitales y solo pens\u00f3 en que hab\u00eda fallecido.<\/p>\n<p>Oscar L\u00f3pez, el segundo hermano de la agrupaci\u00f3n, sufri\u00f3 lesiones muy grabes, qued\u00f3 en coma por tres d\u00edas y posterior los doctores dijeron que estar\u00eda en estado vegetal. \u201cYo perd\u00ed parte de \u00a0mi memoria por los golpes, se quebr\u00f3 casi todo mi cuerpo, no recuerdo nada desde el accidente. La parte especial de esto fue algo incre\u00edble, no tengo palabras para describirlo, solo s\u00e9 que estaba flotando, sent\u00ed que era como el espacio, me sent\u00eda bien. Empec\u00e9 a ver a todos lados, era un lugar infinito, hab\u00edan luces de muchos colores que estaban cerca de m\u00ed y se mov\u00edan, hasta que vi una luz que sobresal\u00eda de todo, en ese momento me despert\u00e9 en el hospital\u201d, argument\u00f3 Oscar.<\/p>\n<p>Pese a todos los obst\u00e1culos que ellos han atravesado consideran que esas situaciones pasadas han sido su gloria en el presente, llevando un testimonio de que el cielo s\u00ed existe y que la ven\u00eda de Jes\u00fas est\u00e1 a la puerta y no se debe olvidar.<\/p>\n<p>El disco \u201cEl D\u00eda Vendr\u00e1\u201d est\u00e1 compuesto por 8 canciones, las cuales son:<\/p>\n<p>Hoy puedes ver, Canten hoy, Del cielo a la tierra, Eres mi paz, El d\u00eda vendr\u00e1, La lluvia, Tu amor y Ens\u00e9\u00f1ame.<\/p>\n<p>Las canciones del disco, puede encontrarlas en todas las plataformas digitales como: Spotify, Itunes, Deezer, amazon y otros. En las redes sociales los encuentran como: Atrios. Tambi\u00e9n, el disco en f\u00edsico puede ser adquirido de forma directa con la agrupaci\u00f3n poni\u00e9ndose en contacto con ellos a trav\u00e9s de los medios digitales.<\/p>\n<p>&nbsp;<\/p>\n","protected":false},"excerpt":{"rendered":"<p>El disco est\u00e1 compuesto por 8 canciones que han trabajado durante a\u00f1os los hermanos L\u00f3pez; Oscar, Rub\u00e9n, Gustavo y Josu\u00e9, quienes empezaron haciendo m\u00fasica en su iglesia. Atrios nace como un sue\u00f1o que los integrantes ten\u00edan en com\u00fan y fue hasta julio de 2018 que se hace el lanzamiento oficial de su primer disco. Con [&hellip;]<\/p>\n","protected":false},"author":3,"featured_media":4275,"comment_status":"open","ping_status":"open","sticky":false,"template":"","format":"standard","meta":[],"categories":[101],"tags":[],"yoast_head":"<!-- This site is optimized with the Yoast SEO plugin v20.8 - https:\/\/yoast.com\/wordpress\/plugins\/seo\/ -->\n<title>La Banda Atrios, lanza su primer disco: El D\u00eda Vendr\u00e1 - La Prensa Cristiana<\/title>\n<meta name=\"robots\" content=\"index, follow, max-snippet:-1, max-image-preview:large, max-video-preview:-1\" \/>\n<link rel=\"canonical\" href=\"https:\/\/laprensacristiana.com\/?p=4271\" \/>\n<meta property=\"og:locale\" content=\"es_ES\" \/>\n<meta property=\"og:type\" content=\"article\" \/>\n<meta property=\"og:title\" content=\"La Banda Atrios, lanza su primer disco: El D\u00eda Vendr\u00e1 - La Prensa Cristiana\" \/>\n<meta property=\"og:description\" content=\"El disco est\u00e1 compuesto por 8 canciones que han trabajado durante a\u00f1os los hermanos L\u00f3pez; Oscar, Rub\u00e9n, Gustavo y Josu\u00e9, quienes empezaron haciendo m\u00fasica en su iglesia. Atrios nace como un sue\u00f1o que los integrantes ten\u00edan en com\u00fan y fue hasta julio de 2018 que se hace el lanzamiento oficial de su primer disco. Con [&hellip;]\" \/>\n<meta property=\"og:url\" content=\"https:\/\/laprensacristiana.com\/?p=4271\" \/>\n<meta property=\"og:site_name\" content=\"La Prensa Cristiana\" \/>\n<meta property=\"article:published_time\" content=\"2018-08-06T18:40:49+00:00\" \/>\n<meta property=\"article:modified_time\" content=\"2020-07-01T23:36:41+00:00\" \/>\n<meta property=\"og:image\" content=\"https:\/\/laprensacristiana.com\/wp-content\/uploads\/2018\/08\/FB_IMG_1533580405690_1.jpg\" \/>\n\t<meta property=\"og:image:width\" content=\"956\" \/>\n\t<meta property=\"og:image:height\" content=\"680\" \/>\n\t<meta property=\"og:image:type\" content=\"image\/jpeg\" \/>\n<meta name=\"author\" content=\"EDITOR\" \/>\n<meta name=\"twitter:card\" content=\"summary_large_image\" \/>\n<meta name=\"twitter:label1\" content=\"Escrito por\" \/>\n\t<meta name=\"twitter:data1\" content=\"EDITOR\" \/>\n\t<meta name=\"twitter:label2\" content=\"Tiempo de lectura\" \/>\n\t<meta name=\"twitter:data2\" content=\"4 minutos\" \/>\n<script type=\"application\/ld+json\" class=\"yoast-schema-graph\">{\"@context\":\"https:\/\/schema.org\",\"@graph\":[{\"@type\":\"WebPage\",\"@id\":\"https:\/\/laprensacristiana.com\/?p=4271\",\"url\":\"https:\/\/laprensacristiana.com\/?p=4271\",\"name\":\"La Banda Atrios, lanza su primer disco: El D\u00eda Vendr\u00e1 - La Prensa Cristiana\",\"isPartOf\":{\"@id\":\"https:\/\/laprensacristiana.com\/#website\"},\"datePublished\":\"2018-08-06T18:40:49+00:00\",\"dateModified\":\"2020-07-01T23:36:41+00:00\",\"author\":{\"@id\":\"https:\/\/laprensacristiana.com\/#\/schema\/person\/3e7d82c6bfd6b1fa67010f8f7cd5256e\"},\"breadcrumb\":{\"@id\":\"https:\/\/laprensacristiana.com\/?p=4271#breadcrumb\"},\"inLanguage\":\"es\",\"potentialAction\":[{\"@type\":\"ReadAction\",\"target\":[\"https:\/\/laprensacristiana.com\/?p=4271\"]}]},{\"@type\":\"BreadcrumbList\",\"@id\":\"https:\/\/laprensacristiana.com\/?p=4271#breadcrumb\",\"itemListElement\":[{\"@type\":\"ListItem\",\"position\":1,\"name\":\"Portada\",\"item\":\"https:\/\/laprensacristiana.com\/\"},{\"@type\":\"ListItem\",\"position\":2,\"name\":\"La Banda Atrios, lanza su primer disco: El D\u00eda Vendr\u00e1\"}]},{\"@type\":\"WebSite\",\"@id\":\"https:\/\/laprensacristiana.com\/#website\",\"url\":\"https:\/\/laprensacristiana.com\/\",\"name\":\"La Prensa Cristiana\",\"description\":\"Anunciando Las Buenas Nuevas\",\"potentialAction\":[{\"@type\":\"SearchAction\",\"target\":{\"@type\":\"EntryPoint\",\"urlTemplate\":\"https:\/\/laprensacristiana.com\/?s={search_term_string}\"},\"query-input\":\"required name=search_term_string\"}],\"inLanguage\":\"es\"},{\"@type\":\"Person\",\"@id\":\"https:\/\/laprensacristiana.com\/#\/schema\/person\/3e7d82c6bfd6b1fa67010f8f7cd5256e\",\"name\":\"EDITOR\",\"image\":{\"@type\":\"ImageObject\",\"inLanguage\":\"es\",\"@id\":\"https:\/\/laprensacristiana.com\/#\/schema\/person\/image\/\",\"url\":\"https:\/\/secure.gravatar.com\/avatar\/72069dfb6c13772d9e8381e3638666d2?s=96&d=mm&r=g\",\"contentUrl\":\"https:\/\/secure.gravatar.com\/avatar\/72069dfb6c13772d9e8381e3638666d2?s=96&d=mm&r=g\",\"caption\":\"EDITOR\"},\"url\":\"https:\/\/laprensacristiana.com\/?author=3\"}]}<\/script>\n<!-- \/ Yoast SEO plugin. -->","yoast_head_json":{"title":"La Banda Atrios, lanza su primer disco: El D\u00eda Vendr\u00e1 - La Prensa Cristiana","robots":{"index":"index","follow":"follow","max-snippet":"max-snippet:-1","max-image-preview":"max-image-preview:large","max-video-preview":"max-video-preview:-1"},"canonical":"https:\/\/laprensacristiana.com\/?p=4271","og_locale":"es_ES","og_type":"article","og_title":"La Banda Atrios, lanza su primer disco: El D\u00eda Vendr\u00e1 - La Prensa Cristiana","og_description":"El disco est\u00e1 compuesto por 8 canciones que han trabajado durante a\u00f1os los hermanos L\u00f3pez; Oscar, Rub\u00e9n, Gustavo y Josu\u00e9, quienes empezaron haciendo m\u00fasica en su iglesia. Atrios nace como un sue\u00f1o que los integrantes ten\u00edan en com\u00fan y fue hasta julio de 2018 que se hace el lanzamiento oficial de su primer disco. Con [&hellip;]","og_url":"https:\/\/laprensacristiana.com\/?p=4271","og_site_name":"La Prensa Cristiana","article_published_time":"2018-08-06T18:40:49+00:00","article_modified_time":"2020-07-01T23:36:41+00:00","og_image":[{"width":956,"height":680,"url":"https:\/\/laprensacristiana.com\/wp-content\/uploads\/2018\/08\/FB_IMG_1533580405690_1.jpg","type":"image\/jpeg"}],"author":"EDITOR","twitter_card":"summary_large_image","twitter_misc":{"Escrito por":"EDITOR","Tiempo de lectura":"4 minutos"},"schema":{"@context":"https:\/\/schema.org","@graph":[{"@type":"WebPage","@id":"https:\/\/laprensacristiana.com\/?p=4271","url":"https:\/\/laprensacristiana.com\/?p=4271","name":"La Banda Atrios, lanza su primer disco: El D\u00eda Vendr\u00e1 - La Prensa Cristiana","isPartOf":{"@id":"https:\/\/laprensacristiana.com\/#website"},"datePublished":"2018-08-06T18:40:49+00:00","dateModified":"2020-07-01T23:36:41+00:00","author":{"@id":"https:\/\/laprensacristiana.com\/#\/schema\/person\/3e7d82c6bfd6b1fa67010f8f7cd5256e"},"breadcrumb":{"@id":"https:\/\/laprensacristiana.com\/?p=4271#breadcrumb"},"inLanguage":"es","potentialAction":[{"@type":"ReadAction","target":["https:\/\/laprensacristiana.com\/?p=4271"]}]},{"@type":"BreadcrumbList","@id":"https:\/\/laprensacristiana.com\/?p=4271#breadcrumb","itemListElement":[{"@type":"ListItem","position":1,"name":"Portada","item":"https:\/\/laprensacristiana.com\/"},{"@type":"ListItem","position":2,"name":"La Banda Atrios, lanza su primer disco: El D\u00eda Vendr\u00e1"}]},{"@type":"WebSite","@id":"https:\/\/laprensacristiana.com\/#website","url":"https:\/\/laprensacristiana.com\/","name":"La Prensa Cristiana","description":"Anunciando Las Buenas Nuevas","potentialAction":[{"@type":"SearchAction","target":{"@type":"EntryPoint","urlTemplate":"https:\/\/laprensacristiana.com\/?s={search_term_string}"},"query-input":"required name=search_term_string"}],"inLanguage":"es"},{"@type":"Person","@id":"https:\/\/laprensacristiana.com\/#\/schema\/person\/3e7d82c6bfd6b1fa67010f8f7cd5256e","name":"EDITOR","image":{"@type":"ImageObject","inLanguage":"es","@id":"https:\/\/laprensacristiana.com\/#\/schema\/person\/image\/","url":"https:\/\/secure.gravatar.com\/avatar\/72069dfb6c13772d9e8381e3638666d2?s=96&d=mm&r=g","contentUrl":"https:\/\/secure.gravatar.com\/avatar\/72069dfb6c13772d9e8381e3638666d2?s=96&d=mm&r=g","caption":"EDITOR"},"url":"https:\/\/laprensacristiana.com\/?author=3"}]}},"_links":{"self":[{"href":"https:\/\/laprensacristiana.com\/index.php?rest_route=\/wp\/v2\/posts\/4271"}],"collection":[{"href":"https:\/\/laprensacristiana.com\/index.php?rest_route=\/wp\/v2\/posts"}],"about":[{"href":"https:\/\/laprensacristiana.com\/index.php?rest_route=\/wp\/v2\/types\/post"}],"author":[{"embeddable":true,"href":"https:\/\/laprensacristiana.com\/index.php?rest_route=\/wp\/v2\/users\/3"}],"replies":[{"embeddable":true,"href":"https:\/\/laprensacristiana.com\/index.php?rest_route=%2Fwp%2Fv2%2Fcomments&post=4271"}],"version-history":[{"count":1,"href":"https:\/\/laprensacristiana.com\/index.php?rest_route=\/wp\/v2\/posts\/4271\/revisions"}],"predecessor-version":[{"id":4277,"href":"https:\/\/laprensacristiana.com\/index.php?rest_route=\/wp\/v2\/posts\/4271\/revisions\/4277"}],"wp:featuredmedia":[{"embeddable":true,"href":"https:\/\/laprensacristiana.com\/index.php?rest_route=\/wp\/v2\/media\/4275"}],"wp:attachment":[{"href":"https:\/\/laprensacristiana.com\/index.php?rest_route=%2Fwp%2Fv2%2Fmedia&parent=4271"}],"wp:term":[{"taxonomy":"category","embeddable":true,"href":"https:\/\/laprensacristiana.com\/index.php?rest_route=%2Fwp%2Fv2%2Fcategories&post=4271"},{"taxonomy":"post_tag","embeddable":true,"href":"https:\/\/laprensacristiana.com\/index.php?rest_route=%2Fwp%2Fv2%2Ftags&post=4271"}],"curies":[{"name":"wp","href":"https:\/\/api.w.org\/{rel}","templated":true}]}}