{"id":4278,"date":"2018-08-07T05:56:00","date_gmt":"2018-08-07T05:56:00","guid":{"rendered":"https:\/\/laprensacristiana.com\/?p=4278"},"modified":"2020-07-01T23:36:30","modified_gmt":"2020-07-01T23:36:30","slug":"apolos-vol-2-desafio-a-traves-de-la-palabra","status":"publish","type":"post","link":"https:\/\/laprensacristiana.com\/?p=4278","title":{"rendered":"Apolos Vol. 2 desaf\u00edo a trav\u00e9s de la palabra"},"content":{"rendered":"<p>El congreso para j\u00f3venes Apolos Vol. 2 organizado por Iglesia COMPAZ reuni\u00f3 a los hijos de reconocidos exponentes de la palabra de Dios a nivel internacional, Juan Diego Luna hijo del pastor guatemalteco Cash Luna, Miguel Arrazola hijo del pastor colombiano Miguel Arrazola, Janaimar Font hija del pastor puertorrique\u00f1o Otoniel Font.<\/p>\n<p><img decoding=\"async\" loading=\"lazy\" class=\"alignnone size-full wp-image-4280\" src=\"https:\/\/laprensacristiana.com\/wp-content\/uploads\/2018\/08\/diego-luna.jpg\" alt=\"\" width=\"2539\" height=\"749\" srcset=\"https:\/\/laprensacristiana.com\/wp-content\/uploads\/2018\/08\/diego-luna.jpg 2539w, https:\/\/laprensacristiana.com\/wp-content\/uploads\/2018\/08\/diego-luna-600x177.jpg 600w, https:\/\/laprensacristiana.com\/wp-content\/uploads\/2018\/08\/diego-luna-300x88.jpg 300w, https:\/\/laprensacristiana.com\/wp-content\/uploads\/2018\/08\/diego-luna-768x227.jpg 768w, https:\/\/laprensacristiana.com\/wp-content\/uploads\/2018\/08\/diego-luna-1024x302.jpg 1024w, https:\/\/laprensacristiana.com\/wp-content\/uploads\/2018\/08\/diego-luna-696x205.jpg 696w, https:\/\/laprensacristiana.com\/wp-content\/uploads\/2018\/08\/diego-luna-1068x315.jpg 1068w, https:\/\/laprensacristiana.com\/wp-content\/uploads\/2018\/08\/diego-luna-1424x420.jpg 1424w\" sizes=\"(max-width: 2539px) 100vw, 2539px\" \/><\/p>\n<p>A ellos se sumaron la reconocida Banda Montreal con el Youtuber Juan de Montreal quien a trav\u00e9s de sus personajes caus\u00f3 gracia entre los asistentes pero sin perder de vista la reflexi\u00f3n en su presentaci\u00f3n, el pastor Bani Mu\u00f1os, Efr\u00e9n Ruiz, Dan Alvares y el cantante Pablo Rosales.<\/p>\n<p><img decoding=\"async\" loading=\"lazy\" class=\"alignnone size-full wp-image-4279\" src=\"https:\/\/laprensacristiana.com\/wp-content\/uploads\/2018\/08\/opinion-dan-galvez.jpg\" alt=\"\" width=\"2539\" height=\"749\" srcset=\"https:\/\/laprensacristiana.com\/wp-content\/uploads\/2018\/08\/opinion-dan-galvez.jpg 2539w, https:\/\/laprensacristiana.com\/wp-content\/uploads\/2018\/08\/opinion-dan-galvez-600x177.jpg 600w, https:\/\/laprensacristiana.com\/wp-content\/uploads\/2018\/08\/opinion-dan-galvez-300x88.jpg 300w, https:\/\/laprensacristiana.com\/wp-content\/uploads\/2018\/08\/opinion-dan-galvez-768x227.jpg 768w, https:\/\/laprensacristiana.com\/wp-content\/uploads\/2018\/08\/opinion-dan-galvez-1024x302.jpg 1024w, https:\/\/laprensacristiana.com\/wp-content\/uploads\/2018\/08\/opinion-dan-galvez-696x205.jpg 696w, https:\/\/laprensacristiana.com\/wp-content\/uploads\/2018\/08\/opinion-dan-galvez-1068x315.jpg 1068w, https:\/\/laprensacristiana.com\/wp-content\/uploads\/2018\/08\/opinion-dan-galvez-1424x420.jpg 1424w\" sizes=\"(max-width: 2539px) 100vw, 2539px\" \/><\/p>\n<p>Todos con un mismo prop\u00f3sito demostrar que existe una generaci\u00f3n apasionada por la palabra y modelar a las nuevas generaciones que si es posible marcar la diferencia en este mundo y ser de influencia para su entorno a trav\u00e9s de su testimonio.<\/p>\n<p><img decoding=\"async\" loading=\"lazy\" class=\"alignnone size-full wp-image-4281\" src=\"https:\/\/laprensacristiana.com\/wp-content\/uploads\/2018\/08\/LPC-PARA-OPINIONES-WEB-derecha.jpg\" alt=\"\" width=\"2539\" height=\"749\" srcset=\"https:\/\/laprensacristiana.com\/wp-content\/uploads\/2018\/08\/LPC-PARA-OPINIONES-WEB-derecha.jpg 2539w, https:\/\/laprensacristiana.com\/wp-content\/uploads\/2018\/08\/LPC-PARA-OPINIONES-WEB-derecha-600x177.jpg 600w, https:\/\/laprensacristiana.com\/wp-content\/uploads\/2018\/08\/LPC-PARA-OPINIONES-WEB-derecha-300x88.jpg 300w, https:\/\/laprensacristiana.com\/wp-content\/uploads\/2018\/08\/LPC-PARA-OPINIONES-WEB-derecha-768x227.jpg 768w, https:\/\/laprensacristiana.com\/wp-content\/uploads\/2018\/08\/LPC-PARA-OPINIONES-WEB-derecha-1024x302.jpg 1024w, https:\/\/laprensacristiana.com\/wp-content\/uploads\/2018\/08\/LPC-PARA-OPINIONES-WEB-derecha-696x205.jpg 696w, https:\/\/laprensacristiana.com\/wp-content\/uploads\/2018\/08\/LPC-PARA-OPINIONES-WEB-derecha-1068x315.jpg 1068w, https:\/\/laprensacristiana.com\/wp-content\/uploads\/2018\/08\/LPC-PARA-OPINIONES-WEB-derecha-1424x420.jpg 1424w\" sizes=\"(max-width: 2539px) 100vw, 2539px\" \/><\/p>\n<p>El congreso \u201cApolos\u201d es un concepto que naci\u00f3 en el a\u00f1o 2017 \u00a0\u201cQueremos hacer de nuestra juventud, una juventud impetuosa, que le mueva el piso a las estructuras establecidas, pero que tambi\u00e9n sepa ser discipulado y sepa cambiar cuando deba cambiar\u201d\u00a0 expres\u00f3 el Dr. Vladimir Rivas, pastor general de Iglesia COMPAZ \u00a0y este a\u00f1o puso en perspectiva el trabajo realizado por los pastores con sus hijos, lanzando el ret\u00f3 de apostarle con intensidad a las nuevas generaciones y sacar a luz los talentos y dones que han sido puestos en ellos no para el futuro sino para el presente, desafiando a una naci\u00f3n como El Salvador a invertir en un trabajo estructurado en los nuevos representantes del evangelio.<\/p>\n<p><img decoding=\"async\" loading=\"lazy\" class=\"alignnone size-full wp-image-4282\" src=\"https:\/\/laprensacristiana.com\/wp-content\/uploads\/2018\/08\/font.jpg\" alt=\"\" width=\"2539\" height=\"749\" srcset=\"https:\/\/laprensacristiana.com\/wp-content\/uploads\/2018\/08\/font.jpg 2539w, https:\/\/laprensacristiana.com\/wp-content\/uploads\/2018\/08\/font-600x177.jpg 600w, https:\/\/laprensacristiana.com\/wp-content\/uploads\/2018\/08\/font-300x88.jpg 300w, https:\/\/laprensacristiana.com\/wp-content\/uploads\/2018\/08\/font-768x227.jpg 768w, https:\/\/laprensacristiana.com\/wp-content\/uploads\/2018\/08\/font-1024x302.jpg 1024w, https:\/\/laprensacristiana.com\/wp-content\/uploads\/2018\/08\/font-696x205.jpg 696w, https:\/\/laprensacristiana.com\/wp-content\/uploads\/2018\/08\/font-1068x315.jpg 1068w, https:\/\/laprensacristiana.com\/wp-content\/uploads\/2018\/08\/font-1424x420.jpg 1424w\" sizes=\"(max-width: 2539px) 100vw, 2539px\" \/><\/p>\n<p>\u00a1No tengas miedo de lo que est\u00e1 por venir, Dios ya peleo las batallas por ti!\u00a0mencion\u00f3 el pastor Efr\u00e9n Ruiz en sinton\u00eda con la visi\u00f3n que se les quiere transmitir a los j\u00f3venes. El evento se desarroll\u00f3 los d\u00edas 05 y 06 de agosto en las instalaciones del nuevo templo de Iglesia COMPAZ.<\/p>\n<p>En el a\u00f1o 2019 se desarrollar\u00e1 siempre en fechas de vacaciones de agosto \u00a0el congreso Apolos en su tercera edici\u00f3n.<\/p>\n<figure id=\"attachment_4283\" aria-describedby=\"caption-attachment-4283\" style=\"width: 748px\" class=\"wp-caption alignnone\"><img decoding=\"async\" loading=\"lazy\" class=\"size-full wp-image-4283\" src=\"https:\/\/laprensacristiana.com\/wp-content\/uploads\/2018\/08\/38471332_2175405552677519_5695340111550480384_n.jpg\" alt=\"Foto cortes\u00eda Iglesia COMPAZ\" width=\"748\" height=\"502\" srcset=\"https:\/\/laprensacristiana.com\/wp-content\/uploads\/2018\/08\/38471332_2175405552677519_5695340111550480384_n.jpg 748w, https:\/\/laprensacristiana.com\/wp-content\/uploads\/2018\/08\/38471332_2175405552677519_5695340111550480384_n-600x403.jpg 600w, https:\/\/laprensacristiana.com\/wp-content\/uploads\/2018\/08\/38471332_2175405552677519_5695340111550480384_n-300x201.jpg 300w, https:\/\/laprensacristiana.com\/wp-content\/uploads\/2018\/08\/38471332_2175405552677519_5695340111550480384_n-696x467.jpg 696w, https:\/\/laprensacristiana.com\/wp-content\/uploads\/2018\/08\/38471332_2175405552677519_5695340111550480384_n-626x420.jpg 626w\" sizes=\"(max-width: 748px) 100vw, 748px\" \/><figcaption id=\"caption-attachment-4283\" class=\"wp-caption-text\">Foto cortes\u00eda Iglesia COMPAZ<\/figcaption><\/figure>\n","protected":false},"excerpt":{"rendered":"<p>El congreso para j\u00f3venes Apolos Vol. 2 organizado por Iglesia COMPAZ reuni\u00f3 a los hijos de reconocidos exponentes de la palabra de Dios a nivel internacional, Juan Diego Luna hijo del pastor guatemalteco Cash Luna, Miguel Arrazola hijo del pastor colombiano Miguel Arrazola, Janaimar Font hija del pastor puertorrique\u00f1o Otoniel Font. A ellos se sumaron [&hellip;]<\/p>\n","protected":false},"author":3,"featured_media":4284,"comment_status":"open","ping_status":"open","sticky":false,"template":"","format":"standard","meta":[],"categories":[56],"tags":[],"yoast_head":"<!-- This site is optimized with the Yoast SEO plugin v20.8 - https:\/\/yoast.com\/wordpress\/plugins\/seo\/ -->\n<title>Apolos Vol. 2 desaf\u00edo a trav\u00e9s de la palabra - La Prensa Cristiana<\/title>\n<meta name=\"robots\" content=\"index, follow, max-snippet:-1, max-image-preview:large, max-video-preview:-1\" \/>\n<link rel=\"canonical\" href=\"https:\/\/laprensacristiana.com\/?p=4278\" \/>\n<meta property=\"og:locale\" content=\"es_ES\" \/>\n<meta property=\"og:type\" content=\"article\" \/>\n<meta property=\"og:title\" content=\"Apolos Vol. 2 desaf\u00edo a trav\u00e9s de la palabra - La Prensa Cristiana\" \/>\n<meta property=\"og:description\" content=\"El congreso para j\u00f3venes Apolos Vol. 2 organizado por Iglesia COMPAZ reuni\u00f3 a los hijos de reconocidos exponentes de la palabra de Dios a nivel internacional, Juan Diego Luna hijo del pastor guatemalteco Cash Luna, Miguel Arrazola hijo del pastor colombiano Miguel Arrazola, Janaimar Font hija del pastor puertorrique\u00f1o Otoniel Font. A ellos se sumaron [&hellip;]\" \/>\n<meta property=\"og:url\" content=\"https:\/\/laprensacristiana.com\/?p=4278\" \/>\n<meta property=\"og:site_name\" content=\"La Prensa Cristiana\" \/>\n<meta property=\"article:published_time\" content=\"2018-08-07T05:56:00+00:00\" \/>\n<meta property=\"article:modified_time\" content=\"2020-07-01T23:36:30+00:00\" \/>\n<meta property=\"og:image\" content=\"https:\/\/laprensacristiana.com\/wp-content\/uploads\/2018\/08\/portada.jpg\" \/>\n\t<meta property=\"og:image:width\" content=\"862\" \/>\n\t<meta property=\"og:image:height\" content=\"580\" \/>\n\t<meta property=\"og:image:type\" content=\"image\/jpeg\" \/>\n<meta name=\"author\" content=\"EDITOR\" \/>\n<meta name=\"twitter:card\" content=\"summary_large_image\" \/>\n<meta name=\"twitter:label1\" content=\"Escrito por\" \/>\n\t<meta name=\"twitter:data1\" content=\"EDITOR\" \/>\n\t<meta name=\"twitter:label2\" content=\"Tiempo de lectura\" \/>\n\t<meta name=\"twitter:data2\" content=\"2 minutos\" \/>\n<script type=\"application\/ld+json\" class=\"yoast-schema-graph\">{\"@context\":\"https:\/\/schema.org\",\"@graph\":[{\"@type\":\"WebPage\",\"@id\":\"https:\/\/laprensacristiana.com\/?p=4278\",\"url\":\"https:\/\/laprensacristiana.com\/?p=4278\",\"name\":\"Apolos Vol. 2 desaf\u00edo a trav\u00e9s de la palabra - La Prensa Cristiana\",\"isPartOf\":{\"@id\":\"https:\/\/laprensacristiana.com\/#website\"},\"datePublished\":\"2018-08-07T05:56:00+00:00\",\"dateModified\":\"2020-07-01T23:36:30+00:00\",\"author\":{\"@id\":\"https:\/\/laprensacristiana.com\/#\/schema\/person\/3e7d82c6bfd6b1fa67010f8f7cd5256e\"},\"breadcrumb\":{\"@id\":\"https:\/\/laprensacristiana.com\/?p=4278#breadcrumb\"},\"inLanguage\":\"es\",\"potentialAction\":[{\"@type\":\"ReadAction\",\"target\":[\"https:\/\/laprensacristiana.com\/?p=4278\"]}]},{\"@type\":\"BreadcrumbList\",\"@id\":\"https:\/\/laprensacristiana.com\/?p=4278#breadcrumb\",\"itemListElement\":[{\"@type\":\"ListItem\",\"position\":1,\"name\":\"Portada\",\"item\":\"https:\/\/laprensacristiana.com\/\"},{\"@type\":\"ListItem\",\"position\":2,\"name\":\"Apolos Vol. 2 desaf\u00edo a trav\u00e9s de la palabra\"}]},{\"@type\":\"WebSite\",\"@id\":\"https:\/\/laprensacristiana.com\/#website\",\"url\":\"https:\/\/laprensacristiana.com\/\",\"name\":\"La Prensa Cristiana\",\"description\":\"Anunciando Las Buenas Nuevas\",\"potentialAction\":[{\"@type\":\"SearchAction\",\"target\":{\"@type\":\"EntryPoint\",\"urlTemplate\":\"https:\/\/laprensacristiana.com\/?s={search_term_string}\"},\"query-input\":\"required name=search_term_string\"}],\"inLanguage\":\"es\"},{\"@type\":\"Person\",\"@id\":\"https:\/\/laprensacristiana.com\/#\/schema\/person\/3e7d82c6bfd6b1fa67010f8f7cd5256e\",\"name\":\"EDITOR\",\"image\":{\"@type\":\"ImageObject\",\"inLanguage\":\"es\",\"@id\":\"https:\/\/laprensacristiana.com\/#\/schema\/person\/image\/\",\"url\":\"https:\/\/secure.gravatar.com\/avatar\/72069dfb6c13772d9e8381e3638666d2?s=96&d=mm&r=g\",\"contentUrl\":\"https:\/\/secure.gravatar.com\/avatar\/72069dfb6c13772d9e8381e3638666d2?s=96&d=mm&r=g\",\"caption\":\"EDITOR\"},\"url\":\"https:\/\/laprensacristiana.com\/?author=3\"}]}<\/script>\n<!-- \/ Yoast SEO plugin. -->","yoast_head_json":{"title":"Apolos Vol. 2 desaf\u00edo a trav\u00e9s de la palabra - La Prensa Cristiana","robots":{"index":"index","follow":"follow","max-snippet":"max-snippet:-1","max-image-preview":"max-image-preview:large","max-video-preview":"max-video-preview:-1"},"canonical":"https:\/\/laprensacristiana.com\/?p=4278","og_locale":"es_ES","og_type":"article","og_title":"Apolos Vol. 2 desaf\u00edo a trav\u00e9s de la palabra - La Prensa Cristiana","og_description":"El congreso para j\u00f3venes Apolos Vol. 2 organizado por Iglesia COMPAZ reuni\u00f3 a los hijos de reconocidos exponentes de la palabra de Dios a nivel internacional, Juan Diego Luna hijo del pastor guatemalteco Cash Luna, Miguel Arrazola hijo del pastor colombiano Miguel Arrazola, Janaimar Font hija del pastor puertorrique\u00f1o Otoniel Font. A ellos se sumaron [&hellip;]","og_url":"https:\/\/laprensacristiana.com\/?p=4278","og_site_name":"La Prensa Cristiana","article_published_time":"2018-08-07T05:56:00+00:00","article_modified_time":"2020-07-01T23:36:30+00:00","og_image":[{"width":862,"height":580,"url":"https:\/\/laprensacristiana.com\/wp-content\/uploads\/2018\/08\/portada.jpg","type":"image\/jpeg"}],"author":"EDITOR","twitter_card":"summary_large_image","twitter_misc":{"Escrito por":"EDITOR","Tiempo de lectura":"2 minutos"},"schema":{"@context":"https:\/\/schema.org","@graph":[{"@type":"WebPage","@id":"https:\/\/laprensacristiana.com\/?p=4278","url":"https:\/\/laprensacristiana.com\/?p=4278","name":"Apolos Vol. 2 desaf\u00edo a trav\u00e9s de la palabra - La Prensa Cristiana","isPartOf":{"@id":"https:\/\/laprensacristiana.com\/#website"},"datePublished":"2018-08-07T05:56:00+00:00","dateModified":"2020-07-01T23:36:30+00:00","author":{"@id":"https:\/\/laprensacristiana.com\/#\/schema\/person\/3e7d82c6bfd6b1fa67010f8f7cd5256e"},"breadcrumb":{"@id":"https:\/\/laprensacristiana.com\/?p=4278#breadcrumb"},"inLanguage":"es","potentialAction":[{"@type":"ReadAction","target":["https:\/\/laprensacristiana.com\/?p=4278"]}]},{"@type":"BreadcrumbList","@id":"https:\/\/laprensacristiana.com\/?p=4278#breadcrumb","itemListElement":[{"@type":"ListItem","position":1,"name":"Portada","item":"https:\/\/laprensacristiana.com\/"},{"@type":"ListItem","position":2,"name":"Apolos Vol. 2 desaf\u00edo a trav\u00e9s de la palabra"}]},{"@type":"WebSite","@id":"https:\/\/laprensacristiana.com\/#website","url":"https:\/\/laprensacristiana.com\/","name":"La Prensa Cristiana","description":"Anunciando Las Buenas Nuevas","potentialAction":[{"@type":"SearchAction","target":{"@type":"EntryPoint","urlTemplate":"https:\/\/laprensacristiana.com\/?s={search_term_string}"},"query-input":"required name=search_term_string"}],"inLanguage":"es"},{"@type":"Person","@id":"https:\/\/laprensacristiana.com\/#\/schema\/person\/3e7d82c6bfd6b1fa67010f8f7cd5256e","name":"EDITOR","image":{"@type":"ImageObject","inLanguage":"es","@id":"https:\/\/laprensacristiana.com\/#\/schema\/person\/image\/","url":"https:\/\/secure.gravatar.com\/avatar\/72069dfb6c13772d9e8381e3638666d2?s=96&d=mm&r=g","contentUrl":"https:\/\/secure.gravatar.com\/avatar\/72069dfb6c13772d9e8381e3638666d2?s=96&d=mm&r=g","caption":"EDITOR"},"url":"https:\/\/laprensacristiana.com\/?author=3"}]}},"_links":{"self":[{"href":"https:\/\/laprensacristiana.com\/index.php?rest_route=\/wp\/v2\/posts\/4278"}],"collection":[{"href":"https:\/\/laprensacristiana.com\/index.php?rest_route=\/wp\/v2\/posts"}],"about":[{"href":"https:\/\/laprensacristiana.com\/index.php?rest_route=\/wp\/v2\/types\/post"}],"author":[{"embeddable":true,"href":"https:\/\/laprensacristiana.com\/index.php?rest_route=\/wp\/v2\/users\/3"}],"replies":[{"embeddable":true,"href":"https:\/\/laprensacristiana.com\/index.php?rest_route=%2Fwp%2Fv2%2Fcomments&post=4278"}],"version-history":[{"count":3,"href":"https:\/\/laprensacristiana.com\/index.php?rest_route=\/wp\/v2\/posts\/4278\/revisions"}],"predecessor-version":[{"id":4287,"href":"https:\/\/laprensacristiana.com\/index.php?rest_route=\/wp\/v2\/posts\/4278\/revisions\/4287"}],"wp:featuredmedia":[{"embeddable":true,"href":"https:\/\/laprensacristiana.com\/index.php?rest_route=\/wp\/v2\/media\/4284"}],"wp:attachment":[{"href":"https:\/\/laprensacristiana.com\/index.php?rest_route=%2Fwp%2Fv2%2Fmedia&parent=4278"}],"wp:term":[{"taxonomy":"category","embeddable":true,"href":"https:\/\/laprensacristiana.com\/index.php?rest_route=%2Fwp%2Fv2%2Fcategories&post=4278"},{"taxonomy":"post_tag","embeddable":true,"href":"https:\/\/laprensacristiana.com\/index.php?rest_route=%2Fwp%2Fv2%2Ftags&post=4278"}],"curies":[{"name":"wp","href":"https:\/\/api.w.org\/{rel}","templated":true}]}}