{"id":4291,"date":"2018-08-09T17:51:53","date_gmt":"2018-08-09T17:51:53","guid":{"rendered":"https:\/\/laprensacristiana.com\/?p=4291"},"modified":"2020-07-01T23:36:17","modified_gmt":"2020-07-01T23:36:17","slug":"hoy-se-estrena-dios-no-esta-muerto-3-en-el-salvador","status":"publish","type":"post","link":"https:\/\/laprensacristiana.com\/?p=4291","title":{"rendered":"Hoy se estrena Dios No Est\u00e1 muerto 3 en El Salvador"},"content":{"rendered":"<p><strong>Por: Erika Menjivar<\/strong><\/p>\n<p>Este mi\u00e9rcoles 9 de agosto, se estrena en Cin\u00e9polis la tercera pel\u00edcula de Dios no est\u00e1 muerto.<\/p>\n<p>La pel\u00edcula se encuentra en cartelera a partir del d\u00eda de hoy, el representante de Canzion Films en El Salvador, Tony Alvarenga hace la invitaci\u00f3n para que se acerquen y puedan disfrutar de dicha producci\u00f3n cinematogr\u00e1fica: \u201cEsperamos que asistan al cine, lleven al menos una persona invitada (no creyente) para que escuche el evangelio\u201d.<\/p>\n<p>La trama de la pel\u00edcula, narra una situaci\u00f3n en la que la iglesia que se encuentra dentro del campus de la universidad local, sufre un grave incendio, las complicaciones siguen, cuando con el deseo de la reconstrucci\u00f3n \u00a0de la iglesia las autoridades de la universidad toman una actitud de negaci\u00f3n.<\/p>\n<p>En el desarrollo de la trama, no pierden la fe en que Dios obrar\u00e1 para la reconstrucci\u00f3n de la iglesia, bajo el lema: \u201cDios es bueno en todo tiempo, y comprenden que no todas las batallas requieren acabar con la oposici\u00f3n, sino que el triunfo es mayor cuando se sana y reconstruye con compasi\u00f3n hacia los dem\u00e1s.<\/p>\n<p>Puede consultar la cartera en:<\/p>\n<p>http:\/\/www.cinepolis.com.sv\/<\/p>\n<p><iframe loading=\"lazy\" title=\"Dios No Est\u00e1 Muerto 3 - Trailer oficial doblado en espa\u00f1ol\" width=\"696\" height=\"392\" src=\"https:\/\/www.youtube.com\/embed\/1AwVkgPdDLc?feature=oembed\" frameborder=\"0\" allow=\"accelerometer; autoplay; encrypted-media; gyroscope; picture-in-picture\" allowfullscreen><\/iframe><\/p>\n","protected":false},"excerpt":{"rendered":"<p>Por: Erika Menjivar Este mi\u00e9rcoles 9 de agosto, se estrena en Cin\u00e9polis la tercera pel\u00edcula de Dios no est\u00e1 muerto. La pel\u00edcula se encuentra en cartelera a partir del d\u00eda de hoy, el representante de Canzion Films en El Salvador, Tony Alvarenga hace la invitaci\u00f3n para que se acerquen y puedan disfrutar de dicha producci\u00f3n [&hellip;]<\/p>\n","protected":false},"author":3,"featured_media":4292,"comment_status":"open","ping_status":"open","sticky":false,"template":"","format":"standard","meta":[],"categories":[101],"tags":[],"yoast_head":"<!-- This site is optimized with the Yoast SEO plugin v20.8 - https:\/\/yoast.com\/wordpress\/plugins\/seo\/ -->\n<title>Hoy se estrena Dios No Est\u00e1 muerto 3 en El Salvador - La Prensa Cristiana<\/title>\n<meta name=\"robots\" content=\"index, follow, max-snippet:-1, max-image-preview:large, max-video-preview:-1\" \/>\n<link rel=\"canonical\" href=\"https:\/\/laprensacristiana.com\/?p=4291\" \/>\n<meta property=\"og:locale\" content=\"es_ES\" \/>\n<meta property=\"og:type\" content=\"article\" \/>\n<meta property=\"og:title\" content=\"Hoy se estrena Dios No Est\u00e1 muerto 3 en El Salvador - La Prensa Cristiana\" \/>\n<meta property=\"og:description\" content=\"Por: Erika Menjivar Este mi\u00e9rcoles 9 de agosto, se estrena en Cin\u00e9polis la tercera pel\u00edcula de Dios no est\u00e1 muerto. La pel\u00edcula se encuentra en cartelera a partir del d\u00eda de hoy, el representante de Canzion Films en El Salvador, Tony Alvarenga hace la invitaci\u00f3n para que se acerquen y puedan disfrutar de dicha producci\u00f3n [&hellip;]\" \/>\n<meta property=\"og:url\" content=\"https:\/\/laprensacristiana.com\/?p=4291\" \/>\n<meta property=\"og:site_name\" content=\"La Prensa Cristiana\" \/>\n<meta property=\"article:published_time\" content=\"2018-08-09T17:51:53+00:00\" \/>\n<meta property=\"article:modified_time\" content=\"2020-07-01T23:36:17+00:00\" \/>\n<meta property=\"og:image\" content=\"https:\/\/laprensacristiana.com\/wp-content\/uploads\/2018\/08\/IMG-20180727-WA0008.jpg\" \/>\n\t<meta property=\"og:image:width\" content=\"1004\" \/>\n\t<meta property=\"og:image:height\" content=\"1004\" \/>\n\t<meta property=\"og:image:type\" content=\"image\/jpeg\" \/>\n<meta name=\"author\" content=\"EDITOR\" \/>\n<meta name=\"twitter:card\" content=\"summary_large_image\" \/>\n<meta name=\"twitter:label1\" content=\"Escrito por\" \/>\n\t<meta name=\"twitter:data1\" content=\"EDITOR\" \/>\n\t<meta name=\"twitter:label2\" content=\"Tiempo de lectura\" \/>\n\t<meta name=\"twitter:data2\" content=\"1 minuto\" \/>\n<script type=\"application\/ld+json\" class=\"yoast-schema-graph\">{\"@context\":\"https:\/\/schema.org\",\"@graph\":[{\"@type\":\"WebPage\",\"@id\":\"https:\/\/laprensacristiana.com\/?p=4291\",\"url\":\"https:\/\/laprensacristiana.com\/?p=4291\",\"name\":\"Hoy se estrena Dios No Est\u00e1 muerto 3 en El Salvador - La Prensa Cristiana\",\"isPartOf\":{\"@id\":\"https:\/\/laprensacristiana.com\/#website\"},\"datePublished\":\"2018-08-09T17:51:53+00:00\",\"dateModified\":\"2020-07-01T23:36:17+00:00\",\"author\":{\"@id\":\"https:\/\/laprensacristiana.com\/#\/schema\/person\/3e7d82c6bfd6b1fa67010f8f7cd5256e\"},\"breadcrumb\":{\"@id\":\"https:\/\/laprensacristiana.com\/?p=4291#breadcrumb\"},\"inLanguage\":\"es\",\"potentialAction\":[{\"@type\":\"ReadAction\",\"target\":[\"https:\/\/laprensacristiana.com\/?p=4291\"]}]},{\"@type\":\"BreadcrumbList\",\"@id\":\"https:\/\/laprensacristiana.com\/?p=4291#breadcrumb\",\"itemListElement\":[{\"@type\":\"ListItem\",\"position\":1,\"name\":\"Portada\",\"item\":\"https:\/\/laprensacristiana.com\/\"},{\"@type\":\"ListItem\",\"position\":2,\"name\":\"Hoy se estrena Dios No Est\u00e1 muerto 3 en El Salvador\"}]},{\"@type\":\"WebSite\",\"@id\":\"https:\/\/laprensacristiana.com\/#website\",\"url\":\"https:\/\/laprensacristiana.com\/\",\"name\":\"La Prensa Cristiana\",\"description\":\"Anunciando Las Buenas Nuevas\",\"potentialAction\":[{\"@type\":\"SearchAction\",\"target\":{\"@type\":\"EntryPoint\",\"urlTemplate\":\"https:\/\/laprensacristiana.com\/?s={search_term_string}\"},\"query-input\":\"required name=search_term_string\"}],\"inLanguage\":\"es\"},{\"@type\":\"Person\",\"@id\":\"https:\/\/laprensacristiana.com\/#\/schema\/person\/3e7d82c6bfd6b1fa67010f8f7cd5256e\",\"name\":\"EDITOR\",\"image\":{\"@type\":\"ImageObject\",\"inLanguage\":\"es\",\"@id\":\"https:\/\/laprensacristiana.com\/#\/schema\/person\/image\/\",\"url\":\"https:\/\/secure.gravatar.com\/avatar\/72069dfb6c13772d9e8381e3638666d2?s=96&d=mm&r=g\",\"contentUrl\":\"https:\/\/secure.gravatar.com\/avatar\/72069dfb6c13772d9e8381e3638666d2?s=96&d=mm&r=g\",\"caption\":\"EDITOR\"},\"url\":\"https:\/\/laprensacristiana.com\/?author=3\"}]}<\/script>\n<!-- \/ Yoast SEO plugin. -->","yoast_head_json":{"title":"Hoy se estrena Dios No Est\u00e1 muerto 3 en El Salvador - La Prensa Cristiana","robots":{"index":"index","follow":"follow","max-snippet":"max-snippet:-1","max-image-preview":"max-image-preview:large","max-video-preview":"max-video-preview:-1"},"canonical":"https:\/\/laprensacristiana.com\/?p=4291","og_locale":"es_ES","og_type":"article","og_title":"Hoy se estrena Dios No Est\u00e1 muerto 3 en El Salvador - La Prensa Cristiana","og_description":"Por: Erika Menjivar Este mi\u00e9rcoles 9 de agosto, se estrena en Cin\u00e9polis la tercera pel\u00edcula de Dios no est\u00e1 muerto. La pel\u00edcula se encuentra en cartelera a partir del d\u00eda de hoy, el representante de Canzion Films en El Salvador, Tony Alvarenga hace la invitaci\u00f3n para que se acerquen y puedan disfrutar de dicha producci\u00f3n [&hellip;]","og_url":"https:\/\/laprensacristiana.com\/?p=4291","og_site_name":"La Prensa Cristiana","article_published_time":"2018-08-09T17:51:53+00:00","article_modified_time":"2020-07-01T23:36:17+00:00","og_image":[{"width":1004,"height":1004,"url":"https:\/\/laprensacristiana.com\/wp-content\/uploads\/2018\/08\/IMG-20180727-WA0008.jpg","type":"image\/jpeg"}],"author":"EDITOR","twitter_card":"summary_large_image","twitter_misc":{"Escrito por":"EDITOR","Tiempo de lectura":"1 minuto"},"schema":{"@context":"https:\/\/schema.org","@graph":[{"@type":"WebPage","@id":"https:\/\/laprensacristiana.com\/?p=4291","url":"https:\/\/laprensacristiana.com\/?p=4291","name":"Hoy se estrena Dios No Est\u00e1 muerto 3 en El Salvador - La Prensa Cristiana","isPartOf":{"@id":"https:\/\/laprensacristiana.com\/#website"},"datePublished":"2018-08-09T17:51:53+00:00","dateModified":"2020-07-01T23:36:17+00:00","author":{"@id":"https:\/\/laprensacristiana.com\/#\/schema\/person\/3e7d82c6bfd6b1fa67010f8f7cd5256e"},"breadcrumb":{"@id":"https:\/\/laprensacristiana.com\/?p=4291#breadcrumb"},"inLanguage":"es","potentialAction":[{"@type":"ReadAction","target":["https:\/\/laprensacristiana.com\/?p=4291"]}]},{"@type":"BreadcrumbList","@id":"https:\/\/laprensacristiana.com\/?p=4291#breadcrumb","itemListElement":[{"@type":"ListItem","position":1,"name":"Portada","item":"https:\/\/laprensacristiana.com\/"},{"@type":"ListItem","position":2,"name":"Hoy se estrena Dios No Est\u00e1 muerto 3 en El Salvador"}]},{"@type":"WebSite","@id":"https:\/\/laprensacristiana.com\/#website","url":"https:\/\/laprensacristiana.com\/","name":"La Prensa Cristiana","description":"Anunciando Las Buenas Nuevas","potentialAction":[{"@type":"SearchAction","target":{"@type":"EntryPoint","urlTemplate":"https:\/\/laprensacristiana.com\/?s={search_term_string}"},"query-input":"required name=search_term_string"}],"inLanguage":"es"},{"@type":"Person","@id":"https:\/\/laprensacristiana.com\/#\/schema\/person\/3e7d82c6bfd6b1fa67010f8f7cd5256e","name":"EDITOR","image":{"@type":"ImageObject","inLanguage":"es","@id":"https:\/\/laprensacristiana.com\/#\/schema\/person\/image\/","url":"https:\/\/secure.gravatar.com\/avatar\/72069dfb6c13772d9e8381e3638666d2?s=96&d=mm&r=g","contentUrl":"https:\/\/secure.gravatar.com\/avatar\/72069dfb6c13772d9e8381e3638666d2?s=96&d=mm&r=g","caption":"EDITOR"},"url":"https:\/\/laprensacristiana.com\/?author=3"}]}},"_links":{"self":[{"href":"https:\/\/laprensacristiana.com\/index.php?rest_route=\/wp\/v2\/posts\/4291"}],"collection":[{"href":"https:\/\/laprensacristiana.com\/index.php?rest_route=\/wp\/v2\/posts"}],"about":[{"href":"https:\/\/laprensacristiana.com\/index.php?rest_route=\/wp\/v2\/types\/post"}],"author":[{"embeddable":true,"href":"https:\/\/laprensacristiana.com\/index.php?rest_route=\/wp\/v2\/users\/3"}],"replies":[{"embeddable":true,"href":"https:\/\/laprensacristiana.com\/index.php?rest_route=%2Fwp%2Fv2%2Fcomments&post=4291"}],"version-history":[{"count":3,"href":"https:\/\/laprensacristiana.com\/index.php?rest_route=\/wp\/v2\/posts\/4291\/revisions"}],"predecessor-version":[{"id":4295,"href":"https:\/\/laprensacristiana.com\/index.php?rest_route=\/wp\/v2\/posts\/4291\/revisions\/4295"}],"wp:featuredmedia":[{"embeddable":true,"href":"https:\/\/laprensacristiana.com\/index.php?rest_route=\/wp\/v2\/media\/4292"}],"wp:attachment":[{"href":"https:\/\/laprensacristiana.com\/index.php?rest_route=%2Fwp%2Fv2%2Fmedia&parent=4291"}],"wp:term":[{"taxonomy":"category","embeddable":true,"href":"https:\/\/laprensacristiana.com\/index.php?rest_route=%2Fwp%2Fv2%2Fcategories&post=4291"},{"taxonomy":"post_tag","embeddable":true,"href":"https:\/\/laprensacristiana.com\/index.php?rest_route=%2Fwp%2Fv2%2Ftags&post=4291"}],"curies":[{"name":"wp","href":"https:\/\/api.w.org\/{rel}","templated":true}]}}