{"id":4297,"date":"2018-08-10T20:02:13","date_gmt":"2018-08-10T20:02:13","guid":{"rendered":"https:\/\/laprensacristiana.com\/?p=4297"},"modified":"2020-07-01T23:36:01","modified_gmt":"2020-07-01T23:36:01","slug":"argentina-dice-no-al-aborto","status":"publish","type":"post","link":"https:\/\/laprensacristiana.com\/?p=4297","title":{"rendered":"Argentina dice no al aborto"},"content":{"rendered":"<p>Por: Erika Menjivar<\/p>\n<p>Tras una ardua lucha, el pasado jueves 9 de agosto de 2018, se presenta la decisi\u00f3n del Estado Argentino de no legalizar el aborto; con 38 votos en contra, 31 a favor y 2 abstenciones el senado de este pa\u00eds no aprob\u00f3 la interrupci\u00f3n del proceso de embarazo.<\/p>\n<p>Seg\u00fan informaci\u00f3n de BBC News Mundo, fueron varios meses de debate con respecto al tema en Argentina, y que anualmente se practican un estimado de \u00a0500.000 abortos al a\u00f1o en este pa\u00eds, es lo que sostienen las asociaciones que solicitaban la despenalizaci\u00f3n del aborto.<\/p>\n<p>El Ministro de Salud, Adolfo Rubinstein, quien mantiene su postura de estar a favor del aborto en Argentina, asegura que en el a\u00f1o 2016 hubo 245 muertes maternales y que 43 de ellas murieron al interrumpir el embarazo.<\/p>\n<p>Mientras que el Presidente de la Rep\u00fablica de Argentina, Mauricio Macri, coment\u00f3: \u201cLo que gan\u00f3 fue la democracia, demostramos nuestra capacidad de dialogar\u201d, a\u00f1adi\u00f3.<\/p>\n<p>De esta forma, es como queda demostrado nuevamente el favor de Dios en la vida de todos los seres humanos, pero la lucha sigue, ya que a\u00fan hay muchos pa\u00edses en Latinoam\u00e9rica y alrededor del mundo donde el aborto es legal.<\/p>\n","protected":false},"excerpt":{"rendered":"<p>Por: Erika Menjivar Tras una ardua lucha, el pasado jueves 9 de agosto de 2018, se presenta la decisi\u00f3n del Estado Argentino de no legalizar el aborto; con 38 votos en contra, 31 a favor y 2 abstenciones el senado de este pa\u00eds no aprob\u00f3 la interrupci\u00f3n del proceso de embarazo. Seg\u00fan informaci\u00f3n de BBC [&hellip;]<\/p>\n","protected":false},"author":3,"featured_media":4298,"comment_status":"open","ping_status":"open","sticky":false,"template":"","format":"standard","meta":[],"categories":[56],"tags":[],"yoast_head":"<!-- This site is optimized with the Yoast SEO plugin v20.8 - https:\/\/yoast.com\/wordpress\/plugins\/seo\/ -->\n<title>Argentina dice no al aborto - La Prensa Cristiana<\/title>\n<meta name=\"robots\" content=\"index, follow, max-snippet:-1, max-image-preview:large, max-video-preview:-1\" \/>\n<link rel=\"canonical\" href=\"https:\/\/laprensacristiana.com\/?p=4297\" \/>\n<meta property=\"og:locale\" content=\"es_ES\" \/>\n<meta property=\"og:type\" content=\"article\" \/>\n<meta property=\"og:title\" content=\"Argentina dice no al aborto - La Prensa Cristiana\" \/>\n<meta property=\"og:description\" content=\"Por: Erika Menjivar Tras una ardua lucha, el pasado jueves 9 de agosto de 2018, se presenta la decisi\u00f3n del Estado Argentino de no legalizar el aborto; con 38 votos en contra, 31 a favor y 2 abstenciones el senado de este pa\u00eds no aprob\u00f3 la interrupci\u00f3n del proceso de embarazo. Seg\u00fan informaci\u00f3n de BBC [&hellip;]\" \/>\n<meta property=\"og:url\" content=\"https:\/\/laprensacristiana.com\/?p=4297\" \/>\n<meta property=\"og:site_name\" content=\"La Prensa Cristiana\" \/>\n<meta property=\"article:published_time\" content=\"2018-08-10T20:02:13+00:00\" \/>\n<meta property=\"article:modified_time\" content=\"2020-07-01T23:36:01+00:00\" \/>\n<meta property=\"og:image\" content=\"https:\/\/laprensacristiana.com\/wp-content\/uploads\/2018\/08\/FB_IMG_1533930619472.jpg\" \/>\n\t<meta property=\"og:image:width\" content=\"1142\" \/>\n\t<meta property=\"og:image:height\" content=\"640\" \/>\n\t<meta property=\"og:image:type\" content=\"image\/jpeg\" \/>\n<meta name=\"author\" content=\"EDITOR\" \/>\n<meta name=\"twitter:card\" content=\"summary_large_image\" \/>\n<meta name=\"twitter:label1\" content=\"Escrito por\" \/>\n\t<meta name=\"twitter:data1\" content=\"EDITOR\" \/>\n\t<meta name=\"twitter:label2\" content=\"Tiempo de lectura\" \/>\n\t<meta name=\"twitter:data2\" content=\"1 minuto\" \/>\n<script type=\"application\/ld+json\" class=\"yoast-schema-graph\">{\"@context\":\"https:\/\/schema.org\",\"@graph\":[{\"@type\":\"WebPage\",\"@id\":\"https:\/\/laprensacristiana.com\/?p=4297\",\"url\":\"https:\/\/laprensacristiana.com\/?p=4297\",\"name\":\"Argentina dice no al aborto - La Prensa Cristiana\",\"isPartOf\":{\"@id\":\"https:\/\/laprensacristiana.com\/#website\"},\"datePublished\":\"2018-08-10T20:02:13+00:00\",\"dateModified\":\"2020-07-01T23:36:01+00:00\",\"author\":{\"@id\":\"https:\/\/laprensacristiana.com\/#\/schema\/person\/3e7d82c6bfd6b1fa67010f8f7cd5256e\"},\"breadcrumb\":{\"@id\":\"https:\/\/laprensacristiana.com\/?p=4297#breadcrumb\"},\"inLanguage\":\"es\",\"potentialAction\":[{\"@type\":\"ReadAction\",\"target\":[\"https:\/\/laprensacristiana.com\/?p=4297\"]}]},{\"@type\":\"BreadcrumbList\",\"@id\":\"https:\/\/laprensacristiana.com\/?p=4297#breadcrumb\",\"itemListElement\":[{\"@type\":\"ListItem\",\"position\":1,\"name\":\"Portada\",\"item\":\"https:\/\/laprensacristiana.com\/\"},{\"@type\":\"ListItem\",\"position\":2,\"name\":\"Argentina dice no al aborto\"}]},{\"@type\":\"WebSite\",\"@id\":\"https:\/\/laprensacristiana.com\/#website\",\"url\":\"https:\/\/laprensacristiana.com\/\",\"name\":\"La Prensa Cristiana\",\"description\":\"Anunciando Las Buenas Nuevas\",\"potentialAction\":[{\"@type\":\"SearchAction\",\"target\":{\"@type\":\"EntryPoint\",\"urlTemplate\":\"https:\/\/laprensacristiana.com\/?s={search_term_string}\"},\"query-input\":\"required name=search_term_string\"}],\"inLanguage\":\"es\"},{\"@type\":\"Person\",\"@id\":\"https:\/\/laprensacristiana.com\/#\/schema\/person\/3e7d82c6bfd6b1fa67010f8f7cd5256e\",\"name\":\"EDITOR\",\"image\":{\"@type\":\"ImageObject\",\"inLanguage\":\"es\",\"@id\":\"https:\/\/laprensacristiana.com\/#\/schema\/person\/image\/\",\"url\":\"https:\/\/secure.gravatar.com\/avatar\/72069dfb6c13772d9e8381e3638666d2?s=96&d=mm&r=g\",\"contentUrl\":\"https:\/\/secure.gravatar.com\/avatar\/72069dfb6c13772d9e8381e3638666d2?s=96&d=mm&r=g\",\"caption\":\"EDITOR\"},\"url\":\"https:\/\/laprensacristiana.com\/?author=3\"}]}<\/script>\n<!-- \/ Yoast SEO plugin. -->","yoast_head_json":{"title":"Argentina dice no al aborto - La Prensa Cristiana","robots":{"index":"index","follow":"follow","max-snippet":"max-snippet:-1","max-image-preview":"max-image-preview:large","max-video-preview":"max-video-preview:-1"},"canonical":"https:\/\/laprensacristiana.com\/?p=4297","og_locale":"es_ES","og_type":"article","og_title":"Argentina dice no al aborto - La Prensa Cristiana","og_description":"Por: Erika Menjivar Tras una ardua lucha, el pasado jueves 9 de agosto de 2018, se presenta la decisi\u00f3n del Estado Argentino de no legalizar el aborto; con 38 votos en contra, 31 a favor y 2 abstenciones el senado de este pa\u00eds no aprob\u00f3 la interrupci\u00f3n del proceso de embarazo. Seg\u00fan informaci\u00f3n de BBC [&hellip;]","og_url":"https:\/\/laprensacristiana.com\/?p=4297","og_site_name":"La Prensa Cristiana","article_published_time":"2018-08-10T20:02:13+00:00","article_modified_time":"2020-07-01T23:36:01+00:00","og_image":[{"width":1142,"height":640,"url":"https:\/\/laprensacristiana.com\/wp-content\/uploads\/2018\/08\/FB_IMG_1533930619472.jpg","type":"image\/jpeg"}],"author":"EDITOR","twitter_card":"summary_large_image","twitter_misc":{"Escrito por":"EDITOR","Tiempo de lectura":"1 minuto"},"schema":{"@context":"https:\/\/schema.org","@graph":[{"@type":"WebPage","@id":"https:\/\/laprensacristiana.com\/?p=4297","url":"https:\/\/laprensacristiana.com\/?p=4297","name":"Argentina dice no al aborto - La Prensa Cristiana","isPartOf":{"@id":"https:\/\/laprensacristiana.com\/#website"},"datePublished":"2018-08-10T20:02:13+00:00","dateModified":"2020-07-01T23:36:01+00:00","author":{"@id":"https:\/\/laprensacristiana.com\/#\/schema\/person\/3e7d82c6bfd6b1fa67010f8f7cd5256e"},"breadcrumb":{"@id":"https:\/\/laprensacristiana.com\/?p=4297#breadcrumb"},"inLanguage":"es","potentialAction":[{"@type":"ReadAction","target":["https:\/\/laprensacristiana.com\/?p=4297"]}]},{"@type":"BreadcrumbList","@id":"https:\/\/laprensacristiana.com\/?p=4297#breadcrumb","itemListElement":[{"@type":"ListItem","position":1,"name":"Portada","item":"https:\/\/laprensacristiana.com\/"},{"@type":"ListItem","position":2,"name":"Argentina dice no al aborto"}]},{"@type":"WebSite","@id":"https:\/\/laprensacristiana.com\/#website","url":"https:\/\/laprensacristiana.com\/","name":"La Prensa Cristiana","description":"Anunciando Las Buenas Nuevas","potentialAction":[{"@type":"SearchAction","target":{"@type":"EntryPoint","urlTemplate":"https:\/\/laprensacristiana.com\/?s={search_term_string}"},"query-input":"required name=search_term_string"}],"inLanguage":"es"},{"@type":"Person","@id":"https:\/\/laprensacristiana.com\/#\/schema\/person\/3e7d82c6bfd6b1fa67010f8f7cd5256e","name":"EDITOR","image":{"@type":"ImageObject","inLanguage":"es","@id":"https:\/\/laprensacristiana.com\/#\/schema\/person\/image\/","url":"https:\/\/secure.gravatar.com\/avatar\/72069dfb6c13772d9e8381e3638666d2?s=96&d=mm&r=g","contentUrl":"https:\/\/secure.gravatar.com\/avatar\/72069dfb6c13772d9e8381e3638666d2?s=96&d=mm&r=g","caption":"EDITOR"},"url":"https:\/\/laprensacristiana.com\/?author=3"}]}},"_links":{"self":[{"href":"https:\/\/laprensacristiana.com\/index.php?rest_route=\/wp\/v2\/posts\/4297"}],"collection":[{"href":"https:\/\/laprensacristiana.com\/index.php?rest_route=\/wp\/v2\/posts"}],"about":[{"href":"https:\/\/laprensacristiana.com\/index.php?rest_route=\/wp\/v2\/types\/post"}],"author":[{"embeddable":true,"href":"https:\/\/laprensacristiana.com\/index.php?rest_route=\/wp\/v2\/users\/3"}],"replies":[{"embeddable":true,"href":"https:\/\/laprensacristiana.com\/index.php?rest_route=%2Fwp%2Fv2%2Fcomments&post=4297"}],"version-history":[{"count":3,"href":"https:\/\/laprensacristiana.com\/index.php?rest_route=\/wp\/v2\/posts\/4297\/revisions"}],"predecessor-version":[{"id":4302,"href":"https:\/\/laprensacristiana.com\/index.php?rest_route=\/wp\/v2\/posts\/4297\/revisions\/4302"}],"wp:featuredmedia":[{"embeddable":true,"href":"https:\/\/laprensacristiana.com\/index.php?rest_route=\/wp\/v2\/media\/4298"}],"wp:attachment":[{"href":"https:\/\/laprensacristiana.com\/index.php?rest_route=%2Fwp%2Fv2%2Fmedia&parent=4297"}],"wp:term":[{"taxonomy":"category","embeddable":true,"href":"https:\/\/laprensacristiana.com\/index.php?rest_route=%2Fwp%2Fv2%2Fcategories&post=4297"},{"taxonomy":"post_tag","embeddable":true,"href":"https:\/\/laprensacristiana.com\/index.php?rest_route=%2Fwp%2Fv2%2Ftags&post=4297"}],"curies":[{"name":"wp","href":"https:\/\/api.w.org\/{rel}","templated":true}]}}