{"id":4320,"date":"2018-08-18T00:38:03","date_gmt":"2018-08-18T00:38:03","guid":{"rendered":"https:\/\/laprensacristiana.com\/?p=4320"},"modified":"2020-07-01T23:35:29","modified_gmt":"2020-07-01T23:35:29","slug":"concierto-hillsong-united-y-hillsong-young-and-free","status":"publish","type":"post","link":"https:\/\/laprensacristiana.com\/?p=4320","title":{"rendered":"Concierto Hillsong United y Hillsong Young and Free"},"content":{"rendered":"<p>Por: Erika Menjivar<\/p>\n<p>Este jueves 16 de agosto se llev\u00f3 a cabo el tan esperado concierto de Hillsong United y Hillsong Yound and Free, donde se reunieron cientos de salvadore\u00f1os para adorar el nombre de Dios.<\/p>\n<p>La apertura del concierto estuvo a cargo de Hillsong Young and Free, visitando a El Salvador por primera vez, quienes con su m\u00fasica hicieron que los asistentes alabaran el nombre Dios. Grandes y chicos, disfrutaron de la m\u00fasica de esta banda musical.<\/p>\n<p><img decoding=\"async\" loading=\"lazy\" class=\"alignnone size-full wp-image-4321\" src=\"https:\/\/laprensacristiana.com\/wp-content\/uploads\/2018\/08\/DSC_0224.jpg\" alt=\"DSC_0224\" width=\"640\" height=\"425\" srcset=\"https:\/\/laprensacristiana.com\/wp-content\/uploads\/2018\/08\/DSC_0224.jpg 640w, https:\/\/laprensacristiana.com\/wp-content\/uploads\/2018\/08\/DSC_0224-600x398.jpg 600w, https:\/\/laprensacristiana.com\/wp-content\/uploads\/2018\/08\/DSC_0224-300x199.jpg 300w, https:\/\/laprensacristiana.com\/wp-content\/uploads\/2018\/08\/DSC_0224-632x420.jpg 632w\" sizes=\"(max-width: 640px) 100vw, 640px\" \/><\/p>\n<p>Su presentaci\u00f3n no solo estuvo a cargo de su m\u00fasica sino de palabras de reflexi\u00f3n para todas las personas, haciendo la invitaci\u00f3n para buscar ser luz y ser de bendici\u00f3n en el diario vivir a pesar de las circusntancias.<\/p>\n<p>\u201cMe siento muy emocionado, hab\u00eda estado esperando mucho tiempo este concierto, la m\u00fasica de Hillsong me inspira a ser mejor cristiano\u201d, expres\u00f3 Abraham Contreras, asistente del evento.<\/p>\n<p><img decoding=\"async\" loading=\"lazy\" class=\"alignnone size-full wp-image-4322\" src=\"https:\/\/laprensacristiana.com\/wp-content\/uploads\/2018\/08\/DSC_0225.jpg\" alt=\"DSC_0225\" width=\"640\" height=\"425\" srcset=\"https:\/\/laprensacristiana.com\/wp-content\/uploads\/2018\/08\/DSC_0225.jpg 640w, https:\/\/laprensacristiana.com\/wp-content\/uploads\/2018\/08\/DSC_0225-600x398.jpg 600w, https:\/\/laprensacristiana.com\/wp-content\/uploads\/2018\/08\/DSC_0225-300x199.jpg 300w, https:\/\/laprensacristiana.com\/wp-content\/uploads\/2018\/08\/DSC_0225-632x420.jpg 632w\" sizes=\"(max-width: 640px) 100vw, 640px\" \/><\/p>\n<p>Posteriormente, se present\u00f3 la banda Hillsong United, \u00a0despu\u00e9s de a\u00f1os, nuevamente hicieron una presentaci\u00f3n musical en el pa\u00eds, cantando temas cl\u00e1sicos hasta los m\u00e1s actuales.<\/p>\n<p><img decoding=\"async\" loading=\"lazy\" class=\"alignnone size-full wp-image-4324\" src=\"https:\/\/laprensacristiana.com\/wp-content\/uploads\/2018\/08\/IMG_20180817_173222_694.jpg\" alt=\"IMG_20180817_173222_694\" width=\"4208\" height=\"3120\" \/><\/p>\n<p>El evento reuni\u00f3 a cientos de personas de todas las edades, todo con el fin seg\u00fan los artistas de alabar a Dios a trav\u00e9s de la m\u00fasica que ellos hacen por dones que \u00c9l les entreg\u00f3.<\/p>\n<p>&nbsp;<\/p>\n","protected":false},"excerpt":{"rendered":"<p>Por: Erika Menjivar Este jueves 16 de agosto se llev\u00f3 a cabo el tan esperado concierto de Hillsong United y Hillsong Yound and Free, donde se reunieron cientos de salvadore\u00f1os para adorar el nombre de Dios. La apertura del concierto estuvo a cargo de Hillsong Young and Free, visitando a El Salvador por primera vez, [&hellip;]<\/p>\n","protected":false},"author":3,"featured_media":4325,"comment_status":"open","ping_status":"open","sticky":false,"template":"","format":"standard","meta":[],"categories":[101],"tags":[],"yoast_head":"<!-- This site is optimized with the Yoast SEO plugin v20.8 - https:\/\/yoast.com\/wordpress\/plugins\/seo\/ -->\n<title>Concierto Hillsong United y Hillsong Young and Free - La Prensa Cristiana<\/title>\n<meta name=\"robots\" content=\"index, follow, max-snippet:-1, max-image-preview:large, max-video-preview:-1\" \/>\n<link rel=\"canonical\" href=\"https:\/\/laprensacristiana.com\/?p=4320\" \/>\n<meta property=\"og:locale\" content=\"es_ES\" \/>\n<meta property=\"og:type\" content=\"article\" \/>\n<meta property=\"og:title\" content=\"Concierto Hillsong United y Hillsong Young and Free - La Prensa Cristiana\" \/>\n<meta property=\"og:description\" content=\"Por: Erika Menjivar Este jueves 16 de agosto se llev\u00f3 a cabo el tan esperado concierto de Hillsong United y Hillsong Yound and Free, donde se reunieron cientos de salvadore\u00f1os para adorar el nombre de Dios. La apertura del concierto estuvo a cargo de Hillsong Young and Free, visitando a El Salvador por primera vez, [&hellip;]\" \/>\n<meta property=\"og:url\" content=\"https:\/\/laprensacristiana.com\/?p=4320\" \/>\n<meta property=\"og:site_name\" content=\"La Prensa Cristiana\" \/>\n<meta property=\"article:published_time\" content=\"2018-08-18T00:38:03+00:00\" \/>\n<meta property=\"article:modified_time\" content=\"2020-07-01T23:35:29+00:00\" \/>\n<meta property=\"og:image\" content=\"https:\/\/laprensacristiana.com\/wp-content\/uploads\/2018\/08\/DSC_0221.jpg\" \/>\n\t<meta property=\"og:image:width\" content=\"640\" \/>\n\t<meta property=\"og:image:height\" content=\"425\" \/>\n\t<meta property=\"og:image:type\" content=\"image\/jpeg\" \/>\n<meta name=\"author\" content=\"EDITOR\" \/>\n<meta name=\"twitter:card\" content=\"summary_large_image\" \/>\n<meta name=\"twitter:label1\" content=\"Escrito por\" \/>\n\t<meta name=\"twitter:data1\" content=\"EDITOR\" \/>\n\t<meta name=\"twitter:label2\" content=\"Tiempo de lectura\" \/>\n\t<meta name=\"twitter:data2\" content=\"1 minuto\" \/>\n<script type=\"application\/ld+json\" class=\"yoast-schema-graph\">{\"@context\":\"https:\/\/schema.org\",\"@graph\":[{\"@type\":\"WebPage\",\"@id\":\"https:\/\/laprensacristiana.com\/?p=4320\",\"url\":\"https:\/\/laprensacristiana.com\/?p=4320\",\"name\":\"Concierto Hillsong United y Hillsong Young and Free - La Prensa Cristiana\",\"isPartOf\":{\"@id\":\"https:\/\/laprensacristiana.com\/#website\"},\"datePublished\":\"2018-08-18T00:38:03+00:00\",\"dateModified\":\"2020-07-01T23:35:29+00:00\",\"author\":{\"@id\":\"https:\/\/laprensacristiana.com\/#\/schema\/person\/3e7d82c6bfd6b1fa67010f8f7cd5256e\"},\"breadcrumb\":{\"@id\":\"https:\/\/laprensacristiana.com\/?p=4320#breadcrumb\"},\"inLanguage\":\"es\",\"potentialAction\":[{\"@type\":\"ReadAction\",\"target\":[\"https:\/\/laprensacristiana.com\/?p=4320\"]}]},{\"@type\":\"BreadcrumbList\",\"@id\":\"https:\/\/laprensacristiana.com\/?p=4320#breadcrumb\",\"itemListElement\":[{\"@type\":\"ListItem\",\"position\":1,\"name\":\"Portada\",\"item\":\"https:\/\/laprensacristiana.com\/\"},{\"@type\":\"ListItem\",\"position\":2,\"name\":\"Concierto Hillsong United y Hillsong Young and Free\"}]},{\"@type\":\"WebSite\",\"@id\":\"https:\/\/laprensacristiana.com\/#website\",\"url\":\"https:\/\/laprensacristiana.com\/\",\"name\":\"La Prensa Cristiana\",\"description\":\"Anunciando Las Buenas Nuevas\",\"potentialAction\":[{\"@type\":\"SearchAction\",\"target\":{\"@type\":\"EntryPoint\",\"urlTemplate\":\"https:\/\/laprensacristiana.com\/?s={search_term_string}\"},\"query-input\":\"required name=search_term_string\"}],\"inLanguage\":\"es\"},{\"@type\":\"Person\",\"@id\":\"https:\/\/laprensacristiana.com\/#\/schema\/person\/3e7d82c6bfd6b1fa67010f8f7cd5256e\",\"name\":\"EDITOR\",\"image\":{\"@type\":\"ImageObject\",\"inLanguage\":\"es\",\"@id\":\"https:\/\/laprensacristiana.com\/#\/schema\/person\/image\/\",\"url\":\"https:\/\/secure.gravatar.com\/avatar\/72069dfb6c13772d9e8381e3638666d2?s=96&d=mm&r=g\",\"contentUrl\":\"https:\/\/secure.gravatar.com\/avatar\/72069dfb6c13772d9e8381e3638666d2?s=96&d=mm&r=g\",\"caption\":\"EDITOR\"},\"url\":\"https:\/\/laprensacristiana.com\/?author=3\"}]}<\/script>\n<!-- \/ Yoast SEO plugin. -->","yoast_head_json":{"title":"Concierto Hillsong United y Hillsong Young and Free - La Prensa Cristiana","robots":{"index":"index","follow":"follow","max-snippet":"max-snippet:-1","max-image-preview":"max-image-preview:large","max-video-preview":"max-video-preview:-1"},"canonical":"https:\/\/laprensacristiana.com\/?p=4320","og_locale":"es_ES","og_type":"article","og_title":"Concierto Hillsong United y Hillsong Young and Free - La Prensa Cristiana","og_description":"Por: Erika Menjivar Este jueves 16 de agosto se llev\u00f3 a cabo el tan esperado concierto de Hillsong United y Hillsong Yound and Free, donde se reunieron cientos de salvadore\u00f1os para adorar el nombre de Dios. La apertura del concierto estuvo a cargo de Hillsong Young and Free, visitando a El Salvador por primera vez, [&hellip;]","og_url":"https:\/\/laprensacristiana.com\/?p=4320","og_site_name":"La Prensa Cristiana","article_published_time":"2018-08-18T00:38:03+00:00","article_modified_time":"2020-07-01T23:35:29+00:00","og_image":[{"width":640,"height":425,"url":"https:\/\/laprensacristiana.com\/wp-content\/uploads\/2018\/08\/DSC_0221.jpg","type":"image\/jpeg"}],"author":"EDITOR","twitter_card":"summary_large_image","twitter_misc":{"Escrito por":"EDITOR","Tiempo de lectura":"1 minuto"},"schema":{"@context":"https:\/\/schema.org","@graph":[{"@type":"WebPage","@id":"https:\/\/laprensacristiana.com\/?p=4320","url":"https:\/\/laprensacristiana.com\/?p=4320","name":"Concierto Hillsong United y Hillsong Young and Free - La Prensa Cristiana","isPartOf":{"@id":"https:\/\/laprensacristiana.com\/#website"},"datePublished":"2018-08-18T00:38:03+00:00","dateModified":"2020-07-01T23:35:29+00:00","author":{"@id":"https:\/\/laprensacristiana.com\/#\/schema\/person\/3e7d82c6bfd6b1fa67010f8f7cd5256e"},"breadcrumb":{"@id":"https:\/\/laprensacristiana.com\/?p=4320#breadcrumb"},"inLanguage":"es","potentialAction":[{"@type":"ReadAction","target":["https:\/\/laprensacristiana.com\/?p=4320"]}]},{"@type":"BreadcrumbList","@id":"https:\/\/laprensacristiana.com\/?p=4320#breadcrumb","itemListElement":[{"@type":"ListItem","position":1,"name":"Portada","item":"https:\/\/laprensacristiana.com\/"},{"@type":"ListItem","position":2,"name":"Concierto Hillsong United y Hillsong Young and Free"}]},{"@type":"WebSite","@id":"https:\/\/laprensacristiana.com\/#website","url":"https:\/\/laprensacristiana.com\/","name":"La Prensa Cristiana","description":"Anunciando Las Buenas Nuevas","potentialAction":[{"@type":"SearchAction","target":{"@type":"EntryPoint","urlTemplate":"https:\/\/laprensacristiana.com\/?s={search_term_string}"},"query-input":"required name=search_term_string"}],"inLanguage":"es"},{"@type":"Person","@id":"https:\/\/laprensacristiana.com\/#\/schema\/person\/3e7d82c6bfd6b1fa67010f8f7cd5256e","name":"EDITOR","image":{"@type":"ImageObject","inLanguage":"es","@id":"https:\/\/laprensacristiana.com\/#\/schema\/person\/image\/","url":"https:\/\/secure.gravatar.com\/avatar\/72069dfb6c13772d9e8381e3638666d2?s=96&d=mm&r=g","contentUrl":"https:\/\/secure.gravatar.com\/avatar\/72069dfb6c13772d9e8381e3638666d2?s=96&d=mm&r=g","caption":"EDITOR"},"url":"https:\/\/laprensacristiana.com\/?author=3"}]}},"_links":{"self":[{"href":"https:\/\/laprensacristiana.com\/index.php?rest_route=\/wp\/v2\/posts\/4320"}],"collection":[{"href":"https:\/\/laprensacristiana.com\/index.php?rest_route=\/wp\/v2\/posts"}],"about":[{"href":"https:\/\/laprensacristiana.com\/index.php?rest_route=\/wp\/v2\/types\/post"}],"author":[{"embeddable":true,"href":"https:\/\/laprensacristiana.com\/index.php?rest_route=\/wp\/v2\/users\/3"}],"replies":[{"embeddable":true,"href":"https:\/\/laprensacristiana.com\/index.php?rest_route=%2Fwp%2Fv2%2Fcomments&post=4320"}],"version-history":[{"count":1,"href":"https:\/\/laprensacristiana.com\/index.php?rest_route=\/wp\/v2\/posts\/4320\/revisions"}],"predecessor-version":[{"id":4326,"href":"https:\/\/laprensacristiana.com\/index.php?rest_route=\/wp\/v2\/posts\/4320\/revisions\/4326"}],"wp:featuredmedia":[{"embeddable":true,"href":"https:\/\/laprensacristiana.com\/index.php?rest_route=\/wp\/v2\/media\/4325"}],"wp:attachment":[{"href":"https:\/\/laprensacristiana.com\/index.php?rest_route=%2Fwp%2Fv2%2Fmedia&parent=4320"}],"wp:term":[{"taxonomy":"category","embeddable":true,"href":"https:\/\/laprensacristiana.com\/index.php?rest_route=%2Fwp%2Fv2%2Fcategories&post=4320"},{"taxonomy":"post_tag","embeddable":true,"href":"https:\/\/laprensacristiana.com\/index.php?rest_route=%2Fwp%2Fv2%2Ftags&post=4320"}],"curies":[{"name":"wp","href":"https:\/\/api.w.org\/{rel}","templated":true}]}}