{"id":4327,"date":"2018-08-18T13:57:12","date_gmt":"2018-08-18T13:57:12","guid":{"rendered":"https:\/\/laprensacristiana.com\/?p=4327"},"modified":"2020-07-01T23:35:17","modified_gmt":"2020-07-01T23:35:17","slug":"icia-el-proyecto-del-nuevo-edicifico-world-vision","status":"publish","type":"post","link":"https:\/\/laprensacristiana.com\/?p=4327","title":{"rendered":"Inicia el proyecto del nuevo edificio World Vision"},"content":{"rendered":"<p>Por: Erika Menjivar<\/p>\n<p>Se realiz\u00f3 la colocaci\u00f3n de la primera piedra para empezar con el proyecto Edificio Corporativo World Vision El Salvador, en el proceso esperan generar 200 empleos en la construcci\u00f3n.<\/p>\n<p>World Vision es una organizaci\u00f3n cristiana internacional y humanitaria con presencia en casi 100 pa\u00edses alrededor del mundo, dedicada a transformar la vida de ni\u00f1os y ni\u00f1as para que tengan un mejor futuro.<\/p>\n<p>Al evento de iniciaci\u00f3n del proyecto se presentaron organismos de la Cooperaci\u00f3n Internacional, l\u00edderes eclesiales, representantes de ONG, personas de la Empresa Privada y otros.<\/p>\n<p><img decoding=\"async\" loading=\"lazy\" class=\"alignnone size-full wp-image-4328\" src=\"https:\/\/laprensacristiana.com\/wp-content\/uploads\/2018\/08\/DSC_0216.jpg\" alt=\"DSC_0216\" width=\"640\" height=\"425\" srcset=\"https:\/\/laprensacristiana.com\/wp-content\/uploads\/2018\/08\/DSC_0216.jpg 640w, https:\/\/laprensacristiana.com\/wp-content\/uploads\/2018\/08\/DSC_0216-600x398.jpg 600w, https:\/\/laprensacristiana.com\/wp-content\/uploads\/2018\/08\/DSC_0216-300x199.jpg 300w, https:\/\/laprensacristiana.com\/wp-content\/uploads\/2018\/08\/DSC_0216-632x420.jpg 632w\" sizes=\"(max-width: 640px) 100vw, 640px\" \/><\/p>\n<p>Seg\u00fan Katy Maldonado, representante de World Vision la finalizaci\u00f3n de la construcci\u00f3n de este edificio se estima en septiembre del a\u00f1o 2019, con una inversi\u00f3n de 3 millones de d\u00f3lares en la construcci\u00f3n y equipamiento de este.<\/p>\n<p>\u201cEste es un proyecto que podemos converger con muchos y eso es lo importante, porque queremos que la causa de World Vision; de trabajar por ni\u00f1os y ni\u00f1as para que tengan un futuro m\u00e1s brillante sea compartida con muchos. Este lugar nos va a permitir comunicar a otros esa causa, que es la causa del pa\u00eds\u201d, expres\u00f3 Laura de Valle, directora de World Vision.<\/p>\n<p>Adem\u00e1s, comenta que este es un s\u00edmbolo de unidad para el pa\u00eds, que todos pueden poner un grano de ayuda para poder hacer un cambio en la sociedad. Comenta tambi\u00e9n que como organizaci\u00f3n es importante el compromiso social, de unirse para que la ni\u00f1ez sea un cambio positivo para el pa\u00eds.<\/p>\n<p><img decoding=\"async\" loading=\"lazy\" class=\"alignnone size-full wp-image-4329\" src=\"https:\/\/laprensacristiana.com\/wp-content\/uploads\/2018\/08\/DSC_0212.jpg\" alt=\"DSC_0212\" width=\"640\" height=\"425\" srcset=\"https:\/\/laprensacristiana.com\/wp-content\/uploads\/2018\/08\/DSC_0212.jpg 640w, https:\/\/laprensacristiana.com\/wp-content\/uploads\/2018\/08\/DSC_0212-600x398.jpg 600w, https:\/\/laprensacristiana.com\/wp-content\/uploads\/2018\/08\/DSC_0212-300x199.jpg 300w, https:\/\/laprensacristiana.com\/wp-content\/uploads\/2018\/08\/DSC_0212-632x420.jpg 632w\" sizes=\"(max-width: 640px) 100vw, 640px\" \/><\/p>\n","protected":false},"excerpt":{"rendered":"<p>Por: Erika Menjivar Se realiz\u00f3 la colocaci\u00f3n de la primera piedra para empezar con el proyecto Edificio Corporativo World Vision El Salvador, en el proceso esperan generar 200 empleos en la construcci\u00f3n. World Vision es una organizaci\u00f3n cristiana internacional y humanitaria con presencia en casi 100 pa\u00edses alrededor del mundo, dedicada a transformar la vida [&hellip;]<\/p>\n","protected":false},"author":3,"featured_media":4330,"comment_status":"open","ping_status":"open","sticky":false,"template":"","format":"standard","meta":[],"categories":[56],"tags":[],"yoast_head":"<!-- This site is optimized with the Yoast SEO plugin v20.8 - https:\/\/yoast.com\/wordpress\/plugins\/seo\/ -->\n<title>Inicia el proyecto del nuevo edificio World Vision - La Prensa Cristiana<\/title>\n<meta name=\"robots\" content=\"index, follow, max-snippet:-1, max-image-preview:large, max-video-preview:-1\" \/>\n<link rel=\"canonical\" href=\"https:\/\/laprensacristiana.com\/?p=4327\" \/>\n<meta property=\"og:locale\" content=\"es_ES\" \/>\n<meta property=\"og:type\" content=\"article\" \/>\n<meta property=\"og:title\" content=\"Inicia el proyecto del nuevo edificio World Vision - La Prensa Cristiana\" \/>\n<meta property=\"og:description\" content=\"Por: Erika Menjivar Se realiz\u00f3 la colocaci\u00f3n de la primera piedra para empezar con el proyecto Edificio Corporativo World Vision El Salvador, en el proceso esperan generar 200 empleos en la construcci\u00f3n. World Vision es una organizaci\u00f3n cristiana internacional y humanitaria con presencia en casi 100 pa\u00edses alrededor del mundo, dedicada a transformar la vida [&hellip;]\" \/>\n<meta property=\"og:url\" content=\"https:\/\/laprensacristiana.com\/?p=4327\" \/>\n<meta property=\"og:site_name\" content=\"La Prensa Cristiana\" \/>\n<meta property=\"article:published_time\" content=\"2018-08-18T13:57:12+00:00\" \/>\n<meta property=\"article:modified_time\" content=\"2020-07-01T23:35:17+00:00\" \/>\n<meta property=\"og:image\" content=\"https:\/\/laprensacristiana.com\/wp-content\/uploads\/2018\/08\/DSC_0213.jpg\" \/>\n\t<meta property=\"og:image:width\" content=\"640\" \/>\n\t<meta property=\"og:image:height\" content=\"425\" \/>\n\t<meta property=\"og:image:type\" content=\"image\/jpeg\" \/>\n<meta name=\"author\" content=\"EDITOR\" \/>\n<meta name=\"twitter:card\" content=\"summary_large_image\" \/>\n<meta name=\"twitter:label1\" content=\"Escrito por\" \/>\n\t<meta name=\"twitter:data1\" content=\"EDITOR\" \/>\n\t<meta name=\"twitter:label2\" content=\"Tiempo de lectura\" \/>\n\t<meta name=\"twitter:data2\" content=\"1 minuto\" \/>\n<script type=\"application\/ld+json\" class=\"yoast-schema-graph\">{\"@context\":\"https:\/\/schema.org\",\"@graph\":[{\"@type\":\"WebPage\",\"@id\":\"https:\/\/laprensacristiana.com\/?p=4327\",\"url\":\"https:\/\/laprensacristiana.com\/?p=4327\",\"name\":\"Inicia el proyecto del nuevo edificio World Vision - La Prensa Cristiana\",\"isPartOf\":{\"@id\":\"https:\/\/laprensacristiana.com\/#website\"},\"datePublished\":\"2018-08-18T13:57:12+00:00\",\"dateModified\":\"2020-07-01T23:35:17+00:00\",\"author\":{\"@id\":\"https:\/\/laprensacristiana.com\/#\/schema\/person\/3e7d82c6bfd6b1fa67010f8f7cd5256e\"},\"breadcrumb\":{\"@id\":\"https:\/\/laprensacristiana.com\/?p=4327#breadcrumb\"},\"inLanguage\":\"es\",\"potentialAction\":[{\"@type\":\"ReadAction\",\"target\":[\"https:\/\/laprensacristiana.com\/?p=4327\"]}]},{\"@type\":\"BreadcrumbList\",\"@id\":\"https:\/\/laprensacristiana.com\/?p=4327#breadcrumb\",\"itemListElement\":[{\"@type\":\"ListItem\",\"position\":1,\"name\":\"Portada\",\"item\":\"https:\/\/laprensacristiana.com\/\"},{\"@type\":\"ListItem\",\"position\":2,\"name\":\"Inicia el proyecto del nuevo edificio World Vision\"}]},{\"@type\":\"WebSite\",\"@id\":\"https:\/\/laprensacristiana.com\/#website\",\"url\":\"https:\/\/laprensacristiana.com\/\",\"name\":\"La Prensa Cristiana\",\"description\":\"Anunciando Las Buenas Nuevas\",\"potentialAction\":[{\"@type\":\"SearchAction\",\"target\":{\"@type\":\"EntryPoint\",\"urlTemplate\":\"https:\/\/laprensacristiana.com\/?s={search_term_string}\"},\"query-input\":\"required name=search_term_string\"}],\"inLanguage\":\"es\"},{\"@type\":\"Person\",\"@id\":\"https:\/\/laprensacristiana.com\/#\/schema\/person\/3e7d82c6bfd6b1fa67010f8f7cd5256e\",\"name\":\"EDITOR\",\"image\":{\"@type\":\"ImageObject\",\"inLanguage\":\"es\",\"@id\":\"https:\/\/laprensacristiana.com\/#\/schema\/person\/image\/\",\"url\":\"https:\/\/secure.gravatar.com\/avatar\/72069dfb6c13772d9e8381e3638666d2?s=96&d=mm&r=g\",\"contentUrl\":\"https:\/\/secure.gravatar.com\/avatar\/72069dfb6c13772d9e8381e3638666d2?s=96&d=mm&r=g\",\"caption\":\"EDITOR\"},\"url\":\"https:\/\/laprensacristiana.com\/?author=3\"}]}<\/script>\n<!-- \/ Yoast SEO plugin. -->","yoast_head_json":{"title":"Inicia el proyecto del nuevo edificio World Vision - La Prensa Cristiana","robots":{"index":"index","follow":"follow","max-snippet":"max-snippet:-1","max-image-preview":"max-image-preview:large","max-video-preview":"max-video-preview:-1"},"canonical":"https:\/\/laprensacristiana.com\/?p=4327","og_locale":"es_ES","og_type":"article","og_title":"Inicia el proyecto del nuevo edificio World Vision - La Prensa Cristiana","og_description":"Por: Erika Menjivar Se realiz\u00f3 la colocaci\u00f3n de la primera piedra para empezar con el proyecto Edificio Corporativo World Vision El Salvador, en el proceso esperan generar 200 empleos en la construcci\u00f3n. World Vision es una organizaci\u00f3n cristiana internacional y humanitaria con presencia en casi 100 pa\u00edses alrededor del mundo, dedicada a transformar la vida [&hellip;]","og_url":"https:\/\/laprensacristiana.com\/?p=4327","og_site_name":"La Prensa Cristiana","article_published_time":"2018-08-18T13:57:12+00:00","article_modified_time":"2020-07-01T23:35:17+00:00","og_image":[{"width":640,"height":425,"url":"https:\/\/laprensacristiana.com\/wp-content\/uploads\/2018\/08\/DSC_0213.jpg","type":"image\/jpeg"}],"author":"EDITOR","twitter_card":"summary_large_image","twitter_misc":{"Escrito por":"EDITOR","Tiempo de lectura":"1 minuto"},"schema":{"@context":"https:\/\/schema.org","@graph":[{"@type":"WebPage","@id":"https:\/\/laprensacristiana.com\/?p=4327","url":"https:\/\/laprensacristiana.com\/?p=4327","name":"Inicia el proyecto del nuevo edificio World Vision - La Prensa Cristiana","isPartOf":{"@id":"https:\/\/laprensacristiana.com\/#website"},"datePublished":"2018-08-18T13:57:12+00:00","dateModified":"2020-07-01T23:35:17+00:00","author":{"@id":"https:\/\/laprensacristiana.com\/#\/schema\/person\/3e7d82c6bfd6b1fa67010f8f7cd5256e"},"breadcrumb":{"@id":"https:\/\/laprensacristiana.com\/?p=4327#breadcrumb"},"inLanguage":"es","potentialAction":[{"@type":"ReadAction","target":["https:\/\/laprensacristiana.com\/?p=4327"]}]},{"@type":"BreadcrumbList","@id":"https:\/\/laprensacristiana.com\/?p=4327#breadcrumb","itemListElement":[{"@type":"ListItem","position":1,"name":"Portada","item":"https:\/\/laprensacristiana.com\/"},{"@type":"ListItem","position":2,"name":"Inicia el proyecto del nuevo edificio World Vision"}]},{"@type":"WebSite","@id":"https:\/\/laprensacristiana.com\/#website","url":"https:\/\/laprensacristiana.com\/","name":"La Prensa Cristiana","description":"Anunciando Las Buenas Nuevas","potentialAction":[{"@type":"SearchAction","target":{"@type":"EntryPoint","urlTemplate":"https:\/\/laprensacristiana.com\/?s={search_term_string}"},"query-input":"required name=search_term_string"}],"inLanguage":"es"},{"@type":"Person","@id":"https:\/\/laprensacristiana.com\/#\/schema\/person\/3e7d82c6bfd6b1fa67010f8f7cd5256e","name":"EDITOR","image":{"@type":"ImageObject","inLanguage":"es","@id":"https:\/\/laprensacristiana.com\/#\/schema\/person\/image\/","url":"https:\/\/secure.gravatar.com\/avatar\/72069dfb6c13772d9e8381e3638666d2?s=96&d=mm&r=g","contentUrl":"https:\/\/secure.gravatar.com\/avatar\/72069dfb6c13772d9e8381e3638666d2?s=96&d=mm&r=g","caption":"EDITOR"},"url":"https:\/\/laprensacristiana.com\/?author=3"}]}},"_links":{"self":[{"href":"https:\/\/laprensacristiana.com\/index.php?rest_route=\/wp\/v2\/posts\/4327"}],"collection":[{"href":"https:\/\/laprensacristiana.com\/index.php?rest_route=\/wp\/v2\/posts"}],"about":[{"href":"https:\/\/laprensacristiana.com\/index.php?rest_route=\/wp\/v2\/types\/post"}],"author":[{"embeddable":true,"href":"https:\/\/laprensacristiana.com\/index.php?rest_route=\/wp\/v2\/users\/3"}],"replies":[{"embeddable":true,"href":"https:\/\/laprensacristiana.com\/index.php?rest_route=%2Fwp%2Fv2%2Fcomments&post=4327"}],"version-history":[{"count":3,"href":"https:\/\/laprensacristiana.com\/index.php?rest_route=\/wp\/v2\/posts\/4327\/revisions"}],"predecessor-version":[{"id":4335,"href":"https:\/\/laprensacristiana.com\/index.php?rest_route=\/wp\/v2\/posts\/4327\/revisions\/4335"}],"wp:featuredmedia":[{"embeddable":true,"href":"https:\/\/laprensacristiana.com\/index.php?rest_route=\/wp\/v2\/media\/4330"}],"wp:attachment":[{"href":"https:\/\/laprensacristiana.com\/index.php?rest_route=%2Fwp%2Fv2%2Fmedia&parent=4327"}],"wp:term":[{"taxonomy":"category","embeddable":true,"href":"https:\/\/laprensacristiana.com\/index.php?rest_route=%2Fwp%2Fv2%2Fcategories&post=4327"},{"taxonomy":"post_tag","embeddable":true,"href":"https:\/\/laprensacristiana.com\/index.php?rest_route=%2Fwp%2Fv2%2Ftags&post=4327"}],"curies":[{"name":"wp","href":"https:\/\/api.w.org\/{rel}","templated":true}]}}