{"id":4337,"date":"2018-08-19T00:46:47","date_gmt":"2018-08-19T00:46:47","guid":{"rendered":"https:\/\/laprensacristiana.com\/?p=4337"},"modified":"2018-08-19T00:46:47","modified_gmt":"2018-08-19T00:46:47","slug":"el-corazon-de-los-derechos-humanos","status":"publish","type":"post","link":"https:\/\/laprensacristiana.com\/?p=4337","title":{"rendered":"El coraz\u00f3n de los derechos humanos"},"content":{"rendered":"<p>Por: Mario Vega &#8212; Pastor General Misi\u00f3n Cristiana Elim<\/p>\n<p>Para algunas personas, la menci\u00f3n de los derechos humanos resulta ser desagradable pues los consideran una garant\u00eda para las personas que cometen delitos y un freno que impide a los polic\u00edas darle a los malos su merecido, un obst\u00e1culo que impide remediar los males sociales.<span id=\"more-9256\"><\/span>\u00a0Casi todas las personas que piensan de esa manera pertenecen a la generaci\u00f3n de posguerra, aquellos que no experimentaron ni tuvieron familiares que fueran v\u00edctimas de abusos inhumanos de todo tipo.<\/p>\n<p>La guerra no fue m\u00e1s que el encadenamiento de sucesivas violaciones a los derechos a la vida y a la seguridad, en la mayor parte de casos, de personas no combatientes. Tales violaciones generaron una presi\u00f3n internacional que empuj\u00f3 a las partes a la mesa de negociaci\u00f3n.<\/p>\n<p>El tema de los derechos humanos fue uno de los tres primeros en mencionarse como objeto de la negociaci\u00f3n en Ginebra, en abril de 1990. En el acuerdo de Caracas en mayo del mismo a\u00f1o fue tema central dentro de la agenda. En julio el tema de los derechos humanos se convirti\u00f3 en el primer y \u00fanico acuerdo de la negociaci\u00f3n en San Jos\u00e9. Ambas partes sab\u00edan que si la guerra llegar\u00eda a su fin ser\u00eda solamente por asegurar a cada ciudadano sus derechos fundamentales. El respeto a los derechos humanos, principalmente el de la vida, fue el estimulo que anim\u00f3 el esfuerzo por construir los acuerdos de paz y, sin duda, fue su observancia lo que hizo posible que el proceso no se derrumbara.<\/p>\n<p>Las atrocidades inimaginables que se vivieron son la raz\u00f3n para ubicar los derechos humanos en su actual posici\u00f3n eminente. Ellos no son solo un conjunto de leyes o decisiones normativas emitidas por un gobierno sino que expresan una dimensi\u00f3n \u00e9tica y racional que es su fundamento y su fin. Para que la Declaraci\u00f3n de Derechos Humanos llegara a ser universal, fue necesario alcanzar un consenso de lo que para diferentes culturas, expresiones jur\u00eddicas y sistemas sociales era el n\u00facleo m\u00ednimo de valores que se deb\u00eda reconocer a las personas. La lucha por cerrar la brecha entre lo justo y lo injusto, entre el desarrollo y la pobreza, entre la seguridad y el conflicto no es m\u00e1s que la lucha por los derechos y las garant\u00edas para toda persona. Ese m\u00ednimo humano universal es el que suele olvidarse cuando, en el d\u00eda a d\u00eda, se separa la dimensi\u00f3n \u00e9tica de la legal. Entonces los derechos humanos corren el riesgo de reducirse a un conjunto de normas o protocolos despreciables.<\/p>\n<p>Es esencial no perder de vista que el sentido com\u00fan de la justicia es la base de los derechos humanos y que deber\u00eda inspirar la solidaridad entre los miembros de la sociedad. Es la manera de garantizar la convivencia pac\u00edfica, pues, si una persona es v\u00edctima de trato inhumano muy pronto caer\u00e1 en la desesperaci\u00f3n y podr\u00e1 ceder con mayor facilidad a la tentaci\u00f3n de la violencia convirti\u00e9ndose ella misma en una amenaza para los dem\u00e1s. Usualmente quien agrede a otros es porque antes fue agredido. De esa manera, todos terminamos perdiendo. La construcci\u00f3n de las condiciones m\u00ednimas para la justicia que son propugnadas por los derechos humanos se vuelve valedera para todos los tiempos y para todos los pueblos y, consecuentemente, deben ser respetados como expresi\u00f3n de la justicia y no solamente porque se impongan por medio de las legislaciones.<\/p>\n","protected":false},"excerpt":{"rendered":"<p>Por: Mario Vega &#8212; Pastor General Misi\u00f3n Cristiana Elim Para algunas personas, la menci\u00f3n de los derechos humanos resulta ser desagradable pues los consideran una garant\u00eda para las personas que cometen delitos y un freno que impide a los polic\u00edas darle a los malos su merecido, un obst\u00e1culo que impide remediar los males sociales.\u00a0Casi todas [&hellip;]<\/p>\n","protected":false},"author":3,"featured_media":4269,"comment_status":"open","ping_status":"open","sticky":false,"template":"","format":"standard","meta":[],"categories":[23],"tags":[],"yoast_head":"<!-- This site is optimized with the Yoast SEO plugin v20.8 - https:\/\/yoast.com\/wordpress\/plugins\/seo\/ -->\n<title>El coraz\u00f3n de los derechos humanos - La Prensa Cristiana<\/title>\n<meta name=\"robots\" content=\"index, follow, max-snippet:-1, max-image-preview:large, max-video-preview:-1\" \/>\n<link rel=\"canonical\" href=\"https:\/\/laprensacristiana.com\/?p=4337\" \/>\n<meta property=\"og:locale\" content=\"es_ES\" \/>\n<meta property=\"og:type\" content=\"article\" \/>\n<meta property=\"og:title\" content=\"El coraz\u00f3n de los derechos humanos - La Prensa Cristiana\" \/>\n<meta property=\"og:description\" content=\"Por: Mario Vega &#8212; Pastor General Misi\u00f3n Cristiana Elim Para algunas personas, la menci\u00f3n de los derechos humanos resulta ser desagradable pues los consideran una garant\u00eda para las personas que cometen delitos y un freno que impide a los polic\u00edas darle a los malos su merecido, un obst\u00e1culo que impide remediar los males sociales.\u00a0Casi todas [&hellip;]\" \/>\n<meta property=\"og:url\" content=\"https:\/\/laprensacristiana.com\/?p=4337\" \/>\n<meta property=\"og:site_name\" content=\"La Prensa Cristiana\" \/>\n<meta property=\"article:published_time\" content=\"2018-08-19T00:46:47+00:00\" \/>\n<meta property=\"og:image\" content=\"https:\/\/laprensacristiana.com\/wp-content\/uploads\/2018\/08\/IMG_20180806_082415.jpg\" \/>\n\t<meta property=\"og:image:width\" content=\"696\" \/>\n\t<meta property=\"og:image:height\" content=\"389\" \/>\n\t<meta property=\"og:image:type\" content=\"image\/jpeg\" \/>\n<meta name=\"author\" content=\"EDITOR\" \/>\n<meta name=\"twitter:card\" content=\"summary_large_image\" \/>\n<meta name=\"twitter:label1\" content=\"Escrito por\" \/>\n\t<meta name=\"twitter:data1\" content=\"EDITOR\" \/>\n\t<meta name=\"twitter:label2\" content=\"Tiempo de lectura\" \/>\n\t<meta name=\"twitter:data2\" content=\"3 minutos\" \/>\n<script type=\"application\/ld+json\" class=\"yoast-schema-graph\">{\"@context\":\"https:\/\/schema.org\",\"@graph\":[{\"@type\":\"WebPage\",\"@id\":\"https:\/\/laprensacristiana.com\/?p=4337\",\"url\":\"https:\/\/laprensacristiana.com\/?p=4337\",\"name\":\"El coraz\u00f3n de los derechos humanos - La Prensa Cristiana\",\"isPartOf\":{\"@id\":\"https:\/\/laprensacristiana.com\/#website\"},\"datePublished\":\"2018-08-19T00:46:47+00:00\",\"dateModified\":\"2018-08-19T00:46:47+00:00\",\"author\":{\"@id\":\"https:\/\/laprensacristiana.com\/#\/schema\/person\/3e7d82c6bfd6b1fa67010f8f7cd5256e\"},\"breadcrumb\":{\"@id\":\"https:\/\/laprensacristiana.com\/?p=4337#breadcrumb\"},\"inLanguage\":\"es\",\"potentialAction\":[{\"@type\":\"ReadAction\",\"target\":[\"https:\/\/laprensacristiana.com\/?p=4337\"]}]},{\"@type\":\"BreadcrumbList\",\"@id\":\"https:\/\/laprensacristiana.com\/?p=4337#breadcrumb\",\"itemListElement\":[{\"@type\":\"ListItem\",\"position\":1,\"name\":\"Portada\",\"item\":\"https:\/\/laprensacristiana.com\/\"},{\"@type\":\"ListItem\",\"position\":2,\"name\":\"El coraz\u00f3n de los derechos humanos\"}]},{\"@type\":\"WebSite\",\"@id\":\"https:\/\/laprensacristiana.com\/#website\",\"url\":\"https:\/\/laprensacristiana.com\/\",\"name\":\"La Prensa Cristiana\",\"description\":\"Anunciando Las Buenas Nuevas\",\"potentialAction\":[{\"@type\":\"SearchAction\",\"target\":{\"@type\":\"EntryPoint\",\"urlTemplate\":\"https:\/\/laprensacristiana.com\/?s={search_term_string}\"},\"query-input\":\"required name=search_term_string\"}],\"inLanguage\":\"es\"},{\"@type\":\"Person\",\"@id\":\"https:\/\/laprensacristiana.com\/#\/schema\/person\/3e7d82c6bfd6b1fa67010f8f7cd5256e\",\"name\":\"EDITOR\",\"image\":{\"@type\":\"ImageObject\",\"inLanguage\":\"es\",\"@id\":\"https:\/\/laprensacristiana.com\/#\/schema\/person\/image\/\",\"url\":\"https:\/\/secure.gravatar.com\/avatar\/72069dfb6c13772d9e8381e3638666d2?s=96&d=mm&r=g\",\"contentUrl\":\"https:\/\/secure.gravatar.com\/avatar\/72069dfb6c13772d9e8381e3638666d2?s=96&d=mm&r=g\",\"caption\":\"EDITOR\"},\"url\":\"https:\/\/laprensacristiana.com\/?author=3\"}]}<\/script>\n<!-- \/ Yoast SEO plugin. -->","yoast_head_json":{"title":"El coraz\u00f3n de los derechos humanos - La Prensa Cristiana","robots":{"index":"index","follow":"follow","max-snippet":"max-snippet:-1","max-image-preview":"max-image-preview:large","max-video-preview":"max-video-preview:-1"},"canonical":"https:\/\/laprensacristiana.com\/?p=4337","og_locale":"es_ES","og_type":"article","og_title":"El coraz\u00f3n de los derechos humanos - La Prensa Cristiana","og_description":"Por: Mario Vega &#8212; Pastor General Misi\u00f3n Cristiana Elim Para algunas personas, la menci\u00f3n de los derechos humanos resulta ser desagradable pues los consideran una garant\u00eda para las personas que cometen delitos y un freno que impide a los polic\u00edas darle a los malos su merecido, un obst\u00e1culo que impide remediar los males sociales.\u00a0Casi todas [&hellip;]","og_url":"https:\/\/laprensacristiana.com\/?p=4337","og_site_name":"La Prensa Cristiana","article_published_time":"2018-08-19T00:46:47+00:00","og_image":[{"width":696,"height":389,"url":"https:\/\/laprensacristiana.com\/wp-content\/uploads\/2018\/08\/IMG_20180806_082415.jpg","type":"image\/jpeg"}],"author":"EDITOR","twitter_card":"summary_large_image","twitter_misc":{"Escrito por":"EDITOR","Tiempo de lectura":"3 minutos"},"schema":{"@context":"https:\/\/schema.org","@graph":[{"@type":"WebPage","@id":"https:\/\/laprensacristiana.com\/?p=4337","url":"https:\/\/laprensacristiana.com\/?p=4337","name":"El coraz\u00f3n de los derechos humanos - La Prensa Cristiana","isPartOf":{"@id":"https:\/\/laprensacristiana.com\/#website"},"datePublished":"2018-08-19T00:46:47+00:00","dateModified":"2018-08-19T00:46:47+00:00","author":{"@id":"https:\/\/laprensacristiana.com\/#\/schema\/person\/3e7d82c6bfd6b1fa67010f8f7cd5256e"},"breadcrumb":{"@id":"https:\/\/laprensacristiana.com\/?p=4337#breadcrumb"},"inLanguage":"es","potentialAction":[{"@type":"ReadAction","target":["https:\/\/laprensacristiana.com\/?p=4337"]}]},{"@type":"BreadcrumbList","@id":"https:\/\/laprensacristiana.com\/?p=4337#breadcrumb","itemListElement":[{"@type":"ListItem","position":1,"name":"Portada","item":"https:\/\/laprensacristiana.com\/"},{"@type":"ListItem","position":2,"name":"El coraz\u00f3n de los derechos humanos"}]},{"@type":"WebSite","@id":"https:\/\/laprensacristiana.com\/#website","url":"https:\/\/laprensacristiana.com\/","name":"La Prensa Cristiana","description":"Anunciando Las Buenas Nuevas","potentialAction":[{"@type":"SearchAction","target":{"@type":"EntryPoint","urlTemplate":"https:\/\/laprensacristiana.com\/?s={search_term_string}"},"query-input":"required name=search_term_string"}],"inLanguage":"es"},{"@type":"Person","@id":"https:\/\/laprensacristiana.com\/#\/schema\/person\/3e7d82c6bfd6b1fa67010f8f7cd5256e","name":"EDITOR","image":{"@type":"ImageObject","inLanguage":"es","@id":"https:\/\/laprensacristiana.com\/#\/schema\/person\/image\/","url":"https:\/\/secure.gravatar.com\/avatar\/72069dfb6c13772d9e8381e3638666d2?s=96&d=mm&r=g","contentUrl":"https:\/\/secure.gravatar.com\/avatar\/72069dfb6c13772d9e8381e3638666d2?s=96&d=mm&r=g","caption":"EDITOR"},"url":"https:\/\/laprensacristiana.com\/?author=3"}]}},"_links":{"self":[{"href":"https:\/\/laprensacristiana.com\/index.php?rest_route=\/wp\/v2\/posts\/4337"}],"collection":[{"href":"https:\/\/laprensacristiana.com\/index.php?rest_route=\/wp\/v2\/posts"}],"about":[{"href":"https:\/\/laprensacristiana.com\/index.php?rest_route=\/wp\/v2\/types\/post"}],"author":[{"embeddable":true,"href":"https:\/\/laprensacristiana.com\/index.php?rest_route=\/wp\/v2\/users\/3"}],"replies":[{"embeddable":true,"href":"https:\/\/laprensacristiana.com\/index.php?rest_route=%2Fwp%2Fv2%2Fcomments&post=4337"}],"version-history":[{"count":1,"href":"https:\/\/laprensacristiana.com\/index.php?rest_route=\/wp\/v2\/posts\/4337\/revisions"}],"predecessor-version":[{"id":4338,"href":"https:\/\/laprensacristiana.com\/index.php?rest_route=\/wp\/v2\/posts\/4337\/revisions\/4338"}],"wp:featuredmedia":[{"embeddable":true,"href":"https:\/\/laprensacristiana.com\/index.php?rest_route=\/wp\/v2\/media\/4269"}],"wp:attachment":[{"href":"https:\/\/laprensacristiana.com\/index.php?rest_route=%2Fwp%2Fv2%2Fmedia&parent=4337"}],"wp:term":[{"taxonomy":"category","embeddable":true,"href":"https:\/\/laprensacristiana.com\/index.php?rest_route=%2Fwp%2Fv2%2Fcategories&post=4337"},{"taxonomy":"post_tag","embeddable":true,"href":"https:\/\/laprensacristiana.com\/index.php?rest_route=%2Fwp%2Fv2%2Ftags&post=4337"}],"curies":[{"name":"wp","href":"https:\/\/api.w.org\/{rel}","templated":true}]}}