{"id":4346,"date":"2018-08-19T22:58:17","date_gmt":"2018-08-19T22:58:17","guid":{"rendered":"https:\/\/laprensacristiana.com\/?p=4346"},"modified":"2020-07-01T23:34:33","modified_gmt":"2020-07-01T23:34:33","slug":"especialidades-625-realiza-cumbre-nacional-de-liderazgo-generacional-en-el-salvador","status":"publish","type":"post","link":"https:\/\/laprensacristiana.com\/?p=4346","title":{"rendered":"Especialidades 625 realiza Cumbre Nacional de  Liderazgo Generacional  en El Salvador"},"content":{"rendered":"<p>Por: Erika Menjivar<\/p>\n<p>El pasado viernes 17 y s\u00e1bado 18 de agosto se realiz\u00f3 la Cumbre Nacional de\u00a0 Liderazgo Generacional\u00a0 en El Salvador organizada por Especialidades 625, el ministerio internacional de Lucas Leys que pretende ofrecer los mejores recursos a quienes trabajan en el discipuladode la nueva generaci\u00f3n desde los 6 hasta los 25 a\u00f1os.<\/p>\n<p>La cumbre estaba dirigida a todos aquellos que a trav\u00e9s de su labor tienen contacto con las nuevas generaciones.<\/p>\n<p>Se cont\u00f3 con la participaci\u00f3n de expositores Internacionales como Alberto Mottesi, Lucas Leys, Adrian Intrieri, Alex P\u00e9rez y expositores nacionales entre los que destacan Jon\u00e1s Herrera, Josu\u00e9 Blanco, Ivan Bustillo (Little Viejo), Jacky Morales \u00a0y muchos m\u00e1s.<\/p>\n<p>\u201cEsta cumbre ha sido un parteaguas para la vida de muchos porque se ha impartido un material excelente que los ha empoderado para los a\u00f1os futuros\u201d expres\u00f3 el evangelista Alberto Mottesi.<\/p>\n<p>Los principales temas desarrollados fueron; \u00bfQu\u00e9 es el liderazgo?, La iglesia que los j\u00f3venes necesitan, Cualidades de un l\u00edder generacional, C\u00f3mo implement\u00f3 el liderazgo generacional en la iglesia, La Iglesia del futuro, Los mentores que los ni\u00f1os necesitan, 7 secretos que todo l\u00edder de ni\u00f1os debe saber, La depresi\u00f3n y la adolescencia, \u00bfC\u00f3mo hablarle a una generaci\u00f3n aburrida?, entre otros.<\/p>\n<p>\u201cLa idea de la cumbre de liderazgo generacional era reunir pastores generales, maestros, acad\u00e9micos, comunicadores y padres, para hablar de c\u00f3mo ser m\u00e1s eficientes y efectivos en liderar a las nuevas generaciones, las cuales para nosotros est\u00e1n comprendidas entre los 6 y 25 a\u00f1os. A eso le llamamos nuevas generaciones, entonces los l\u00edderes generacionales son aquellos que est\u00e1n influyendo en estas 4 etapas, ni\u00f1os, pre-adolescentes, adolescentes, j\u00f3venes universitarios, pretend\u00edamos estar juntos en un lugar y aprender c\u00f3mo hacerlo de mejor forma.\u201d Concluy\u00f3 Jon\u00e1s Herrera director de E625 El Salvador.<\/p>\n<p>Adem\u00e1s, el espacio musical estuvo a cargo de Pablo Rosales, GDS Band, Ricardo Quinteros, Lion RFC y Marinella Arru\u00e9.<\/p>\n<p><img decoding=\"async\" loading=\"lazy\" class=\"alignnone size-full wp-image-4348\" src=\"https:\/\/laprensacristiana.com\/wp-content\/uploads\/2018\/08\/E2.jpg\" alt=\"\" width=\"960\" height=\"960\" srcset=\"https:\/\/laprensacristiana.com\/wp-content\/uploads\/2018\/08\/E2.jpg 960w, https:\/\/laprensacristiana.com\/wp-content\/uploads\/2018\/08\/E2-300x300.jpg 300w, https:\/\/laprensacristiana.com\/wp-content\/uploads\/2018\/08\/E2-100x100.jpg 100w, https:\/\/laprensacristiana.com\/wp-content\/uploads\/2018\/08\/E2-600x600.jpg 600w, https:\/\/laprensacristiana.com\/wp-content\/uploads\/2018\/08\/E2-150x150.jpg 150w, https:\/\/laprensacristiana.com\/wp-content\/uploads\/2018\/08\/E2-768x768.jpg 768w, https:\/\/laprensacristiana.com\/wp-content\/uploads\/2018\/08\/E2-696x696.jpg 696w, https:\/\/laprensacristiana.com\/wp-content\/uploads\/2018\/08\/E2-420x420.jpg 420w\" sizes=\"(max-width: 960px) 100vw, 960px\" \/><\/p>\n<p>&nbsp;<\/p>\n","protected":false},"excerpt":{"rendered":"<p>Por: Erika Menjivar El pasado viernes 17 y s\u00e1bado 18 de agosto se realiz\u00f3 la Cumbre Nacional de\u00a0 Liderazgo Generacional\u00a0 en El Salvador organizada por Especialidades 625, el ministerio internacional de Lucas Leys que pretende ofrecer los mejores recursos a quienes trabajan en el discipuladode la nueva generaci\u00f3n desde los 6 hasta los 25 a\u00f1os. [&hellip;]<\/p>\n","protected":false},"author":3,"featured_media":4347,"comment_status":"open","ping_status":"open","sticky":false,"template":"","format":"standard","meta":[],"categories":[56],"tags":[],"yoast_head":"<!-- This site is optimized with the Yoast SEO plugin v20.8 - https:\/\/yoast.com\/wordpress\/plugins\/seo\/ -->\n<title>Especialidades 625 realiza Cumbre Nacional de Liderazgo Generacional en El Salvador - La Prensa Cristiana<\/title>\n<meta name=\"robots\" content=\"index, follow, max-snippet:-1, max-image-preview:large, max-video-preview:-1\" \/>\n<link rel=\"canonical\" href=\"https:\/\/laprensacristiana.com\/?p=4346\" \/>\n<meta property=\"og:locale\" content=\"es_ES\" \/>\n<meta property=\"og:type\" content=\"article\" \/>\n<meta property=\"og:title\" content=\"Especialidades 625 realiza Cumbre Nacional de Liderazgo Generacional en El Salvador - La Prensa Cristiana\" \/>\n<meta property=\"og:description\" content=\"Por: Erika Menjivar El pasado viernes 17 y s\u00e1bado 18 de agosto se realiz\u00f3 la Cumbre Nacional de\u00a0 Liderazgo Generacional\u00a0 en El Salvador organizada por Especialidades 625, el ministerio internacional de Lucas Leys que pretende ofrecer los mejores recursos a quienes trabajan en el discipuladode la nueva generaci\u00f3n desde los 6 hasta los 25 a\u00f1os. [&hellip;]\" \/>\n<meta property=\"og:url\" content=\"https:\/\/laprensacristiana.com\/?p=4346\" \/>\n<meta property=\"og:site_name\" content=\"La Prensa Cristiana\" \/>\n<meta property=\"article:published_time\" content=\"2018-08-19T22:58:17+00:00\" \/>\n<meta property=\"article:modified_time\" content=\"2020-07-01T23:34:33+00:00\" \/>\n<meta property=\"og:image\" content=\"https:\/\/laprensacristiana.com\/wp-content\/uploads\/2018\/08\/E1.jpg\" \/>\n\t<meta property=\"og:image:width\" content=\"960\" \/>\n\t<meta property=\"og:image:height\" content=\"960\" \/>\n\t<meta property=\"og:image:type\" content=\"image\/jpeg\" \/>\n<meta name=\"author\" content=\"EDITOR\" \/>\n<meta name=\"twitter:card\" content=\"summary_large_image\" \/>\n<meta name=\"twitter:label1\" content=\"Escrito por\" \/>\n\t<meta name=\"twitter:data1\" content=\"EDITOR\" \/>\n\t<meta name=\"twitter:label2\" content=\"Tiempo de lectura\" \/>\n\t<meta name=\"twitter:data2\" content=\"2 minutos\" \/>\n<script type=\"application\/ld+json\" class=\"yoast-schema-graph\">{\"@context\":\"https:\/\/schema.org\",\"@graph\":[{\"@type\":\"WebPage\",\"@id\":\"https:\/\/laprensacristiana.com\/?p=4346\",\"url\":\"https:\/\/laprensacristiana.com\/?p=4346\",\"name\":\"Especialidades 625 realiza Cumbre Nacional de Liderazgo Generacional en El Salvador - La Prensa Cristiana\",\"isPartOf\":{\"@id\":\"https:\/\/laprensacristiana.com\/#website\"},\"datePublished\":\"2018-08-19T22:58:17+00:00\",\"dateModified\":\"2020-07-01T23:34:33+00:00\",\"author\":{\"@id\":\"https:\/\/laprensacristiana.com\/#\/schema\/person\/3e7d82c6bfd6b1fa67010f8f7cd5256e\"},\"breadcrumb\":{\"@id\":\"https:\/\/laprensacristiana.com\/?p=4346#breadcrumb\"},\"inLanguage\":\"es\",\"potentialAction\":[{\"@type\":\"ReadAction\",\"target\":[\"https:\/\/laprensacristiana.com\/?p=4346\"]}]},{\"@type\":\"BreadcrumbList\",\"@id\":\"https:\/\/laprensacristiana.com\/?p=4346#breadcrumb\",\"itemListElement\":[{\"@type\":\"ListItem\",\"position\":1,\"name\":\"Portada\",\"item\":\"https:\/\/laprensacristiana.com\/\"},{\"@type\":\"ListItem\",\"position\":2,\"name\":\"Especialidades 625 realiza Cumbre Nacional de Liderazgo Generacional en El Salvador\"}]},{\"@type\":\"WebSite\",\"@id\":\"https:\/\/laprensacristiana.com\/#website\",\"url\":\"https:\/\/laprensacristiana.com\/\",\"name\":\"La Prensa Cristiana\",\"description\":\"Anunciando Las Buenas Nuevas\",\"potentialAction\":[{\"@type\":\"SearchAction\",\"target\":{\"@type\":\"EntryPoint\",\"urlTemplate\":\"https:\/\/laprensacristiana.com\/?s={search_term_string}\"},\"query-input\":\"required name=search_term_string\"}],\"inLanguage\":\"es\"},{\"@type\":\"Person\",\"@id\":\"https:\/\/laprensacristiana.com\/#\/schema\/person\/3e7d82c6bfd6b1fa67010f8f7cd5256e\",\"name\":\"EDITOR\",\"image\":{\"@type\":\"ImageObject\",\"inLanguage\":\"es\",\"@id\":\"https:\/\/laprensacristiana.com\/#\/schema\/person\/image\/\",\"url\":\"https:\/\/secure.gravatar.com\/avatar\/72069dfb6c13772d9e8381e3638666d2?s=96&d=mm&r=g\",\"contentUrl\":\"https:\/\/secure.gravatar.com\/avatar\/72069dfb6c13772d9e8381e3638666d2?s=96&d=mm&r=g\",\"caption\":\"EDITOR\"},\"url\":\"https:\/\/laprensacristiana.com\/?author=3\"}]}<\/script>\n<!-- \/ Yoast SEO plugin. -->","yoast_head_json":{"title":"Especialidades 625 realiza Cumbre Nacional de Liderazgo Generacional en El Salvador - La Prensa Cristiana","robots":{"index":"index","follow":"follow","max-snippet":"max-snippet:-1","max-image-preview":"max-image-preview:large","max-video-preview":"max-video-preview:-1"},"canonical":"https:\/\/laprensacristiana.com\/?p=4346","og_locale":"es_ES","og_type":"article","og_title":"Especialidades 625 realiza Cumbre Nacional de Liderazgo Generacional en El Salvador - La Prensa Cristiana","og_description":"Por: Erika Menjivar El pasado viernes 17 y s\u00e1bado 18 de agosto se realiz\u00f3 la Cumbre Nacional de\u00a0 Liderazgo Generacional\u00a0 en El Salvador organizada por Especialidades 625, el ministerio internacional de Lucas Leys que pretende ofrecer los mejores recursos a quienes trabajan en el discipuladode la nueva generaci\u00f3n desde los 6 hasta los 25 a\u00f1os. [&hellip;]","og_url":"https:\/\/laprensacristiana.com\/?p=4346","og_site_name":"La Prensa Cristiana","article_published_time":"2018-08-19T22:58:17+00:00","article_modified_time":"2020-07-01T23:34:33+00:00","og_image":[{"width":960,"height":960,"url":"https:\/\/laprensacristiana.com\/wp-content\/uploads\/2018\/08\/E1.jpg","type":"image\/jpeg"}],"author":"EDITOR","twitter_card":"summary_large_image","twitter_misc":{"Escrito por":"EDITOR","Tiempo de lectura":"2 minutos"},"schema":{"@context":"https:\/\/schema.org","@graph":[{"@type":"WebPage","@id":"https:\/\/laprensacristiana.com\/?p=4346","url":"https:\/\/laprensacristiana.com\/?p=4346","name":"Especialidades 625 realiza Cumbre Nacional de Liderazgo Generacional en El Salvador - La Prensa Cristiana","isPartOf":{"@id":"https:\/\/laprensacristiana.com\/#website"},"datePublished":"2018-08-19T22:58:17+00:00","dateModified":"2020-07-01T23:34:33+00:00","author":{"@id":"https:\/\/laprensacristiana.com\/#\/schema\/person\/3e7d82c6bfd6b1fa67010f8f7cd5256e"},"breadcrumb":{"@id":"https:\/\/laprensacristiana.com\/?p=4346#breadcrumb"},"inLanguage":"es","potentialAction":[{"@type":"ReadAction","target":["https:\/\/laprensacristiana.com\/?p=4346"]}]},{"@type":"BreadcrumbList","@id":"https:\/\/laprensacristiana.com\/?p=4346#breadcrumb","itemListElement":[{"@type":"ListItem","position":1,"name":"Portada","item":"https:\/\/laprensacristiana.com\/"},{"@type":"ListItem","position":2,"name":"Especialidades 625 realiza Cumbre Nacional de Liderazgo Generacional en El Salvador"}]},{"@type":"WebSite","@id":"https:\/\/laprensacristiana.com\/#website","url":"https:\/\/laprensacristiana.com\/","name":"La Prensa Cristiana","description":"Anunciando Las Buenas Nuevas","potentialAction":[{"@type":"SearchAction","target":{"@type":"EntryPoint","urlTemplate":"https:\/\/laprensacristiana.com\/?s={search_term_string}"},"query-input":"required name=search_term_string"}],"inLanguage":"es"},{"@type":"Person","@id":"https:\/\/laprensacristiana.com\/#\/schema\/person\/3e7d82c6bfd6b1fa67010f8f7cd5256e","name":"EDITOR","image":{"@type":"ImageObject","inLanguage":"es","@id":"https:\/\/laprensacristiana.com\/#\/schema\/person\/image\/","url":"https:\/\/secure.gravatar.com\/avatar\/72069dfb6c13772d9e8381e3638666d2?s=96&d=mm&r=g","contentUrl":"https:\/\/secure.gravatar.com\/avatar\/72069dfb6c13772d9e8381e3638666d2?s=96&d=mm&r=g","caption":"EDITOR"},"url":"https:\/\/laprensacristiana.com\/?author=3"}]}},"_links":{"self":[{"href":"https:\/\/laprensacristiana.com\/index.php?rest_route=\/wp\/v2\/posts\/4346"}],"collection":[{"href":"https:\/\/laprensacristiana.com\/index.php?rest_route=\/wp\/v2\/posts"}],"about":[{"href":"https:\/\/laprensacristiana.com\/index.php?rest_route=\/wp\/v2\/types\/post"}],"author":[{"embeddable":true,"href":"https:\/\/laprensacristiana.com\/index.php?rest_route=\/wp\/v2\/users\/3"}],"replies":[{"embeddable":true,"href":"https:\/\/laprensacristiana.com\/index.php?rest_route=%2Fwp%2Fv2%2Fcomments&post=4346"}],"version-history":[{"count":1,"href":"https:\/\/laprensacristiana.com\/index.php?rest_route=\/wp\/v2\/posts\/4346\/revisions"}],"predecessor-version":[{"id":4349,"href":"https:\/\/laprensacristiana.com\/index.php?rest_route=\/wp\/v2\/posts\/4346\/revisions\/4349"}],"wp:featuredmedia":[{"embeddable":true,"href":"https:\/\/laprensacristiana.com\/index.php?rest_route=\/wp\/v2\/media\/4347"}],"wp:attachment":[{"href":"https:\/\/laprensacristiana.com\/index.php?rest_route=%2Fwp%2Fv2%2Fmedia&parent=4346"}],"wp:term":[{"taxonomy":"category","embeddable":true,"href":"https:\/\/laprensacristiana.com\/index.php?rest_route=%2Fwp%2Fv2%2Fcategories&post=4346"},{"taxonomy":"post_tag","embeddable":true,"href":"https:\/\/laprensacristiana.com\/index.php?rest_route=%2Fwp%2Fv2%2Ftags&post=4346"}],"curies":[{"name":"wp","href":"https:\/\/api.w.org\/{rel}","templated":true}]}}