{"id":4350,"date":"2018-08-20T16:22:37","date_gmt":"2018-08-20T16:22:37","guid":{"rendered":"https:\/\/laprensacristiana.com\/?p=4350"},"modified":"2020-07-01T23:34:16","modified_gmt":"2020-07-01T23:34:16","slug":"el-super-libro-congreso-para-conocer-mas-de-la-palabra-de-dios","status":"publish","type":"post","link":"https:\/\/laprensacristiana.com\/?p=4350","title":{"rendered":"El S\u00faper Libro; congreso para conocer m\u00e1s de La Palabra de Dios"},"content":{"rendered":"<p><strong>Por: Erika Menjivar<\/strong><\/p>\n<p>El Tabern\u00e1culo B\u00edblico Bautista Amigos de Israel, realiz\u00f3 este congreso juvenil por onceava vez consecutiva para fomentar un espacio donde los j\u00f3venes pudieron alabar el nombre de Dios y conocer m\u00e1s de El S\u00faper Libro, La Biblia.<\/p>\n<p>\u201cUn evento en el cual traemos a muchos j\u00f3venes de todo el pa\u00eds a muy tempranas horas para poder exaltar el nombre de Dios y tambi\u00e9n poder aprender un poco m\u00e1s de Dios\u201d, coment\u00f3 Vladimir Portillo, parte del equipo de log\u00edstica del Tabern\u00e1culo B\u00edblico Bautista Amigos de Israel.<\/p>\n<p>Los artistas invitados internacionales fueron: Thalles Roberto de Brazil, Josu\u00e9 del Cid desde Estados Unidos (cantautor salvadore\u00f1o), Julio Melgar desde Guatemala, Pablo Olivares de Argentina y de El Salvador J\u00f3venes en Victoria y otros.<\/p>\n<p>Este congreso se realiza anualmente por parte del \u00a0Tabern\u00e1culo B\u00edblico Bautista Amigos de Israel, este a\u00f1o se denomin\u00f3 con ese nombre, porque seg\u00fan Vladimir Portillo, porque es importante resaltar que La Biblia es un Gran Libro. Adem\u00e1s, expresa que se repartieron m\u00e1s de 12,000 biblias en el desarrollo del evento.<\/p>\n<p>Tambi\u00e9n dice sentirse feliz por la aceptaci\u00f3n de las personas ante este proyecto, pues sin importar las condiciones clim\u00e1ticas, la distancia y el horario m\u00e1s de 12,000 personas asistieron al congreso.<\/p>\n<p><img decoding=\"async\" loading=\"lazy\" class=\"alignnone size-full wp-image-4352\" src=\"https:\/\/laprensacristiana.com\/wp-content\/uploads\/2018\/08\/WhatsApp-Image-2018-08-20-at-10.12.51-AM.jpeg\" alt=\"\" width=\"1280\" height=\"851\" srcset=\"https:\/\/laprensacristiana.com\/wp-content\/uploads\/2018\/08\/WhatsApp-Image-2018-08-20-at-10.12.51-AM.jpeg 1280w, https:\/\/laprensacristiana.com\/wp-content\/uploads\/2018\/08\/WhatsApp-Image-2018-08-20-at-10.12.51-AM-600x399.jpeg 600w, https:\/\/laprensacristiana.com\/wp-content\/uploads\/2018\/08\/WhatsApp-Image-2018-08-20-at-10.12.51-AM-300x199.jpeg 300w, https:\/\/laprensacristiana.com\/wp-content\/uploads\/2018\/08\/WhatsApp-Image-2018-08-20-at-10.12.51-AM-768x511.jpeg 768w, https:\/\/laprensacristiana.com\/wp-content\/uploads\/2018\/08\/WhatsApp-Image-2018-08-20-at-10.12.51-AM-1024x681.jpeg 1024w, https:\/\/laprensacristiana.com\/wp-content\/uploads\/2018\/08\/WhatsApp-Image-2018-08-20-at-10.12.51-AM-696x463.jpeg 696w, https:\/\/laprensacristiana.com\/wp-content\/uploads\/2018\/08\/WhatsApp-Image-2018-08-20-at-10.12.51-AM-1068x710.jpeg 1068w, https:\/\/laprensacristiana.com\/wp-content\/uploads\/2018\/08\/WhatsApp-Image-2018-08-20-at-10.12.51-AM-632x420.jpeg 632w\" sizes=\"(max-width: 1280px) 100vw, 1280px\" \/><\/p>\n<p>El artista, Thalles Roberto coment\u00f3 el motivo de participar en este congreso: \u201cYo me convert\u00ed a trav\u00e9s de La Palabra, yo tuve una experiencia con Dios, estuve en drogas y vicios, pero un d\u00eda yo me encontr\u00e9 con un s\u00faper libro, La Biblia. La le\u00ed sin que nadie me dijera, la le\u00ed toda, estaba loco pero termin\u00e9 sano, por eso es importante conocerla m\u00e1s\u201d.<\/p>\n<p>Thalles, hace una invitaci\u00f3n a toda la poblaci\u00f3n salvadore\u00f1a a buscar la verdad en las Sagradas Escrituras y es importante reunirse con personas que aman a Dios para ser transformados.<\/p>\n<p>Mientras que el artista, Josu\u00e9 del Cid, salvadore\u00f1o ejerciendo su carrera art\u00edstica en Estados Unidos, expresa: \u201cMe motiva el poder ver a esa generaci\u00f3n de j\u00f3venes y adolecentes que Dios est\u00e1 llamando\u201d. Tambi\u00e9n a\u00f1ade: \u201cYo le digo a todos los j\u00f3venes de El Salvador que se apeguen, que tu fundamento, que tu roca, lo que te sostenga sea la Palabra de Dios, es lo que necesitamos como pa\u00eds, como Naci\u00f3n y como generaci\u00f3n.<\/p>\n","protected":false},"excerpt":{"rendered":"<p>Por: Erika Menjivar El Tabern\u00e1culo B\u00edblico Bautista Amigos de Israel, realiz\u00f3 este congreso juvenil por onceava vez consecutiva para fomentar un espacio donde los j\u00f3venes pudieron alabar el nombre de Dios y conocer m\u00e1s de El S\u00faper Libro, La Biblia. \u201cUn evento en el cual traemos a muchos j\u00f3venes de todo el pa\u00eds a muy [&hellip;]<\/p>\n","protected":false},"author":3,"featured_media":4351,"comment_status":"open","ping_status":"open","sticky":false,"template":"","format":"standard","meta":[],"categories":[56],"tags":[],"yoast_head":"<!-- This site is optimized with the Yoast SEO plugin v20.8 - https:\/\/yoast.com\/wordpress\/plugins\/seo\/ -->\n<title>El S\u00faper Libro; congreso para conocer m\u00e1s de La Palabra de Dios - La Prensa Cristiana<\/title>\n<meta name=\"robots\" content=\"index, follow, max-snippet:-1, max-image-preview:large, max-video-preview:-1\" \/>\n<link rel=\"canonical\" href=\"https:\/\/laprensacristiana.com\/?p=4350\" \/>\n<meta property=\"og:locale\" content=\"es_ES\" \/>\n<meta property=\"og:type\" content=\"article\" \/>\n<meta property=\"og:title\" content=\"El S\u00faper Libro; congreso para conocer m\u00e1s de La Palabra de Dios - La Prensa Cristiana\" \/>\n<meta property=\"og:description\" content=\"Por: Erika Menjivar El Tabern\u00e1culo B\u00edblico Bautista Amigos de Israel, realiz\u00f3 este congreso juvenil por onceava vez consecutiva para fomentar un espacio donde los j\u00f3venes pudieron alabar el nombre de Dios y conocer m\u00e1s de El S\u00faper Libro, La Biblia. \u201cUn evento en el cual traemos a muchos j\u00f3venes de todo el pa\u00eds a muy [&hellip;]\" \/>\n<meta property=\"og:url\" content=\"https:\/\/laprensacristiana.com\/?p=4350\" \/>\n<meta property=\"og:site_name\" content=\"La Prensa Cristiana\" \/>\n<meta property=\"article:published_time\" content=\"2018-08-20T16:22:37+00:00\" \/>\n<meta property=\"article:modified_time\" content=\"2020-07-01T23:34:16+00:00\" \/>\n<meta property=\"og:image\" content=\"https:\/\/laprensacristiana.com\/wp-content\/uploads\/2018\/08\/WhatsApp-Image-2018-08-20-at-10.12.51-AM-3.jpeg\" \/>\n\t<meta property=\"og:image:width\" content=\"1280\" \/>\n\t<meta property=\"og:image:height\" content=\"851\" \/>\n\t<meta property=\"og:image:type\" content=\"image\/jpeg\" \/>\n<meta name=\"author\" content=\"EDITOR\" \/>\n<meta name=\"twitter:card\" content=\"summary_large_image\" \/>\n<meta name=\"twitter:label1\" content=\"Escrito por\" \/>\n\t<meta name=\"twitter:data1\" content=\"EDITOR\" \/>\n\t<meta name=\"twitter:label2\" content=\"Tiempo de lectura\" \/>\n\t<meta name=\"twitter:data2\" content=\"2 minutos\" \/>\n<script type=\"application\/ld+json\" class=\"yoast-schema-graph\">{\"@context\":\"https:\/\/schema.org\",\"@graph\":[{\"@type\":\"WebPage\",\"@id\":\"https:\/\/laprensacristiana.com\/?p=4350\",\"url\":\"https:\/\/laprensacristiana.com\/?p=4350\",\"name\":\"El S\u00faper Libro; congreso para conocer m\u00e1s de La Palabra de Dios - La Prensa Cristiana\",\"isPartOf\":{\"@id\":\"https:\/\/laprensacristiana.com\/#website\"},\"datePublished\":\"2018-08-20T16:22:37+00:00\",\"dateModified\":\"2020-07-01T23:34:16+00:00\",\"author\":{\"@id\":\"https:\/\/laprensacristiana.com\/#\/schema\/person\/3e7d82c6bfd6b1fa67010f8f7cd5256e\"},\"breadcrumb\":{\"@id\":\"https:\/\/laprensacristiana.com\/?p=4350#breadcrumb\"},\"inLanguage\":\"es\",\"potentialAction\":[{\"@type\":\"ReadAction\",\"target\":[\"https:\/\/laprensacristiana.com\/?p=4350\"]}]},{\"@type\":\"BreadcrumbList\",\"@id\":\"https:\/\/laprensacristiana.com\/?p=4350#breadcrumb\",\"itemListElement\":[{\"@type\":\"ListItem\",\"position\":1,\"name\":\"Portada\",\"item\":\"https:\/\/laprensacristiana.com\/\"},{\"@type\":\"ListItem\",\"position\":2,\"name\":\"El S\u00faper Libro; congreso para conocer m\u00e1s de La Palabra de Dios\"}]},{\"@type\":\"WebSite\",\"@id\":\"https:\/\/laprensacristiana.com\/#website\",\"url\":\"https:\/\/laprensacristiana.com\/\",\"name\":\"La Prensa Cristiana\",\"description\":\"Anunciando Las Buenas Nuevas\",\"potentialAction\":[{\"@type\":\"SearchAction\",\"target\":{\"@type\":\"EntryPoint\",\"urlTemplate\":\"https:\/\/laprensacristiana.com\/?s={search_term_string}\"},\"query-input\":\"required name=search_term_string\"}],\"inLanguage\":\"es\"},{\"@type\":\"Person\",\"@id\":\"https:\/\/laprensacristiana.com\/#\/schema\/person\/3e7d82c6bfd6b1fa67010f8f7cd5256e\",\"name\":\"EDITOR\",\"image\":{\"@type\":\"ImageObject\",\"inLanguage\":\"es\",\"@id\":\"https:\/\/laprensacristiana.com\/#\/schema\/person\/image\/\",\"url\":\"https:\/\/secure.gravatar.com\/avatar\/72069dfb6c13772d9e8381e3638666d2?s=96&d=mm&r=g\",\"contentUrl\":\"https:\/\/secure.gravatar.com\/avatar\/72069dfb6c13772d9e8381e3638666d2?s=96&d=mm&r=g\",\"caption\":\"EDITOR\"},\"url\":\"https:\/\/laprensacristiana.com\/?author=3\"}]}<\/script>\n<!-- \/ Yoast SEO plugin. -->","yoast_head_json":{"title":"El S\u00faper Libro; congreso para conocer m\u00e1s de La Palabra de Dios - La Prensa Cristiana","robots":{"index":"index","follow":"follow","max-snippet":"max-snippet:-1","max-image-preview":"max-image-preview:large","max-video-preview":"max-video-preview:-1"},"canonical":"https:\/\/laprensacristiana.com\/?p=4350","og_locale":"es_ES","og_type":"article","og_title":"El S\u00faper Libro; congreso para conocer m\u00e1s de La Palabra de Dios - La Prensa Cristiana","og_description":"Por: Erika Menjivar El Tabern\u00e1culo B\u00edblico Bautista Amigos de Israel, realiz\u00f3 este congreso juvenil por onceava vez consecutiva para fomentar un espacio donde los j\u00f3venes pudieron alabar el nombre de Dios y conocer m\u00e1s de El S\u00faper Libro, La Biblia. \u201cUn evento en el cual traemos a muchos j\u00f3venes de todo el pa\u00eds a muy [&hellip;]","og_url":"https:\/\/laprensacristiana.com\/?p=4350","og_site_name":"La Prensa Cristiana","article_published_time":"2018-08-20T16:22:37+00:00","article_modified_time":"2020-07-01T23:34:16+00:00","og_image":[{"width":1280,"height":851,"url":"https:\/\/laprensacristiana.com\/wp-content\/uploads\/2018\/08\/WhatsApp-Image-2018-08-20-at-10.12.51-AM-3.jpeg","type":"image\/jpeg"}],"author":"EDITOR","twitter_card":"summary_large_image","twitter_misc":{"Escrito por":"EDITOR","Tiempo de lectura":"2 minutos"},"schema":{"@context":"https:\/\/schema.org","@graph":[{"@type":"WebPage","@id":"https:\/\/laprensacristiana.com\/?p=4350","url":"https:\/\/laprensacristiana.com\/?p=4350","name":"El S\u00faper Libro; congreso para conocer m\u00e1s de La Palabra de Dios - La Prensa Cristiana","isPartOf":{"@id":"https:\/\/laprensacristiana.com\/#website"},"datePublished":"2018-08-20T16:22:37+00:00","dateModified":"2020-07-01T23:34:16+00:00","author":{"@id":"https:\/\/laprensacristiana.com\/#\/schema\/person\/3e7d82c6bfd6b1fa67010f8f7cd5256e"},"breadcrumb":{"@id":"https:\/\/laprensacristiana.com\/?p=4350#breadcrumb"},"inLanguage":"es","potentialAction":[{"@type":"ReadAction","target":["https:\/\/laprensacristiana.com\/?p=4350"]}]},{"@type":"BreadcrumbList","@id":"https:\/\/laprensacristiana.com\/?p=4350#breadcrumb","itemListElement":[{"@type":"ListItem","position":1,"name":"Portada","item":"https:\/\/laprensacristiana.com\/"},{"@type":"ListItem","position":2,"name":"El S\u00faper Libro; congreso para conocer m\u00e1s de La Palabra de Dios"}]},{"@type":"WebSite","@id":"https:\/\/laprensacristiana.com\/#website","url":"https:\/\/laprensacristiana.com\/","name":"La Prensa Cristiana","description":"Anunciando Las Buenas Nuevas","potentialAction":[{"@type":"SearchAction","target":{"@type":"EntryPoint","urlTemplate":"https:\/\/laprensacristiana.com\/?s={search_term_string}"},"query-input":"required name=search_term_string"}],"inLanguage":"es"},{"@type":"Person","@id":"https:\/\/laprensacristiana.com\/#\/schema\/person\/3e7d82c6bfd6b1fa67010f8f7cd5256e","name":"EDITOR","image":{"@type":"ImageObject","inLanguage":"es","@id":"https:\/\/laprensacristiana.com\/#\/schema\/person\/image\/","url":"https:\/\/secure.gravatar.com\/avatar\/72069dfb6c13772d9e8381e3638666d2?s=96&d=mm&r=g","contentUrl":"https:\/\/secure.gravatar.com\/avatar\/72069dfb6c13772d9e8381e3638666d2?s=96&d=mm&r=g","caption":"EDITOR"},"url":"https:\/\/laprensacristiana.com\/?author=3"}]}},"_links":{"self":[{"href":"https:\/\/laprensacristiana.com\/index.php?rest_route=\/wp\/v2\/posts\/4350"}],"collection":[{"href":"https:\/\/laprensacristiana.com\/index.php?rest_route=\/wp\/v2\/posts"}],"about":[{"href":"https:\/\/laprensacristiana.com\/index.php?rest_route=\/wp\/v2\/types\/post"}],"author":[{"embeddable":true,"href":"https:\/\/laprensacristiana.com\/index.php?rest_route=\/wp\/v2\/users\/3"}],"replies":[{"embeddable":true,"href":"https:\/\/laprensacristiana.com\/index.php?rest_route=%2Fwp%2Fv2%2Fcomments&post=4350"}],"version-history":[{"count":1,"href":"https:\/\/laprensacristiana.com\/index.php?rest_route=\/wp\/v2\/posts\/4350\/revisions"}],"predecessor-version":[{"id":4353,"href":"https:\/\/laprensacristiana.com\/index.php?rest_route=\/wp\/v2\/posts\/4350\/revisions\/4353"}],"wp:featuredmedia":[{"embeddable":true,"href":"https:\/\/laprensacristiana.com\/index.php?rest_route=\/wp\/v2\/media\/4351"}],"wp:attachment":[{"href":"https:\/\/laprensacristiana.com\/index.php?rest_route=%2Fwp%2Fv2%2Fmedia&parent=4350"}],"wp:term":[{"taxonomy":"category","embeddable":true,"href":"https:\/\/laprensacristiana.com\/index.php?rest_route=%2Fwp%2Fv2%2Fcategories&post=4350"},{"taxonomy":"post_tag","embeddable":true,"href":"https:\/\/laprensacristiana.com\/index.php?rest_route=%2Fwp%2Fv2%2Ftags&post=4350"}],"curies":[{"name":"wp","href":"https:\/\/api.w.org\/{rel}","templated":true}]}}