{"id":4357,"date":"2018-08-20T20:12:29","date_gmt":"2018-08-20T20:12:29","guid":{"rendered":"https:\/\/laprensacristiana.com\/?p=4357"},"modified":"2020-07-01T23:33:49","modified_gmt":"2020-07-01T23:33:49","slug":"fundacion-valores-y-arte-presenta-el-concierto-a-una-voz","status":"publish","type":"post","link":"https:\/\/laprensacristiana.com\/?p=4357","title":{"rendered":"Fundaci\u00f3n Valores y Arte y la Sinf\u00f3nica Cristiana de El Salvador present\u00f3 A una Voz"},"content":{"rendered":"<p><strong>Por: Erika Menjivar<\/strong><\/p>\n<p>Con el prop\u00f3sito de impulsar el talento salvadore\u00f1o cristiano, la fundaci\u00f3n Valores y Arte junto a la Sinf\u00f3nica Cristiana de El Salvador organizan A una Voz.<\/p>\n<p>Al concierto se hicieron parte los artistas salvadore\u00f1os: Karlos Valle de la agrupaci\u00f3n musical Lion, Abraham Reyes, Marinella Arru\u00e9, Pedro Reyes, Alejandra Linares, Douglas Fern\u00e1ndez, Annette Molina y Jonathan Rivera.<\/p>\n<p><img decoding=\"async\" loading=\"lazy\" class=\"alignnone size-full wp-image-4359\" src=\"https:\/\/laprensacristiana.com\/wp-content\/uploads\/2018\/08\/WhatsApp-Image-2018-08-20-at-1.58.52-PM-1.jpeg\" alt=\"\" width=\"1280\" height=\"960\" srcset=\"https:\/\/laprensacristiana.com\/wp-content\/uploads\/2018\/08\/WhatsApp-Image-2018-08-20-at-1.58.52-PM-1.jpeg 1280w, https:\/\/laprensacristiana.com\/wp-content\/uploads\/2018\/08\/WhatsApp-Image-2018-08-20-at-1.58.52-PM-1-600x450.jpeg 600w, https:\/\/laprensacristiana.com\/wp-content\/uploads\/2018\/08\/WhatsApp-Image-2018-08-20-at-1.58.52-PM-1-300x225.jpeg 300w, https:\/\/laprensacristiana.com\/wp-content\/uploads\/2018\/08\/WhatsApp-Image-2018-08-20-at-1.58.52-PM-1-768x576.jpeg 768w, https:\/\/laprensacristiana.com\/wp-content\/uploads\/2018\/08\/WhatsApp-Image-2018-08-20-at-1.58.52-PM-1-1024x768.jpeg 1024w, https:\/\/laprensacristiana.com\/wp-content\/uploads\/2018\/08\/WhatsApp-Image-2018-08-20-at-1.58.52-PM-1-80x60.jpeg 80w, https:\/\/laprensacristiana.com\/wp-content\/uploads\/2018\/08\/WhatsApp-Image-2018-08-20-at-1.58.52-PM-1-265x198.jpeg 265w, https:\/\/laprensacristiana.com\/wp-content\/uploads\/2018\/08\/WhatsApp-Image-2018-08-20-at-1.58.52-PM-1-696x522.jpeg 696w, https:\/\/laprensacristiana.com\/wp-content\/uploads\/2018\/08\/WhatsApp-Image-2018-08-20-at-1.58.52-PM-1-1068x801.jpeg 1068w, https:\/\/laprensacristiana.com\/wp-content\/uploads\/2018\/08\/WhatsApp-Image-2018-08-20-at-1.58.52-PM-1-560x420.jpeg 560w\" sizes=\"(max-width: 1280px) 100vw, 1280px\" \/><\/p>\n<p>\u201cEn lo personal, el ambiente de este concierto ha sido espectacular, porque nos hemos unido varios ministerios. Eso es lo bonito de A una Voz, la experiencia de unir varias culturas musicales\u201d, a\u00f1adi\u00f3 Pedro Reyes, artista invitado al concierto.<\/p>\n<p>El concierto A una voz, tuvo lugar este domingo 19 de agosto en las instalaciones del Teatro Presidente reuniendo a muchas personas para poder presenciar m\u00fasica cristiana interpretada por m\u00fasicos salvadore\u00f1os.<\/p>\n<p><img decoding=\"async\" loading=\"lazy\" class=\"alignnone size-full wp-image-4358\" src=\"https:\/\/laprensacristiana.com\/wp-content\/uploads\/2018\/08\/WhatsApp-Image-2018-08-20-at-1.58.52-PM.jpeg\" alt=\"\" width=\"1280\" height=\"960\" srcset=\"https:\/\/laprensacristiana.com\/wp-content\/uploads\/2018\/08\/WhatsApp-Image-2018-08-20-at-1.58.52-PM.jpeg 1280w, https:\/\/laprensacristiana.com\/wp-content\/uploads\/2018\/08\/WhatsApp-Image-2018-08-20-at-1.58.52-PM-600x450.jpeg 600w, https:\/\/laprensacristiana.com\/wp-content\/uploads\/2018\/08\/WhatsApp-Image-2018-08-20-at-1.58.52-PM-300x225.jpeg 300w, https:\/\/laprensacristiana.com\/wp-content\/uploads\/2018\/08\/WhatsApp-Image-2018-08-20-at-1.58.52-PM-768x576.jpeg 768w, https:\/\/laprensacristiana.com\/wp-content\/uploads\/2018\/08\/WhatsApp-Image-2018-08-20-at-1.58.52-PM-1024x768.jpeg 1024w, https:\/\/laprensacristiana.com\/wp-content\/uploads\/2018\/08\/WhatsApp-Image-2018-08-20-at-1.58.52-PM-80x60.jpeg 80w, https:\/\/laprensacristiana.com\/wp-content\/uploads\/2018\/08\/WhatsApp-Image-2018-08-20-at-1.58.52-PM-265x198.jpeg 265w, https:\/\/laprensacristiana.com\/wp-content\/uploads\/2018\/08\/WhatsApp-Image-2018-08-20-at-1.58.52-PM-696x522.jpeg 696w, https:\/\/laprensacristiana.com\/wp-content\/uploads\/2018\/08\/WhatsApp-Image-2018-08-20-at-1.58.52-PM-1068x801.jpeg 1068w, https:\/\/laprensacristiana.com\/wp-content\/uploads\/2018\/08\/WhatsApp-Image-2018-08-20-at-1.58.52-PM-560x420.jpeg 560w\" sizes=\"(max-width: 1280px) 100vw, 1280px\" \/><\/p>\n<p>Adem\u00e1s, Marinella Arru\u00e9, artista salvadore\u00f1a coment\u00f3 sentirse muy feliz de poder unirse a este evento tan importante: \u201cEstos espacio se abre para que el talento salvadore\u00f1o sea reconocido, me motiva que en \u00a0los l\u00edderes como Mauricio Sol\u00eds nazca en el coraz\u00f3n de ellos el apoyar y hacer crecer a estos peque\u00f1os\u201d.<\/p>\n<p>\u201cEs muy interesante como los j\u00f3venes se est\u00e1n integrando en la m\u00fasica tanto contempor\u00e1nea como la cl\u00e1sica. De esta manera tambi\u00e9n sirven a Dios y a la comunidad llev\u00e1ndoles un mensaje diferente\u201d, expres\u00f3 Xiomara Alberto, representante de log\u00edstica de Fundaci\u00f3n Valores y Arte.<\/p>\n<p>Comenta tambi\u00e9n, que como fundaci\u00f3n quieren compartir el conocimiento que tienen los profesores y m\u00fasicos que componen la fundaci\u00f3n y la Sinf\u00f3nica Cristiana de El Salvador, para que se haga siempre la m\u00fasica para Dios. Esto como proyectos a futuro en pro del talento salvadore\u00f1o y como contribuci\u00f3n a la obra del Se\u00f1or.<\/p>\n","protected":false},"excerpt":{"rendered":"<p>Por: Erika Menjivar Con el prop\u00f3sito de impulsar el talento salvadore\u00f1o cristiano, la fundaci\u00f3n Valores y Arte junto a la Sinf\u00f3nica Cristiana de El Salvador organizan A una Voz. Al concierto se hicieron parte los artistas salvadore\u00f1os: Karlos Valle de la agrupaci\u00f3n musical Lion, Abraham Reyes, Marinella Arru\u00e9, Pedro Reyes, Alejandra Linares, Douglas Fern\u00e1ndez, Annette [&hellip;]<\/p>\n","protected":false},"author":3,"featured_media":4360,"comment_status":"open","ping_status":"open","sticky":false,"template":"","format":"standard","meta":[],"categories":[101],"tags":[],"yoast_head":"<!-- This site is optimized with the Yoast SEO plugin v20.8 - https:\/\/yoast.com\/wordpress\/plugins\/seo\/ -->\n<title>Fundaci\u00f3n Valores y Arte y la Sinf\u00f3nica Cristiana de El Salvador present\u00f3 A una Voz - La Prensa Cristiana<\/title>\n<meta name=\"robots\" content=\"index, follow, max-snippet:-1, max-image-preview:large, max-video-preview:-1\" \/>\n<link rel=\"canonical\" href=\"https:\/\/laprensacristiana.com\/?p=4357\" \/>\n<meta property=\"og:locale\" content=\"es_ES\" \/>\n<meta property=\"og:type\" content=\"article\" \/>\n<meta property=\"og:title\" content=\"Fundaci\u00f3n Valores y Arte y la Sinf\u00f3nica Cristiana de El Salvador present\u00f3 A una Voz - La Prensa Cristiana\" \/>\n<meta property=\"og:description\" content=\"Por: Erika Menjivar Con el prop\u00f3sito de impulsar el talento salvadore\u00f1o cristiano, la fundaci\u00f3n Valores y Arte junto a la Sinf\u00f3nica Cristiana de El Salvador organizan A una Voz. Al concierto se hicieron parte los artistas salvadore\u00f1os: Karlos Valle de la agrupaci\u00f3n musical Lion, Abraham Reyes, Marinella Arru\u00e9, Pedro Reyes, Alejandra Linares, Douglas Fern\u00e1ndez, Annette [&hellip;]\" \/>\n<meta property=\"og:url\" content=\"https:\/\/laprensacristiana.com\/?p=4357\" \/>\n<meta property=\"og:site_name\" content=\"La Prensa Cristiana\" \/>\n<meta property=\"article:published_time\" content=\"2018-08-20T20:12:29+00:00\" \/>\n<meta property=\"article:modified_time\" content=\"2020-07-01T23:33:49+00:00\" \/>\n<meta property=\"og:image\" content=\"https:\/\/laprensacristiana.com\/wp-content\/uploads\/2018\/08\/WhatsApp-Image-2018-08-20-at-1.58.52-PM-2.jpeg\" \/>\n\t<meta property=\"og:image:width\" content=\"1280\" \/>\n\t<meta property=\"og:image:height\" content=\"960\" \/>\n\t<meta property=\"og:image:type\" content=\"image\/jpeg\" \/>\n<meta name=\"author\" content=\"EDITOR\" \/>\n<meta name=\"twitter:card\" content=\"summary_large_image\" \/>\n<meta name=\"twitter:label1\" content=\"Escrito por\" \/>\n\t<meta name=\"twitter:data1\" content=\"EDITOR\" \/>\n\t<meta name=\"twitter:label2\" content=\"Tiempo de lectura\" \/>\n\t<meta name=\"twitter:data2\" content=\"2 minutos\" \/>\n<script type=\"application\/ld+json\" class=\"yoast-schema-graph\">{\"@context\":\"https:\/\/schema.org\",\"@graph\":[{\"@type\":\"WebPage\",\"@id\":\"https:\/\/laprensacristiana.com\/?p=4357\",\"url\":\"https:\/\/laprensacristiana.com\/?p=4357\",\"name\":\"Fundaci\u00f3n Valores y Arte y la Sinf\u00f3nica Cristiana de El Salvador present\u00f3 A una Voz - La Prensa Cristiana\",\"isPartOf\":{\"@id\":\"https:\/\/laprensacristiana.com\/#website\"},\"datePublished\":\"2018-08-20T20:12:29+00:00\",\"dateModified\":\"2020-07-01T23:33:49+00:00\",\"author\":{\"@id\":\"https:\/\/laprensacristiana.com\/#\/schema\/person\/3e7d82c6bfd6b1fa67010f8f7cd5256e\"},\"breadcrumb\":{\"@id\":\"https:\/\/laprensacristiana.com\/?p=4357#breadcrumb\"},\"inLanguage\":\"es\",\"potentialAction\":[{\"@type\":\"ReadAction\",\"target\":[\"https:\/\/laprensacristiana.com\/?p=4357\"]}]},{\"@type\":\"BreadcrumbList\",\"@id\":\"https:\/\/laprensacristiana.com\/?p=4357#breadcrumb\",\"itemListElement\":[{\"@type\":\"ListItem\",\"position\":1,\"name\":\"Portada\",\"item\":\"https:\/\/laprensacristiana.com\/\"},{\"@type\":\"ListItem\",\"position\":2,\"name\":\"Fundaci\u00f3n Valores y Arte y la Sinf\u00f3nica Cristiana de El Salvador present\u00f3 A una Voz\"}]},{\"@type\":\"WebSite\",\"@id\":\"https:\/\/laprensacristiana.com\/#website\",\"url\":\"https:\/\/laprensacristiana.com\/\",\"name\":\"La Prensa Cristiana\",\"description\":\"Anunciando Las Buenas Nuevas\",\"potentialAction\":[{\"@type\":\"SearchAction\",\"target\":{\"@type\":\"EntryPoint\",\"urlTemplate\":\"https:\/\/laprensacristiana.com\/?s={search_term_string}\"},\"query-input\":\"required name=search_term_string\"}],\"inLanguage\":\"es\"},{\"@type\":\"Person\",\"@id\":\"https:\/\/laprensacristiana.com\/#\/schema\/person\/3e7d82c6bfd6b1fa67010f8f7cd5256e\",\"name\":\"EDITOR\",\"image\":{\"@type\":\"ImageObject\",\"inLanguage\":\"es\",\"@id\":\"https:\/\/laprensacristiana.com\/#\/schema\/person\/image\/\",\"url\":\"https:\/\/secure.gravatar.com\/avatar\/72069dfb6c13772d9e8381e3638666d2?s=96&d=mm&r=g\",\"contentUrl\":\"https:\/\/secure.gravatar.com\/avatar\/72069dfb6c13772d9e8381e3638666d2?s=96&d=mm&r=g\",\"caption\":\"EDITOR\"},\"url\":\"https:\/\/laprensacristiana.com\/?author=3\"}]}<\/script>\n<!-- \/ Yoast SEO plugin. -->","yoast_head_json":{"title":"Fundaci\u00f3n Valores y Arte y la Sinf\u00f3nica Cristiana de El Salvador present\u00f3 A una Voz - La Prensa Cristiana","robots":{"index":"index","follow":"follow","max-snippet":"max-snippet:-1","max-image-preview":"max-image-preview:large","max-video-preview":"max-video-preview:-1"},"canonical":"https:\/\/laprensacristiana.com\/?p=4357","og_locale":"es_ES","og_type":"article","og_title":"Fundaci\u00f3n Valores y Arte y la Sinf\u00f3nica Cristiana de El Salvador present\u00f3 A una Voz - La Prensa Cristiana","og_description":"Por: Erika Menjivar Con el prop\u00f3sito de impulsar el talento salvadore\u00f1o cristiano, la fundaci\u00f3n Valores y Arte junto a la Sinf\u00f3nica Cristiana de El Salvador organizan A una Voz. Al concierto se hicieron parte los artistas salvadore\u00f1os: Karlos Valle de la agrupaci\u00f3n musical Lion, Abraham Reyes, Marinella Arru\u00e9, Pedro Reyes, Alejandra Linares, Douglas Fern\u00e1ndez, Annette [&hellip;]","og_url":"https:\/\/laprensacristiana.com\/?p=4357","og_site_name":"La Prensa Cristiana","article_published_time":"2018-08-20T20:12:29+00:00","article_modified_time":"2020-07-01T23:33:49+00:00","og_image":[{"width":1280,"height":960,"url":"https:\/\/laprensacristiana.com\/wp-content\/uploads\/2018\/08\/WhatsApp-Image-2018-08-20-at-1.58.52-PM-2.jpeg","type":"image\/jpeg"}],"author":"EDITOR","twitter_card":"summary_large_image","twitter_misc":{"Escrito por":"EDITOR","Tiempo de lectura":"2 minutos"},"schema":{"@context":"https:\/\/schema.org","@graph":[{"@type":"WebPage","@id":"https:\/\/laprensacristiana.com\/?p=4357","url":"https:\/\/laprensacristiana.com\/?p=4357","name":"Fundaci\u00f3n Valores y Arte y la Sinf\u00f3nica Cristiana de El Salvador present\u00f3 A una Voz - La Prensa Cristiana","isPartOf":{"@id":"https:\/\/laprensacristiana.com\/#website"},"datePublished":"2018-08-20T20:12:29+00:00","dateModified":"2020-07-01T23:33:49+00:00","author":{"@id":"https:\/\/laprensacristiana.com\/#\/schema\/person\/3e7d82c6bfd6b1fa67010f8f7cd5256e"},"breadcrumb":{"@id":"https:\/\/laprensacristiana.com\/?p=4357#breadcrumb"},"inLanguage":"es","potentialAction":[{"@type":"ReadAction","target":["https:\/\/laprensacristiana.com\/?p=4357"]}]},{"@type":"BreadcrumbList","@id":"https:\/\/laprensacristiana.com\/?p=4357#breadcrumb","itemListElement":[{"@type":"ListItem","position":1,"name":"Portada","item":"https:\/\/laprensacristiana.com\/"},{"@type":"ListItem","position":2,"name":"Fundaci\u00f3n Valores y Arte y la Sinf\u00f3nica Cristiana de El Salvador present\u00f3 A una Voz"}]},{"@type":"WebSite","@id":"https:\/\/laprensacristiana.com\/#website","url":"https:\/\/laprensacristiana.com\/","name":"La Prensa Cristiana","description":"Anunciando Las Buenas Nuevas","potentialAction":[{"@type":"SearchAction","target":{"@type":"EntryPoint","urlTemplate":"https:\/\/laprensacristiana.com\/?s={search_term_string}"},"query-input":"required name=search_term_string"}],"inLanguage":"es"},{"@type":"Person","@id":"https:\/\/laprensacristiana.com\/#\/schema\/person\/3e7d82c6bfd6b1fa67010f8f7cd5256e","name":"EDITOR","image":{"@type":"ImageObject","inLanguage":"es","@id":"https:\/\/laprensacristiana.com\/#\/schema\/person\/image\/","url":"https:\/\/secure.gravatar.com\/avatar\/72069dfb6c13772d9e8381e3638666d2?s=96&d=mm&r=g","contentUrl":"https:\/\/secure.gravatar.com\/avatar\/72069dfb6c13772d9e8381e3638666d2?s=96&d=mm&r=g","caption":"EDITOR"},"url":"https:\/\/laprensacristiana.com\/?author=3"}]}},"_links":{"self":[{"href":"https:\/\/laprensacristiana.com\/index.php?rest_route=\/wp\/v2\/posts\/4357"}],"collection":[{"href":"https:\/\/laprensacristiana.com\/index.php?rest_route=\/wp\/v2\/posts"}],"about":[{"href":"https:\/\/laprensacristiana.com\/index.php?rest_route=\/wp\/v2\/types\/post"}],"author":[{"embeddable":true,"href":"https:\/\/laprensacristiana.com\/index.php?rest_route=\/wp\/v2\/users\/3"}],"replies":[{"embeddable":true,"href":"https:\/\/laprensacristiana.com\/index.php?rest_route=%2Fwp%2Fv2%2Fcomments&post=4357"}],"version-history":[{"count":2,"href":"https:\/\/laprensacristiana.com\/index.php?rest_route=\/wp\/v2\/posts\/4357\/revisions"}],"predecessor-version":[{"id":4362,"href":"https:\/\/laprensacristiana.com\/index.php?rest_route=\/wp\/v2\/posts\/4357\/revisions\/4362"}],"wp:featuredmedia":[{"embeddable":true,"href":"https:\/\/laprensacristiana.com\/index.php?rest_route=\/wp\/v2\/media\/4360"}],"wp:attachment":[{"href":"https:\/\/laprensacristiana.com\/index.php?rest_route=%2Fwp%2Fv2%2Fmedia&parent=4357"}],"wp:term":[{"taxonomy":"category","embeddable":true,"href":"https:\/\/laprensacristiana.com\/index.php?rest_route=%2Fwp%2Fv2%2Fcategories&post=4357"},{"taxonomy":"post_tag","embeddable":true,"href":"https:\/\/laprensacristiana.com\/index.php?rest_route=%2Fwp%2Fv2%2Ftags&post=4357"}],"curies":[{"name":"wp","href":"https:\/\/api.w.org\/{rel}","templated":true}]}}