{"id":4371,"date":"2018-08-26T14:25:13","date_gmt":"2018-08-26T14:25:13","guid":{"rendered":"https:\/\/laprensacristiana.com\/?p=4371"},"modified":"2020-07-01T23:33:38","modified_gmt":"2020-07-01T23:33:38","slug":"semana-de-jovenes-rio-de-dios","status":"publish","type":"post","link":"https:\/\/laprensacristiana.com\/?p=4371","title":{"rendered":"Semana de j\u00f3venes, Rio de Dios"},"content":{"rendered":"<p>Por: Erika Menjivar<\/p>\n<p>La Juventud de Buenas Nuevas Internacionales (BNI) de Asambleas de Dios, realiz\u00f3 la semana de j\u00f3venes, la cual se desarroll\u00f3 el jueves 23, viernes 24 y s\u00e1bado 25 de agosto. Tuvo como invitados a pastores y ministerios de alabanza.<\/p>\n<p>Los invitados y encargados de llevar el mensaje en este evento fueron: Uri Abimael, pastor Juvenil BNI, Ernesto Orellana, pastor de Iglesia Eclesi\u00e1stica, Ulises L\u00f3pez, pastor Iglesia Mahanaim. Mientras que la alabanza estuvo dirigida por: Torre Fuerte, Red de Alabanzas y Ministerio de Alabanza Mahanaim.<\/p>\n<p>\u201cRio de Dios, consisti\u00f3 en una actividad de tres d\u00edas donde la presencia de Dios pudiese fluir libremente sin interrupciones, ni pausas de horario\u201d, expres\u00f3 Walter Rivera, Presidente de Juventud BNI.<\/p>\n<p>Adem\u00e1s, comparte que este fue organizado porque consideran que es importante que los j\u00f3venes se involucren en un ambiente de adoraci\u00f3n y de intimidad con Dios. \u201cSeguiremos trabajando como directiva de j\u00f3venes para poder seguir en este ambiente; no por los eventos, sino como una forma de vida\u201d, a\u00f1ade.<\/p>\n<p><img decoding=\"async\" loading=\"lazy\" class=\"alignnone size-full wp-image-4372\" src=\"https:\/\/laprensacristiana.com\/wp-content\/uploads\/2018\/08\/IMG-20180825-WA0009.jpg\" alt=\"\" width=\"1152\" height=\"648\" srcset=\"https:\/\/laprensacristiana.com\/wp-content\/uploads\/2018\/08\/IMG-20180825-WA0009.jpg 1152w, https:\/\/laprensacristiana.com\/wp-content\/uploads\/2018\/08\/IMG-20180825-WA0009-600x338.jpg 600w, https:\/\/laprensacristiana.com\/wp-content\/uploads\/2018\/08\/IMG-20180825-WA0009-300x169.jpg 300w, https:\/\/laprensacristiana.com\/wp-content\/uploads\/2018\/08\/IMG-20180825-WA0009-768x432.jpg 768w, https:\/\/laprensacristiana.com\/wp-content\/uploads\/2018\/08\/IMG-20180825-WA0009-1024x576.jpg 1024w, https:\/\/laprensacristiana.com\/wp-content\/uploads\/2018\/08\/IMG-20180825-WA0009-696x392.jpg 696w, https:\/\/laprensacristiana.com\/wp-content\/uploads\/2018\/08\/IMG-20180825-WA0009-1068x601.jpg 1068w, https:\/\/laprensacristiana.com\/wp-content\/uploads\/2018\/08\/IMG-20180825-WA0009-747x420.jpg 747w\" sizes=\"(max-width: 1152px) 100vw, 1152px\" \/><\/p>\n<p>La reacci\u00f3n de la juventud que asisti\u00f3 al evento, fue en busca y anhelo hac\u00eda la presencia de Dios, muchos de ellos se vieron quebrantados n el momento de adoraci\u00f3n, argumenta Gladys Urqu\u00eda, parte del equipo de organizaci\u00f3n evento.<\/p>\n<p>Esta semana de j\u00f3venes, estuvo llena de la palabra de Dios, de alabanza y sobre todo llenura del Esp\u00edritu Santo. El pastor juvenil de BNI, Uri Abimael, invitado al evento para llevar el mensaje, comenta que es importante implementar eventos para la juventud como este para motivar a los j\u00f3venes a buscar de la presencia de Dios.<\/p>\n<p>\u201cEstoy plenamente seguro que hay j\u00f3venes que tomando \u201caguas\u201d que no satisfacen su fe, donde vuelven a retomar aquellos caminos que no son de bien para su vida espiritual y siguen sedientos\u201d, afirm\u00f3.<\/p>\n<p>&nbsp;<\/p>\n","protected":false},"excerpt":{"rendered":"<p>Por: Erika Menjivar La Juventud de Buenas Nuevas Internacionales (BNI) de Asambleas de Dios, realiz\u00f3 la semana de j\u00f3venes, la cual se desarroll\u00f3 el jueves 23, viernes 24 y s\u00e1bado 25 de agosto. Tuvo como invitados a pastores y ministerios de alabanza. Los invitados y encargados de llevar el mensaje en este evento fueron: Uri [&hellip;]<\/p>\n","protected":false},"author":3,"featured_media":4373,"comment_status":"open","ping_status":"open","sticky":false,"template":"","format":"standard","meta":[],"categories":[56],"tags":[],"yoast_head":"<!-- This site is optimized with the Yoast SEO plugin v20.8 - https:\/\/yoast.com\/wordpress\/plugins\/seo\/ -->\n<title>Semana de j\u00f3venes, Rio de Dios - La Prensa Cristiana<\/title>\n<meta name=\"robots\" content=\"index, follow, max-snippet:-1, max-image-preview:large, max-video-preview:-1\" \/>\n<link rel=\"canonical\" href=\"https:\/\/laprensacristiana.com\/?p=4371\" \/>\n<meta property=\"og:locale\" content=\"es_ES\" \/>\n<meta property=\"og:type\" content=\"article\" \/>\n<meta property=\"og:title\" content=\"Semana de j\u00f3venes, Rio de Dios - La Prensa Cristiana\" \/>\n<meta property=\"og:description\" content=\"Por: Erika Menjivar La Juventud de Buenas Nuevas Internacionales (BNI) de Asambleas de Dios, realiz\u00f3 la semana de j\u00f3venes, la cual se desarroll\u00f3 el jueves 23, viernes 24 y s\u00e1bado 25 de agosto. Tuvo como invitados a pastores y ministerios de alabanza. Los invitados y encargados de llevar el mensaje en este evento fueron: Uri [&hellip;]\" \/>\n<meta property=\"og:url\" content=\"https:\/\/laprensacristiana.com\/?p=4371\" \/>\n<meta property=\"og:site_name\" content=\"La Prensa Cristiana\" \/>\n<meta property=\"article:published_time\" content=\"2018-08-26T14:25:13+00:00\" \/>\n<meta property=\"article:modified_time\" content=\"2020-07-01T23:33:38+00:00\" \/>\n<meta property=\"og:image\" content=\"https:\/\/laprensacristiana.com\/wp-content\/uploads\/2018\/08\/IMG-20180825-WA0010.jpg\" \/>\n\t<meta property=\"og:image:width\" content=\"960\" \/>\n\t<meta property=\"og:image:height\" content=\"540\" \/>\n\t<meta property=\"og:image:type\" content=\"image\/jpeg\" \/>\n<meta name=\"author\" content=\"EDITOR\" \/>\n<meta name=\"twitter:card\" content=\"summary_large_image\" \/>\n<meta name=\"twitter:label1\" content=\"Escrito por\" \/>\n\t<meta name=\"twitter:data1\" content=\"EDITOR\" \/>\n\t<meta name=\"twitter:label2\" content=\"Tiempo de lectura\" \/>\n\t<meta name=\"twitter:data2\" content=\"2 minutos\" \/>\n<script type=\"application\/ld+json\" class=\"yoast-schema-graph\">{\"@context\":\"https:\/\/schema.org\",\"@graph\":[{\"@type\":\"WebPage\",\"@id\":\"https:\/\/laprensacristiana.com\/?p=4371\",\"url\":\"https:\/\/laprensacristiana.com\/?p=4371\",\"name\":\"Semana de j\u00f3venes, Rio de Dios - La Prensa Cristiana\",\"isPartOf\":{\"@id\":\"https:\/\/laprensacristiana.com\/#website\"},\"datePublished\":\"2018-08-26T14:25:13+00:00\",\"dateModified\":\"2020-07-01T23:33:38+00:00\",\"author\":{\"@id\":\"https:\/\/laprensacristiana.com\/#\/schema\/person\/3e7d82c6bfd6b1fa67010f8f7cd5256e\"},\"breadcrumb\":{\"@id\":\"https:\/\/laprensacristiana.com\/?p=4371#breadcrumb\"},\"inLanguage\":\"es\",\"potentialAction\":[{\"@type\":\"ReadAction\",\"target\":[\"https:\/\/laprensacristiana.com\/?p=4371\"]}]},{\"@type\":\"BreadcrumbList\",\"@id\":\"https:\/\/laprensacristiana.com\/?p=4371#breadcrumb\",\"itemListElement\":[{\"@type\":\"ListItem\",\"position\":1,\"name\":\"Portada\",\"item\":\"https:\/\/laprensacristiana.com\/\"},{\"@type\":\"ListItem\",\"position\":2,\"name\":\"Semana de j\u00f3venes, Rio de Dios\"}]},{\"@type\":\"WebSite\",\"@id\":\"https:\/\/laprensacristiana.com\/#website\",\"url\":\"https:\/\/laprensacristiana.com\/\",\"name\":\"La Prensa Cristiana\",\"description\":\"Anunciando Las Buenas Nuevas\",\"potentialAction\":[{\"@type\":\"SearchAction\",\"target\":{\"@type\":\"EntryPoint\",\"urlTemplate\":\"https:\/\/laprensacristiana.com\/?s={search_term_string}\"},\"query-input\":\"required name=search_term_string\"}],\"inLanguage\":\"es\"},{\"@type\":\"Person\",\"@id\":\"https:\/\/laprensacristiana.com\/#\/schema\/person\/3e7d82c6bfd6b1fa67010f8f7cd5256e\",\"name\":\"EDITOR\",\"image\":{\"@type\":\"ImageObject\",\"inLanguage\":\"es\",\"@id\":\"https:\/\/laprensacristiana.com\/#\/schema\/person\/image\/\",\"url\":\"https:\/\/secure.gravatar.com\/avatar\/72069dfb6c13772d9e8381e3638666d2?s=96&d=mm&r=g\",\"contentUrl\":\"https:\/\/secure.gravatar.com\/avatar\/72069dfb6c13772d9e8381e3638666d2?s=96&d=mm&r=g\",\"caption\":\"EDITOR\"},\"url\":\"https:\/\/laprensacristiana.com\/?author=3\"}]}<\/script>\n<!-- \/ Yoast SEO plugin. -->","yoast_head_json":{"title":"Semana de j\u00f3venes, Rio de Dios - La Prensa Cristiana","robots":{"index":"index","follow":"follow","max-snippet":"max-snippet:-1","max-image-preview":"max-image-preview:large","max-video-preview":"max-video-preview:-1"},"canonical":"https:\/\/laprensacristiana.com\/?p=4371","og_locale":"es_ES","og_type":"article","og_title":"Semana de j\u00f3venes, Rio de Dios - La Prensa Cristiana","og_description":"Por: Erika Menjivar La Juventud de Buenas Nuevas Internacionales (BNI) de Asambleas de Dios, realiz\u00f3 la semana de j\u00f3venes, la cual se desarroll\u00f3 el jueves 23, viernes 24 y s\u00e1bado 25 de agosto. Tuvo como invitados a pastores y ministerios de alabanza. Los invitados y encargados de llevar el mensaje en este evento fueron: Uri [&hellip;]","og_url":"https:\/\/laprensacristiana.com\/?p=4371","og_site_name":"La Prensa Cristiana","article_published_time":"2018-08-26T14:25:13+00:00","article_modified_time":"2020-07-01T23:33:38+00:00","og_image":[{"width":960,"height":540,"url":"https:\/\/laprensacristiana.com\/wp-content\/uploads\/2018\/08\/IMG-20180825-WA0010.jpg","type":"image\/jpeg"}],"author":"EDITOR","twitter_card":"summary_large_image","twitter_misc":{"Escrito por":"EDITOR","Tiempo de lectura":"2 minutos"},"schema":{"@context":"https:\/\/schema.org","@graph":[{"@type":"WebPage","@id":"https:\/\/laprensacristiana.com\/?p=4371","url":"https:\/\/laprensacristiana.com\/?p=4371","name":"Semana de j\u00f3venes, Rio de Dios - La Prensa Cristiana","isPartOf":{"@id":"https:\/\/laprensacristiana.com\/#website"},"datePublished":"2018-08-26T14:25:13+00:00","dateModified":"2020-07-01T23:33:38+00:00","author":{"@id":"https:\/\/laprensacristiana.com\/#\/schema\/person\/3e7d82c6bfd6b1fa67010f8f7cd5256e"},"breadcrumb":{"@id":"https:\/\/laprensacristiana.com\/?p=4371#breadcrumb"},"inLanguage":"es","potentialAction":[{"@type":"ReadAction","target":["https:\/\/laprensacristiana.com\/?p=4371"]}]},{"@type":"BreadcrumbList","@id":"https:\/\/laprensacristiana.com\/?p=4371#breadcrumb","itemListElement":[{"@type":"ListItem","position":1,"name":"Portada","item":"https:\/\/laprensacristiana.com\/"},{"@type":"ListItem","position":2,"name":"Semana de j\u00f3venes, Rio de Dios"}]},{"@type":"WebSite","@id":"https:\/\/laprensacristiana.com\/#website","url":"https:\/\/laprensacristiana.com\/","name":"La Prensa Cristiana","description":"Anunciando Las Buenas Nuevas","potentialAction":[{"@type":"SearchAction","target":{"@type":"EntryPoint","urlTemplate":"https:\/\/laprensacristiana.com\/?s={search_term_string}"},"query-input":"required name=search_term_string"}],"inLanguage":"es"},{"@type":"Person","@id":"https:\/\/laprensacristiana.com\/#\/schema\/person\/3e7d82c6bfd6b1fa67010f8f7cd5256e","name":"EDITOR","image":{"@type":"ImageObject","inLanguage":"es","@id":"https:\/\/laprensacristiana.com\/#\/schema\/person\/image\/","url":"https:\/\/secure.gravatar.com\/avatar\/72069dfb6c13772d9e8381e3638666d2?s=96&d=mm&r=g","contentUrl":"https:\/\/secure.gravatar.com\/avatar\/72069dfb6c13772d9e8381e3638666d2?s=96&d=mm&r=g","caption":"EDITOR"},"url":"https:\/\/laprensacristiana.com\/?author=3"}]}},"_links":{"self":[{"href":"https:\/\/laprensacristiana.com\/index.php?rest_route=\/wp\/v2\/posts\/4371"}],"collection":[{"href":"https:\/\/laprensacristiana.com\/index.php?rest_route=\/wp\/v2\/posts"}],"about":[{"href":"https:\/\/laprensacristiana.com\/index.php?rest_route=\/wp\/v2\/types\/post"}],"author":[{"embeddable":true,"href":"https:\/\/laprensacristiana.com\/index.php?rest_route=\/wp\/v2\/users\/3"}],"replies":[{"embeddable":true,"href":"https:\/\/laprensacristiana.com\/index.php?rest_route=%2Fwp%2Fv2%2Fcomments&post=4371"}],"version-history":[{"count":1,"href":"https:\/\/laprensacristiana.com\/index.php?rest_route=\/wp\/v2\/posts\/4371\/revisions"}],"predecessor-version":[{"id":4374,"href":"https:\/\/laprensacristiana.com\/index.php?rest_route=\/wp\/v2\/posts\/4371\/revisions\/4374"}],"wp:featuredmedia":[{"embeddable":true,"href":"https:\/\/laprensacristiana.com\/index.php?rest_route=\/wp\/v2\/media\/4373"}],"wp:attachment":[{"href":"https:\/\/laprensacristiana.com\/index.php?rest_route=%2Fwp%2Fv2%2Fmedia&parent=4371"}],"wp:term":[{"taxonomy":"category","embeddable":true,"href":"https:\/\/laprensacristiana.com\/index.php?rest_route=%2Fwp%2Fv2%2Fcategories&post=4371"},{"taxonomy":"post_tag","embeddable":true,"href":"https:\/\/laprensacristiana.com\/index.php?rest_route=%2Fwp%2Fv2%2Ftags&post=4371"}],"curies":[{"name":"wp","href":"https:\/\/api.w.org\/{rel}","templated":true}]}}