{"id":4375,"date":"2018-08-27T16:29:01","date_gmt":"2018-08-27T16:29:01","guid":{"rendered":"https:\/\/laprensacristiana.com\/?p=4375"},"modified":"2020-07-01T23:33:15","modified_gmt":"2020-07-01T23:33:15","slug":"ayudemos-a-nuestros-adolescentes-a-minimizar-los-efectos-contrarios-de-esa-etapa","status":"publish","type":"post","link":"https:\/\/laprensacristiana.com\/?p=4375","title":{"rendered":"\u00a1Ayudemos a nuestros adolescentes a minimizar los efectos contrarios de esa etapa!"},"content":{"rendered":"<p>POR JULY DE SOSA<\/p>\n<p>Adolescencia etapa de vida que marca el final de la infancia y comienzo de la adultez; periodo de desarrollo biol\u00f3gico, Psicol\u00f3gico, sexual, y social, en el cual se lucha por la identificaci\u00f3n del \u201cYO\u201d se trata de un proceso de autoafirmaci\u00f3n, que en la mayor\u00eda de los casos el individuo estar\u00e1 rodeado de resistencias, que deber\u00e1 superar para alcanzar su independencia. Fuentes psicol\u00f3gicas y m\u00e9dicas, sostienen que generalmente la adolescencia comienza entre los 10 y 12 a\u00f1os y culmina entre los 19 y 21 a\u00f1os, generalmente pero como en todo existen excepciones. No pretendo dar una catedra del tema porque al igual que muchos, cada d\u00eda aprendo m\u00e1s con la adolescente que habita bajo mi techo, pero si deseo aportar parte de lo que de Dios he recibido para ayudar a mi hija a conquistar esta etapa que no tiene por qu\u00e9 dejarle malos recuerdos sino todo lo contrario. \u00bfQu\u00e9 le parece? si abre las santas escrituras y analizamos un vers\u00edculo que considero que si terminamos de entender y ponerlo en obra, nuestro punto de vista cambiar\u00eda radicalmente, dejando de ver solo el comportamiento de nuestros hijos, para enfocarnos en nuestro propio hacer. El vers\u00edculo al que me refiero es <strong>Efesios 6:4 Vosotros padres no provoqu\u00e9is a ira a vuestros hijos, sino criadlos en disciplina y amonestaci\u00f3n del Se\u00f1or.<\/strong><\/p>\n<p>Resulta c\u00f3modo como padres se\u00f1alar la rebeld\u00eda de nuestros hijos, no as\u00ed reconocer que muchas veces somos nosotros quienes provocamos dicha rebeld\u00eda. De hecho, considero que tomar con responsabilidad el consejo de Pablo en la cita anterior resulta muy propicio cuando de comprender y guiar a nuestros hijos se trata. Ciertamente mucho es lo que adolecen nuestros j\u00f3venes, siendo lo principal \u00a0\u201cla inmadurez e inexperiencia\u201d. Es apremiante entender que los adolescentes necesitan m\u00e1s que dedos se\u00f1al\u00e1ndoles, consejos sabios provenientes de la palabra de Dios y no de nuestro propio parecer, recordemos que el vers\u00edculo dice: \u00a0Criadlos en disciplina y amonestaci\u00f3n del Se\u00f1or. No es nuestra propia disciplina ni nuestra propia amonestaci\u00f3n, es la declarada por Dios. Para que esa palabra sea la luz en sus caminos que mantenga sus pies en la ruta deseada. Cuando como padres nos sentamos en silla de juez, restamos entendimiento al adolescente y alimentamos su ira. Que es precisamente lo que no debemos hacer, ya que es caracter\u00edstica de la adolescencia, llevar la contraria en todo e inclinarnos m\u00e1s por lo que nos hace da\u00f1o, de cara a la acusaci\u00f3n constante. Frente a esta realidad somos los padres los llamados a hablarles de las consecuencias que traen nuestras decisiones a nuestros hijos, explicarles que ya no son los ni\u00f1os de ayer pero que tampoco est\u00e1n listos para afrontar las consecuencias de practicar las cosas que practican los adultos. Encuentro un vers\u00edculo que es de valiosa ayuda para tomar de referencia <strong>1 Corintios 10:23 Todo me es licito, m\u00e1s no todo conviene. Todo me es permitido, m\u00e1s no todo me aprovecha.<\/strong><\/p>\n<p>Creo fielmente que si como padres tomamos enserio nuestra responsabilidad de mentores con nuestros adolescentes, formaremos hombres y mujeres con car\u00e1cter e identidades fuertes y decididas. Le invito a que se acerque a sus adolescentes y haga uso de sus dos o\u00eddos para escuchar todo y cualquier cosa que ellos quieran decirle, sin se\u00f1alarlos y mucho menos juzgarlos. Y use su boca hasta que tenga el consejo oportuno para darles, consiente de que sus palabras pueden dar esperanza o desaliento a sus hijos.<\/p>\n<p>\u00a1Feliz semana!<\/p>\n<p>&nbsp;<\/p>\n","protected":false},"excerpt":{"rendered":"<p>POR JULY DE SOSA Adolescencia etapa de vida que marca el final de la infancia y comienzo de la adultez; periodo de desarrollo biol\u00f3gico, Psicol\u00f3gico, sexual, y social, en el cual se lucha por la identificaci\u00f3n del \u201cYO\u201d se trata de un proceso de autoafirmaci\u00f3n, que en la mayor\u00eda de los casos el individuo estar\u00e1 [&hellip;]<\/p>\n","protected":false},"author":3,"featured_media":3639,"comment_status":"open","ping_status":"open","sticky":false,"template":"","format":"standard","meta":[],"categories":[26],"tags":[],"yoast_head":"<!-- This site is optimized with the Yoast SEO plugin v20.8 - https:\/\/yoast.com\/wordpress\/plugins\/seo\/ -->\n<title>\u00a1Ayudemos a nuestros adolescentes a minimizar los efectos contrarios de esa etapa! - La Prensa Cristiana<\/title>\n<meta name=\"robots\" content=\"index, follow, max-snippet:-1, max-image-preview:large, max-video-preview:-1\" \/>\n<link rel=\"canonical\" href=\"https:\/\/laprensacristiana.com\/?p=4375\" \/>\n<meta property=\"og:locale\" content=\"es_ES\" \/>\n<meta property=\"og:type\" content=\"article\" \/>\n<meta property=\"og:title\" content=\"\u00a1Ayudemos a nuestros adolescentes a minimizar los efectos contrarios de esa etapa! - La Prensa Cristiana\" \/>\n<meta property=\"og:description\" content=\"POR JULY DE SOSA Adolescencia etapa de vida que marca el final de la infancia y comienzo de la adultez; periodo de desarrollo biol\u00f3gico, Psicol\u00f3gico, sexual, y social, en el cual se lucha por la identificaci\u00f3n del \u201cYO\u201d se trata de un proceso de autoafirmaci\u00f3n, que en la mayor\u00eda de los casos el individuo estar\u00e1 [&hellip;]\" \/>\n<meta property=\"og:url\" content=\"https:\/\/laprensacristiana.com\/?p=4375\" \/>\n<meta property=\"og:site_name\" content=\"La Prensa Cristiana\" \/>\n<meta property=\"article:published_time\" content=\"2018-08-27T16:29:01+00:00\" \/>\n<meta property=\"article:modified_time\" content=\"2020-07-01T23:33:15+00:00\" \/>\n<meta property=\"og:image\" content=\"https:\/\/laprensacristiana.com\/wp-content\/uploads\/2018\/04\/JULY-LPG-2017.jpg\" \/>\n\t<meta property=\"og:image:width\" content=\"1240\" \/>\n\t<meta property=\"og:image:height\" content=\"692\" \/>\n\t<meta property=\"og:image:type\" content=\"image\/jpeg\" \/>\n<meta name=\"author\" content=\"EDITOR\" \/>\n<meta name=\"twitter:card\" content=\"summary_large_image\" \/>\n<meta name=\"twitter:label1\" content=\"Escrito por\" \/>\n\t<meta name=\"twitter:data1\" content=\"EDITOR\" \/>\n\t<meta name=\"twitter:label2\" content=\"Tiempo de lectura\" \/>\n\t<meta name=\"twitter:data2\" content=\"3 minutos\" \/>\n<script type=\"application\/ld+json\" class=\"yoast-schema-graph\">{\"@context\":\"https:\/\/schema.org\",\"@graph\":[{\"@type\":\"WebPage\",\"@id\":\"https:\/\/laprensacristiana.com\/?p=4375\",\"url\":\"https:\/\/laprensacristiana.com\/?p=4375\",\"name\":\"\u00a1Ayudemos a nuestros adolescentes a minimizar los efectos contrarios de esa etapa! - La Prensa Cristiana\",\"isPartOf\":{\"@id\":\"https:\/\/laprensacristiana.com\/#website\"},\"datePublished\":\"2018-08-27T16:29:01+00:00\",\"dateModified\":\"2020-07-01T23:33:15+00:00\",\"author\":{\"@id\":\"https:\/\/laprensacristiana.com\/#\/schema\/person\/3e7d82c6bfd6b1fa67010f8f7cd5256e\"},\"breadcrumb\":{\"@id\":\"https:\/\/laprensacristiana.com\/?p=4375#breadcrumb\"},\"inLanguage\":\"es\",\"potentialAction\":[{\"@type\":\"ReadAction\",\"target\":[\"https:\/\/laprensacristiana.com\/?p=4375\"]}]},{\"@type\":\"BreadcrumbList\",\"@id\":\"https:\/\/laprensacristiana.com\/?p=4375#breadcrumb\",\"itemListElement\":[{\"@type\":\"ListItem\",\"position\":1,\"name\":\"Portada\",\"item\":\"https:\/\/laprensacristiana.com\/\"},{\"@type\":\"ListItem\",\"position\":2,\"name\":\"\u00a1Ayudemos a nuestros adolescentes a minimizar los efectos contrarios de esa etapa!\"}]},{\"@type\":\"WebSite\",\"@id\":\"https:\/\/laprensacristiana.com\/#website\",\"url\":\"https:\/\/laprensacristiana.com\/\",\"name\":\"La Prensa Cristiana\",\"description\":\"Anunciando Las Buenas Nuevas\",\"potentialAction\":[{\"@type\":\"SearchAction\",\"target\":{\"@type\":\"EntryPoint\",\"urlTemplate\":\"https:\/\/laprensacristiana.com\/?s={search_term_string}\"},\"query-input\":\"required name=search_term_string\"}],\"inLanguage\":\"es\"},{\"@type\":\"Person\",\"@id\":\"https:\/\/laprensacristiana.com\/#\/schema\/person\/3e7d82c6bfd6b1fa67010f8f7cd5256e\",\"name\":\"EDITOR\",\"image\":{\"@type\":\"ImageObject\",\"inLanguage\":\"es\",\"@id\":\"https:\/\/laprensacristiana.com\/#\/schema\/person\/image\/\",\"url\":\"https:\/\/secure.gravatar.com\/avatar\/72069dfb6c13772d9e8381e3638666d2?s=96&d=mm&r=g\",\"contentUrl\":\"https:\/\/secure.gravatar.com\/avatar\/72069dfb6c13772d9e8381e3638666d2?s=96&d=mm&r=g\",\"caption\":\"EDITOR\"},\"url\":\"https:\/\/laprensacristiana.com\/?author=3\"}]}<\/script>\n<!-- \/ Yoast SEO plugin. -->","yoast_head_json":{"title":"\u00a1Ayudemos a nuestros adolescentes a minimizar los efectos contrarios de esa etapa! - La Prensa Cristiana","robots":{"index":"index","follow":"follow","max-snippet":"max-snippet:-1","max-image-preview":"max-image-preview:large","max-video-preview":"max-video-preview:-1"},"canonical":"https:\/\/laprensacristiana.com\/?p=4375","og_locale":"es_ES","og_type":"article","og_title":"\u00a1Ayudemos a nuestros adolescentes a minimizar los efectos contrarios de esa etapa! - La Prensa Cristiana","og_description":"POR JULY DE SOSA Adolescencia etapa de vida que marca el final de la infancia y comienzo de la adultez; periodo de desarrollo biol\u00f3gico, Psicol\u00f3gico, sexual, y social, en el cual se lucha por la identificaci\u00f3n del \u201cYO\u201d se trata de un proceso de autoafirmaci\u00f3n, que en la mayor\u00eda de los casos el individuo estar\u00e1 [&hellip;]","og_url":"https:\/\/laprensacristiana.com\/?p=4375","og_site_name":"La Prensa Cristiana","article_published_time":"2018-08-27T16:29:01+00:00","article_modified_time":"2020-07-01T23:33:15+00:00","og_image":[{"width":1240,"height":692,"url":"https:\/\/laprensacristiana.com\/wp-content\/uploads\/2018\/04\/JULY-LPG-2017.jpg","type":"image\/jpeg"}],"author":"EDITOR","twitter_card":"summary_large_image","twitter_misc":{"Escrito por":"EDITOR","Tiempo de lectura":"3 minutos"},"schema":{"@context":"https:\/\/schema.org","@graph":[{"@type":"WebPage","@id":"https:\/\/laprensacristiana.com\/?p=4375","url":"https:\/\/laprensacristiana.com\/?p=4375","name":"\u00a1Ayudemos a nuestros adolescentes a minimizar los efectos contrarios de esa etapa! - La Prensa Cristiana","isPartOf":{"@id":"https:\/\/laprensacristiana.com\/#website"},"datePublished":"2018-08-27T16:29:01+00:00","dateModified":"2020-07-01T23:33:15+00:00","author":{"@id":"https:\/\/laprensacristiana.com\/#\/schema\/person\/3e7d82c6bfd6b1fa67010f8f7cd5256e"},"breadcrumb":{"@id":"https:\/\/laprensacristiana.com\/?p=4375#breadcrumb"},"inLanguage":"es","potentialAction":[{"@type":"ReadAction","target":["https:\/\/laprensacristiana.com\/?p=4375"]}]},{"@type":"BreadcrumbList","@id":"https:\/\/laprensacristiana.com\/?p=4375#breadcrumb","itemListElement":[{"@type":"ListItem","position":1,"name":"Portada","item":"https:\/\/laprensacristiana.com\/"},{"@type":"ListItem","position":2,"name":"\u00a1Ayudemos a nuestros adolescentes a minimizar los efectos contrarios de esa etapa!"}]},{"@type":"WebSite","@id":"https:\/\/laprensacristiana.com\/#website","url":"https:\/\/laprensacristiana.com\/","name":"La Prensa Cristiana","description":"Anunciando Las Buenas Nuevas","potentialAction":[{"@type":"SearchAction","target":{"@type":"EntryPoint","urlTemplate":"https:\/\/laprensacristiana.com\/?s={search_term_string}"},"query-input":"required name=search_term_string"}],"inLanguage":"es"},{"@type":"Person","@id":"https:\/\/laprensacristiana.com\/#\/schema\/person\/3e7d82c6bfd6b1fa67010f8f7cd5256e","name":"EDITOR","image":{"@type":"ImageObject","inLanguage":"es","@id":"https:\/\/laprensacristiana.com\/#\/schema\/person\/image\/","url":"https:\/\/secure.gravatar.com\/avatar\/72069dfb6c13772d9e8381e3638666d2?s=96&d=mm&r=g","contentUrl":"https:\/\/secure.gravatar.com\/avatar\/72069dfb6c13772d9e8381e3638666d2?s=96&d=mm&r=g","caption":"EDITOR"},"url":"https:\/\/laprensacristiana.com\/?author=3"}]}},"_links":{"self":[{"href":"https:\/\/laprensacristiana.com\/index.php?rest_route=\/wp\/v2\/posts\/4375"}],"collection":[{"href":"https:\/\/laprensacristiana.com\/index.php?rest_route=\/wp\/v2\/posts"}],"about":[{"href":"https:\/\/laprensacristiana.com\/index.php?rest_route=\/wp\/v2\/types\/post"}],"author":[{"embeddable":true,"href":"https:\/\/laprensacristiana.com\/index.php?rest_route=\/wp\/v2\/users\/3"}],"replies":[{"embeddable":true,"href":"https:\/\/laprensacristiana.com\/index.php?rest_route=%2Fwp%2Fv2%2Fcomments&post=4375"}],"version-history":[{"count":1,"href":"https:\/\/laprensacristiana.com\/index.php?rest_route=\/wp\/v2\/posts\/4375\/revisions"}],"predecessor-version":[{"id":4380,"href":"https:\/\/laprensacristiana.com\/index.php?rest_route=\/wp\/v2\/posts\/4375\/revisions\/4380"}],"wp:featuredmedia":[{"embeddable":true,"href":"https:\/\/laprensacristiana.com\/index.php?rest_route=\/wp\/v2\/media\/3639"}],"wp:attachment":[{"href":"https:\/\/laprensacristiana.com\/index.php?rest_route=%2Fwp%2Fv2%2Fmedia&parent=4375"}],"wp:term":[{"taxonomy":"category","embeddable":true,"href":"https:\/\/laprensacristiana.com\/index.php?rest_route=%2Fwp%2Fv2%2Fcategories&post=4375"},{"taxonomy":"post_tag","embeddable":true,"href":"https:\/\/laprensacristiana.com\/index.php?rest_route=%2Fwp%2Fv2%2Ftags&post=4375"}],"curies":[{"name":"wp","href":"https:\/\/api.w.org\/{rel}","templated":true}]}}