{"id":4377,"date":"2018-08-27T16:21:44","date_gmt":"2018-08-27T16:21:44","guid":{"rendered":"https:\/\/laprensacristiana.com\/?p=4377"},"modified":"2020-07-01T23:33:26","modified_gmt":"2020-07-01T23:33:26","slug":"derrama-tu-gracia-nuevo-sencillo-de-gonzalo-de-leon-y-alex-navas","status":"publish","type":"post","link":"https:\/\/laprensacristiana.com\/?p=4377","title":{"rendered":"Derrama tu Gracia, nuevo sencillo de Gonzalo de Le\u00f3n y Alex Navas"},"content":{"rendered":"<p><strong>Por: Erika Menjivar<\/strong><\/p>\n<p>Con el prop\u00f3sito de que Dios derrame su gloria y que la comuni\u00f3n con \u00c9l sea m\u00e1s viva, los artistas Gonzalo de Le\u00f3n y Alex Navas se unen para que esta alabanza bendiga muchas vidas.<\/p>\n<p>El lanzamiento oficial del sencillo: Derrama tu Gracia, fue el viernes 24 de agosto del presente a\u00f1o, la letra de dicha producci\u00f3n es de Gonzalo de Leon, Alex Navas, Fernando Castillo y Gerber ECM.<\/p>\n<p>\u201cEl prop\u00f3sito es que Dios a trav\u00e9s de nosotros derrame su gloria. Que m\u00e1s que una oraci\u00f3n sea un estilo de vida d\u00eda a d\u00eda y que nuestra comuni\u00f3n con \u00c9l sea viva, intensa, profunda y continua para que haya un avivamiento en nuestros corazones\u201d, coment\u00f3 Gonzalo de Le\u00f3n.<\/p>\n<p>Expresa adem\u00e1s, que con esta nueva producci\u00f3n esperan que muchas personas sean edificadas y bendecidas, que lejos de una emoci\u00f3n sea un estilo de vida en adoraci\u00f3n.<\/p>\n<p>Hace una invitaci\u00f3n a que escuchen esta alabanza, pues la letra promueve un mejor entendimiento de la gracia de Dios para todas las vidas, las familias, la Iglesia y la Naci\u00f3n.<\/p>\n<p>Derrama tu Gloria ya est\u00e1 disponible en plataformas digitales como: Itunes, Google +, Spotify, Deezer, Amazon y otros para poder ser escuchada.<\/p>\n<p>&nbsp;<\/p>\n","protected":false},"excerpt":{"rendered":"<p>Por: Erika Menjivar Con el prop\u00f3sito de que Dios derrame su gloria y que la comuni\u00f3n con \u00c9l sea m\u00e1s viva, los artistas Gonzalo de Le\u00f3n y Alex Navas se unen para que esta alabanza bendiga muchas vidas. El lanzamiento oficial del sencillo: Derrama tu Gracia, fue el viernes 24 de agosto del presente a\u00f1o, [&hellip;]<\/p>\n","protected":false},"author":3,"featured_media":4378,"comment_status":"open","ping_status":"open","sticky":false,"template":"","format":"standard","meta":[],"categories":[101],"tags":[],"yoast_head":"<!-- This site is optimized with the Yoast SEO plugin v20.8 - https:\/\/yoast.com\/wordpress\/plugins\/seo\/ -->\n<title>Derrama tu Gracia, nuevo sencillo de Gonzalo de Le\u00f3n y Alex Navas - La Prensa Cristiana<\/title>\n<meta name=\"robots\" content=\"index, follow, max-snippet:-1, max-image-preview:large, max-video-preview:-1\" \/>\n<link rel=\"canonical\" href=\"https:\/\/laprensacristiana.com\/?p=4377\" \/>\n<meta property=\"og:locale\" content=\"es_ES\" \/>\n<meta property=\"og:type\" content=\"article\" \/>\n<meta property=\"og:title\" content=\"Derrama tu Gracia, nuevo sencillo de Gonzalo de Le\u00f3n y Alex Navas - La Prensa Cristiana\" \/>\n<meta property=\"og:description\" content=\"Por: Erika Menjivar Con el prop\u00f3sito de que Dios derrame su gloria y que la comuni\u00f3n con \u00c9l sea m\u00e1s viva, los artistas Gonzalo de Le\u00f3n y Alex Navas se unen para que esta alabanza bendiga muchas vidas. El lanzamiento oficial del sencillo: Derrama tu Gracia, fue el viernes 24 de agosto del presente a\u00f1o, [&hellip;]\" \/>\n<meta property=\"og:url\" content=\"https:\/\/laprensacristiana.com\/?p=4377\" \/>\n<meta property=\"og:site_name\" content=\"La Prensa Cristiana\" \/>\n<meta property=\"article:published_time\" content=\"2018-08-27T16:21:44+00:00\" \/>\n<meta property=\"article:modified_time\" content=\"2020-07-01T23:33:26+00:00\" \/>\n<meta property=\"og:image\" content=\"https:\/\/laprensacristiana.com\/wp-content\/uploads\/2018\/08\/IMG-20180827-WA0005.jpg\" \/>\n\t<meta property=\"og:image:width\" content=\"1280\" \/>\n\t<meta property=\"og:image:height\" content=\"853\" \/>\n\t<meta property=\"og:image:type\" content=\"image\/jpeg\" \/>\n<meta name=\"author\" content=\"EDITOR\" \/>\n<meta name=\"twitter:card\" content=\"summary_large_image\" \/>\n<meta name=\"twitter:label1\" content=\"Escrito por\" \/>\n\t<meta name=\"twitter:data1\" content=\"EDITOR\" \/>\n\t<meta name=\"twitter:label2\" content=\"Tiempo de lectura\" \/>\n\t<meta name=\"twitter:data2\" content=\"1 minuto\" \/>\n<script type=\"application\/ld+json\" class=\"yoast-schema-graph\">{\"@context\":\"https:\/\/schema.org\",\"@graph\":[{\"@type\":\"WebPage\",\"@id\":\"https:\/\/laprensacristiana.com\/?p=4377\",\"url\":\"https:\/\/laprensacristiana.com\/?p=4377\",\"name\":\"Derrama tu Gracia, nuevo sencillo de Gonzalo de Le\u00f3n y Alex Navas - La Prensa Cristiana\",\"isPartOf\":{\"@id\":\"https:\/\/laprensacristiana.com\/#website\"},\"datePublished\":\"2018-08-27T16:21:44+00:00\",\"dateModified\":\"2020-07-01T23:33:26+00:00\",\"author\":{\"@id\":\"https:\/\/laprensacristiana.com\/#\/schema\/person\/3e7d82c6bfd6b1fa67010f8f7cd5256e\"},\"breadcrumb\":{\"@id\":\"https:\/\/laprensacristiana.com\/?p=4377#breadcrumb\"},\"inLanguage\":\"es\",\"potentialAction\":[{\"@type\":\"ReadAction\",\"target\":[\"https:\/\/laprensacristiana.com\/?p=4377\"]}]},{\"@type\":\"BreadcrumbList\",\"@id\":\"https:\/\/laprensacristiana.com\/?p=4377#breadcrumb\",\"itemListElement\":[{\"@type\":\"ListItem\",\"position\":1,\"name\":\"Portada\",\"item\":\"https:\/\/laprensacristiana.com\/\"},{\"@type\":\"ListItem\",\"position\":2,\"name\":\"Derrama tu Gracia, nuevo sencillo de Gonzalo de Le\u00f3n y Alex Navas\"}]},{\"@type\":\"WebSite\",\"@id\":\"https:\/\/laprensacristiana.com\/#website\",\"url\":\"https:\/\/laprensacristiana.com\/\",\"name\":\"La Prensa Cristiana\",\"description\":\"Anunciando Las Buenas Nuevas\",\"potentialAction\":[{\"@type\":\"SearchAction\",\"target\":{\"@type\":\"EntryPoint\",\"urlTemplate\":\"https:\/\/laprensacristiana.com\/?s={search_term_string}\"},\"query-input\":\"required name=search_term_string\"}],\"inLanguage\":\"es\"},{\"@type\":\"Person\",\"@id\":\"https:\/\/laprensacristiana.com\/#\/schema\/person\/3e7d82c6bfd6b1fa67010f8f7cd5256e\",\"name\":\"EDITOR\",\"image\":{\"@type\":\"ImageObject\",\"inLanguage\":\"es\",\"@id\":\"https:\/\/laprensacristiana.com\/#\/schema\/person\/image\/\",\"url\":\"https:\/\/secure.gravatar.com\/avatar\/72069dfb6c13772d9e8381e3638666d2?s=96&d=mm&r=g\",\"contentUrl\":\"https:\/\/secure.gravatar.com\/avatar\/72069dfb6c13772d9e8381e3638666d2?s=96&d=mm&r=g\",\"caption\":\"EDITOR\"},\"url\":\"https:\/\/laprensacristiana.com\/?author=3\"}]}<\/script>\n<!-- \/ Yoast SEO plugin. -->","yoast_head_json":{"title":"Derrama tu Gracia, nuevo sencillo de Gonzalo de Le\u00f3n y Alex Navas - La Prensa Cristiana","robots":{"index":"index","follow":"follow","max-snippet":"max-snippet:-1","max-image-preview":"max-image-preview:large","max-video-preview":"max-video-preview:-1"},"canonical":"https:\/\/laprensacristiana.com\/?p=4377","og_locale":"es_ES","og_type":"article","og_title":"Derrama tu Gracia, nuevo sencillo de Gonzalo de Le\u00f3n y Alex Navas - La Prensa Cristiana","og_description":"Por: Erika Menjivar Con el prop\u00f3sito de que Dios derrame su gloria y que la comuni\u00f3n con \u00c9l sea m\u00e1s viva, los artistas Gonzalo de Le\u00f3n y Alex Navas se unen para que esta alabanza bendiga muchas vidas. El lanzamiento oficial del sencillo: Derrama tu Gracia, fue el viernes 24 de agosto del presente a\u00f1o, [&hellip;]","og_url":"https:\/\/laprensacristiana.com\/?p=4377","og_site_name":"La Prensa Cristiana","article_published_time":"2018-08-27T16:21:44+00:00","article_modified_time":"2020-07-01T23:33:26+00:00","og_image":[{"width":1280,"height":853,"url":"https:\/\/laprensacristiana.com\/wp-content\/uploads\/2018\/08\/IMG-20180827-WA0005.jpg","type":"image\/jpeg"}],"author":"EDITOR","twitter_card":"summary_large_image","twitter_misc":{"Escrito por":"EDITOR","Tiempo de lectura":"1 minuto"},"schema":{"@context":"https:\/\/schema.org","@graph":[{"@type":"WebPage","@id":"https:\/\/laprensacristiana.com\/?p=4377","url":"https:\/\/laprensacristiana.com\/?p=4377","name":"Derrama tu Gracia, nuevo sencillo de Gonzalo de Le\u00f3n y Alex Navas - La Prensa Cristiana","isPartOf":{"@id":"https:\/\/laprensacristiana.com\/#website"},"datePublished":"2018-08-27T16:21:44+00:00","dateModified":"2020-07-01T23:33:26+00:00","author":{"@id":"https:\/\/laprensacristiana.com\/#\/schema\/person\/3e7d82c6bfd6b1fa67010f8f7cd5256e"},"breadcrumb":{"@id":"https:\/\/laprensacristiana.com\/?p=4377#breadcrumb"},"inLanguage":"es","potentialAction":[{"@type":"ReadAction","target":["https:\/\/laprensacristiana.com\/?p=4377"]}]},{"@type":"BreadcrumbList","@id":"https:\/\/laprensacristiana.com\/?p=4377#breadcrumb","itemListElement":[{"@type":"ListItem","position":1,"name":"Portada","item":"https:\/\/laprensacristiana.com\/"},{"@type":"ListItem","position":2,"name":"Derrama tu Gracia, nuevo sencillo de Gonzalo de Le\u00f3n y Alex Navas"}]},{"@type":"WebSite","@id":"https:\/\/laprensacristiana.com\/#website","url":"https:\/\/laprensacristiana.com\/","name":"La Prensa Cristiana","description":"Anunciando Las Buenas Nuevas","potentialAction":[{"@type":"SearchAction","target":{"@type":"EntryPoint","urlTemplate":"https:\/\/laprensacristiana.com\/?s={search_term_string}"},"query-input":"required name=search_term_string"}],"inLanguage":"es"},{"@type":"Person","@id":"https:\/\/laprensacristiana.com\/#\/schema\/person\/3e7d82c6bfd6b1fa67010f8f7cd5256e","name":"EDITOR","image":{"@type":"ImageObject","inLanguage":"es","@id":"https:\/\/laprensacristiana.com\/#\/schema\/person\/image\/","url":"https:\/\/secure.gravatar.com\/avatar\/72069dfb6c13772d9e8381e3638666d2?s=96&d=mm&r=g","contentUrl":"https:\/\/secure.gravatar.com\/avatar\/72069dfb6c13772d9e8381e3638666d2?s=96&d=mm&r=g","caption":"EDITOR"},"url":"https:\/\/laprensacristiana.com\/?author=3"}]}},"_links":{"self":[{"href":"https:\/\/laprensacristiana.com\/index.php?rest_route=\/wp\/v2\/posts\/4377"}],"collection":[{"href":"https:\/\/laprensacristiana.com\/index.php?rest_route=\/wp\/v2\/posts"}],"about":[{"href":"https:\/\/laprensacristiana.com\/index.php?rest_route=\/wp\/v2\/types\/post"}],"author":[{"embeddable":true,"href":"https:\/\/laprensacristiana.com\/index.php?rest_route=\/wp\/v2\/users\/3"}],"replies":[{"embeddable":true,"href":"https:\/\/laprensacristiana.com\/index.php?rest_route=%2Fwp%2Fv2%2Fcomments&post=4377"}],"version-history":[{"count":1,"href":"https:\/\/laprensacristiana.com\/index.php?rest_route=\/wp\/v2\/posts\/4377\/revisions"}],"predecessor-version":[{"id":4379,"href":"https:\/\/laprensacristiana.com\/index.php?rest_route=\/wp\/v2\/posts\/4377\/revisions\/4379"}],"wp:featuredmedia":[{"embeddable":true,"href":"https:\/\/laprensacristiana.com\/index.php?rest_route=\/wp\/v2\/media\/4378"}],"wp:attachment":[{"href":"https:\/\/laprensacristiana.com\/index.php?rest_route=%2Fwp%2Fv2%2Fmedia&parent=4377"}],"wp:term":[{"taxonomy":"category","embeddable":true,"href":"https:\/\/laprensacristiana.com\/index.php?rest_route=%2Fwp%2Fv2%2Fcategories&post=4377"},{"taxonomy":"post_tag","embeddable":true,"href":"https:\/\/laprensacristiana.com\/index.php?rest_route=%2Fwp%2Fv2%2Ftags&post=4377"}],"curies":[{"name":"wp","href":"https:\/\/api.w.org\/{rel}","templated":true}]}}