{"id":4385,"date":"2018-08-29T16:22:23","date_gmt":"2018-08-29T16:22:23","guid":{"rendered":"https:\/\/laprensacristiana.com\/?p=4385"},"modified":"2020-07-01T23:32:48","modified_gmt":"2020-07-01T23:32:48","slug":"depresion-de-pastor-termina-en-suicidio","status":"publish","type":"post","link":"https:\/\/laprensacristiana.com\/?p=4385","title":{"rendered":"Depresi\u00f3n de pastor termina en suicidio"},"content":{"rendered":"<p><em>Por: Cindy Palacios<\/em><\/p>\n<p>La depresi\u00f3n es un t\u00e9rmino que escuchamos muy a menudo, pero poco profundizamos en su significado, seg\u00fan la Real Academia Espa\u00f1ola es una acci\u00f3n y efecto de deprimir o deprimirse, un s\u00edndrome caracterizado por una tristeza profunda y por la inhibici\u00f3n de las funciones ps\u00edquicas, a veces con trastornos neurovegetativos.<\/p>\n<p>Seg\u00fan la OMS que por sus siglas significa Organizaci\u00f3n Mundial de la Salud un 4,4 % de la poblaci\u00f3n a nivel mundial sufre de esta dolencia y es m\u00e1s com\u00fan en las mujeres que en los hombres, entre el a\u00f1o 2005 y 2015 los casos han ido en aumento un 18%.<\/p>\n<p>Todos en alg\u00fan momento hemos pasado por lapsos de depresi\u00f3n sin darnos cuenta, tristeza, ira, desesperanza, fatiga y otros s\u00edntomas pero logramos superarlos, no todas las personas tienen la capacidad para lograrlo, nos resulta incre\u00edble pensar que un Pastor puede pensar en atentar contra su vida o pero aun quit\u00e1rsela.<\/p>\n<p>Como feligreses se llega a pensar que los l\u00edderes espirituales son invencibles, olvidando que son carne y hueso como los dem\u00e1s, ellos sufren, lloran, sienten tristeza y por momentos desesperanza.<\/p>\n<p>El pasado viernes 25 de agosto en horas de la ma\u00f1ana el pastor \u00a0Andrew Stoecklein de la iglesia Inland Hills Church en Chino California, intent\u00f3 quitarse la vida, pero fue hospitalizado seg\u00fan inform\u00f3 su congregaci\u00f3n a trav\u00e9s de sus redes sociales.<\/p>\n<p>Stoecklein ten\u00eda 30 a\u00f1os de edad, estaba casado con Kayla Stoecklein y procrearon tres hijos, seg\u00fan su feligres\u00eda Andrew estaba luchando contra la depresi\u00f3n y ansiedad hace ya un tiempo, el 12 de agosto acababa de regresar de un periodo sab\u00e1tico de 4 meses luego de atravesar el luto por la p\u00e9rdida de su padre, para predicar en su congregaci\u00f3n.<\/p>\n<p>La mayor\u00eda de sus feligreses eran j\u00f3venes, pero se gan\u00f3 el respeto y el cari\u00f1o de todos, hacia viajes humanitarios para plantar y ayudar a iglesias alrededor del mundo.<\/p>\n<p>La iglesia Inland Hills anuncio su deceso el s\u00e1bado 26 de agosto a trav\u00e9s de \u00a0Facebook, \u201cla iglesia llora por nuestro pastor general\u201d, \u201cNo es el resultado que esper\u00e1bamos y rezamos, y hoy estamos tristes como una familia. En su tiempo liderando, Andrew lleg\u00f3 a tantos con su c\u00e1lido ingenio, coraz\u00f3n apasionado para Dios, y siempre ense\u00f1o a Jes\u00fas a los dem\u00e1s. El amante esposo, padre, hijo, y amigo, \u00e9l iba a seguir inspirando y llevar a otros a una relaci\u00f3n cada vez mayor con Jesucristo\u201d<\/p>\n<p>Invitaron a las personas que est\u00e1n pasando por depresi\u00f3n a poderse comunicar con ellos y recibir apoyo.<\/p>\n<p>Su esposa Kayla escribi\u00f3 palabras emotivas a trav\u00e9s de sus redes sociales:<\/p>\n<p>\u00ab&#8230; te quiero mucho y te voy a extra\u00f1ar todos los d\u00edas por el resto de mi vida. Cuando pienso en ti voy a sonre\u00edr, sabiendo que te ver\u00e9 de nuevo alg\u00fan d\u00eda. Gracias por 10 maravillosos a\u00f1os juntos. Gracias por darme el regalo de tres hermosos chicos de ojos azules que todos se parecen a ti. Gracias por haberme elegido, por creer en m\u00ed, y por haberme mostrado c\u00f3mo vivir sin miedo&#8230;\u00bb<\/p>\n<p><img decoding=\"async\" loading=\"lazy\" class=\"alignnone size-full wp-image-4387\" src=\"https:\/\/laprensacristiana.com\/wp-content\/uploads\/2018\/08\/40293666_10155547705012341_38587656929542144_n.jpg\" alt=\"\" width=\"960\" height=\"960\" srcset=\"https:\/\/laprensacristiana.com\/wp-content\/uploads\/2018\/08\/40293666_10155547705012341_38587656929542144_n.jpg 960w, https:\/\/laprensacristiana.com\/wp-content\/uploads\/2018\/08\/40293666_10155547705012341_38587656929542144_n-300x300.jpg 300w, https:\/\/laprensacristiana.com\/wp-content\/uploads\/2018\/08\/40293666_10155547705012341_38587656929542144_n-100x100.jpg 100w, https:\/\/laprensacristiana.com\/wp-content\/uploads\/2018\/08\/40293666_10155547705012341_38587656929542144_n-600x600.jpg 600w, https:\/\/laprensacristiana.com\/wp-content\/uploads\/2018\/08\/40293666_10155547705012341_38587656929542144_n-150x150.jpg 150w, https:\/\/laprensacristiana.com\/wp-content\/uploads\/2018\/08\/40293666_10155547705012341_38587656929542144_n-768x768.jpg 768w, https:\/\/laprensacristiana.com\/wp-content\/uploads\/2018\/08\/40293666_10155547705012341_38587656929542144_n-696x696.jpg 696w, https:\/\/laprensacristiana.com\/wp-content\/uploads\/2018\/08\/40293666_10155547705012341_38587656929542144_n-420x420.jpg 420w\" sizes=\"(max-width: 960px) 100vw, 960px\" \/><\/p>\n<p>Muchos pastores, comunicadores y salmistas cristianos a nivel mundial est\u00e1n consternado por la noticia del fallecimiento de Stoecklein; \u201cSe\u00f1ores los pastores son seres humanos que necesitan apoyo, ayuda, oraci\u00f3n, aliento y afecto, descanso, no podemos pasar toda una vida creyendo que ellos son dioses que no padecen y cuando vemos sus flagelos entonces los juzgamos y los abandonamos, porque no es el par\u00e1metro que buscamos\u201d expreso Neftal\u00ed Rojas quien es un comunicador y productor de radio Pura Vida FM en Rep\u00fablica Dominicana.<\/p>\n<p>La depresi\u00f3n es un detonante silencioso que puede padecerlo un ni\u00f1o, joven adulto, anciano, no escatima raza, color, posici\u00f3n econ\u00f3mica, puede estarlo padeciendo alguien muy cercano y no nos damos cuenta, es importante hablar para recibir ayuda espiritual y moral.<\/p>\n<p>&nbsp;<\/p>\n<p>&nbsp;<\/p>\n","protected":false},"excerpt":{"rendered":"<p>Por: Cindy Palacios La depresi\u00f3n es un t\u00e9rmino que escuchamos muy a menudo, pero poco profundizamos en su significado, seg\u00fan la Real Academia Espa\u00f1ola es una acci\u00f3n y efecto de deprimir o deprimirse, un s\u00edndrome caracterizado por una tristeza profunda y por la inhibici\u00f3n de las funciones ps\u00edquicas, a veces con trastornos neurovegetativos. Seg\u00fan la [&hellip;]<\/p>\n","protected":false},"author":3,"featured_media":4386,"comment_status":"open","ping_status":"open","sticky":false,"template":"","format":"standard","meta":[],"categories":[56],"tags":[],"yoast_head":"<!-- This site is optimized with the Yoast SEO plugin v20.8 - https:\/\/yoast.com\/wordpress\/plugins\/seo\/ -->\n<title>Depresi\u00f3n de pastor termina en suicidio - La Prensa Cristiana<\/title>\n<meta name=\"robots\" content=\"index, follow, max-snippet:-1, max-image-preview:large, max-video-preview:-1\" \/>\n<link rel=\"canonical\" href=\"https:\/\/laprensacristiana.com\/?p=4385\" \/>\n<meta property=\"og:locale\" content=\"es_ES\" \/>\n<meta property=\"og:type\" content=\"article\" \/>\n<meta property=\"og:title\" content=\"Depresi\u00f3n de pastor termina en suicidio - La Prensa Cristiana\" \/>\n<meta property=\"og:description\" content=\"Por: Cindy Palacios La depresi\u00f3n es un t\u00e9rmino que escuchamos muy a menudo, pero poco profundizamos en su significado, seg\u00fan la Real Academia Espa\u00f1ola es una acci\u00f3n y efecto de deprimir o deprimirse, un s\u00edndrome caracterizado por una tristeza profunda y por la inhibici\u00f3n de las funciones ps\u00edquicas, a veces con trastornos neurovegetativos. Seg\u00fan la [&hellip;]\" \/>\n<meta property=\"og:url\" content=\"https:\/\/laprensacristiana.com\/?p=4385\" \/>\n<meta property=\"og:site_name\" content=\"La Prensa Cristiana\" \/>\n<meta property=\"article:published_time\" content=\"2018-08-29T16:22:23+00:00\" \/>\n<meta property=\"article:modified_time\" content=\"2020-07-01T23:32:48+00:00\" \/>\n<meta property=\"og:image\" content=\"https:\/\/laprensacristiana.com\/wp-content\/uploads\/2018\/08\/39906050_10155534087862341_4097610271688753152_o.jpg\" \/>\n\t<meta property=\"og:image:width\" content=\"2048\" \/>\n\t<meta property=\"og:image:height\" content=\"1365\" \/>\n\t<meta property=\"og:image:type\" content=\"image\/jpeg\" \/>\n<meta name=\"author\" content=\"EDITOR\" \/>\n<meta name=\"twitter:card\" content=\"summary_large_image\" \/>\n<meta name=\"twitter:label1\" content=\"Escrito por\" \/>\n\t<meta name=\"twitter:data1\" content=\"EDITOR\" \/>\n\t<meta name=\"twitter:label2\" content=\"Tiempo de lectura\" \/>\n\t<meta name=\"twitter:data2\" content=\"3 minutos\" \/>\n<script type=\"application\/ld+json\" class=\"yoast-schema-graph\">{\"@context\":\"https:\/\/schema.org\",\"@graph\":[{\"@type\":\"WebPage\",\"@id\":\"https:\/\/laprensacristiana.com\/?p=4385\",\"url\":\"https:\/\/laprensacristiana.com\/?p=4385\",\"name\":\"Depresi\u00f3n de pastor termina en suicidio - La Prensa Cristiana\",\"isPartOf\":{\"@id\":\"https:\/\/laprensacristiana.com\/#website\"},\"datePublished\":\"2018-08-29T16:22:23+00:00\",\"dateModified\":\"2020-07-01T23:32:48+00:00\",\"author\":{\"@id\":\"https:\/\/laprensacristiana.com\/#\/schema\/person\/3e7d82c6bfd6b1fa67010f8f7cd5256e\"},\"breadcrumb\":{\"@id\":\"https:\/\/laprensacristiana.com\/?p=4385#breadcrumb\"},\"inLanguage\":\"es\",\"potentialAction\":[{\"@type\":\"ReadAction\",\"target\":[\"https:\/\/laprensacristiana.com\/?p=4385\"]}]},{\"@type\":\"BreadcrumbList\",\"@id\":\"https:\/\/laprensacristiana.com\/?p=4385#breadcrumb\",\"itemListElement\":[{\"@type\":\"ListItem\",\"position\":1,\"name\":\"Portada\",\"item\":\"https:\/\/laprensacristiana.com\/\"},{\"@type\":\"ListItem\",\"position\":2,\"name\":\"Depresi\u00f3n de pastor termina en suicidio\"}]},{\"@type\":\"WebSite\",\"@id\":\"https:\/\/laprensacristiana.com\/#website\",\"url\":\"https:\/\/laprensacristiana.com\/\",\"name\":\"La Prensa Cristiana\",\"description\":\"Anunciando Las Buenas Nuevas\",\"potentialAction\":[{\"@type\":\"SearchAction\",\"target\":{\"@type\":\"EntryPoint\",\"urlTemplate\":\"https:\/\/laprensacristiana.com\/?s={search_term_string}\"},\"query-input\":\"required name=search_term_string\"}],\"inLanguage\":\"es\"},{\"@type\":\"Person\",\"@id\":\"https:\/\/laprensacristiana.com\/#\/schema\/person\/3e7d82c6bfd6b1fa67010f8f7cd5256e\",\"name\":\"EDITOR\",\"image\":{\"@type\":\"ImageObject\",\"inLanguage\":\"es\",\"@id\":\"https:\/\/laprensacristiana.com\/#\/schema\/person\/image\/\",\"url\":\"https:\/\/secure.gravatar.com\/avatar\/72069dfb6c13772d9e8381e3638666d2?s=96&d=mm&r=g\",\"contentUrl\":\"https:\/\/secure.gravatar.com\/avatar\/72069dfb6c13772d9e8381e3638666d2?s=96&d=mm&r=g\",\"caption\":\"EDITOR\"},\"url\":\"https:\/\/laprensacristiana.com\/?author=3\"}]}<\/script>\n<!-- \/ Yoast SEO plugin. -->","yoast_head_json":{"title":"Depresi\u00f3n de pastor termina en suicidio - La Prensa Cristiana","robots":{"index":"index","follow":"follow","max-snippet":"max-snippet:-1","max-image-preview":"max-image-preview:large","max-video-preview":"max-video-preview:-1"},"canonical":"https:\/\/laprensacristiana.com\/?p=4385","og_locale":"es_ES","og_type":"article","og_title":"Depresi\u00f3n de pastor termina en suicidio - La Prensa Cristiana","og_description":"Por: Cindy Palacios La depresi\u00f3n es un t\u00e9rmino que escuchamos muy a menudo, pero poco profundizamos en su significado, seg\u00fan la Real Academia Espa\u00f1ola es una acci\u00f3n y efecto de deprimir o deprimirse, un s\u00edndrome caracterizado por una tristeza profunda y por la inhibici\u00f3n de las funciones ps\u00edquicas, a veces con trastornos neurovegetativos. Seg\u00fan la [&hellip;]","og_url":"https:\/\/laprensacristiana.com\/?p=4385","og_site_name":"La Prensa Cristiana","article_published_time":"2018-08-29T16:22:23+00:00","article_modified_time":"2020-07-01T23:32:48+00:00","og_image":[{"width":2048,"height":1365,"url":"https:\/\/laprensacristiana.com\/wp-content\/uploads\/2018\/08\/39906050_10155534087862341_4097610271688753152_o.jpg","type":"image\/jpeg"}],"author":"EDITOR","twitter_card":"summary_large_image","twitter_misc":{"Escrito por":"EDITOR","Tiempo de lectura":"3 minutos"},"schema":{"@context":"https:\/\/schema.org","@graph":[{"@type":"WebPage","@id":"https:\/\/laprensacristiana.com\/?p=4385","url":"https:\/\/laprensacristiana.com\/?p=4385","name":"Depresi\u00f3n de pastor termina en suicidio - La Prensa Cristiana","isPartOf":{"@id":"https:\/\/laprensacristiana.com\/#website"},"datePublished":"2018-08-29T16:22:23+00:00","dateModified":"2020-07-01T23:32:48+00:00","author":{"@id":"https:\/\/laprensacristiana.com\/#\/schema\/person\/3e7d82c6bfd6b1fa67010f8f7cd5256e"},"breadcrumb":{"@id":"https:\/\/laprensacristiana.com\/?p=4385#breadcrumb"},"inLanguage":"es","potentialAction":[{"@type":"ReadAction","target":["https:\/\/laprensacristiana.com\/?p=4385"]}]},{"@type":"BreadcrumbList","@id":"https:\/\/laprensacristiana.com\/?p=4385#breadcrumb","itemListElement":[{"@type":"ListItem","position":1,"name":"Portada","item":"https:\/\/laprensacristiana.com\/"},{"@type":"ListItem","position":2,"name":"Depresi\u00f3n de pastor termina en suicidio"}]},{"@type":"WebSite","@id":"https:\/\/laprensacristiana.com\/#website","url":"https:\/\/laprensacristiana.com\/","name":"La Prensa Cristiana","description":"Anunciando Las Buenas Nuevas","potentialAction":[{"@type":"SearchAction","target":{"@type":"EntryPoint","urlTemplate":"https:\/\/laprensacristiana.com\/?s={search_term_string}"},"query-input":"required name=search_term_string"}],"inLanguage":"es"},{"@type":"Person","@id":"https:\/\/laprensacristiana.com\/#\/schema\/person\/3e7d82c6bfd6b1fa67010f8f7cd5256e","name":"EDITOR","image":{"@type":"ImageObject","inLanguage":"es","@id":"https:\/\/laprensacristiana.com\/#\/schema\/person\/image\/","url":"https:\/\/secure.gravatar.com\/avatar\/72069dfb6c13772d9e8381e3638666d2?s=96&d=mm&r=g","contentUrl":"https:\/\/secure.gravatar.com\/avatar\/72069dfb6c13772d9e8381e3638666d2?s=96&d=mm&r=g","caption":"EDITOR"},"url":"https:\/\/laprensacristiana.com\/?author=3"}]}},"_links":{"self":[{"href":"https:\/\/laprensacristiana.com\/index.php?rest_route=\/wp\/v2\/posts\/4385"}],"collection":[{"href":"https:\/\/laprensacristiana.com\/index.php?rest_route=\/wp\/v2\/posts"}],"about":[{"href":"https:\/\/laprensacristiana.com\/index.php?rest_route=\/wp\/v2\/types\/post"}],"author":[{"embeddable":true,"href":"https:\/\/laprensacristiana.com\/index.php?rest_route=\/wp\/v2\/users\/3"}],"replies":[{"embeddable":true,"href":"https:\/\/laprensacristiana.com\/index.php?rest_route=%2Fwp%2Fv2%2Fcomments&post=4385"}],"version-history":[{"count":3,"href":"https:\/\/laprensacristiana.com\/index.php?rest_route=\/wp\/v2\/posts\/4385\/revisions"}],"predecessor-version":[{"id":4390,"href":"https:\/\/laprensacristiana.com\/index.php?rest_route=\/wp\/v2\/posts\/4385\/revisions\/4390"}],"wp:featuredmedia":[{"embeddable":true,"href":"https:\/\/laprensacristiana.com\/index.php?rest_route=\/wp\/v2\/media\/4386"}],"wp:attachment":[{"href":"https:\/\/laprensacristiana.com\/index.php?rest_route=%2Fwp%2Fv2%2Fmedia&parent=4385"}],"wp:term":[{"taxonomy":"category","embeddable":true,"href":"https:\/\/laprensacristiana.com\/index.php?rest_route=%2Fwp%2Fv2%2Fcategories&post=4385"},{"taxonomy":"post_tag","embeddable":true,"href":"https:\/\/laprensacristiana.com\/index.php?rest_route=%2Fwp%2Fv2%2Ftags&post=4385"}],"curies":[{"name":"wp","href":"https:\/\/api.w.org\/{rel}","templated":true}]}}