{"id":4399,"date":"2018-08-30T18:10:07","date_gmt":"2018-08-30T18:10:07","guid":{"rendered":"https:\/\/laprensacristiana.com\/?p=4399"},"modified":"2020-07-01T23:32:25","modified_gmt":"2020-07-01T23:32:25","slug":"dante-gebel-el-pastor-de-los-jovenes-estara-en-el-salvador","status":"publish","type":"post","link":"https:\/\/laprensacristiana.com\/?p=4399","title":{"rendered":"Dante Gebel \u201cEl pastor de los J\u00f3venes\u201d estar\u00e1 en El Salvador"},"content":{"rendered":"<p>El reconocido pastor que conecta su mensaje de manera practica con los j\u00f3venes a trav\u00e9s de reflexi\u00f3n y humor Dante Gebel visitar\u00e1 tierras salvadore\u00f1as.<\/p>\n<p>El \u201cTour Intimo\u201d es una conferencia en la que Dante Gebel abre su coraz\u00f3n y comparte acerca del destino, la vida, la muerte, la nostalgia y los relatos cotidianos que llevan a profundas reflexiones del alma, con humor, l\u00e1grimas y un mensaje al coraz\u00f3n. En noviembre se podr\u00e1 disfrutar del autor de numerosos libros de ventas, conferencista y conductor de televisi\u00f3n. Dante, m\u00e1s \u00edntimo que nunca.<\/p>\n<p>El anuncio lo hizo a trav\u00e9s de su cuenta oficial de Facebook, en el cual comento su visita a tierras cuscatlecas despu\u00e9s de 12 a\u00f1os.<\/p>\n<p>El pasado mi\u00e9rcoles 29 de agosto estuvo en una entrevista en el programa radial \u201cPencho y Aida\u201d via Skipe en el cual expres\u00f3 \u201cLa gente de El Salvador es maravillosa, cada vez que voy me hacen sentir bien\u201d.<\/p>\n<p><img decoding=\"async\" loading=\"lazy\" class=\"alignnone size-full wp-image-4401\" src=\"https:\/\/laprensacristiana.com\/wp-content\/uploads\/2018\/08\/DANTE-2.png\" alt=\"\" width=\"1080\" height=\"1440\" srcset=\"https:\/\/laprensacristiana.com\/wp-content\/uploads\/2018\/08\/DANTE-2.png 1080w, https:\/\/laprensacristiana.com\/wp-content\/uploads\/2018\/08\/DANTE-2-600x800.png 600w, https:\/\/laprensacristiana.com\/wp-content\/uploads\/2018\/08\/DANTE-2-225x300.png 225w, https:\/\/laprensacristiana.com\/wp-content\/uploads\/2018\/08\/DANTE-2-768x1024.png 768w, https:\/\/laprensacristiana.com\/wp-content\/uploads\/2018\/08\/DANTE-2-696x928.png 696w, https:\/\/laprensacristiana.com\/wp-content\/uploads\/2018\/08\/DANTE-2-1068x1424.png 1068w, https:\/\/laprensacristiana.com\/wp-content\/uploads\/2018\/08\/DANTE-2-315x420.png 315w\" sizes=\"(max-width: 1080px) 100vw, 1080px\" \/><\/p>\n<p>El \u201cTour Intimo\u201d tendr\u00e1 lugar en el Centro de Ferias y Convenciones CIFCO el 16 de noviembre a partir de las 8:00 de la noche.<\/p>\n","protected":false},"excerpt":{"rendered":"<p>El reconocido pastor que conecta su mensaje de manera practica con los j\u00f3venes a trav\u00e9s de reflexi\u00f3n y humor Dante Gebel visitar\u00e1 tierras salvadore\u00f1as. El \u201cTour Intimo\u201d es una conferencia en la que Dante Gebel abre su coraz\u00f3n y comparte acerca del destino, la vida, la muerte, la nostalgia y los relatos cotidianos que llevan [&hellip;]<\/p>\n","protected":false},"author":3,"featured_media":4400,"comment_status":"open","ping_status":"open","sticky":false,"template":"","format":"standard","meta":[],"categories":[56],"tags":[],"yoast_head":"<!-- This site is optimized with the Yoast SEO plugin v20.8 - https:\/\/yoast.com\/wordpress\/plugins\/seo\/ -->\n<title>Dante Gebel \u201cEl pastor de los J\u00f3venes\u201d estar\u00e1 en El Salvador - La Prensa Cristiana<\/title>\n<meta name=\"robots\" content=\"index, follow, max-snippet:-1, max-image-preview:large, max-video-preview:-1\" \/>\n<link rel=\"canonical\" href=\"https:\/\/laprensacristiana.com\/?p=4399\" \/>\n<meta property=\"og:locale\" content=\"es_ES\" \/>\n<meta property=\"og:type\" content=\"article\" \/>\n<meta property=\"og:title\" content=\"Dante Gebel \u201cEl pastor de los J\u00f3venes\u201d estar\u00e1 en El Salvador - La Prensa Cristiana\" \/>\n<meta property=\"og:description\" content=\"El reconocido pastor que conecta su mensaje de manera practica con los j\u00f3venes a trav\u00e9s de reflexi\u00f3n y humor Dante Gebel visitar\u00e1 tierras salvadore\u00f1as. El \u201cTour Intimo\u201d es una conferencia en la que Dante Gebel abre su coraz\u00f3n y comparte acerca del destino, la vida, la muerte, la nostalgia y los relatos cotidianos que llevan [&hellip;]\" \/>\n<meta property=\"og:url\" content=\"https:\/\/laprensacristiana.com\/?p=4399\" \/>\n<meta property=\"og:site_name\" content=\"La Prensa Cristiana\" \/>\n<meta property=\"article:published_time\" content=\"2018-08-30T18:10:07+00:00\" \/>\n<meta property=\"article:modified_time\" content=\"2020-07-01T23:32:25+00:00\" \/>\n<meta property=\"og:image\" content=\"https:\/\/laprensacristiana.com\/wp-content\/uploads\/2018\/08\/40159018_10156333186695236_1469134537584803840_n.jpg\" \/>\n\t<meta property=\"og:image:width\" content=\"960\" \/>\n\t<meta property=\"og:image:height\" content=\"640\" \/>\n\t<meta property=\"og:image:type\" content=\"image\/jpeg\" \/>\n<meta name=\"author\" content=\"EDITOR\" \/>\n<meta name=\"twitter:card\" content=\"summary_large_image\" \/>\n<meta name=\"twitter:label1\" content=\"Escrito por\" \/>\n\t<meta name=\"twitter:data1\" content=\"EDITOR\" \/>\n\t<meta name=\"twitter:label2\" content=\"Tiempo de lectura\" \/>\n\t<meta name=\"twitter:data2\" content=\"1 minuto\" \/>\n<script type=\"application\/ld+json\" class=\"yoast-schema-graph\">{\"@context\":\"https:\/\/schema.org\",\"@graph\":[{\"@type\":\"WebPage\",\"@id\":\"https:\/\/laprensacristiana.com\/?p=4399\",\"url\":\"https:\/\/laprensacristiana.com\/?p=4399\",\"name\":\"Dante Gebel \u201cEl pastor de los J\u00f3venes\u201d estar\u00e1 en El Salvador - La Prensa Cristiana\",\"isPartOf\":{\"@id\":\"https:\/\/laprensacristiana.com\/#website\"},\"datePublished\":\"2018-08-30T18:10:07+00:00\",\"dateModified\":\"2020-07-01T23:32:25+00:00\",\"author\":{\"@id\":\"https:\/\/laprensacristiana.com\/#\/schema\/person\/3e7d82c6bfd6b1fa67010f8f7cd5256e\"},\"breadcrumb\":{\"@id\":\"https:\/\/laprensacristiana.com\/?p=4399#breadcrumb\"},\"inLanguage\":\"es\",\"potentialAction\":[{\"@type\":\"ReadAction\",\"target\":[\"https:\/\/laprensacristiana.com\/?p=4399\"]}]},{\"@type\":\"BreadcrumbList\",\"@id\":\"https:\/\/laprensacristiana.com\/?p=4399#breadcrumb\",\"itemListElement\":[{\"@type\":\"ListItem\",\"position\":1,\"name\":\"Portada\",\"item\":\"https:\/\/laprensacristiana.com\/\"},{\"@type\":\"ListItem\",\"position\":2,\"name\":\"Dante Gebel \u201cEl pastor de los J\u00f3venes\u201d estar\u00e1 en El Salvador\"}]},{\"@type\":\"WebSite\",\"@id\":\"https:\/\/laprensacristiana.com\/#website\",\"url\":\"https:\/\/laprensacristiana.com\/\",\"name\":\"La Prensa Cristiana\",\"description\":\"Anunciando Las Buenas Nuevas\",\"potentialAction\":[{\"@type\":\"SearchAction\",\"target\":{\"@type\":\"EntryPoint\",\"urlTemplate\":\"https:\/\/laprensacristiana.com\/?s={search_term_string}\"},\"query-input\":\"required name=search_term_string\"}],\"inLanguage\":\"es\"},{\"@type\":\"Person\",\"@id\":\"https:\/\/laprensacristiana.com\/#\/schema\/person\/3e7d82c6bfd6b1fa67010f8f7cd5256e\",\"name\":\"EDITOR\",\"image\":{\"@type\":\"ImageObject\",\"inLanguage\":\"es\",\"@id\":\"https:\/\/laprensacristiana.com\/#\/schema\/person\/image\/\",\"url\":\"https:\/\/secure.gravatar.com\/avatar\/72069dfb6c13772d9e8381e3638666d2?s=96&d=mm&r=g\",\"contentUrl\":\"https:\/\/secure.gravatar.com\/avatar\/72069dfb6c13772d9e8381e3638666d2?s=96&d=mm&r=g\",\"caption\":\"EDITOR\"},\"url\":\"https:\/\/laprensacristiana.com\/?author=3\"}]}<\/script>\n<!-- \/ Yoast SEO plugin. -->","yoast_head_json":{"title":"Dante Gebel \u201cEl pastor de los J\u00f3venes\u201d estar\u00e1 en El Salvador - La Prensa Cristiana","robots":{"index":"index","follow":"follow","max-snippet":"max-snippet:-1","max-image-preview":"max-image-preview:large","max-video-preview":"max-video-preview:-1"},"canonical":"https:\/\/laprensacristiana.com\/?p=4399","og_locale":"es_ES","og_type":"article","og_title":"Dante Gebel \u201cEl pastor de los J\u00f3venes\u201d estar\u00e1 en El Salvador - La Prensa Cristiana","og_description":"El reconocido pastor que conecta su mensaje de manera practica con los j\u00f3venes a trav\u00e9s de reflexi\u00f3n y humor Dante Gebel visitar\u00e1 tierras salvadore\u00f1as. El \u201cTour Intimo\u201d es una conferencia en la que Dante Gebel abre su coraz\u00f3n y comparte acerca del destino, la vida, la muerte, la nostalgia y los relatos cotidianos que llevan [&hellip;]","og_url":"https:\/\/laprensacristiana.com\/?p=4399","og_site_name":"La Prensa Cristiana","article_published_time":"2018-08-30T18:10:07+00:00","article_modified_time":"2020-07-01T23:32:25+00:00","og_image":[{"width":960,"height":640,"url":"https:\/\/laprensacristiana.com\/wp-content\/uploads\/2018\/08\/40159018_10156333186695236_1469134537584803840_n.jpg","type":"image\/jpeg"}],"author":"EDITOR","twitter_card":"summary_large_image","twitter_misc":{"Escrito por":"EDITOR","Tiempo de lectura":"1 minuto"},"schema":{"@context":"https:\/\/schema.org","@graph":[{"@type":"WebPage","@id":"https:\/\/laprensacristiana.com\/?p=4399","url":"https:\/\/laprensacristiana.com\/?p=4399","name":"Dante Gebel \u201cEl pastor de los J\u00f3venes\u201d estar\u00e1 en El Salvador - La Prensa Cristiana","isPartOf":{"@id":"https:\/\/laprensacristiana.com\/#website"},"datePublished":"2018-08-30T18:10:07+00:00","dateModified":"2020-07-01T23:32:25+00:00","author":{"@id":"https:\/\/laprensacristiana.com\/#\/schema\/person\/3e7d82c6bfd6b1fa67010f8f7cd5256e"},"breadcrumb":{"@id":"https:\/\/laprensacristiana.com\/?p=4399#breadcrumb"},"inLanguage":"es","potentialAction":[{"@type":"ReadAction","target":["https:\/\/laprensacristiana.com\/?p=4399"]}]},{"@type":"BreadcrumbList","@id":"https:\/\/laprensacristiana.com\/?p=4399#breadcrumb","itemListElement":[{"@type":"ListItem","position":1,"name":"Portada","item":"https:\/\/laprensacristiana.com\/"},{"@type":"ListItem","position":2,"name":"Dante Gebel \u201cEl pastor de los J\u00f3venes\u201d estar\u00e1 en El Salvador"}]},{"@type":"WebSite","@id":"https:\/\/laprensacristiana.com\/#website","url":"https:\/\/laprensacristiana.com\/","name":"La Prensa Cristiana","description":"Anunciando Las Buenas Nuevas","potentialAction":[{"@type":"SearchAction","target":{"@type":"EntryPoint","urlTemplate":"https:\/\/laprensacristiana.com\/?s={search_term_string}"},"query-input":"required name=search_term_string"}],"inLanguage":"es"},{"@type":"Person","@id":"https:\/\/laprensacristiana.com\/#\/schema\/person\/3e7d82c6bfd6b1fa67010f8f7cd5256e","name":"EDITOR","image":{"@type":"ImageObject","inLanguage":"es","@id":"https:\/\/laprensacristiana.com\/#\/schema\/person\/image\/","url":"https:\/\/secure.gravatar.com\/avatar\/72069dfb6c13772d9e8381e3638666d2?s=96&d=mm&r=g","contentUrl":"https:\/\/secure.gravatar.com\/avatar\/72069dfb6c13772d9e8381e3638666d2?s=96&d=mm&r=g","caption":"EDITOR"},"url":"https:\/\/laprensacristiana.com\/?author=3"}]}},"_links":{"self":[{"href":"https:\/\/laprensacristiana.com\/index.php?rest_route=\/wp\/v2\/posts\/4399"}],"collection":[{"href":"https:\/\/laprensacristiana.com\/index.php?rest_route=\/wp\/v2\/posts"}],"about":[{"href":"https:\/\/laprensacristiana.com\/index.php?rest_route=\/wp\/v2\/types\/post"}],"author":[{"embeddable":true,"href":"https:\/\/laprensacristiana.com\/index.php?rest_route=\/wp\/v2\/users\/3"}],"replies":[{"embeddable":true,"href":"https:\/\/laprensacristiana.com\/index.php?rest_route=%2Fwp%2Fv2%2Fcomments&post=4399"}],"version-history":[{"count":1,"href":"https:\/\/laprensacristiana.com\/index.php?rest_route=\/wp\/v2\/posts\/4399\/revisions"}],"predecessor-version":[{"id":4402,"href":"https:\/\/laprensacristiana.com\/index.php?rest_route=\/wp\/v2\/posts\/4399\/revisions\/4402"}],"wp:featuredmedia":[{"embeddable":true,"href":"https:\/\/laprensacristiana.com\/index.php?rest_route=\/wp\/v2\/media\/4400"}],"wp:attachment":[{"href":"https:\/\/laprensacristiana.com\/index.php?rest_route=%2Fwp%2Fv2%2Fmedia&parent=4399"}],"wp:term":[{"taxonomy":"category","embeddable":true,"href":"https:\/\/laprensacristiana.com\/index.php?rest_route=%2Fwp%2Fv2%2Fcategories&post=4399"},{"taxonomy":"post_tag","embeddable":true,"href":"https:\/\/laprensacristiana.com\/index.php?rest_route=%2Fwp%2Fv2%2Ftags&post=4399"}],"curies":[{"name":"wp","href":"https:\/\/api.w.org\/{rel}","templated":true}]}}