{"id":4404,"date":"2018-09-01T13:58:40","date_gmt":"2018-09-01T13:58:40","guid":{"rendered":"https:\/\/laprensacristiana.com\/?p=4404"},"modified":"2020-07-01T23:32:13","modified_gmt":"2020-07-01T23:32:13","slug":"iglesias-marchan-por-la-paz-de-san-martin-en-el-salvador","status":"publish","type":"post","link":"https:\/\/laprensacristiana.com\/?p=4404","title":{"rendered":"Iglesias marchan por la paz de San Martin en El Salvador"},"content":{"rendered":"<p>Por: Erika Menjivar<\/p>\n<p>La ma\u00f1ana de este viernes 31 de agosto iglesias e instituciones salieron a las calles a clamar para que el municipio de San Mart\u00edn sea libre de violencia y exista paz.<\/p>\n<p>A esta marcha se unieron Iglesias Evang\u00e9licas, Instituciones y centros educativos; quienes con banderas, pancartas, folletos para evangelizar y bandas de paz lograron unir a cientos de personas para clamar por su municipio.<\/p>\n<p>El recorrido comprendi\u00f3 como punto de partida la entrada a el municipio de San Mart\u00edn, llegando hasta el parque central de este municipio, donde fue la concentraci\u00f3n de todas las personas que marcharon y quienes estaban en el lugar y quisieron unirse en oraci\u00f3n, pues la marcha concluy\u00f3 con un evento donde estuvo presente el alcalde de San Mart\u00edn, V\u00edctor Manuel Rivera y representantes de iglesias e instituciones que se unieron a dicha actividad.<\/p>\n<p><img decoding=\"async\" loading=\"lazy\" class=\"alignnone size-full wp-image-4405\" src=\"https:\/\/laprensacristiana.com\/wp-content\/uploads\/2018\/09\/IMAG0769.jpg\" alt=\"IMAG0769\" width=\"1518\" height=\"2047\" srcset=\"https:\/\/laprensacristiana.com\/wp-content\/uploads\/2018\/09\/IMAG0769.jpg 1518w, https:\/\/laprensacristiana.com\/wp-content\/uploads\/2018\/09\/IMAG0769-600x809.jpg 600w, https:\/\/laprensacristiana.com\/wp-content\/uploads\/2018\/09\/IMAG0769-222x300.jpg 222w, https:\/\/laprensacristiana.com\/wp-content\/uploads\/2018\/09\/IMAG0769-768x1036.jpg 768w, https:\/\/laprensacristiana.com\/wp-content\/uploads\/2018\/09\/IMAG0769-759x1024.jpg 759w, https:\/\/laprensacristiana.com\/wp-content\/uploads\/2018\/09\/IMAG0769-696x939.jpg 696w, https:\/\/laprensacristiana.com\/wp-content\/uploads\/2018\/09\/IMAG0769-1068x1440.jpg 1068w, https:\/\/laprensacristiana.com\/wp-content\/uploads\/2018\/09\/IMAG0769-311x420.jpg 311w\" sizes=\"(max-width: 1518px) 100vw, 1518px\" \/><\/p>\n<p>A pesar de que el municipio de San Martin ha sido considerado como uno de los m\u00e1s violentos en El Salvador, la ciudadan\u00eda y en especial las Iglesias e Instituciones que se hicieron parte de esta iniciativa aseguran tener la fe que Dios respaldar\u00e1 este tipo de actividades y dar\u00e1 una respuesta de paz en este lugar y en todo el pa\u00eds. En el transcurso de la marcha hubo un helic\u00f3ptero sobrevolando la zona, en el que iban pastores de diferentes iglesias orando a Dios por la causa.<\/p>\n<p>Erick Garc\u00eda, pastor de Iglesia Cristiana Betel y parte de log\u00edstica del evento, expresa que el prop\u00f3sito de la marcha es hacer una declaratoria en contra de todo lo que ha afectado de una u otra forma al pueblo de Dios: \u201cHemos visto que nuestro pa\u00eds ha sido da\u00f1ado grandemente por la violencia, pero nosotros estamos aqu\u00ed marchando declarando que el Se\u00f1or Jesucristo es el due\u00f1o de El Salvador\u201d.<\/p>\n<p>Entre las Iglesias que se unieron a la marcha se pueden mencionar: Iglesia de Cristo Shalom, Iglesia Getseman\u00ed, Iglesia Manantiales de Vida Eterna, Iglesia Cristiana Betel entre otras. Las instituciones que formaron parte de la marcha: la Alcald\u00eda de San Mart\u00edn, la Polic\u00eda Nacional Civil, Ministerio de Educaci\u00f3n, Ministerio de Salud, Ministerio de Seguridad P\u00fablica, Instituto Nacional de San Mart\u00edn y otros.<\/p>\n<p>El Pastor Gerardo L\u00f3pez Aguilar de Iglesia de Cristo Shalom, comparte que es importante realizar este tipo de actividades, porque sirve para que m\u00e1s personas sepan que no existe paz en los corazones ni en las naciones si no est\u00e1 el favor de Dios en ellos. \u201cLo m\u00e1s glorioso que va de esta marcha, es que Jes\u00fas va en la cabeza de este evento\u201d concluy\u00f3.<\/p>\n<p>Por otra parte, a\u00f1ade que para poder alcanzar la paz es necesario conseguir que Dios reine en el coraz\u00f3n de la sociedad, pues es el principio al temor de su Palabra, adem\u00e1s expresa que el problema est\u00e1 en que el ser humano ha renunciado a Dios.<\/p>\n<p>Representantes de Iglesias e Instituciones expresaron el prop\u00f3sito de su apoyo con la actividad, y dijeron sentirse motivados porque a\u00fan hay fuerzas para hacer algo por la sociedad a pesar de las circunstancias en las que se encuentra y cerraron con se una oraci\u00f3n para clamar juntos por la paz y como fruto m\u00e1s personas decidan entregarle su vida a Dios.<\/p>\n<p><img decoding=\"async\" loading=\"lazy\" class=\"alignnone size-full wp-image-4406\" src=\"https:\/\/laprensacristiana.com\/wp-content\/uploads\/2018\/09\/IMAG0774.jpg\" alt=\"IMAG0774\" width=\"2047\" height=\"1518\" srcset=\"https:\/\/laprensacristiana.com\/wp-content\/uploads\/2018\/09\/IMAG0774.jpg 2047w, https:\/\/laprensacristiana.com\/wp-content\/uploads\/2018\/09\/IMAG0774-600x445.jpg 600w, https:\/\/laprensacristiana.com\/wp-content\/uploads\/2018\/09\/IMAG0774-300x222.jpg 300w, https:\/\/laprensacristiana.com\/wp-content\/uploads\/2018\/09\/IMAG0774-768x570.jpg 768w, https:\/\/laprensacristiana.com\/wp-content\/uploads\/2018\/09\/IMAG0774-1024x759.jpg 1024w, https:\/\/laprensacristiana.com\/wp-content\/uploads\/2018\/09\/IMAG0774-80x60.jpg 80w, https:\/\/laprensacristiana.com\/wp-content\/uploads\/2018\/09\/IMAG0774-265x198.jpg 265w, https:\/\/laprensacristiana.com\/wp-content\/uploads\/2018\/09\/IMAG0774-696x516.jpg 696w, https:\/\/laprensacristiana.com\/wp-content\/uploads\/2018\/09\/IMAG0774-1068x792.jpg 1068w, https:\/\/laprensacristiana.com\/wp-content\/uploads\/2018\/09\/IMAG0774-566x420.jpg 566w\" sizes=\"(max-width: 2047px) 100vw, 2047px\" \/><\/p>\n","protected":false},"excerpt":{"rendered":"<p>Por: Erika Menjivar La ma\u00f1ana de este viernes 31 de agosto iglesias e instituciones salieron a las calles a clamar para que el municipio de San Mart\u00edn sea libre de violencia y exista paz. A esta marcha se unieron Iglesias Evang\u00e9licas, Instituciones y centros educativos; quienes con banderas, pancartas, folletos para evangelizar y bandas de [&hellip;]<\/p>\n","protected":false},"author":3,"featured_media":4407,"comment_status":"open","ping_status":"open","sticky":false,"template":"","format":"standard","meta":[],"categories":[56],"tags":[],"yoast_head":"<!-- This site is optimized with the Yoast SEO plugin v20.8 - https:\/\/yoast.com\/wordpress\/plugins\/seo\/ -->\n<title>Iglesias marchan por la paz de San Martin en El Salvador - La Prensa Cristiana<\/title>\n<meta name=\"robots\" content=\"index, follow, max-snippet:-1, max-image-preview:large, max-video-preview:-1\" \/>\n<link rel=\"canonical\" href=\"https:\/\/laprensacristiana.com\/?p=4404\" \/>\n<meta property=\"og:locale\" content=\"es_ES\" \/>\n<meta property=\"og:type\" content=\"article\" \/>\n<meta property=\"og:title\" content=\"Iglesias marchan por la paz de San Martin en El Salvador - La Prensa Cristiana\" \/>\n<meta property=\"og:description\" content=\"Por: Erika Menjivar La ma\u00f1ana de este viernes 31 de agosto iglesias e instituciones salieron a las calles a clamar para que el municipio de San Mart\u00edn sea libre de violencia y exista paz. A esta marcha se unieron Iglesias Evang\u00e9licas, Instituciones y centros educativos; quienes con banderas, pancartas, folletos para evangelizar y bandas de [&hellip;]\" \/>\n<meta property=\"og:url\" content=\"https:\/\/laprensacristiana.com\/?p=4404\" \/>\n<meta property=\"og:site_name\" content=\"La Prensa Cristiana\" \/>\n<meta property=\"article:published_time\" content=\"2018-09-01T13:58:40+00:00\" \/>\n<meta property=\"article:modified_time\" content=\"2020-07-01T23:32:13+00:00\" \/>\n<meta property=\"og:image\" content=\"https:\/\/laprensacristiana.com\/wp-content\/uploads\/2018\/09\/IMAG0766_20180901075815228.jpg\" \/>\n\t<meta property=\"og:image:width\" content=\"640\" \/>\n\t<meta property=\"og:image:height\" content=\"474\" \/>\n\t<meta property=\"og:image:type\" content=\"image\/jpeg\" \/>\n<meta name=\"author\" content=\"EDITOR\" \/>\n<meta name=\"twitter:card\" content=\"summary_large_image\" \/>\n<meta name=\"twitter:label1\" content=\"Escrito por\" \/>\n\t<meta name=\"twitter:data1\" content=\"EDITOR\" \/>\n\t<meta name=\"twitter:label2\" content=\"Tiempo de lectura\" \/>\n\t<meta name=\"twitter:data2\" content=\"3 minutos\" \/>\n<script type=\"application\/ld+json\" class=\"yoast-schema-graph\">{\"@context\":\"https:\/\/schema.org\",\"@graph\":[{\"@type\":\"WebPage\",\"@id\":\"https:\/\/laprensacristiana.com\/?p=4404\",\"url\":\"https:\/\/laprensacristiana.com\/?p=4404\",\"name\":\"Iglesias marchan por la paz de San Martin en El Salvador - La Prensa Cristiana\",\"isPartOf\":{\"@id\":\"https:\/\/laprensacristiana.com\/#website\"},\"datePublished\":\"2018-09-01T13:58:40+00:00\",\"dateModified\":\"2020-07-01T23:32:13+00:00\",\"author\":{\"@id\":\"https:\/\/laprensacristiana.com\/#\/schema\/person\/3e7d82c6bfd6b1fa67010f8f7cd5256e\"},\"breadcrumb\":{\"@id\":\"https:\/\/laprensacristiana.com\/?p=4404#breadcrumb\"},\"inLanguage\":\"es\",\"potentialAction\":[{\"@type\":\"ReadAction\",\"target\":[\"https:\/\/laprensacristiana.com\/?p=4404\"]}]},{\"@type\":\"BreadcrumbList\",\"@id\":\"https:\/\/laprensacristiana.com\/?p=4404#breadcrumb\",\"itemListElement\":[{\"@type\":\"ListItem\",\"position\":1,\"name\":\"Portada\",\"item\":\"https:\/\/laprensacristiana.com\/\"},{\"@type\":\"ListItem\",\"position\":2,\"name\":\"Iglesias marchan por la paz de San Martin en El Salvador\"}]},{\"@type\":\"WebSite\",\"@id\":\"https:\/\/laprensacristiana.com\/#website\",\"url\":\"https:\/\/laprensacristiana.com\/\",\"name\":\"La Prensa Cristiana\",\"description\":\"Anunciando Las Buenas Nuevas\",\"potentialAction\":[{\"@type\":\"SearchAction\",\"target\":{\"@type\":\"EntryPoint\",\"urlTemplate\":\"https:\/\/laprensacristiana.com\/?s={search_term_string}\"},\"query-input\":\"required name=search_term_string\"}],\"inLanguage\":\"es\"},{\"@type\":\"Person\",\"@id\":\"https:\/\/laprensacristiana.com\/#\/schema\/person\/3e7d82c6bfd6b1fa67010f8f7cd5256e\",\"name\":\"EDITOR\",\"image\":{\"@type\":\"ImageObject\",\"inLanguage\":\"es\",\"@id\":\"https:\/\/laprensacristiana.com\/#\/schema\/person\/image\/\",\"url\":\"https:\/\/secure.gravatar.com\/avatar\/72069dfb6c13772d9e8381e3638666d2?s=96&d=mm&r=g\",\"contentUrl\":\"https:\/\/secure.gravatar.com\/avatar\/72069dfb6c13772d9e8381e3638666d2?s=96&d=mm&r=g\",\"caption\":\"EDITOR\"},\"url\":\"https:\/\/laprensacristiana.com\/?author=3\"}]}<\/script>\n<!-- \/ Yoast SEO plugin. -->","yoast_head_json":{"title":"Iglesias marchan por la paz de San Martin en El Salvador - La Prensa Cristiana","robots":{"index":"index","follow":"follow","max-snippet":"max-snippet:-1","max-image-preview":"max-image-preview:large","max-video-preview":"max-video-preview:-1"},"canonical":"https:\/\/laprensacristiana.com\/?p=4404","og_locale":"es_ES","og_type":"article","og_title":"Iglesias marchan por la paz de San Martin en El Salvador - La Prensa Cristiana","og_description":"Por: Erika Menjivar La ma\u00f1ana de este viernes 31 de agosto iglesias e instituciones salieron a las calles a clamar para que el municipio de San Mart\u00edn sea libre de violencia y exista paz. A esta marcha se unieron Iglesias Evang\u00e9licas, Instituciones y centros educativos; quienes con banderas, pancartas, folletos para evangelizar y bandas de [&hellip;]","og_url":"https:\/\/laprensacristiana.com\/?p=4404","og_site_name":"La Prensa Cristiana","article_published_time":"2018-09-01T13:58:40+00:00","article_modified_time":"2020-07-01T23:32:13+00:00","og_image":[{"width":640,"height":474,"url":"https:\/\/laprensacristiana.com\/wp-content\/uploads\/2018\/09\/IMAG0766_20180901075815228.jpg","type":"image\/jpeg"}],"author":"EDITOR","twitter_card":"summary_large_image","twitter_misc":{"Escrito por":"EDITOR","Tiempo de lectura":"3 minutos"},"schema":{"@context":"https:\/\/schema.org","@graph":[{"@type":"WebPage","@id":"https:\/\/laprensacristiana.com\/?p=4404","url":"https:\/\/laprensacristiana.com\/?p=4404","name":"Iglesias marchan por la paz de San Martin en El Salvador - La Prensa Cristiana","isPartOf":{"@id":"https:\/\/laprensacristiana.com\/#website"},"datePublished":"2018-09-01T13:58:40+00:00","dateModified":"2020-07-01T23:32:13+00:00","author":{"@id":"https:\/\/laprensacristiana.com\/#\/schema\/person\/3e7d82c6bfd6b1fa67010f8f7cd5256e"},"breadcrumb":{"@id":"https:\/\/laprensacristiana.com\/?p=4404#breadcrumb"},"inLanguage":"es","potentialAction":[{"@type":"ReadAction","target":["https:\/\/laprensacristiana.com\/?p=4404"]}]},{"@type":"BreadcrumbList","@id":"https:\/\/laprensacristiana.com\/?p=4404#breadcrumb","itemListElement":[{"@type":"ListItem","position":1,"name":"Portada","item":"https:\/\/laprensacristiana.com\/"},{"@type":"ListItem","position":2,"name":"Iglesias marchan por la paz de San Martin en El Salvador"}]},{"@type":"WebSite","@id":"https:\/\/laprensacristiana.com\/#website","url":"https:\/\/laprensacristiana.com\/","name":"La Prensa Cristiana","description":"Anunciando Las Buenas Nuevas","potentialAction":[{"@type":"SearchAction","target":{"@type":"EntryPoint","urlTemplate":"https:\/\/laprensacristiana.com\/?s={search_term_string}"},"query-input":"required name=search_term_string"}],"inLanguage":"es"},{"@type":"Person","@id":"https:\/\/laprensacristiana.com\/#\/schema\/person\/3e7d82c6bfd6b1fa67010f8f7cd5256e","name":"EDITOR","image":{"@type":"ImageObject","inLanguage":"es","@id":"https:\/\/laprensacristiana.com\/#\/schema\/person\/image\/","url":"https:\/\/secure.gravatar.com\/avatar\/72069dfb6c13772d9e8381e3638666d2?s=96&d=mm&r=g","contentUrl":"https:\/\/secure.gravatar.com\/avatar\/72069dfb6c13772d9e8381e3638666d2?s=96&d=mm&r=g","caption":"EDITOR"},"url":"https:\/\/laprensacristiana.com\/?author=3"}]}},"_links":{"self":[{"href":"https:\/\/laprensacristiana.com\/index.php?rest_route=\/wp\/v2\/posts\/4404"}],"collection":[{"href":"https:\/\/laprensacristiana.com\/index.php?rest_route=\/wp\/v2\/posts"}],"about":[{"href":"https:\/\/laprensacristiana.com\/index.php?rest_route=\/wp\/v2\/types\/post"}],"author":[{"embeddable":true,"href":"https:\/\/laprensacristiana.com\/index.php?rest_route=\/wp\/v2\/users\/3"}],"replies":[{"embeddable":true,"href":"https:\/\/laprensacristiana.com\/index.php?rest_route=%2Fwp%2Fv2%2Fcomments&post=4404"}],"version-history":[{"count":1,"href":"https:\/\/laprensacristiana.com\/index.php?rest_route=\/wp\/v2\/posts\/4404\/revisions"}],"predecessor-version":[{"id":4408,"href":"https:\/\/laprensacristiana.com\/index.php?rest_route=\/wp\/v2\/posts\/4404\/revisions\/4408"}],"wp:featuredmedia":[{"embeddable":true,"href":"https:\/\/laprensacristiana.com\/index.php?rest_route=\/wp\/v2\/media\/4407"}],"wp:attachment":[{"href":"https:\/\/laprensacristiana.com\/index.php?rest_route=%2Fwp%2Fv2%2Fmedia&parent=4404"}],"wp:term":[{"taxonomy":"category","embeddable":true,"href":"https:\/\/laprensacristiana.com\/index.php?rest_route=%2Fwp%2Fv2%2Fcategories&post=4404"},{"taxonomy":"post_tag","embeddable":true,"href":"https:\/\/laprensacristiana.com\/index.php?rest_route=%2Fwp%2Fv2%2Ftags&post=4404"}],"curies":[{"name":"wp","href":"https:\/\/api.w.org\/{rel}","templated":true}]}}