{"id":4409,"date":"2018-09-01T15:38:49","date_gmt":"2018-09-01T15:38:49","guid":{"rendered":"https:\/\/laprensacristiana.com\/?p=4409"},"modified":"2018-09-01T15:38:49","modified_gmt":"2018-09-01T15:38:49","slug":"el-penal-de-la-esperanza","status":"publish","type":"post","link":"https:\/\/laprensacristiana.com\/?p=4409","title":{"rendered":"El Penal de la esperanza"},"content":{"rendered":"<p>El Centro Preventivo y de Cumplimiento de Penas \u00a0La Esperanza, Penitenciaria Central, ubicado en el Cant\u00f3n San Luis Mariona, Ayutuxtepeque, San Salvador, tiene una poblaci\u00f3n de 5,543 privados de libertad hasta la semana anterior, ocasi\u00f3n en la cual tuve la oportunidad y la bendici\u00f3n de ser testigo de los cambios trascendentales en dicho centro penitenciario; lo primero que me llamo la atenci\u00f3n antes de ingresar es el respeto, y la atenci\u00f3n a los familiares autorizados para ingresar, a quienes se les est\u00e1 brindando \u00a0un trato digno, con respeto y puntual, as\u00ed como el detalle de protegerles de sol y brindarles la oportunidad de esperar la apertura de la visita sentados.<\/p>\n<p>Previo al ingreso se siguen los protocolos y procedimientos de chequeos con equipos modernos de esc\u00e1ner completo no intrusivo de primera generaci\u00f3n, de los cuales se tiene un control ante la posibilidad e intentos de introducci\u00f3n de il\u00edcitos, se terminaron las maniobras y pr\u00e1cticas de revisi\u00f3n tocando e invadiendo los cuerpos de ni\u00f1as, ni\u00f1os, adolescentes y mujeres principalmente.<\/p>\n<p>Todo el centro penitenciario se encuentra pintado y limpio en todas sus paredes, en el per\u00edmetro destaca el amarillo del Programa Yo Cambio, pero en la mayor\u00eda de sus paredes predomina el blanco, impecable, que denota un proceso de cultura y educaci\u00f3n como la sensibilizaci\u00f3n de mantener el orden y limpieza de sus espacios de convivencia.<\/p>\n<p>La transformaci\u00f3n es evidente e innegable, existe un \u00e1rea para las visitas con una ludoteca moderna, y bien equipada con una serie de detalles pensando integralmente y como parte de una planificaci\u00f3n en los ni\u00f1os y ni\u00f1as que incluye sus exclusivos ba\u00f1os. \u00a0No es una guarder\u00eda, ambos padres interact\u00faan con los hijos.<\/p>\n<p>El Programa Yo Cambio llego en plenitud al centro penitenciario en \u00a0julio del 2015 incluye siete componentes: educaci\u00f3n, trabajo penitenciario, arte y cultura, salud, religi\u00f3n, deporte, relaciones familiares. \u00a0Todos los internos se encuentran uniformados de color blanco, incluyendo calcetines y calzado blanco.<\/p>\n<p>El \u00e1rea de talleres vocacionales es impresionante el talento y creatividad en cada una de sus diferentes especialidades como: mimbre, madera, bamb\u00fa, panader\u00eda, pintura, cocina, maquila donde se producen todos los uniformes del sistema y programa con serigraf\u00eda incluida.<\/p>\n<p>Por primera vez en la historia el centro penitenciario m\u00e1s emblem\u00e1tico, y conocido de \u00a0El Salvador, representa una verdadera esperanza para el sistema y el pa\u00eds, haciendo alusi\u00f3n a su nombre; los privados de libertad han representado hist\u00f3ricamente el sector m\u00e1s olvidado de nuestra sociedad, sin medir los alcances y repercusiones que ha influido sobre la delincuencia, crimen y pandillas.<\/p>\n<p>Las premisas b\u00e1sicas de estos cambios son: el que sabe le ense\u00f1a al que no sabe, y evitar el ocio carcelario.<\/p>\n<p>Las teor\u00edas criminol\u00f3gicas, estudios, investigaciones, tratados, ensayos, entre otros cobran vida al estar siendo testigo de estas primicias; pero adem\u00e1s la dedicaci\u00f3n, esfuerzo, pasi\u00f3n de todo el personal del centro penitenciario, y juzgado de vigilancia penitenciaria, que han logrado comprometerse con el proyecto y ayudar a la rehabilitaci\u00f3n y reinserci\u00f3n de los privados de libertad.<\/p>\n<p>El mayor desaf\u00edo ahora es trabajar de los muros hacia afuera, con la sociedad, para que les brinde la oportunidad de completar todo el proceso, y de apoyar comprando los productos y fortaleciendo los talleres y los diferentes componentes del Yo Cambio.<\/p>\n","protected":false},"excerpt":{"rendered":"<p>El Centro Preventivo y de Cumplimiento de Penas \u00a0La Esperanza, Penitenciaria Central, ubicado en el Cant\u00f3n San Luis Mariona, Ayutuxtepeque, San Salvador, tiene una poblaci\u00f3n de 5,543 privados de libertad hasta la semana anterior, ocasi\u00f3n en la cual tuve la oportunidad y la bendici\u00f3n de ser testigo de los cambios trascendentales en dicho centro penitenciario; [&hellip;]<\/p>\n","protected":false},"author":3,"featured_media":3308,"comment_status":"open","ping_status":"open","sticky":false,"template":"","format":"standard","meta":[],"categories":[23],"tags":[],"yoast_head":"<!-- This site is optimized with the Yoast SEO plugin v20.8 - https:\/\/yoast.com\/wordpress\/plugins\/seo\/ -->\n<title>El Penal de la esperanza - La Prensa Cristiana<\/title>\n<meta name=\"robots\" content=\"index, follow, max-snippet:-1, max-image-preview:large, max-video-preview:-1\" \/>\n<link rel=\"canonical\" href=\"https:\/\/laprensacristiana.com\/?p=4409\" \/>\n<meta property=\"og:locale\" content=\"es_ES\" \/>\n<meta property=\"og:type\" content=\"article\" \/>\n<meta property=\"og:title\" content=\"El Penal de la esperanza - La Prensa Cristiana\" \/>\n<meta property=\"og:description\" content=\"El Centro Preventivo y de Cumplimiento de Penas \u00a0La Esperanza, Penitenciaria Central, ubicado en el Cant\u00f3n San Luis Mariona, Ayutuxtepeque, San Salvador, tiene una poblaci\u00f3n de 5,543 privados de libertad hasta la semana anterior, ocasi\u00f3n en la cual tuve la oportunidad y la bendici\u00f3n de ser testigo de los cambios trascendentales en dicho centro penitenciario; [&hellip;]\" \/>\n<meta property=\"og:url\" content=\"https:\/\/laprensacristiana.com\/?p=4409\" \/>\n<meta property=\"og:site_name\" content=\"La Prensa Cristiana\" \/>\n<meta property=\"article:published_time\" content=\"2018-09-01T15:38:49+00:00\" \/>\n<meta property=\"og:image\" content=\"https:\/\/laprensacristiana.com\/wp-content\/uploads\/2017\/11\/OPINION-RICARDO-SOSA-01-696x389.jpg\" \/>\n\t<meta property=\"og:image:width\" content=\"696\" \/>\n\t<meta property=\"og:image:height\" content=\"389\" \/>\n\t<meta property=\"og:image:type\" content=\"image\/jpeg\" \/>\n<meta name=\"author\" content=\"EDITOR\" \/>\n<meta name=\"twitter:card\" content=\"summary_large_image\" \/>\n<meta name=\"twitter:label1\" content=\"Escrito por\" \/>\n\t<meta name=\"twitter:data1\" content=\"EDITOR\" \/>\n\t<meta name=\"twitter:label2\" content=\"Tiempo de lectura\" \/>\n\t<meta name=\"twitter:data2\" content=\"3 minutos\" \/>\n<script type=\"application\/ld+json\" class=\"yoast-schema-graph\">{\"@context\":\"https:\/\/schema.org\",\"@graph\":[{\"@type\":\"WebPage\",\"@id\":\"https:\/\/laprensacristiana.com\/?p=4409\",\"url\":\"https:\/\/laprensacristiana.com\/?p=4409\",\"name\":\"El Penal de la esperanza - La Prensa Cristiana\",\"isPartOf\":{\"@id\":\"https:\/\/laprensacristiana.com\/#website\"},\"datePublished\":\"2018-09-01T15:38:49+00:00\",\"dateModified\":\"2018-09-01T15:38:49+00:00\",\"author\":{\"@id\":\"https:\/\/laprensacristiana.com\/#\/schema\/person\/3e7d82c6bfd6b1fa67010f8f7cd5256e\"},\"breadcrumb\":{\"@id\":\"https:\/\/laprensacristiana.com\/?p=4409#breadcrumb\"},\"inLanguage\":\"es\",\"potentialAction\":[{\"@type\":\"ReadAction\",\"target\":[\"https:\/\/laprensacristiana.com\/?p=4409\"]}]},{\"@type\":\"BreadcrumbList\",\"@id\":\"https:\/\/laprensacristiana.com\/?p=4409#breadcrumb\",\"itemListElement\":[{\"@type\":\"ListItem\",\"position\":1,\"name\":\"Portada\",\"item\":\"https:\/\/laprensacristiana.com\/\"},{\"@type\":\"ListItem\",\"position\":2,\"name\":\"El Penal de la esperanza\"}]},{\"@type\":\"WebSite\",\"@id\":\"https:\/\/laprensacristiana.com\/#website\",\"url\":\"https:\/\/laprensacristiana.com\/\",\"name\":\"La Prensa Cristiana\",\"description\":\"Anunciando Las Buenas Nuevas\",\"potentialAction\":[{\"@type\":\"SearchAction\",\"target\":{\"@type\":\"EntryPoint\",\"urlTemplate\":\"https:\/\/laprensacristiana.com\/?s={search_term_string}\"},\"query-input\":\"required name=search_term_string\"}],\"inLanguage\":\"es\"},{\"@type\":\"Person\",\"@id\":\"https:\/\/laprensacristiana.com\/#\/schema\/person\/3e7d82c6bfd6b1fa67010f8f7cd5256e\",\"name\":\"EDITOR\",\"image\":{\"@type\":\"ImageObject\",\"inLanguage\":\"es\",\"@id\":\"https:\/\/laprensacristiana.com\/#\/schema\/person\/image\/\",\"url\":\"https:\/\/secure.gravatar.com\/avatar\/72069dfb6c13772d9e8381e3638666d2?s=96&d=mm&r=g\",\"contentUrl\":\"https:\/\/secure.gravatar.com\/avatar\/72069dfb6c13772d9e8381e3638666d2?s=96&d=mm&r=g\",\"caption\":\"EDITOR\"},\"url\":\"https:\/\/laprensacristiana.com\/?author=3\"}]}<\/script>\n<!-- \/ Yoast SEO plugin. -->","yoast_head_json":{"title":"El Penal de la esperanza - La Prensa Cristiana","robots":{"index":"index","follow":"follow","max-snippet":"max-snippet:-1","max-image-preview":"max-image-preview:large","max-video-preview":"max-video-preview:-1"},"canonical":"https:\/\/laprensacristiana.com\/?p=4409","og_locale":"es_ES","og_type":"article","og_title":"El Penal de la esperanza - La Prensa Cristiana","og_description":"El Centro Preventivo y de Cumplimiento de Penas \u00a0La Esperanza, Penitenciaria Central, ubicado en el Cant\u00f3n San Luis Mariona, Ayutuxtepeque, San Salvador, tiene una poblaci\u00f3n de 5,543 privados de libertad hasta la semana anterior, ocasi\u00f3n en la cual tuve la oportunidad y la bendici\u00f3n de ser testigo de los cambios trascendentales en dicho centro penitenciario; [&hellip;]","og_url":"https:\/\/laprensacristiana.com\/?p=4409","og_site_name":"La Prensa Cristiana","article_published_time":"2018-09-01T15:38:49+00:00","og_image":[{"width":696,"height":389,"url":"https:\/\/laprensacristiana.com\/wp-content\/uploads\/2017\/11\/OPINION-RICARDO-SOSA-01-696x389.jpg","type":"image\/jpeg"}],"author":"EDITOR","twitter_card":"summary_large_image","twitter_misc":{"Escrito por":"EDITOR","Tiempo de lectura":"3 minutos"},"schema":{"@context":"https:\/\/schema.org","@graph":[{"@type":"WebPage","@id":"https:\/\/laprensacristiana.com\/?p=4409","url":"https:\/\/laprensacristiana.com\/?p=4409","name":"El Penal de la esperanza - La Prensa Cristiana","isPartOf":{"@id":"https:\/\/laprensacristiana.com\/#website"},"datePublished":"2018-09-01T15:38:49+00:00","dateModified":"2018-09-01T15:38:49+00:00","author":{"@id":"https:\/\/laprensacristiana.com\/#\/schema\/person\/3e7d82c6bfd6b1fa67010f8f7cd5256e"},"breadcrumb":{"@id":"https:\/\/laprensacristiana.com\/?p=4409#breadcrumb"},"inLanguage":"es","potentialAction":[{"@type":"ReadAction","target":["https:\/\/laprensacristiana.com\/?p=4409"]}]},{"@type":"BreadcrumbList","@id":"https:\/\/laprensacristiana.com\/?p=4409#breadcrumb","itemListElement":[{"@type":"ListItem","position":1,"name":"Portada","item":"https:\/\/laprensacristiana.com\/"},{"@type":"ListItem","position":2,"name":"El Penal de la esperanza"}]},{"@type":"WebSite","@id":"https:\/\/laprensacristiana.com\/#website","url":"https:\/\/laprensacristiana.com\/","name":"La Prensa Cristiana","description":"Anunciando Las Buenas Nuevas","potentialAction":[{"@type":"SearchAction","target":{"@type":"EntryPoint","urlTemplate":"https:\/\/laprensacristiana.com\/?s={search_term_string}"},"query-input":"required name=search_term_string"}],"inLanguage":"es"},{"@type":"Person","@id":"https:\/\/laprensacristiana.com\/#\/schema\/person\/3e7d82c6bfd6b1fa67010f8f7cd5256e","name":"EDITOR","image":{"@type":"ImageObject","inLanguage":"es","@id":"https:\/\/laprensacristiana.com\/#\/schema\/person\/image\/","url":"https:\/\/secure.gravatar.com\/avatar\/72069dfb6c13772d9e8381e3638666d2?s=96&d=mm&r=g","contentUrl":"https:\/\/secure.gravatar.com\/avatar\/72069dfb6c13772d9e8381e3638666d2?s=96&d=mm&r=g","caption":"EDITOR"},"url":"https:\/\/laprensacristiana.com\/?author=3"}]}},"_links":{"self":[{"href":"https:\/\/laprensacristiana.com\/index.php?rest_route=\/wp\/v2\/posts\/4409"}],"collection":[{"href":"https:\/\/laprensacristiana.com\/index.php?rest_route=\/wp\/v2\/posts"}],"about":[{"href":"https:\/\/laprensacristiana.com\/index.php?rest_route=\/wp\/v2\/types\/post"}],"author":[{"embeddable":true,"href":"https:\/\/laprensacristiana.com\/index.php?rest_route=\/wp\/v2\/users\/3"}],"replies":[{"embeddable":true,"href":"https:\/\/laprensacristiana.com\/index.php?rest_route=%2Fwp%2Fv2%2Fcomments&post=4409"}],"version-history":[{"count":1,"href":"https:\/\/laprensacristiana.com\/index.php?rest_route=\/wp\/v2\/posts\/4409\/revisions"}],"predecessor-version":[{"id":4410,"href":"https:\/\/laprensacristiana.com\/index.php?rest_route=\/wp\/v2\/posts\/4409\/revisions\/4410"}],"wp:featuredmedia":[{"embeddable":true,"href":"https:\/\/laprensacristiana.com\/index.php?rest_route=\/wp\/v2\/media\/3308"}],"wp:attachment":[{"href":"https:\/\/laprensacristiana.com\/index.php?rest_route=%2Fwp%2Fv2%2Fmedia&parent=4409"}],"wp:term":[{"taxonomy":"category","embeddable":true,"href":"https:\/\/laprensacristiana.com\/index.php?rest_route=%2Fwp%2Fv2%2Fcategories&post=4409"},{"taxonomy":"post_tag","embeddable":true,"href":"https:\/\/laprensacristiana.com\/index.php?rest_route=%2Fwp%2Fv2%2Ftags&post=4409"}],"curies":[{"name":"wp","href":"https:\/\/api.w.org\/{rel}","templated":true}]}}