{"id":4415,"date":"2018-09-04T02:27:29","date_gmt":"2018-09-04T02:27:29","guid":{"rendered":"https:\/\/laprensacristiana.com\/?p=4415"},"modified":"2020-07-01T23:31:57","modified_gmt":"2020-07-01T23:31:57","slug":"tabernaculo-biblico-bautista-amigos-de-israel-no-sera-parte-de-actos-politicos","status":"publish","type":"post","link":"https:\/\/laprensacristiana.com\/?p=4415","title":{"rendered":"Tabern\u00e1culo B\u00edblico Bautista amigos de Israel no ser\u00e1 parte de actos pol\u00edticos"},"content":{"rendered":"<p><strong>Por: Erika Menjivar<\/strong><\/p>\n<p>El comunicado oficial publicado por parte de la Junta Directiva de la Misi\u00f3n Bautista Internacional de El Salvador y del pastor Edgar L\u00f3pez Bertrand Jr. En que se hace el llamado a Iglesias filiales, pastores, misiones y a la congregaci\u00f3n en general, de abstenerse a formar parte de actividades pol\u00edticas.<\/p>\n<p>Entre los puntos que el pastor Edgar L\u00f3pez Bertrand Jr. desatac\u00f3 en una publicaci\u00f3n en sus redes sociales fueron: \u201cAbstenerse a participar en actividades directas o indirectas con los candidatos que indiquen propaganda pol\u00edtica partidaria, uso de vestimenta alusiva a cualquier partido pol\u00edtico dentro de las instalaciones nacional o internacional\u201d.<\/p>\n<p>En la informaci\u00f3n expuesta en el comunicado se hace menci\u00f3n que esta corporaci\u00f3n religiosa tiene estatutos con respecto al tema pol\u00edtico y con base al art\u00edculo 82 de la Constituci\u00f3n de la Rep\u00fablica de El Salvador, el art\u00edculo 172 y 184 del C\u00f3digo Electoral sostiene que: \u201cQueda prohibido totalmente; la participaci\u00f3n vinculaci\u00f3n o asociaci\u00f3n de partidos pol\u00edticos, movimientos partidarios, candidatos o precandidatos a la presidencia de La Rep\u00fablica en actividades pol\u00edticas partidarias que relacionen a la Misi\u00f3n Bautista Internacional de El Salvador y al Tabern\u00e1culo B\u00edblico Bautista Amigos de Israel, en la campa\u00f1a electoral 2019\u201d.<\/p>\n<p>La informaci\u00f3n contenida en este documento hace el llamado a toda la Iglesia, filiales, pastores a no ser parte de ning\u00fan tipo de acto que pueda directa o indirectamente involucrarles con la campa\u00f1a presidencial que est\u00e1 pr\u00f3xima a desarrollarse en El Salvador.<\/p>\n<p>Ante el caso, el Pastor General del Tabern\u00e1culo B\u00edblico Amigos de Israel, Edgar L\u00f3pez Bertrand Jr. Hizo un llamado a no ser parte de la corriente pol\u00edtica del pa\u00eds: \u201cSigamos cumpliendo el llamado de El Se\u00f1or, predicando el evangelio sabiendo que en Dios est\u00e1 la respuesta\u201d.<\/p>\n<p><img decoding=\"async\" loading=\"lazy\" class=\"alignnone size-full wp-image-4420\" src=\"https:\/\/laprensacristiana.com\/wp-content\/uploads\/2018\/09\/IMG-20180903-WA0005.jpg\" alt=\"\" width=\"758\" height=\"960\" srcset=\"https:\/\/laprensacristiana.com\/wp-content\/uploads\/2018\/09\/IMG-20180903-WA0005.jpg 758w, https:\/\/laprensacristiana.com\/wp-content\/uploads\/2018\/09\/IMG-20180903-WA0005-600x760.jpg 600w, https:\/\/laprensacristiana.com\/wp-content\/uploads\/2018\/09\/IMG-20180903-WA0005-237x300.jpg 237w, https:\/\/laprensacristiana.com\/wp-content\/uploads\/2018\/09\/IMG-20180903-WA0005-696x881.jpg 696w, https:\/\/laprensacristiana.com\/wp-content\/uploads\/2018\/09\/IMG-20180903-WA0005-332x420.jpg 332w\" sizes=\"(max-width: 758px) 100vw, 758px\" \/><\/p>\n<p>&nbsp;<\/p>\n","protected":false},"excerpt":{"rendered":"<p>Por: Erika Menjivar El comunicado oficial publicado por parte de la Junta Directiva de la Misi\u00f3n Bautista Internacional de El Salvador y del pastor Edgar L\u00f3pez Bertrand Jr. En que se hace el llamado a Iglesias filiales, pastores, misiones y a la congregaci\u00f3n en general, de abstenerse a formar parte de actividades pol\u00edticas. Entre los [&hellip;]<\/p>\n","protected":false},"author":3,"featured_media":4416,"comment_status":"open","ping_status":"open","sticky":false,"template":"","format":"standard","meta":[],"categories":[56],"tags":[],"yoast_head":"<!-- This site is optimized with the Yoast SEO plugin v20.8 - https:\/\/yoast.com\/wordpress\/plugins\/seo\/ -->\n<title>Tabern\u00e1culo B\u00edblico Bautista amigos de Israel no ser\u00e1 parte de actos pol\u00edticos - La Prensa Cristiana<\/title>\n<meta name=\"robots\" content=\"index, follow, max-snippet:-1, max-image-preview:large, max-video-preview:-1\" \/>\n<link rel=\"canonical\" href=\"https:\/\/laprensacristiana.com\/?p=4415\" \/>\n<meta property=\"og:locale\" content=\"es_ES\" \/>\n<meta property=\"og:type\" content=\"article\" \/>\n<meta property=\"og:title\" content=\"Tabern\u00e1culo B\u00edblico Bautista amigos de Israel no ser\u00e1 parte de actos pol\u00edticos - La Prensa Cristiana\" \/>\n<meta property=\"og:description\" content=\"Por: Erika Menjivar El comunicado oficial publicado por parte de la Junta Directiva de la Misi\u00f3n Bautista Internacional de El Salvador y del pastor Edgar L\u00f3pez Bertrand Jr. En que se hace el llamado a Iglesias filiales, pastores, misiones y a la congregaci\u00f3n en general, de abstenerse a formar parte de actividades pol\u00edticas. Entre los [&hellip;]\" \/>\n<meta property=\"og:url\" content=\"https:\/\/laprensacristiana.com\/?p=4415\" \/>\n<meta property=\"og:site_name\" content=\"La Prensa Cristiana\" \/>\n<meta property=\"article:published_time\" content=\"2018-09-04T02:27:29+00:00\" \/>\n<meta property=\"article:modified_time\" content=\"2020-07-01T23:31:57+00:00\" \/>\n<meta property=\"og:image\" content=\"https:\/\/laprensacristiana.com\/wp-content\/uploads\/2018\/09\/20180903_201759_rmscr.jpg\" \/>\n\t<meta property=\"og:image:width\" content=\"880\" \/>\n\t<meta property=\"og:image:height\" content=\"585\" \/>\n\t<meta property=\"og:image:type\" content=\"image\/jpeg\" \/>\n<meta name=\"author\" content=\"EDITOR\" \/>\n<meta name=\"twitter:card\" content=\"summary_large_image\" \/>\n<meta name=\"twitter:label1\" content=\"Escrito por\" \/>\n\t<meta name=\"twitter:data1\" content=\"EDITOR\" \/>\n\t<meta name=\"twitter:label2\" content=\"Tiempo de lectura\" \/>\n\t<meta name=\"twitter:data2\" content=\"2 minutos\" \/>\n<script type=\"application\/ld+json\" class=\"yoast-schema-graph\">{\"@context\":\"https:\/\/schema.org\",\"@graph\":[{\"@type\":\"WebPage\",\"@id\":\"https:\/\/laprensacristiana.com\/?p=4415\",\"url\":\"https:\/\/laprensacristiana.com\/?p=4415\",\"name\":\"Tabern\u00e1culo B\u00edblico Bautista amigos de Israel no ser\u00e1 parte de actos pol\u00edticos - La Prensa Cristiana\",\"isPartOf\":{\"@id\":\"https:\/\/laprensacristiana.com\/#website\"},\"datePublished\":\"2018-09-04T02:27:29+00:00\",\"dateModified\":\"2020-07-01T23:31:57+00:00\",\"author\":{\"@id\":\"https:\/\/laprensacristiana.com\/#\/schema\/person\/3e7d82c6bfd6b1fa67010f8f7cd5256e\"},\"breadcrumb\":{\"@id\":\"https:\/\/laprensacristiana.com\/?p=4415#breadcrumb\"},\"inLanguage\":\"es\",\"potentialAction\":[{\"@type\":\"ReadAction\",\"target\":[\"https:\/\/laprensacristiana.com\/?p=4415\"]}]},{\"@type\":\"BreadcrumbList\",\"@id\":\"https:\/\/laprensacristiana.com\/?p=4415#breadcrumb\",\"itemListElement\":[{\"@type\":\"ListItem\",\"position\":1,\"name\":\"Portada\",\"item\":\"https:\/\/laprensacristiana.com\/\"},{\"@type\":\"ListItem\",\"position\":2,\"name\":\"Tabern\u00e1culo B\u00edblico Bautista amigos de Israel no ser\u00e1 parte de actos pol\u00edticos\"}]},{\"@type\":\"WebSite\",\"@id\":\"https:\/\/laprensacristiana.com\/#website\",\"url\":\"https:\/\/laprensacristiana.com\/\",\"name\":\"La Prensa Cristiana\",\"description\":\"Anunciando Las Buenas Nuevas\",\"potentialAction\":[{\"@type\":\"SearchAction\",\"target\":{\"@type\":\"EntryPoint\",\"urlTemplate\":\"https:\/\/laprensacristiana.com\/?s={search_term_string}\"},\"query-input\":\"required name=search_term_string\"}],\"inLanguage\":\"es\"},{\"@type\":\"Person\",\"@id\":\"https:\/\/laprensacristiana.com\/#\/schema\/person\/3e7d82c6bfd6b1fa67010f8f7cd5256e\",\"name\":\"EDITOR\",\"image\":{\"@type\":\"ImageObject\",\"inLanguage\":\"es\",\"@id\":\"https:\/\/laprensacristiana.com\/#\/schema\/person\/image\/\",\"url\":\"https:\/\/secure.gravatar.com\/avatar\/72069dfb6c13772d9e8381e3638666d2?s=96&d=mm&r=g\",\"contentUrl\":\"https:\/\/secure.gravatar.com\/avatar\/72069dfb6c13772d9e8381e3638666d2?s=96&d=mm&r=g\",\"caption\":\"EDITOR\"},\"url\":\"https:\/\/laprensacristiana.com\/?author=3\"}]}<\/script>\n<!-- \/ Yoast SEO plugin. -->","yoast_head_json":{"title":"Tabern\u00e1culo B\u00edblico Bautista amigos de Israel no ser\u00e1 parte de actos pol\u00edticos - La Prensa Cristiana","robots":{"index":"index","follow":"follow","max-snippet":"max-snippet:-1","max-image-preview":"max-image-preview:large","max-video-preview":"max-video-preview:-1"},"canonical":"https:\/\/laprensacristiana.com\/?p=4415","og_locale":"es_ES","og_type":"article","og_title":"Tabern\u00e1culo B\u00edblico Bautista amigos de Israel no ser\u00e1 parte de actos pol\u00edticos - La Prensa Cristiana","og_description":"Por: Erika Menjivar El comunicado oficial publicado por parte de la Junta Directiva de la Misi\u00f3n Bautista Internacional de El Salvador y del pastor Edgar L\u00f3pez Bertrand Jr. En que se hace el llamado a Iglesias filiales, pastores, misiones y a la congregaci\u00f3n en general, de abstenerse a formar parte de actividades pol\u00edticas. Entre los [&hellip;]","og_url":"https:\/\/laprensacristiana.com\/?p=4415","og_site_name":"La Prensa Cristiana","article_published_time":"2018-09-04T02:27:29+00:00","article_modified_time":"2020-07-01T23:31:57+00:00","og_image":[{"width":880,"height":585,"url":"https:\/\/laprensacristiana.com\/wp-content\/uploads\/2018\/09\/20180903_201759_rmscr.jpg","type":"image\/jpeg"}],"author":"EDITOR","twitter_card":"summary_large_image","twitter_misc":{"Escrito por":"EDITOR","Tiempo de lectura":"2 minutos"},"schema":{"@context":"https:\/\/schema.org","@graph":[{"@type":"WebPage","@id":"https:\/\/laprensacristiana.com\/?p=4415","url":"https:\/\/laprensacristiana.com\/?p=4415","name":"Tabern\u00e1culo B\u00edblico Bautista amigos de Israel no ser\u00e1 parte de actos pol\u00edticos - La Prensa Cristiana","isPartOf":{"@id":"https:\/\/laprensacristiana.com\/#website"},"datePublished":"2018-09-04T02:27:29+00:00","dateModified":"2020-07-01T23:31:57+00:00","author":{"@id":"https:\/\/laprensacristiana.com\/#\/schema\/person\/3e7d82c6bfd6b1fa67010f8f7cd5256e"},"breadcrumb":{"@id":"https:\/\/laprensacristiana.com\/?p=4415#breadcrumb"},"inLanguage":"es","potentialAction":[{"@type":"ReadAction","target":["https:\/\/laprensacristiana.com\/?p=4415"]}]},{"@type":"BreadcrumbList","@id":"https:\/\/laprensacristiana.com\/?p=4415#breadcrumb","itemListElement":[{"@type":"ListItem","position":1,"name":"Portada","item":"https:\/\/laprensacristiana.com\/"},{"@type":"ListItem","position":2,"name":"Tabern\u00e1culo B\u00edblico Bautista amigos de Israel no ser\u00e1 parte de actos pol\u00edticos"}]},{"@type":"WebSite","@id":"https:\/\/laprensacristiana.com\/#website","url":"https:\/\/laprensacristiana.com\/","name":"La Prensa Cristiana","description":"Anunciando Las Buenas Nuevas","potentialAction":[{"@type":"SearchAction","target":{"@type":"EntryPoint","urlTemplate":"https:\/\/laprensacristiana.com\/?s={search_term_string}"},"query-input":"required name=search_term_string"}],"inLanguage":"es"},{"@type":"Person","@id":"https:\/\/laprensacristiana.com\/#\/schema\/person\/3e7d82c6bfd6b1fa67010f8f7cd5256e","name":"EDITOR","image":{"@type":"ImageObject","inLanguage":"es","@id":"https:\/\/laprensacristiana.com\/#\/schema\/person\/image\/","url":"https:\/\/secure.gravatar.com\/avatar\/72069dfb6c13772d9e8381e3638666d2?s=96&d=mm&r=g","contentUrl":"https:\/\/secure.gravatar.com\/avatar\/72069dfb6c13772d9e8381e3638666d2?s=96&d=mm&r=g","caption":"EDITOR"},"url":"https:\/\/laprensacristiana.com\/?author=3"}]}},"_links":{"self":[{"href":"https:\/\/laprensacristiana.com\/index.php?rest_route=\/wp\/v2\/posts\/4415"}],"collection":[{"href":"https:\/\/laprensacristiana.com\/index.php?rest_route=\/wp\/v2\/posts"}],"about":[{"href":"https:\/\/laprensacristiana.com\/index.php?rest_route=\/wp\/v2\/types\/post"}],"author":[{"embeddable":true,"href":"https:\/\/laprensacristiana.com\/index.php?rest_route=\/wp\/v2\/users\/3"}],"replies":[{"embeddable":true,"href":"https:\/\/laprensacristiana.com\/index.php?rest_route=%2Fwp%2Fv2%2Fcomments&post=4415"}],"version-history":[{"count":4,"href":"https:\/\/laprensacristiana.com\/index.php?rest_route=\/wp\/v2\/posts\/4415\/revisions"}],"predecessor-version":[{"id":4421,"href":"https:\/\/laprensacristiana.com\/index.php?rest_route=\/wp\/v2\/posts\/4415\/revisions\/4421"}],"wp:featuredmedia":[{"embeddable":true,"href":"https:\/\/laprensacristiana.com\/index.php?rest_route=\/wp\/v2\/media\/4416"}],"wp:attachment":[{"href":"https:\/\/laprensacristiana.com\/index.php?rest_route=%2Fwp%2Fv2%2Fmedia&parent=4415"}],"wp:term":[{"taxonomy":"category","embeddable":true,"href":"https:\/\/laprensacristiana.com\/index.php?rest_route=%2Fwp%2Fv2%2Fcategories&post=4415"},{"taxonomy":"post_tag","embeddable":true,"href":"https:\/\/laprensacristiana.com\/index.php?rest_route=%2Fwp%2Fv2%2Ftags&post=4415"}],"curies":[{"name":"wp","href":"https:\/\/api.w.org\/{rel}","templated":true}]}}