{"id":4422,"date":"2018-09-05T14:42:00","date_gmt":"2018-09-05T14:42:00","guid":{"rendered":"https:\/\/laprensacristiana.com\/?p=4422"},"modified":"2020-07-01T23:31:46","modified_gmt":"2020-07-01T23:31:46","slug":"quien-es-jesus-es-para-ti","status":"publish","type":"post","link":"https:\/\/laprensacristiana.com\/?p=4422","title":{"rendered":"\u00bfQui\u00e9n es Jes\u00fas  para ti?"},"content":{"rendered":"<p class=\"s3\"><span class=\"s2\"><strong>Por July de Sosa\u00a0<\/strong><br \/>\n<\/span><\/p>\n<p class=\"s3\"><span class=\"s4\">Al llegar<\/span><span class=\"s4\"> Jes\u00fas<\/span><span class=\"s4\"> a la regi\u00f3n de <\/span><span class=\"s4\">Cesarea<\/span><span class=\"s4\"> de Filipo, pregunt<\/span><span class=\"s4\">\u00f3<\/span><span class=\"s4\"> a sus disc\u00edpulos <\/span><span class=\"s4\">diciendo: <\/span><span class=\"s4\">\u00bfQui\u00e9n dice<\/span><span class=\"s4\">n <\/span><span class=\"s4\">l<\/span><span class=\"s4\">os hombres<\/span><span class=\"s4\"> que es el hijo del hombre? Ellos dijeron: <\/span><span class=\"s4\">U<\/span><span class=\"s4\">nos dicen Juan el Bautista<\/span><span class=\"s4\">;<\/span><span class=\"s4\"> otros El\u00edas<\/span><span class=\"s4\">;<\/span><span class=\"s4\"> y otros Jerem\u00edas, o alguno de los profetas. \u00c9l les pregunt<\/span><span class=\"s4\">\u00f3: Y<\/span><span class=\"s4\">vosotros, <\/span><span class=\"s4\">\u00bfqui\u00e9n d<\/span><span class=\"s4\">ec\u00eds<\/span><span class=\"s4\"> que soy yo?<\/span><span class=\"s4\"> Respondiendo<\/span><span class=\"s4\"> Sim\u00f3n Pedro <\/span><span class=\"s4\">dijo<\/span><span class=\"s4\">: \u00a1T\u00fa eres el cristo<\/span><span class=\"s4\">,<\/span><span class=\"s4\">el hijo del Dios viviente! Entonces <\/span><span class=\"s4\">le respondi\u00f3 <\/span><span class=\"s4\">Jes\u00fas: Bienaventurado eres, Sim\u00f3n, hijo de Jon\u00e1s, porque no te lo revelo <\/span><span class=\"s4\">carne ni sangre,<\/span><span class=\"s4\"> sino mi padre que <\/span><span class=\"s4\">esta<\/span><span class=\"s4\"> en los cielos<\/span><span class=\"s5\">. <\/span><\/p>\n<p class=\"s3\"><span class=\"s5\">Esta interesante conversaci\u00f3n entre Jes\u00fas y sus disc\u00edpulos la puedes encontrar en el evangelio de Mateo<\/span><span class=\"s5\">, capitulo <\/span><span class=\"s5\">16<\/span><span class=\"s5\">, y versos <\/span><span class=\"s5\">13<\/span><span class=\"s5\"> al <\/span><span class=\"s5\">17<\/span><span class=\"s5\">. En el texto anterior vemos las diferentes respuestas que dieron los disc\u00edpulos acerca de lo que la gente dec\u00eda de Jes\u00fas. Y aunque parezca \u00a1incre\u00edble! Muchos son los <\/span><span class=\"s5\">que<\/span><span class=\"s5\"> en este tiempo, viven sin saber qui\u00e9n es Jes\u00fas, y el porqu\u00e9 de su muerte en la cruz, por diferentes motivos, siendo de todos el m\u00e1s lamentable, la falta de inter\u00e9s por la incredulidad de sus corazones. Aprovecho el art\u00edculo de hoy para darle a conocer \u201ca quien le interese\u201d lo que declara la palabra de Dios acerca de Jes\u00fas. Lo que considero urgente de comprender es lo escrito en el evangelio de Juan 14:6 Jes\u00fas le dice a Tom\u00e1s <\/span><span class=\"s4\">\u201cYo soy el camino, la verdad y la vida; nadie viene al padre sino por m\u00ed.<\/span><span class=\"s5\">Jes\u00fas se presenta a s\u00ed mismo<\/span><span class=\"s5\">, no como una posibilidad para llegar al padre, sino como el \u00fanico camino. De quien Juan el bautista, habl\u00f3 aun sin conocerlo (Mateo 3:11) Jes\u00fas, en tan solo tres a\u00f1os de ministerio, hablo palabras que tienen el poder de transformar las vidas de los creyentes. Revelando con ellas el motivo de su venida, Jes\u00fas dijo: \u00a0Que \u00e9l vino a llamar a los pecadores al arrepentimiento (Mateo 9:13) A salvar lo que estaba perdido (Mateo 18:11) a darnos esperanza de vida eterna diciendo: <\/span><span class=\"s4\">El que cree en<\/span> <span class=\"s4\">m\u00ed<\/span><span class=\"s4\">,<\/span><span class=\"s4\"> aunque este muerto vivir\u00e1. (Juan 11:25) <\/span><span class=\"s5\">Noto que dijo el que cree en m\u00ed. Muchos se niegan a creer en Jes\u00fas para no sentir la necesidad de hacer un alto en su camino y cambiar de direcci\u00f3n, con un nuevo estilo de vida, reconociendo a Jes\u00fas como se\u00f1or, y rindiendo a \u00e9l, los deseos de su coraz\u00f3n. Es impresionante la lucha de algunos por no reconocer la deidad de Dios en Jesucristo, por ignorancia de las santas escrituras o temor al <\/span><span class=\"s5\">que<\/span><span class=\"s5\"> dir\u00e1n. Lo cierto es que como humanos mortales deber\u00edamos de ocupar parte del tiempo que se nos ha prestado, en conocer acerca del plan de Dios para nosotros por medio de su \u00fanico hijo. Ya que la ignorancia de esto priva de experimentar en carne propia el cumplimiento de las promesas de Dios.<\/span><\/p>\n<p class=\"s3\"><span class=\"s5\"> Existen dos tipos de cristianos. Los que se conforman con el perd\u00f3n de sus pecados, y tienen a cristo solo como el salvador de su alma. Y los que viven buscando conocer m\u00e1s a Jes\u00fas como Se\u00f1or de su vida. <\/span><span class=\"s5\">De cara a esto la pregunta es \u2026Para ti \u00bfQui\u00e9n es Jes\u00fas?<\/span><\/p>\n","protected":false},"excerpt":{"rendered":"<p>Por July de Sosa\u00a0 Al llegar Jes\u00fas a la regi\u00f3n de Cesarea de Filipo, pregunt\u00f3 a sus disc\u00edpulos diciendo: \u00bfQui\u00e9n dicen los hombres que es el hijo del hombre? Ellos dijeron: Unos dicen Juan el Bautista; otros El\u00edas; y otros Jerem\u00edas, o alguno de los profetas. \u00c9l les pregunt\u00f3: Yvosotros, \u00bfqui\u00e9n dec\u00eds que soy yo? [&hellip;]<\/p>\n","protected":false},"author":3,"featured_media":3639,"comment_status":"open","ping_status":"open","sticky":false,"template":"","format":"standard","meta":[],"categories":[36],"tags":[],"yoast_head":"<!-- This site is optimized with the Yoast SEO plugin v20.8 - https:\/\/yoast.com\/wordpress\/plugins\/seo\/ -->\n<title>\u00bfQui\u00e9n es Jes\u00fas para ti? - La Prensa Cristiana<\/title>\n<meta name=\"robots\" content=\"index, follow, max-snippet:-1, max-image-preview:large, max-video-preview:-1\" \/>\n<link rel=\"canonical\" href=\"https:\/\/laprensacristiana.com\/?p=4422\" \/>\n<meta property=\"og:locale\" content=\"es_ES\" \/>\n<meta property=\"og:type\" content=\"article\" \/>\n<meta property=\"og:title\" content=\"\u00bfQui\u00e9n es Jes\u00fas para ti? - La Prensa Cristiana\" \/>\n<meta property=\"og:description\" content=\"Por July de Sosa\u00a0 Al llegar Jes\u00fas a la regi\u00f3n de Cesarea de Filipo, pregunt\u00f3 a sus disc\u00edpulos diciendo: \u00bfQui\u00e9n dicen los hombres que es el hijo del hombre? Ellos dijeron: Unos dicen Juan el Bautista; otros El\u00edas; y otros Jerem\u00edas, o alguno de los profetas. \u00c9l les pregunt\u00f3: Yvosotros, \u00bfqui\u00e9n dec\u00eds que soy yo? [&hellip;]\" \/>\n<meta property=\"og:url\" content=\"https:\/\/laprensacristiana.com\/?p=4422\" \/>\n<meta property=\"og:site_name\" content=\"La Prensa Cristiana\" \/>\n<meta property=\"article:published_time\" content=\"2018-09-05T14:42:00+00:00\" \/>\n<meta property=\"article:modified_time\" content=\"2020-07-01T23:31:46+00:00\" \/>\n<meta property=\"og:image\" content=\"https:\/\/laprensacristiana.com\/wp-content\/uploads\/2018\/04\/JULY-LPG-2017.jpg\" \/>\n\t<meta property=\"og:image:width\" content=\"1240\" \/>\n\t<meta property=\"og:image:height\" content=\"692\" \/>\n\t<meta property=\"og:image:type\" content=\"image\/jpeg\" \/>\n<meta name=\"author\" content=\"EDITOR\" \/>\n<meta name=\"twitter:card\" content=\"summary_large_image\" \/>\n<meta name=\"twitter:label1\" content=\"Escrito por\" \/>\n\t<meta name=\"twitter:data1\" content=\"EDITOR\" \/>\n\t<meta name=\"twitter:label2\" content=\"Tiempo de lectura\" \/>\n\t<meta name=\"twitter:data2\" content=\"3 minutos\" \/>\n<script type=\"application\/ld+json\" class=\"yoast-schema-graph\">{\"@context\":\"https:\/\/schema.org\",\"@graph\":[{\"@type\":\"WebPage\",\"@id\":\"https:\/\/laprensacristiana.com\/?p=4422\",\"url\":\"https:\/\/laprensacristiana.com\/?p=4422\",\"name\":\"\u00bfQui\u00e9n es Jes\u00fas para ti? - La Prensa Cristiana\",\"isPartOf\":{\"@id\":\"https:\/\/laprensacristiana.com\/#website\"},\"datePublished\":\"2018-09-05T14:42:00+00:00\",\"dateModified\":\"2020-07-01T23:31:46+00:00\",\"author\":{\"@id\":\"https:\/\/laprensacristiana.com\/#\/schema\/person\/3e7d82c6bfd6b1fa67010f8f7cd5256e\"},\"breadcrumb\":{\"@id\":\"https:\/\/laprensacristiana.com\/?p=4422#breadcrumb\"},\"inLanguage\":\"es\",\"potentialAction\":[{\"@type\":\"ReadAction\",\"target\":[\"https:\/\/laprensacristiana.com\/?p=4422\"]}]},{\"@type\":\"BreadcrumbList\",\"@id\":\"https:\/\/laprensacristiana.com\/?p=4422#breadcrumb\",\"itemListElement\":[{\"@type\":\"ListItem\",\"position\":1,\"name\":\"Portada\",\"item\":\"https:\/\/laprensacristiana.com\/\"},{\"@type\":\"ListItem\",\"position\":2,\"name\":\"\u00bfQui\u00e9n es Jes\u00fas para ti?\"}]},{\"@type\":\"WebSite\",\"@id\":\"https:\/\/laprensacristiana.com\/#website\",\"url\":\"https:\/\/laprensacristiana.com\/\",\"name\":\"La Prensa Cristiana\",\"description\":\"Anunciando Las Buenas Nuevas\",\"potentialAction\":[{\"@type\":\"SearchAction\",\"target\":{\"@type\":\"EntryPoint\",\"urlTemplate\":\"https:\/\/laprensacristiana.com\/?s={search_term_string}\"},\"query-input\":\"required name=search_term_string\"}],\"inLanguage\":\"es\"},{\"@type\":\"Person\",\"@id\":\"https:\/\/laprensacristiana.com\/#\/schema\/person\/3e7d82c6bfd6b1fa67010f8f7cd5256e\",\"name\":\"EDITOR\",\"image\":{\"@type\":\"ImageObject\",\"inLanguage\":\"es\",\"@id\":\"https:\/\/laprensacristiana.com\/#\/schema\/person\/image\/\",\"url\":\"https:\/\/secure.gravatar.com\/avatar\/72069dfb6c13772d9e8381e3638666d2?s=96&d=mm&r=g\",\"contentUrl\":\"https:\/\/secure.gravatar.com\/avatar\/72069dfb6c13772d9e8381e3638666d2?s=96&d=mm&r=g\",\"caption\":\"EDITOR\"},\"url\":\"https:\/\/laprensacristiana.com\/?author=3\"}]}<\/script>\n<!-- \/ Yoast SEO plugin. -->","yoast_head_json":{"title":"\u00bfQui\u00e9n es Jes\u00fas para ti? - La Prensa Cristiana","robots":{"index":"index","follow":"follow","max-snippet":"max-snippet:-1","max-image-preview":"max-image-preview:large","max-video-preview":"max-video-preview:-1"},"canonical":"https:\/\/laprensacristiana.com\/?p=4422","og_locale":"es_ES","og_type":"article","og_title":"\u00bfQui\u00e9n es Jes\u00fas para ti? - La Prensa Cristiana","og_description":"Por July de Sosa\u00a0 Al llegar Jes\u00fas a la regi\u00f3n de Cesarea de Filipo, pregunt\u00f3 a sus disc\u00edpulos diciendo: \u00bfQui\u00e9n dicen los hombres que es el hijo del hombre? Ellos dijeron: Unos dicen Juan el Bautista; otros El\u00edas; y otros Jerem\u00edas, o alguno de los profetas. \u00c9l les pregunt\u00f3: Yvosotros, \u00bfqui\u00e9n dec\u00eds que soy yo? [&hellip;]","og_url":"https:\/\/laprensacristiana.com\/?p=4422","og_site_name":"La Prensa Cristiana","article_published_time":"2018-09-05T14:42:00+00:00","article_modified_time":"2020-07-01T23:31:46+00:00","og_image":[{"width":1240,"height":692,"url":"https:\/\/laprensacristiana.com\/wp-content\/uploads\/2018\/04\/JULY-LPG-2017.jpg","type":"image\/jpeg"}],"author":"EDITOR","twitter_card":"summary_large_image","twitter_misc":{"Escrito por":"EDITOR","Tiempo de lectura":"3 minutos"},"schema":{"@context":"https:\/\/schema.org","@graph":[{"@type":"WebPage","@id":"https:\/\/laprensacristiana.com\/?p=4422","url":"https:\/\/laprensacristiana.com\/?p=4422","name":"\u00bfQui\u00e9n es Jes\u00fas para ti? - La Prensa Cristiana","isPartOf":{"@id":"https:\/\/laprensacristiana.com\/#website"},"datePublished":"2018-09-05T14:42:00+00:00","dateModified":"2020-07-01T23:31:46+00:00","author":{"@id":"https:\/\/laprensacristiana.com\/#\/schema\/person\/3e7d82c6bfd6b1fa67010f8f7cd5256e"},"breadcrumb":{"@id":"https:\/\/laprensacristiana.com\/?p=4422#breadcrumb"},"inLanguage":"es","potentialAction":[{"@type":"ReadAction","target":["https:\/\/laprensacristiana.com\/?p=4422"]}]},{"@type":"BreadcrumbList","@id":"https:\/\/laprensacristiana.com\/?p=4422#breadcrumb","itemListElement":[{"@type":"ListItem","position":1,"name":"Portada","item":"https:\/\/laprensacristiana.com\/"},{"@type":"ListItem","position":2,"name":"\u00bfQui\u00e9n es Jes\u00fas para ti?"}]},{"@type":"WebSite","@id":"https:\/\/laprensacristiana.com\/#website","url":"https:\/\/laprensacristiana.com\/","name":"La Prensa Cristiana","description":"Anunciando Las Buenas Nuevas","potentialAction":[{"@type":"SearchAction","target":{"@type":"EntryPoint","urlTemplate":"https:\/\/laprensacristiana.com\/?s={search_term_string}"},"query-input":"required name=search_term_string"}],"inLanguage":"es"},{"@type":"Person","@id":"https:\/\/laprensacristiana.com\/#\/schema\/person\/3e7d82c6bfd6b1fa67010f8f7cd5256e","name":"EDITOR","image":{"@type":"ImageObject","inLanguage":"es","@id":"https:\/\/laprensacristiana.com\/#\/schema\/person\/image\/","url":"https:\/\/secure.gravatar.com\/avatar\/72069dfb6c13772d9e8381e3638666d2?s=96&d=mm&r=g","contentUrl":"https:\/\/secure.gravatar.com\/avatar\/72069dfb6c13772d9e8381e3638666d2?s=96&d=mm&r=g","caption":"EDITOR"},"url":"https:\/\/laprensacristiana.com\/?author=3"}]}},"_links":{"self":[{"href":"https:\/\/laprensacristiana.com\/index.php?rest_route=\/wp\/v2\/posts\/4422"}],"collection":[{"href":"https:\/\/laprensacristiana.com\/index.php?rest_route=\/wp\/v2\/posts"}],"about":[{"href":"https:\/\/laprensacristiana.com\/index.php?rest_route=\/wp\/v2\/types\/post"}],"author":[{"embeddable":true,"href":"https:\/\/laprensacristiana.com\/index.php?rest_route=\/wp\/v2\/users\/3"}],"replies":[{"embeddable":true,"href":"https:\/\/laprensacristiana.com\/index.php?rest_route=%2Fwp%2Fv2%2Fcomments&post=4422"}],"version-history":[{"count":3,"href":"https:\/\/laprensacristiana.com\/index.php?rest_route=\/wp\/v2\/posts\/4422\/revisions"}],"predecessor-version":[{"id":4432,"href":"https:\/\/laprensacristiana.com\/index.php?rest_route=\/wp\/v2\/posts\/4422\/revisions\/4432"}],"wp:featuredmedia":[{"embeddable":true,"href":"https:\/\/laprensacristiana.com\/index.php?rest_route=\/wp\/v2\/media\/3639"}],"wp:attachment":[{"href":"https:\/\/laprensacristiana.com\/index.php?rest_route=%2Fwp%2Fv2%2Fmedia&parent=4422"}],"wp:term":[{"taxonomy":"category","embeddable":true,"href":"https:\/\/laprensacristiana.com\/index.php?rest_route=%2Fwp%2Fv2%2Fcategories&post=4422"},{"taxonomy":"post_tag","embeddable":true,"href":"https:\/\/laprensacristiana.com\/index.php?rest_route=%2Fwp%2Fv2%2Ftags&post=4422"}],"curies":[{"name":"wp","href":"https:\/\/api.w.org\/{rel}","templated":true}]}}