{"id":4426,"date":"2018-09-05T22:31:46","date_gmt":"2018-09-05T22:31:46","guid":{"rendered":"https:\/\/laprensacristiana.com\/?p=4426"},"modified":"2020-07-01T23:30:54","modified_gmt":"2020-07-01T23:30:54","slug":"oracion-por-el-salvador-unidos-por-la-fe","status":"publish","type":"post","link":"https:\/\/laprensacristiana.com\/?p=4426","title":{"rendered":"Oraci\u00f3n por El Salvador, unidos por la fe"},"content":{"rendered":"<p><strong>Por: Erika Menjivar<\/strong><\/p>\n<p>La ma\u00f1ana de este martes 4 de septiembre la Universidad Evang\u00e9lica de El Salvador en conjunto con la Secretaria de Asuntos Espirituales desarrollaron el evento denominado: Oraci\u00f3n por El Salvador, en el que se hizo una oraci\u00f3n con 50 peticiones enfocadas en la paz, seguridad y salvaci\u00f3n del pa\u00eds, estas divididas en dos partes: peticiones para el pueblo salvadore\u00f1o y peticiones para la Iglesia en el pa\u00eds.<\/p>\n<p>Entre las peticiones que iban dirigidas por el pa\u00eds en este evento se encuentran: Por el se\u00f1or Presidente de la Rep\u00fablica de El Salvador y por las autoridades de los 3 poderes del Estado, acci\u00f3n de gracia por la no aprobaci\u00f3n de la Ley del Aborto, por buena administraci\u00f3n del dinero y recursos en todas las entidades del Gobierno, porque las futuras gestiones de gobernantes puedan tomar en cuenta a Dios, por protecci\u00f3n de Dios para el pa\u00eds, de los fen\u00f3menos de la naturaleza y porque si sucedes, que Dios los use para su Gloria y sus prop\u00f3sitos y otros.<\/p>\n<p>\u201cComo Universidad Evang\u00e9lica de El Salvador, creemos en la necesidad que tiene nuestra Naci\u00f3n de nuestro Se\u00f1or Jesucristo\u201d, coment\u00f3 el Capell\u00e1n de la UEES, Cesar Mel\u00e9ndez.<\/p>\n<figure id=\"attachment_4427\" aria-describedby=\"caption-attachment-4427\" style=\"width: 1280px\" class=\"wp-caption alignnone\"><img decoding=\"async\" loading=\"lazy\" class=\"size-full wp-image-4427\" src=\"https:\/\/laprensacristiana.com\/wp-content\/uploads\/2018\/09\/IMG-20180905-WA0022.jpg\" alt=\"Fotograf\u00eda cortes\u00eda de Universidad Evang\u00e9lica de El Salvador\" width=\"1280\" height=\"853\" srcset=\"https:\/\/laprensacristiana.com\/wp-content\/uploads\/2018\/09\/IMG-20180905-WA0022.jpg 1280w, https:\/\/laprensacristiana.com\/wp-content\/uploads\/2018\/09\/IMG-20180905-WA0022-600x400.jpg 600w, https:\/\/laprensacristiana.com\/wp-content\/uploads\/2018\/09\/IMG-20180905-WA0022-300x200.jpg 300w, https:\/\/laprensacristiana.com\/wp-content\/uploads\/2018\/09\/IMG-20180905-WA0022-768x512.jpg 768w, https:\/\/laprensacristiana.com\/wp-content\/uploads\/2018\/09\/IMG-20180905-WA0022-1024x682.jpg 1024w, https:\/\/laprensacristiana.com\/wp-content\/uploads\/2018\/09\/IMG-20180905-WA0022-696x464.jpg 696w, https:\/\/laprensacristiana.com\/wp-content\/uploads\/2018\/09\/IMG-20180905-WA0022-1068x712.jpg 1068w, https:\/\/laprensacristiana.com\/wp-content\/uploads\/2018\/09\/IMG-20180905-WA0022-630x420.jpg 630w\" sizes=\"(max-width: 1280px) 100vw, 1280px\" \/><figcaption id=\"caption-attachment-4427\" class=\"wp-caption-text\">Fotograf\u00eda cortes\u00eda de Universidad Evang\u00e9lica de El Salvador<\/figcaption><\/figure>\n<p>Tambi\u00e9n se realizaron peticiones por la Iglesia en el pa\u00eds como: para que la Iglesia honre y glorifique a Dios, con un testimonio de fe y pureza, para que los j\u00f3venes y la nueva generaci\u00f3n de cristianos tengan fuertes convicciones, porque la Iglesia sirva al Dios con diligencia ante su pronta venida, porque la Iglesia salvadore\u00f1a sea de bendici\u00f3n a otros pa\u00edses, por una Iglesia que espera gozosa al Se\u00f1or, por una Iglesia que adore a Dios en esp\u00edritu y en verdad y otros.<\/p>\n<p>Durante el desarrollo del evento, hubo espacio para una participaci\u00f3n musical a cargo del salmista Pedro Reyes, posteriormente se dirigi\u00f3 en palabras alusivas al evento el pastor y capell\u00e1n de la universidad, Cesar Mel\u00e9ndez.<\/p>\n<p>El capell\u00e1n de la UEES, Cesar Mel\u00e9ndez, expresa que el primer martes de cada mes como universidad seguir\u00e1n fomentando m\u00e1s tiempos as\u00ed para clamar por esta Naci\u00f3n, por eso, hace un llamado a toda la comunidad estudiantil a que tambi\u00e9n se hagan parte de esta iniciativa.<\/p>\n<figure id=\"attachment_4429\" aria-describedby=\"caption-attachment-4429\" style=\"width: 1280px\" class=\"wp-caption alignnone\"><img decoding=\"async\" loading=\"lazy\" class=\"size-full wp-image-4429\" src=\"https:\/\/laprensacristiana.com\/wp-content\/uploads\/2018\/09\/IMG-20180905-WA0018.jpg\" alt=\"Fotograf\u00eda cortes\u00eda de Universidad Evang\u00e9lica de El Salvador \" width=\"1280\" height=\"853\" srcset=\"https:\/\/laprensacristiana.com\/wp-content\/uploads\/2018\/09\/IMG-20180905-WA0018.jpg 1280w, https:\/\/laprensacristiana.com\/wp-content\/uploads\/2018\/09\/IMG-20180905-WA0018-600x400.jpg 600w, https:\/\/laprensacristiana.com\/wp-content\/uploads\/2018\/09\/IMG-20180905-WA0018-300x200.jpg 300w, https:\/\/laprensacristiana.com\/wp-content\/uploads\/2018\/09\/IMG-20180905-WA0018-768x512.jpg 768w, https:\/\/laprensacristiana.com\/wp-content\/uploads\/2018\/09\/IMG-20180905-WA0018-1024x682.jpg 1024w, https:\/\/laprensacristiana.com\/wp-content\/uploads\/2018\/09\/IMG-20180905-WA0018-696x464.jpg 696w, https:\/\/laprensacristiana.com\/wp-content\/uploads\/2018\/09\/IMG-20180905-WA0018-1068x712.jpg 1068w, https:\/\/laprensacristiana.com\/wp-content\/uploads\/2018\/09\/IMG-20180905-WA0018-630x420.jpg 630w\" sizes=\"(max-width: 1280px) 100vw, 1280px\" \/><figcaption id=\"caption-attachment-4429\" class=\"wp-caption-text\">Fotograf\u00eda cortes\u00eda de Universidad Evang\u00e9lica de El Salvador<\/figcaption><\/figure>\n<p>&nbsp;<\/p>\n","protected":false},"excerpt":{"rendered":"<p>Por: Erika Menjivar La ma\u00f1ana de este martes 4 de septiembre la Universidad Evang\u00e9lica de El Salvador en conjunto con la Secretaria de Asuntos Espirituales desarrollaron el evento denominado: Oraci\u00f3n por El Salvador, en el que se hizo una oraci\u00f3n con 50 peticiones enfocadas en la paz, seguridad y salvaci\u00f3n del pa\u00eds, estas divididas en [&hellip;]<\/p>\n","protected":false},"author":3,"featured_media":4430,"comment_status":"open","ping_status":"open","sticky":false,"template":"","format":"standard","meta":[],"categories":[56],"tags":[],"yoast_head":"<!-- This site is optimized with the Yoast SEO plugin v20.8 - https:\/\/yoast.com\/wordpress\/plugins\/seo\/ -->\n<title>Oraci\u00f3n por El Salvador, unidos por la fe - La Prensa Cristiana<\/title>\n<meta name=\"robots\" content=\"index, follow, max-snippet:-1, max-image-preview:large, max-video-preview:-1\" \/>\n<link rel=\"canonical\" href=\"https:\/\/laprensacristiana.com\/?p=4426\" \/>\n<meta property=\"og:locale\" content=\"es_ES\" \/>\n<meta property=\"og:type\" content=\"article\" \/>\n<meta property=\"og:title\" content=\"Oraci\u00f3n por El Salvador, unidos por la fe - La Prensa Cristiana\" \/>\n<meta property=\"og:description\" content=\"Por: Erika Menjivar La ma\u00f1ana de este martes 4 de septiembre la Universidad Evang\u00e9lica de El Salvador en conjunto con la Secretaria de Asuntos Espirituales desarrollaron el evento denominado: Oraci\u00f3n por El Salvador, en el que se hizo una oraci\u00f3n con 50 peticiones enfocadas en la paz, seguridad y salvaci\u00f3n del pa\u00eds, estas divididas en [&hellip;]\" \/>\n<meta property=\"og:url\" content=\"https:\/\/laprensacristiana.com\/?p=4426\" \/>\n<meta property=\"og:site_name\" content=\"La Prensa Cristiana\" \/>\n<meta property=\"article:published_time\" content=\"2018-09-05T22:31:46+00:00\" \/>\n<meta property=\"article:modified_time\" content=\"2020-07-01T23:30:54+00:00\" \/>\n<meta property=\"og:image\" content=\"https:\/\/laprensacristiana.com\/wp-content\/uploads\/2018\/09\/IMG-20180905-WA0021.jpg\" \/>\n\t<meta property=\"og:image:width\" content=\"1280\" \/>\n\t<meta property=\"og:image:height\" content=\"853\" \/>\n\t<meta property=\"og:image:type\" content=\"image\/jpeg\" \/>\n<meta name=\"author\" content=\"EDITOR\" \/>\n<meta name=\"twitter:card\" content=\"summary_large_image\" \/>\n<meta name=\"twitter:label1\" content=\"Escrito por\" \/>\n\t<meta name=\"twitter:data1\" content=\"EDITOR\" \/>\n\t<meta name=\"twitter:label2\" content=\"Tiempo de lectura\" \/>\n\t<meta name=\"twitter:data2\" content=\"2 minutos\" \/>\n<script type=\"application\/ld+json\" class=\"yoast-schema-graph\">{\"@context\":\"https:\/\/schema.org\",\"@graph\":[{\"@type\":\"WebPage\",\"@id\":\"https:\/\/laprensacristiana.com\/?p=4426\",\"url\":\"https:\/\/laprensacristiana.com\/?p=4426\",\"name\":\"Oraci\u00f3n por El Salvador, unidos por la fe - La Prensa Cristiana\",\"isPartOf\":{\"@id\":\"https:\/\/laprensacristiana.com\/#website\"},\"datePublished\":\"2018-09-05T22:31:46+00:00\",\"dateModified\":\"2020-07-01T23:30:54+00:00\",\"author\":{\"@id\":\"https:\/\/laprensacristiana.com\/#\/schema\/person\/3e7d82c6bfd6b1fa67010f8f7cd5256e\"},\"breadcrumb\":{\"@id\":\"https:\/\/laprensacristiana.com\/?p=4426#breadcrumb\"},\"inLanguage\":\"es\",\"potentialAction\":[{\"@type\":\"ReadAction\",\"target\":[\"https:\/\/laprensacristiana.com\/?p=4426\"]}]},{\"@type\":\"BreadcrumbList\",\"@id\":\"https:\/\/laprensacristiana.com\/?p=4426#breadcrumb\",\"itemListElement\":[{\"@type\":\"ListItem\",\"position\":1,\"name\":\"Portada\",\"item\":\"https:\/\/laprensacristiana.com\/\"},{\"@type\":\"ListItem\",\"position\":2,\"name\":\"Oraci\u00f3n por El Salvador, unidos por la fe\"}]},{\"@type\":\"WebSite\",\"@id\":\"https:\/\/laprensacristiana.com\/#website\",\"url\":\"https:\/\/laprensacristiana.com\/\",\"name\":\"La Prensa Cristiana\",\"description\":\"Anunciando Las Buenas Nuevas\",\"potentialAction\":[{\"@type\":\"SearchAction\",\"target\":{\"@type\":\"EntryPoint\",\"urlTemplate\":\"https:\/\/laprensacristiana.com\/?s={search_term_string}\"},\"query-input\":\"required name=search_term_string\"}],\"inLanguage\":\"es\"},{\"@type\":\"Person\",\"@id\":\"https:\/\/laprensacristiana.com\/#\/schema\/person\/3e7d82c6bfd6b1fa67010f8f7cd5256e\",\"name\":\"EDITOR\",\"image\":{\"@type\":\"ImageObject\",\"inLanguage\":\"es\",\"@id\":\"https:\/\/laprensacristiana.com\/#\/schema\/person\/image\/\",\"url\":\"https:\/\/secure.gravatar.com\/avatar\/72069dfb6c13772d9e8381e3638666d2?s=96&d=mm&r=g\",\"contentUrl\":\"https:\/\/secure.gravatar.com\/avatar\/72069dfb6c13772d9e8381e3638666d2?s=96&d=mm&r=g\",\"caption\":\"EDITOR\"},\"url\":\"https:\/\/laprensacristiana.com\/?author=3\"}]}<\/script>\n<!-- \/ Yoast SEO plugin. -->","yoast_head_json":{"title":"Oraci\u00f3n por El Salvador, unidos por la fe - La Prensa Cristiana","robots":{"index":"index","follow":"follow","max-snippet":"max-snippet:-1","max-image-preview":"max-image-preview:large","max-video-preview":"max-video-preview:-1"},"canonical":"https:\/\/laprensacristiana.com\/?p=4426","og_locale":"es_ES","og_type":"article","og_title":"Oraci\u00f3n por El Salvador, unidos por la fe - La Prensa Cristiana","og_description":"Por: Erika Menjivar La ma\u00f1ana de este martes 4 de septiembre la Universidad Evang\u00e9lica de El Salvador en conjunto con la Secretaria de Asuntos Espirituales desarrollaron el evento denominado: Oraci\u00f3n por El Salvador, en el que se hizo una oraci\u00f3n con 50 peticiones enfocadas en la paz, seguridad y salvaci\u00f3n del pa\u00eds, estas divididas en [&hellip;]","og_url":"https:\/\/laprensacristiana.com\/?p=4426","og_site_name":"La Prensa Cristiana","article_published_time":"2018-09-05T22:31:46+00:00","article_modified_time":"2020-07-01T23:30:54+00:00","og_image":[{"width":1280,"height":853,"url":"https:\/\/laprensacristiana.com\/wp-content\/uploads\/2018\/09\/IMG-20180905-WA0021.jpg","type":"image\/jpeg"}],"author":"EDITOR","twitter_card":"summary_large_image","twitter_misc":{"Escrito por":"EDITOR","Tiempo de lectura":"2 minutos"},"schema":{"@context":"https:\/\/schema.org","@graph":[{"@type":"WebPage","@id":"https:\/\/laprensacristiana.com\/?p=4426","url":"https:\/\/laprensacristiana.com\/?p=4426","name":"Oraci\u00f3n por El Salvador, unidos por la fe - La Prensa Cristiana","isPartOf":{"@id":"https:\/\/laprensacristiana.com\/#website"},"datePublished":"2018-09-05T22:31:46+00:00","dateModified":"2020-07-01T23:30:54+00:00","author":{"@id":"https:\/\/laprensacristiana.com\/#\/schema\/person\/3e7d82c6bfd6b1fa67010f8f7cd5256e"},"breadcrumb":{"@id":"https:\/\/laprensacristiana.com\/?p=4426#breadcrumb"},"inLanguage":"es","potentialAction":[{"@type":"ReadAction","target":["https:\/\/laprensacristiana.com\/?p=4426"]}]},{"@type":"BreadcrumbList","@id":"https:\/\/laprensacristiana.com\/?p=4426#breadcrumb","itemListElement":[{"@type":"ListItem","position":1,"name":"Portada","item":"https:\/\/laprensacristiana.com\/"},{"@type":"ListItem","position":2,"name":"Oraci\u00f3n por El Salvador, unidos por la fe"}]},{"@type":"WebSite","@id":"https:\/\/laprensacristiana.com\/#website","url":"https:\/\/laprensacristiana.com\/","name":"La Prensa Cristiana","description":"Anunciando Las Buenas Nuevas","potentialAction":[{"@type":"SearchAction","target":{"@type":"EntryPoint","urlTemplate":"https:\/\/laprensacristiana.com\/?s={search_term_string}"},"query-input":"required name=search_term_string"}],"inLanguage":"es"},{"@type":"Person","@id":"https:\/\/laprensacristiana.com\/#\/schema\/person\/3e7d82c6bfd6b1fa67010f8f7cd5256e","name":"EDITOR","image":{"@type":"ImageObject","inLanguage":"es","@id":"https:\/\/laprensacristiana.com\/#\/schema\/person\/image\/","url":"https:\/\/secure.gravatar.com\/avatar\/72069dfb6c13772d9e8381e3638666d2?s=96&d=mm&r=g","contentUrl":"https:\/\/secure.gravatar.com\/avatar\/72069dfb6c13772d9e8381e3638666d2?s=96&d=mm&r=g","caption":"EDITOR"},"url":"https:\/\/laprensacristiana.com\/?author=3"}]}},"_links":{"self":[{"href":"https:\/\/laprensacristiana.com\/index.php?rest_route=\/wp\/v2\/posts\/4426"}],"collection":[{"href":"https:\/\/laprensacristiana.com\/index.php?rest_route=\/wp\/v2\/posts"}],"about":[{"href":"https:\/\/laprensacristiana.com\/index.php?rest_route=\/wp\/v2\/types\/post"}],"author":[{"embeddable":true,"href":"https:\/\/laprensacristiana.com\/index.php?rest_route=\/wp\/v2\/users\/3"}],"replies":[{"embeddable":true,"href":"https:\/\/laprensacristiana.com\/index.php?rest_route=%2Fwp%2Fv2%2Fcomments&post=4426"}],"version-history":[{"count":1,"href":"https:\/\/laprensacristiana.com\/index.php?rest_route=\/wp\/v2\/posts\/4426\/revisions"}],"predecessor-version":[{"id":4431,"href":"https:\/\/laprensacristiana.com\/index.php?rest_route=\/wp\/v2\/posts\/4426\/revisions\/4431"}],"wp:featuredmedia":[{"embeddable":true,"href":"https:\/\/laprensacristiana.com\/index.php?rest_route=\/wp\/v2\/media\/4430"}],"wp:attachment":[{"href":"https:\/\/laprensacristiana.com\/index.php?rest_route=%2Fwp%2Fv2%2Fmedia&parent=4426"}],"wp:term":[{"taxonomy":"category","embeddable":true,"href":"https:\/\/laprensacristiana.com\/index.php?rest_route=%2Fwp%2Fv2%2Fcategories&post=4426"},{"taxonomy":"post_tag","embeddable":true,"href":"https:\/\/laprensacristiana.com\/index.php?rest_route=%2Fwp%2Fv2%2Ftags&post=4426"}],"curies":[{"name":"wp","href":"https:\/\/api.w.org\/{rel}","templated":true}]}}