{"id":4436,"date":"2018-09-06T22:53:44","date_gmt":"2018-09-06T22:53:44","guid":{"rendered":"https:\/\/laprensacristiana.com\/?p=4436"},"modified":"2020-07-01T23:29:50","modified_gmt":"2020-07-01T23:29:50","slug":"mirna-rodriguez-lanzara-su-nuevo-disco-tu-amor-es-perfecto","status":"publish","type":"post","link":"https:\/\/laprensacristiana.com\/?p=4436","title":{"rendered":"Mirna Rodr\u00edguez lanzar\u00e1 su nuevo disco: Tu Amor es Perfecto"},"content":{"rendered":"<p><strong>Por: Erika menjivar<\/strong><\/p>\n<p>La salmista salvadore\u00f1a, Mirna Rodr\u00edguez lanzar\u00e1 a finales del presente a\u00f1o 2018 su segunda producci\u00f3n discogr\u00e1fica, con el cual tiene grandes expectativas de que sea de bendici\u00f3n para muchas vidas.<\/p>\n<p>\u00a8No dudo que la mano de Dios ha estado conmigo de principio a fin. Dios ha sido bueno, a \u00c9l sea la gloria\u00a8, expresa la cantante.<\/p>\n<p>Mirna Rodr\u00edguez, es una salmista salvadore\u00f1a que trabaja bajo el sello de Genuino Estudio Productora de Tito Mart\u00ednez. Cuenta con 20 a\u00f1os de experiencia musical, en la que se puede destacar su participaci\u00f3n en la banda cristiana Roca Eterna de la que fue parte por 19 a\u00f1os.<\/p>\n<p><img decoding=\"async\" loading=\"lazy\" class=\"alignnone size-full wp-image-4438\" src=\"https:\/\/laprensacristiana.com\/wp-content\/uploads\/2018\/09\/FB_IMG_1506316783568.jpg\" alt=\"FB_IMG_1506316783568\" width=\"664\" height=\"664\" srcset=\"https:\/\/laprensacristiana.com\/wp-content\/uploads\/2018\/09\/FB_IMG_1506316783568.jpg 664w, https:\/\/laprensacristiana.com\/wp-content\/uploads\/2018\/09\/FB_IMG_1506316783568-300x300.jpg 300w, https:\/\/laprensacristiana.com\/wp-content\/uploads\/2018\/09\/FB_IMG_1506316783568-100x100.jpg 100w, https:\/\/laprensacristiana.com\/wp-content\/uploads\/2018\/09\/FB_IMG_1506316783568-600x600.jpg 600w, https:\/\/laprensacristiana.com\/wp-content\/uploads\/2018\/09\/FB_IMG_1506316783568-150x150.jpg 150w, https:\/\/laprensacristiana.com\/wp-content\/uploads\/2018\/09\/FB_IMG_1506316783568-420x420.jpg 420w\" sizes=\"(max-width: 664px) 100vw, 664px\" \/><\/p>\n<p>Fue hasta el a\u00f1o 216, cuando Mirna decide retirarse de la agrupaci\u00f3n Roca eterna y emprende su carrera musical sola, pero confiada de la mano de Dios.<\/p>\n<p>Adem\u00e1s, en su recorrido musical se puede destacar su participaci\u00f3n como corista con artistas cristianos como: Jes\u00fas Adri\u00e1n Romero, Luis Santiago, Ricardo Rodr\u00edguez, Gadiel Espinoza, Ida Gonz\u00e1lez entre otros.<\/p>\n<p>Actualmente Mirna Rodr\u00edguez ha terminado su segundo disco denominado: Tu Amor es Perfecto, este ya est\u00e1 siendo promocionado en radios cristianas de El salvador y su lanzamiento oficial ser\u00e1 a finales de este a\u00f1o 2018 y podr\u00e1 ser escuchada en plataformas digitales.<\/p>\n","protected":false},"excerpt":{"rendered":"<p>Por: Erika menjivar La salmista salvadore\u00f1a, Mirna Rodr\u00edguez lanzar\u00e1 a finales del presente a\u00f1o 2018 su segunda producci\u00f3n discogr\u00e1fica, con el cual tiene grandes expectativas de que sea de bendici\u00f3n para muchas vidas. \u00a8No dudo que la mano de Dios ha estado conmigo de principio a fin. Dios ha sido bueno, a \u00c9l sea la [&hellip;]<\/p>\n","protected":false},"author":3,"featured_media":4437,"comment_status":"open","ping_status":"open","sticky":false,"template":"","format":"standard","meta":[],"categories":[101],"tags":[],"yoast_head":"<!-- This site is optimized with the Yoast SEO plugin v20.8 - https:\/\/yoast.com\/wordpress\/plugins\/seo\/ -->\n<title>Mirna Rodr\u00edguez lanzar\u00e1 su nuevo disco: Tu Amor es Perfecto - La Prensa Cristiana<\/title>\n<meta name=\"robots\" content=\"index, follow, max-snippet:-1, max-image-preview:large, max-video-preview:-1\" \/>\n<link rel=\"canonical\" href=\"https:\/\/laprensacristiana.com\/?p=4436\" \/>\n<meta property=\"og:locale\" content=\"es_ES\" \/>\n<meta property=\"og:type\" content=\"article\" \/>\n<meta property=\"og:title\" content=\"Mirna Rodr\u00edguez lanzar\u00e1 su nuevo disco: Tu Amor es Perfecto - La Prensa Cristiana\" \/>\n<meta property=\"og:description\" content=\"Por: Erika menjivar La salmista salvadore\u00f1a, Mirna Rodr\u00edguez lanzar\u00e1 a finales del presente a\u00f1o 2018 su segunda producci\u00f3n discogr\u00e1fica, con el cual tiene grandes expectativas de que sea de bendici\u00f3n para muchas vidas. \u00a8No dudo que la mano de Dios ha estado conmigo de principio a fin. Dios ha sido bueno, a \u00c9l sea la [&hellip;]\" \/>\n<meta property=\"og:url\" content=\"https:\/\/laprensacristiana.com\/?p=4436\" \/>\n<meta property=\"og:site_name\" content=\"La Prensa Cristiana\" \/>\n<meta property=\"article:published_time\" content=\"2018-09-06T22:53:44+00:00\" \/>\n<meta property=\"article:modified_time\" content=\"2020-07-01T23:29:50+00:00\" \/>\n<meta property=\"og:image\" content=\"https:\/\/laprensacristiana.com\/wp-content\/uploads\/2018\/09\/FB_IMG_1533990114637.jpg\" \/>\n\t<meta property=\"og:image:width\" content=\"620\" \/>\n\t<meta property=\"og:image:height\" content=\"335\" \/>\n\t<meta property=\"og:image:type\" content=\"image\/jpeg\" \/>\n<meta name=\"author\" content=\"EDITOR\" \/>\n<meta name=\"twitter:card\" content=\"summary_large_image\" \/>\n<meta name=\"twitter:label1\" content=\"Escrito por\" \/>\n\t<meta name=\"twitter:data1\" content=\"EDITOR\" \/>\n\t<meta name=\"twitter:label2\" content=\"Tiempo de lectura\" \/>\n\t<meta name=\"twitter:data2\" content=\"1 minuto\" \/>\n<script type=\"application\/ld+json\" class=\"yoast-schema-graph\">{\"@context\":\"https:\/\/schema.org\",\"@graph\":[{\"@type\":\"WebPage\",\"@id\":\"https:\/\/laprensacristiana.com\/?p=4436\",\"url\":\"https:\/\/laprensacristiana.com\/?p=4436\",\"name\":\"Mirna Rodr\u00edguez lanzar\u00e1 su nuevo disco: Tu Amor es Perfecto - La Prensa Cristiana\",\"isPartOf\":{\"@id\":\"https:\/\/laprensacristiana.com\/#website\"},\"datePublished\":\"2018-09-06T22:53:44+00:00\",\"dateModified\":\"2020-07-01T23:29:50+00:00\",\"author\":{\"@id\":\"https:\/\/laprensacristiana.com\/#\/schema\/person\/3e7d82c6bfd6b1fa67010f8f7cd5256e\"},\"breadcrumb\":{\"@id\":\"https:\/\/laprensacristiana.com\/?p=4436#breadcrumb\"},\"inLanguage\":\"es\",\"potentialAction\":[{\"@type\":\"ReadAction\",\"target\":[\"https:\/\/laprensacristiana.com\/?p=4436\"]}]},{\"@type\":\"BreadcrumbList\",\"@id\":\"https:\/\/laprensacristiana.com\/?p=4436#breadcrumb\",\"itemListElement\":[{\"@type\":\"ListItem\",\"position\":1,\"name\":\"Portada\",\"item\":\"https:\/\/laprensacristiana.com\/\"},{\"@type\":\"ListItem\",\"position\":2,\"name\":\"Mirna Rodr\u00edguez lanzar\u00e1 su nuevo disco: Tu Amor es Perfecto\"}]},{\"@type\":\"WebSite\",\"@id\":\"https:\/\/laprensacristiana.com\/#website\",\"url\":\"https:\/\/laprensacristiana.com\/\",\"name\":\"La Prensa Cristiana\",\"description\":\"Anunciando Las Buenas Nuevas\",\"potentialAction\":[{\"@type\":\"SearchAction\",\"target\":{\"@type\":\"EntryPoint\",\"urlTemplate\":\"https:\/\/laprensacristiana.com\/?s={search_term_string}\"},\"query-input\":\"required name=search_term_string\"}],\"inLanguage\":\"es\"},{\"@type\":\"Person\",\"@id\":\"https:\/\/laprensacristiana.com\/#\/schema\/person\/3e7d82c6bfd6b1fa67010f8f7cd5256e\",\"name\":\"EDITOR\",\"image\":{\"@type\":\"ImageObject\",\"inLanguage\":\"es\",\"@id\":\"https:\/\/laprensacristiana.com\/#\/schema\/person\/image\/\",\"url\":\"https:\/\/secure.gravatar.com\/avatar\/72069dfb6c13772d9e8381e3638666d2?s=96&d=mm&r=g\",\"contentUrl\":\"https:\/\/secure.gravatar.com\/avatar\/72069dfb6c13772d9e8381e3638666d2?s=96&d=mm&r=g\",\"caption\":\"EDITOR\"},\"url\":\"https:\/\/laprensacristiana.com\/?author=3\"}]}<\/script>\n<!-- \/ Yoast SEO plugin. -->","yoast_head_json":{"title":"Mirna Rodr\u00edguez lanzar\u00e1 su nuevo disco: Tu Amor es Perfecto - La Prensa Cristiana","robots":{"index":"index","follow":"follow","max-snippet":"max-snippet:-1","max-image-preview":"max-image-preview:large","max-video-preview":"max-video-preview:-1"},"canonical":"https:\/\/laprensacristiana.com\/?p=4436","og_locale":"es_ES","og_type":"article","og_title":"Mirna Rodr\u00edguez lanzar\u00e1 su nuevo disco: Tu Amor es Perfecto - La Prensa Cristiana","og_description":"Por: Erika menjivar La salmista salvadore\u00f1a, Mirna Rodr\u00edguez lanzar\u00e1 a finales del presente a\u00f1o 2018 su segunda producci\u00f3n discogr\u00e1fica, con el cual tiene grandes expectativas de que sea de bendici\u00f3n para muchas vidas. \u00a8No dudo que la mano de Dios ha estado conmigo de principio a fin. Dios ha sido bueno, a \u00c9l sea la [&hellip;]","og_url":"https:\/\/laprensacristiana.com\/?p=4436","og_site_name":"La Prensa Cristiana","article_published_time":"2018-09-06T22:53:44+00:00","article_modified_time":"2020-07-01T23:29:50+00:00","og_image":[{"width":620,"height":335,"url":"https:\/\/laprensacristiana.com\/wp-content\/uploads\/2018\/09\/FB_IMG_1533990114637.jpg","type":"image\/jpeg"}],"author":"EDITOR","twitter_card":"summary_large_image","twitter_misc":{"Escrito por":"EDITOR","Tiempo de lectura":"1 minuto"},"schema":{"@context":"https:\/\/schema.org","@graph":[{"@type":"WebPage","@id":"https:\/\/laprensacristiana.com\/?p=4436","url":"https:\/\/laprensacristiana.com\/?p=4436","name":"Mirna Rodr\u00edguez lanzar\u00e1 su nuevo disco: Tu Amor es Perfecto - La Prensa Cristiana","isPartOf":{"@id":"https:\/\/laprensacristiana.com\/#website"},"datePublished":"2018-09-06T22:53:44+00:00","dateModified":"2020-07-01T23:29:50+00:00","author":{"@id":"https:\/\/laprensacristiana.com\/#\/schema\/person\/3e7d82c6bfd6b1fa67010f8f7cd5256e"},"breadcrumb":{"@id":"https:\/\/laprensacristiana.com\/?p=4436#breadcrumb"},"inLanguage":"es","potentialAction":[{"@type":"ReadAction","target":["https:\/\/laprensacristiana.com\/?p=4436"]}]},{"@type":"BreadcrumbList","@id":"https:\/\/laprensacristiana.com\/?p=4436#breadcrumb","itemListElement":[{"@type":"ListItem","position":1,"name":"Portada","item":"https:\/\/laprensacristiana.com\/"},{"@type":"ListItem","position":2,"name":"Mirna Rodr\u00edguez lanzar\u00e1 su nuevo disco: Tu Amor es Perfecto"}]},{"@type":"WebSite","@id":"https:\/\/laprensacristiana.com\/#website","url":"https:\/\/laprensacristiana.com\/","name":"La Prensa Cristiana","description":"Anunciando Las Buenas Nuevas","potentialAction":[{"@type":"SearchAction","target":{"@type":"EntryPoint","urlTemplate":"https:\/\/laprensacristiana.com\/?s={search_term_string}"},"query-input":"required name=search_term_string"}],"inLanguage":"es"},{"@type":"Person","@id":"https:\/\/laprensacristiana.com\/#\/schema\/person\/3e7d82c6bfd6b1fa67010f8f7cd5256e","name":"EDITOR","image":{"@type":"ImageObject","inLanguage":"es","@id":"https:\/\/laprensacristiana.com\/#\/schema\/person\/image\/","url":"https:\/\/secure.gravatar.com\/avatar\/72069dfb6c13772d9e8381e3638666d2?s=96&d=mm&r=g","contentUrl":"https:\/\/secure.gravatar.com\/avatar\/72069dfb6c13772d9e8381e3638666d2?s=96&d=mm&r=g","caption":"EDITOR"},"url":"https:\/\/laprensacristiana.com\/?author=3"}]}},"_links":{"self":[{"href":"https:\/\/laprensacristiana.com\/index.php?rest_route=\/wp\/v2\/posts\/4436"}],"collection":[{"href":"https:\/\/laprensacristiana.com\/index.php?rest_route=\/wp\/v2\/posts"}],"about":[{"href":"https:\/\/laprensacristiana.com\/index.php?rest_route=\/wp\/v2\/types\/post"}],"author":[{"embeddable":true,"href":"https:\/\/laprensacristiana.com\/index.php?rest_route=\/wp\/v2\/users\/3"}],"replies":[{"embeddable":true,"href":"https:\/\/laprensacristiana.com\/index.php?rest_route=%2Fwp%2Fv2%2Fcomments&post=4436"}],"version-history":[{"count":2,"href":"https:\/\/laprensacristiana.com\/index.php?rest_route=\/wp\/v2\/posts\/4436\/revisions"}],"predecessor-version":[{"id":4440,"href":"https:\/\/laprensacristiana.com\/index.php?rest_route=\/wp\/v2\/posts\/4436\/revisions\/4440"}],"wp:featuredmedia":[{"embeddable":true,"href":"https:\/\/laprensacristiana.com\/index.php?rest_route=\/wp\/v2\/media\/4437"}],"wp:attachment":[{"href":"https:\/\/laprensacristiana.com\/index.php?rest_route=%2Fwp%2Fv2%2Fmedia&parent=4436"}],"wp:term":[{"taxonomy":"category","embeddable":true,"href":"https:\/\/laprensacristiana.com\/index.php?rest_route=%2Fwp%2Fv2%2Fcategories&post=4436"},{"taxonomy":"post_tag","embeddable":true,"href":"https:\/\/laprensacristiana.com\/index.php?rest_route=%2Fwp%2Fv2%2Ftags&post=4436"}],"curies":[{"name":"wp","href":"https:\/\/api.w.org\/{rel}","templated":true}]}}