{"id":4463,"date":"2018-09-20T18:16:45","date_gmt":"2018-09-20T18:16:45","guid":{"rendered":"https:\/\/laprensacristiana.com\/?p=4463"},"modified":"2020-07-01T23:29:14","modified_gmt":"2020-07-01T23:29:14","slug":"celebraran-dia-de-la-musica-nacional-cristiana","status":"publish","type":"post","link":"https:\/\/laprensacristiana.com\/?p=4463","title":{"rendered":"Celebrar\u00e1n D\u00eda de la M\u00fasica Nacional Cristiana"},"content":{"rendered":"<p>El d\u00eda de la M\u00fasica Nacional Cristiana surge como una iniciativa de Radio Progreso 90.5 en el dial del FM, para celebrar en el marco del mes de la independencia patria de El Salvador a los artistas nacionales y reconocer el talento en el \u00e1mbito cristiano, dando realc\u00e9 a la m\u00fasica que se produce dentro de nuestro pa\u00eds.<\/p>\n<p>Este 21 de septiembre ser\u00e1 un d\u00eda para celebrar la libertad y honrar a quienes con su talento dan honor a Dios , desde que inicie su transmisi\u00f3n a las 4:00 am hasta las 12:00 de la media noche, se estar\u00e1 programando \u00fanicamente m\u00fasica nacional, \u00a0incluidos artistas nacionales que residen fuera del pa\u00eds.<\/p>\n<p>A lo largo del d\u00eda se estar\u00e1 realizando peque\u00f1os ac\u00fasticos de 20 minutos cada uno, \u00a0que ser\u00e1n transmitidos a trav\u00e9s de sus redes sociales.<\/p>\n<p>\u00b4\u00b4El objetivo es honrar al Rey que es quien inspira la m\u00fasica \u00a0y al mismo tiempo reconocer el talento nacional\u00b4\u00b4 expres\u00f3 Ren\u00e9 Araujo Director de Radio Progreso.<\/p>\n","protected":false},"excerpt":{"rendered":"<p>El d\u00eda de la M\u00fasica Nacional Cristiana surge como una iniciativa de Radio Progreso 90.5 en el dial del FM, para celebrar en el marco del mes de la independencia patria de El Salvador a los artistas nacionales y reconocer el talento en el \u00e1mbito cristiano, dando realc\u00e9 a la m\u00fasica que se produce dentro [&hellip;]<\/p>\n","protected":false},"author":3,"featured_media":4464,"comment_status":"closed","ping_status":"closed","sticky":false,"template":"","format":"standard","meta":[],"categories":[56],"tags":[],"yoast_head":"<!-- This site is optimized with the Yoast SEO plugin v20.8 - https:\/\/yoast.com\/wordpress\/plugins\/seo\/ -->\n<title>Celebrar\u00e1n D\u00eda de la M\u00fasica Nacional Cristiana - La Prensa Cristiana<\/title>\n<meta name=\"robots\" content=\"index, follow, max-snippet:-1, max-image-preview:large, max-video-preview:-1\" \/>\n<link rel=\"canonical\" href=\"https:\/\/laprensacristiana.com\/?p=4463\" \/>\n<meta property=\"og:locale\" content=\"es_ES\" \/>\n<meta property=\"og:type\" content=\"article\" \/>\n<meta property=\"og:title\" content=\"Celebrar\u00e1n D\u00eda de la M\u00fasica Nacional Cristiana - La Prensa Cristiana\" \/>\n<meta property=\"og:description\" content=\"El d\u00eda de la M\u00fasica Nacional Cristiana surge como una iniciativa de Radio Progreso 90.5 en el dial del FM, para celebrar en el marco del mes de la independencia patria de El Salvador a los artistas nacionales y reconocer el talento en el \u00e1mbito cristiano, dando realc\u00e9 a la m\u00fasica que se produce dentro [&hellip;]\" \/>\n<meta property=\"og:url\" content=\"https:\/\/laprensacristiana.com\/?p=4463\" \/>\n<meta property=\"og:site_name\" content=\"La Prensa Cristiana\" \/>\n<meta property=\"article:published_time\" content=\"2018-09-20T18:16:45+00:00\" \/>\n<meta property=\"article:modified_time\" content=\"2020-07-01T23:29:14+00:00\" \/>\n<meta property=\"og:image\" content=\"https:\/\/laprensacristiana.com\/wp-content\/uploads\/2018\/09\/42107960_10156101973869495_5049214199431954432_n.jpg\" \/>\n\t<meta property=\"og:image:width\" content=\"800\" \/>\n\t<meta property=\"og:image:height\" content=\"800\" \/>\n\t<meta property=\"og:image:type\" content=\"image\/jpeg\" \/>\n<meta name=\"author\" content=\"EDITOR\" \/>\n<meta name=\"twitter:card\" content=\"summary_large_image\" \/>\n<meta name=\"twitter:label1\" content=\"Escrito por\" \/>\n\t<meta name=\"twitter:data1\" content=\"EDITOR\" \/>\n\t<meta name=\"twitter:label2\" content=\"Tiempo de lectura\" \/>\n\t<meta name=\"twitter:data2\" content=\"1 minuto\" \/>\n<script type=\"application\/ld+json\" class=\"yoast-schema-graph\">{\"@context\":\"https:\/\/schema.org\",\"@graph\":[{\"@type\":\"WebPage\",\"@id\":\"https:\/\/laprensacristiana.com\/?p=4463\",\"url\":\"https:\/\/laprensacristiana.com\/?p=4463\",\"name\":\"Celebrar\u00e1n D\u00eda de la M\u00fasica Nacional Cristiana - La Prensa Cristiana\",\"isPartOf\":{\"@id\":\"https:\/\/laprensacristiana.com\/#website\"},\"datePublished\":\"2018-09-20T18:16:45+00:00\",\"dateModified\":\"2020-07-01T23:29:14+00:00\",\"author\":{\"@id\":\"https:\/\/laprensacristiana.com\/#\/schema\/person\/3e7d82c6bfd6b1fa67010f8f7cd5256e\"},\"breadcrumb\":{\"@id\":\"https:\/\/laprensacristiana.com\/?p=4463#breadcrumb\"},\"inLanguage\":\"es\",\"potentialAction\":[{\"@type\":\"ReadAction\",\"target\":[\"https:\/\/laprensacristiana.com\/?p=4463\"]}]},{\"@type\":\"BreadcrumbList\",\"@id\":\"https:\/\/laprensacristiana.com\/?p=4463#breadcrumb\",\"itemListElement\":[{\"@type\":\"ListItem\",\"position\":1,\"name\":\"Portada\",\"item\":\"https:\/\/laprensacristiana.com\/\"},{\"@type\":\"ListItem\",\"position\":2,\"name\":\"Celebrar\u00e1n D\u00eda de la M\u00fasica Nacional Cristiana\"}]},{\"@type\":\"WebSite\",\"@id\":\"https:\/\/laprensacristiana.com\/#website\",\"url\":\"https:\/\/laprensacristiana.com\/\",\"name\":\"La Prensa Cristiana\",\"description\":\"Anunciando Las Buenas Nuevas\",\"potentialAction\":[{\"@type\":\"SearchAction\",\"target\":{\"@type\":\"EntryPoint\",\"urlTemplate\":\"https:\/\/laprensacristiana.com\/?s={search_term_string}\"},\"query-input\":\"required name=search_term_string\"}],\"inLanguage\":\"es\"},{\"@type\":\"Person\",\"@id\":\"https:\/\/laprensacristiana.com\/#\/schema\/person\/3e7d82c6bfd6b1fa67010f8f7cd5256e\",\"name\":\"EDITOR\",\"image\":{\"@type\":\"ImageObject\",\"inLanguage\":\"es\",\"@id\":\"https:\/\/laprensacristiana.com\/#\/schema\/person\/image\/\",\"url\":\"https:\/\/secure.gravatar.com\/avatar\/72069dfb6c13772d9e8381e3638666d2?s=96&d=mm&r=g\",\"contentUrl\":\"https:\/\/secure.gravatar.com\/avatar\/72069dfb6c13772d9e8381e3638666d2?s=96&d=mm&r=g\",\"caption\":\"EDITOR\"},\"url\":\"https:\/\/laprensacristiana.com\/?author=3\"}]}<\/script>\n<!-- \/ Yoast SEO plugin. -->","yoast_head_json":{"title":"Celebrar\u00e1n D\u00eda de la M\u00fasica Nacional Cristiana - La Prensa Cristiana","robots":{"index":"index","follow":"follow","max-snippet":"max-snippet:-1","max-image-preview":"max-image-preview:large","max-video-preview":"max-video-preview:-1"},"canonical":"https:\/\/laprensacristiana.com\/?p=4463","og_locale":"es_ES","og_type":"article","og_title":"Celebrar\u00e1n D\u00eda de la M\u00fasica Nacional Cristiana - La Prensa Cristiana","og_description":"El d\u00eda de la M\u00fasica Nacional Cristiana surge como una iniciativa de Radio Progreso 90.5 en el dial del FM, para celebrar en el marco del mes de la independencia patria de El Salvador a los artistas nacionales y reconocer el talento en el \u00e1mbito cristiano, dando realc\u00e9 a la m\u00fasica que se produce dentro [&hellip;]","og_url":"https:\/\/laprensacristiana.com\/?p=4463","og_site_name":"La Prensa Cristiana","article_published_time":"2018-09-20T18:16:45+00:00","article_modified_time":"2020-07-01T23:29:14+00:00","og_image":[{"width":800,"height":800,"url":"https:\/\/laprensacristiana.com\/wp-content\/uploads\/2018\/09\/42107960_10156101973869495_5049214199431954432_n.jpg","type":"image\/jpeg"}],"author":"EDITOR","twitter_card":"summary_large_image","twitter_misc":{"Escrito por":"EDITOR","Tiempo de lectura":"1 minuto"},"schema":{"@context":"https:\/\/schema.org","@graph":[{"@type":"WebPage","@id":"https:\/\/laprensacristiana.com\/?p=4463","url":"https:\/\/laprensacristiana.com\/?p=4463","name":"Celebrar\u00e1n D\u00eda de la M\u00fasica Nacional Cristiana - La Prensa Cristiana","isPartOf":{"@id":"https:\/\/laprensacristiana.com\/#website"},"datePublished":"2018-09-20T18:16:45+00:00","dateModified":"2020-07-01T23:29:14+00:00","author":{"@id":"https:\/\/laprensacristiana.com\/#\/schema\/person\/3e7d82c6bfd6b1fa67010f8f7cd5256e"},"breadcrumb":{"@id":"https:\/\/laprensacristiana.com\/?p=4463#breadcrumb"},"inLanguage":"es","potentialAction":[{"@type":"ReadAction","target":["https:\/\/laprensacristiana.com\/?p=4463"]}]},{"@type":"BreadcrumbList","@id":"https:\/\/laprensacristiana.com\/?p=4463#breadcrumb","itemListElement":[{"@type":"ListItem","position":1,"name":"Portada","item":"https:\/\/laprensacristiana.com\/"},{"@type":"ListItem","position":2,"name":"Celebrar\u00e1n D\u00eda de la M\u00fasica Nacional Cristiana"}]},{"@type":"WebSite","@id":"https:\/\/laprensacristiana.com\/#website","url":"https:\/\/laprensacristiana.com\/","name":"La Prensa Cristiana","description":"Anunciando Las Buenas Nuevas","potentialAction":[{"@type":"SearchAction","target":{"@type":"EntryPoint","urlTemplate":"https:\/\/laprensacristiana.com\/?s={search_term_string}"},"query-input":"required name=search_term_string"}],"inLanguage":"es"},{"@type":"Person","@id":"https:\/\/laprensacristiana.com\/#\/schema\/person\/3e7d82c6bfd6b1fa67010f8f7cd5256e","name":"EDITOR","image":{"@type":"ImageObject","inLanguage":"es","@id":"https:\/\/laprensacristiana.com\/#\/schema\/person\/image\/","url":"https:\/\/secure.gravatar.com\/avatar\/72069dfb6c13772d9e8381e3638666d2?s=96&d=mm&r=g","contentUrl":"https:\/\/secure.gravatar.com\/avatar\/72069dfb6c13772d9e8381e3638666d2?s=96&d=mm&r=g","caption":"EDITOR"},"url":"https:\/\/laprensacristiana.com\/?author=3"}]}},"_links":{"self":[{"href":"https:\/\/laprensacristiana.com\/index.php?rest_route=\/wp\/v2\/posts\/4463"}],"collection":[{"href":"https:\/\/laprensacristiana.com\/index.php?rest_route=\/wp\/v2\/posts"}],"about":[{"href":"https:\/\/laprensacristiana.com\/index.php?rest_route=\/wp\/v2\/types\/post"}],"author":[{"embeddable":true,"href":"https:\/\/laprensacristiana.com\/index.php?rest_route=\/wp\/v2\/users\/3"}],"replies":[{"embeddable":true,"href":"https:\/\/laprensacristiana.com\/index.php?rest_route=%2Fwp%2Fv2%2Fcomments&post=4463"}],"version-history":[{"count":1,"href":"https:\/\/laprensacristiana.com\/index.php?rest_route=\/wp\/v2\/posts\/4463\/revisions"}],"predecessor-version":[{"id":4465,"href":"https:\/\/laprensacristiana.com\/index.php?rest_route=\/wp\/v2\/posts\/4463\/revisions\/4465"}],"wp:featuredmedia":[{"embeddable":true,"href":"https:\/\/laprensacristiana.com\/index.php?rest_route=\/wp\/v2\/media\/4464"}],"wp:attachment":[{"href":"https:\/\/laprensacristiana.com\/index.php?rest_route=%2Fwp%2Fv2%2Fmedia&parent=4463"}],"wp:term":[{"taxonomy":"category","embeddable":true,"href":"https:\/\/laprensacristiana.com\/index.php?rest_route=%2Fwp%2Fv2%2Fcategories&post=4463"},{"taxonomy":"post_tag","embeddable":true,"href":"https:\/\/laprensacristiana.com\/index.php?rest_route=%2Fwp%2Fv2%2Ftags&post=4463"}],"curies":[{"name":"wp","href":"https:\/\/api.w.org\/{rel}","templated":true}]}}