{"id":4526,"date":"2018-10-05T21:24:55","date_gmt":"2018-10-05T21:24:55","guid":{"rendered":"https:\/\/laprensacristiana.com\/?p=4526"},"modified":"2020-07-01T23:27:03","modified_gmt":"2020-07-01T23:27:03","slug":"entrevista-especial-a-pastor-wilfredo-miron","status":"publish","type":"post","link":"https:\/\/laprensacristiana.com\/?p=4526","title":{"rendered":"Entrevista especial a pastor Wilfredo Mir\u00f3n"},"content":{"rendered":"<p>El pastor Will Miron es el Presidente Nacional del ministerio: Embajadores de Cristo de Asambleas de Dios desde el a\u00f1o 2013. Este ministerio est\u00e1 conformado por los j\u00f3venes de A.D. el cual fue fundado hace 72 a\u00f1os. Realizan diferentes actividades a nivel nacional como internacional para llevar el evangelio a todas las naciones.<\/p>\n<p>&nbsp;<\/p>\n<p><strong>Pastor, \u00bfC\u00f3mo nace el concepto de Embajadores de Cristo?<\/strong><\/p>\n<p>Asambleas de Dios tiene sectorizada cada \u00e1rea de la poblaci\u00f3n que posee, con el sector juvenil nace Embajadores de Cristo, el cual abreviamos hace como 5 a\u00f1os como EDC. Surge la necesidad que haya un \u00e1rea que se encargue directamente con la poblaci\u00f3n juvenil de las iglesias que abarcamos desde los 9 a\u00f1os hasta los 35.<\/p>\n<p><strong>\u00bfPor qu\u00e9 el nombre?<\/strong><\/p>\n<p>Un embajador es un representante de una naci\u00f3n en una tierra extra\u00f1a, una persona que representa a un pa\u00eds y nosotros creemos que somos los representantes de Dios. Considero que ah\u00ed va el porqu\u00e9 del nombre, representar al Se\u00f1or Jesucristo en esta generaci\u00f3n.<\/p>\n<p><strong>\u00bfCu\u00e1l es la intenci\u00f3n de Embajadores de Cristo?<\/strong><\/p>\n<p>El prop\u00f3sito es desafiar, motivar, apasionar e instruir a la juventud. Desafiarlos en el hecho que ellos son capaces a hacer muchas cosas en las que han sido frenados o bloqueados. Adem\u00e1s, apasionarlos y motivarlos a seguir al Se\u00f1or Jesucristo, de hecho, la mayor cantidad de pastores que est\u00e1 saliendo hoy en d\u00eda va saliendo de Embajadores de Cristo a trav\u00e9s de los retiros, las cumbres y todos los eventos, ellos se ven desafiados a seguir a Dios.<\/p>\n<p><strong>\u00bfCu\u00e1les son los nuevos proyectos y la nueva visi\u00f3n de Embajadores de Cristo?<\/strong><\/p>\n<p>Su palabra a lo que reta es a tener actitudes y un avivamiento en nuestra naci\u00f3n, a partir de ese eje nosotros nos hemos movido bajo 4 principios; el primero es \u201cpagando el precio\u201d, el segundo es \u201cConectados\u201d, el tercero fue \u201ctrasciende\u201d y el cuarto es \u201cRadicales\u201d. Embajadores de Cristo ha trascendido y est\u00e1 provocando un avivamiento en esta Naci\u00f3n.<\/p>\n<p><strong>\u00bfPor qu\u00e9 le apasiona a Will Miron el trabajo con los j\u00f3venes? <\/strong><\/p>\n<p>Me apasiona porque yo fui joven dentro de una Iglesia, lamentablemente mi juventud la pas\u00e9 dentro de una Iglesia y fue dif\u00edcil. Si yo no deje de ir, sino dej\u00e9 de congregarme fue porque mi mam\u00e1 oraba mucho por m\u00ed y mi pap\u00e1 me castigaba si no iba. Sufr\u00eda mucho en el sentido que no ten\u00eda que jugar f\u00fatbol, no ten\u00eda que hacer esto, no ten\u00eda que hacer lo otro; no pod\u00eda ponerme gorra o un jeans porque era sacrilegio.<\/p>\n<p>Estoy apasionado por los j\u00f3venes en primer lugar porque yo pas\u00e9 mi juventud dentro de la Iglesia y fue dif\u00edcil y quiero ayudar a esta generaci\u00f3n, n\u00famero 2, porque yo tambi\u00e9n soy padre y tengo que trabajar en estos j\u00f3venes porque de ellos va a salir el que va a liderar a mi hija.<\/p>\n<p><em>\u201cHago un llamado a creer en la juventud a buscar al Se\u00f1or Jesucristo en la vida de cada uno, para que seamos personas que tengamos respuestas y no preguntas para ellos\u201d.<\/em><\/p>\n","protected":false},"excerpt":{"rendered":"<p>El pastor Will Miron es el Presidente Nacional del ministerio: Embajadores de Cristo de Asambleas de Dios desde el a\u00f1o 2013. Este ministerio est\u00e1 conformado por los j\u00f3venes de A.D. el cual fue fundado hace 72 a\u00f1os. Realizan diferentes actividades a nivel nacional como internacional para llevar el evangelio a todas las naciones. &nbsp; Pastor, [&hellip;]<\/p>\n","protected":false},"author":3,"featured_media":4527,"comment_status":"open","ping_status":"open","sticky":false,"template":"","format":"standard","meta":[],"categories":[103],"tags":[],"yoast_head":"<!-- This site is optimized with the Yoast SEO plugin v20.8 - https:\/\/yoast.com\/wordpress\/plugins\/seo\/ -->\n<title>Entrevista especial a pastor Wilfredo Mir\u00f3n - La Prensa Cristiana<\/title>\n<meta name=\"robots\" content=\"index, follow, max-snippet:-1, max-image-preview:large, max-video-preview:-1\" \/>\n<link rel=\"canonical\" href=\"https:\/\/laprensacristiana.com\/?p=4526\" \/>\n<meta property=\"og:locale\" content=\"es_ES\" \/>\n<meta property=\"og:type\" content=\"article\" \/>\n<meta property=\"og:title\" content=\"Entrevista especial a pastor Wilfredo Mir\u00f3n - La Prensa Cristiana\" \/>\n<meta property=\"og:description\" content=\"El pastor Will Miron es el Presidente Nacional del ministerio: Embajadores de Cristo de Asambleas de Dios desde el a\u00f1o 2013. Este ministerio est\u00e1 conformado por los j\u00f3venes de A.D. el cual fue fundado hace 72 a\u00f1os. Realizan diferentes actividades a nivel nacional como internacional para llevar el evangelio a todas las naciones. &nbsp; Pastor, [&hellip;]\" \/>\n<meta property=\"og:url\" content=\"https:\/\/laprensacristiana.com\/?p=4526\" \/>\n<meta property=\"og:site_name\" content=\"La Prensa Cristiana\" \/>\n<meta property=\"article:published_time\" content=\"2018-10-05T21:24:55+00:00\" \/>\n<meta property=\"article:modified_time\" content=\"2020-07-01T23:27:03+00:00\" \/>\n<meta property=\"og:image\" content=\"https:\/\/laprensacristiana.com\/wp-content\/uploads\/2018\/10\/WILL.jpg\" \/>\n\t<meta property=\"og:image:width\" content=\"1700\" \/>\n\t<meta property=\"og:image:height\" content=\"868\" \/>\n\t<meta property=\"og:image:type\" content=\"image\/jpeg\" \/>\n<meta name=\"author\" content=\"EDITOR\" \/>\n<meta name=\"twitter:card\" content=\"summary_large_image\" \/>\n<meta name=\"twitter:label1\" content=\"Escrito por\" \/>\n\t<meta name=\"twitter:data1\" content=\"EDITOR\" \/>\n\t<meta name=\"twitter:label2\" content=\"Tiempo de lectura\" \/>\n\t<meta name=\"twitter:data2\" content=\"3 minutos\" \/>\n<script type=\"application\/ld+json\" class=\"yoast-schema-graph\">{\"@context\":\"https:\/\/schema.org\",\"@graph\":[{\"@type\":\"WebPage\",\"@id\":\"https:\/\/laprensacristiana.com\/?p=4526\",\"url\":\"https:\/\/laprensacristiana.com\/?p=4526\",\"name\":\"Entrevista especial a pastor Wilfredo Mir\u00f3n - La Prensa Cristiana\",\"isPartOf\":{\"@id\":\"https:\/\/laprensacristiana.com\/#website\"},\"datePublished\":\"2018-10-05T21:24:55+00:00\",\"dateModified\":\"2020-07-01T23:27:03+00:00\",\"author\":{\"@id\":\"https:\/\/laprensacristiana.com\/#\/schema\/person\/3e7d82c6bfd6b1fa67010f8f7cd5256e\"},\"breadcrumb\":{\"@id\":\"https:\/\/laprensacristiana.com\/?p=4526#breadcrumb\"},\"inLanguage\":\"es\",\"potentialAction\":[{\"@type\":\"ReadAction\",\"target\":[\"https:\/\/laprensacristiana.com\/?p=4526\"]}]},{\"@type\":\"BreadcrumbList\",\"@id\":\"https:\/\/laprensacristiana.com\/?p=4526#breadcrumb\",\"itemListElement\":[{\"@type\":\"ListItem\",\"position\":1,\"name\":\"Portada\",\"item\":\"https:\/\/laprensacristiana.com\/\"},{\"@type\":\"ListItem\",\"position\":2,\"name\":\"Entrevista especial a pastor Wilfredo Mir\u00f3n\"}]},{\"@type\":\"WebSite\",\"@id\":\"https:\/\/laprensacristiana.com\/#website\",\"url\":\"https:\/\/laprensacristiana.com\/\",\"name\":\"La Prensa Cristiana\",\"description\":\"Anunciando Las Buenas Nuevas\",\"potentialAction\":[{\"@type\":\"SearchAction\",\"target\":{\"@type\":\"EntryPoint\",\"urlTemplate\":\"https:\/\/laprensacristiana.com\/?s={search_term_string}\"},\"query-input\":\"required name=search_term_string\"}],\"inLanguage\":\"es\"},{\"@type\":\"Person\",\"@id\":\"https:\/\/laprensacristiana.com\/#\/schema\/person\/3e7d82c6bfd6b1fa67010f8f7cd5256e\",\"name\":\"EDITOR\",\"image\":{\"@type\":\"ImageObject\",\"inLanguage\":\"es\",\"@id\":\"https:\/\/laprensacristiana.com\/#\/schema\/person\/image\/\",\"url\":\"https:\/\/secure.gravatar.com\/avatar\/72069dfb6c13772d9e8381e3638666d2?s=96&d=mm&r=g\",\"contentUrl\":\"https:\/\/secure.gravatar.com\/avatar\/72069dfb6c13772d9e8381e3638666d2?s=96&d=mm&r=g\",\"caption\":\"EDITOR\"},\"url\":\"https:\/\/laprensacristiana.com\/?author=3\"}]}<\/script>\n<!-- \/ Yoast SEO plugin. -->","yoast_head_json":{"title":"Entrevista especial a pastor Wilfredo Mir\u00f3n - La Prensa Cristiana","robots":{"index":"index","follow":"follow","max-snippet":"max-snippet:-1","max-image-preview":"max-image-preview:large","max-video-preview":"max-video-preview:-1"},"canonical":"https:\/\/laprensacristiana.com\/?p=4526","og_locale":"es_ES","og_type":"article","og_title":"Entrevista especial a pastor Wilfredo Mir\u00f3n - La Prensa Cristiana","og_description":"El pastor Will Miron es el Presidente Nacional del ministerio: Embajadores de Cristo de Asambleas de Dios desde el a\u00f1o 2013. Este ministerio est\u00e1 conformado por los j\u00f3venes de A.D. el cual fue fundado hace 72 a\u00f1os. Realizan diferentes actividades a nivel nacional como internacional para llevar el evangelio a todas las naciones. &nbsp; Pastor, [&hellip;]","og_url":"https:\/\/laprensacristiana.com\/?p=4526","og_site_name":"La Prensa Cristiana","article_published_time":"2018-10-05T21:24:55+00:00","article_modified_time":"2020-07-01T23:27:03+00:00","og_image":[{"width":1700,"height":868,"url":"https:\/\/laprensacristiana.com\/wp-content\/uploads\/2018\/10\/WILL.jpg","type":"image\/jpeg"}],"author":"EDITOR","twitter_card":"summary_large_image","twitter_misc":{"Escrito por":"EDITOR","Tiempo de lectura":"3 minutos"},"schema":{"@context":"https:\/\/schema.org","@graph":[{"@type":"WebPage","@id":"https:\/\/laprensacristiana.com\/?p=4526","url":"https:\/\/laprensacristiana.com\/?p=4526","name":"Entrevista especial a pastor Wilfredo Mir\u00f3n - La Prensa Cristiana","isPartOf":{"@id":"https:\/\/laprensacristiana.com\/#website"},"datePublished":"2018-10-05T21:24:55+00:00","dateModified":"2020-07-01T23:27:03+00:00","author":{"@id":"https:\/\/laprensacristiana.com\/#\/schema\/person\/3e7d82c6bfd6b1fa67010f8f7cd5256e"},"breadcrumb":{"@id":"https:\/\/laprensacristiana.com\/?p=4526#breadcrumb"},"inLanguage":"es","potentialAction":[{"@type":"ReadAction","target":["https:\/\/laprensacristiana.com\/?p=4526"]}]},{"@type":"BreadcrumbList","@id":"https:\/\/laprensacristiana.com\/?p=4526#breadcrumb","itemListElement":[{"@type":"ListItem","position":1,"name":"Portada","item":"https:\/\/laprensacristiana.com\/"},{"@type":"ListItem","position":2,"name":"Entrevista especial a pastor Wilfredo Mir\u00f3n"}]},{"@type":"WebSite","@id":"https:\/\/laprensacristiana.com\/#website","url":"https:\/\/laprensacristiana.com\/","name":"La Prensa Cristiana","description":"Anunciando Las Buenas Nuevas","potentialAction":[{"@type":"SearchAction","target":{"@type":"EntryPoint","urlTemplate":"https:\/\/laprensacristiana.com\/?s={search_term_string}"},"query-input":"required name=search_term_string"}],"inLanguage":"es"},{"@type":"Person","@id":"https:\/\/laprensacristiana.com\/#\/schema\/person\/3e7d82c6bfd6b1fa67010f8f7cd5256e","name":"EDITOR","image":{"@type":"ImageObject","inLanguage":"es","@id":"https:\/\/laprensacristiana.com\/#\/schema\/person\/image\/","url":"https:\/\/secure.gravatar.com\/avatar\/72069dfb6c13772d9e8381e3638666d2?s=96&d=mm&r=g","contentUrl":"https:\/\/secure.gravatar.com\/avatar\/72069dfb6c13772d9e8381e3638666d2?s=96&d=mm&r=g","caption":"EDITOR"},"url":"https:\/\/laprensacristiana.com\/?author=3"}]}},"_links":{"self":[{"href":"https:\/\/laprensacristiana.com\/index.php?rest_route=\/wp\/v2\/posts\/4526"}],"collection":[{"href":"https:\/\/laprensacristiana.com\/index.php?rest_route=\/wp\/v2\/posts"}],"about":[{"href":"https:\/\/laprensacristiana.com\/index.php?rest_route=\/wp\/v2\/types\/post"}],"author":[{"embeddable":true,"href":"https:\/\/laprensacristiana.com\/index.php?rest_route=\/wp\/v2\/users\/3"}],"replies":[{"embeddable":true,"href":"https:\/\/laprensacristiana.com\/index.php?rest_route=%2Fwp%2Fv2%2Fcomments&post=4526"}],"version-history":[{"count":1,"href":"https:\/\/laprensacristiana.com\/index.php?rest_route=\/wp\/v2\/posts\/4526\/revisions"}],"predecessor-version":[{"id":4528,"href":"https:\/\/laprensacristiana.com\/index.php?rest_route=\/wp\/v2\/posts\/4526\/revisions\/4528"}],"wp:featuredmedia":[{"embeddable":true,"href":"https:\/\/laprensacristiana.com\/index.php?rest_route=\/wp\/v2\/media\/4527"}],"wp:attachment":[{"href":"https:\/\/laprensacristiana.com\/index.php?rest_route=%2Fwp%2Fv2%2Fmedia&parent=4526"}],"wp:term":[{"taxonomy":"category","embeddable":true,"href":"https:\/\/laprensacristiana.com\/index.php?rest_route=%2Fwp%2Fv2%2Fcategories&post=4526"},{"taxonomy":"post_tag","embeddable":true,"href":"https:\/\/laprensacristiana.com\/index.php?rest_route=%2Fwp%2Fv2%2Ftags&post=4526"}],"curies":[{"name":"wp","href":"https:\/\/api.w.org\/{rel}","templated":true}]}}