{"id":4539,"date":"2018-10-10T22:10:12","date_gmt":"2018-10-10T22:10:12","guid":{"rendered":"https:\/\/laprensacristiana.com\/?p=4539"},"modified":"2020-07-01T23:26:00","modified_gmt":"2020-07-01T23:26:00","slug":"entrevista-con-el-evangelista-stephen-evans","status":"publish","type":"post","link":"https:\/\/laprensacristiana.com\/?p=4539","title":{"rendered":"Entrevista con el evangelista Stephen Evans"},"content":{"rendered":"<p>\u00bfC\u00f3mo llega usted a conocer de Cristo?<\/p>\n<p>Ten\u00eda 4 a\u00f1os de edad, crec\u00ed en una familia pastoral y a los cuatro a\u00f1os de edad mi mam\u00e1 me pregunt\u00f3 \u00bfte gustar\u00eda invitar a Jes\u00fas en tu coraz\u00f3n?\u00a0 Desde luego a esa edad las mam\u00e1s preguntan \u201cquieres leche o quieres galleta\u201d, ella siempre me ofrec\u00eda algo bueno y cuando ella me pregunt\u00f3 fue f\u00e1cil para mi decirle que Si, pero fue hasta los 11 a\u00f1os que tuve un encuentro con el Esp\u00edritu Santo; y eso tom\u00f3 una fe de ni\u00f1o que vino a solidificar mi coraz\u00f3n, gracias al Se\u00f1or puedo decir que toda mi vida he caminado con una comuni\u00f3n con el Se\u00f1or, y es el viaje m\u00e1s hermoso que alguna vez haya imaginado.<\/p>\n<p>\u00bfA qu\u00e9 edad llega el deseo de querer ser evangelista?<\/p>\n<p>Cuando tuve un encuentro con el Esp\u00edritu Santo a los\u00a0 11 a\u00f1os y desde all\u00ed es como que un fuego se activ\u00f3 para decidir hablarle a la gente de Jes\u00fas, en mis a\u00f1os de adolescente mientras otros se interesaban en otras cosas hab\u00eda un deseo en mi de aprender de su palabra y guardarla en mi coraz\u00f3n y hablarle a algunos de mis amigos sobre Jes\u00fas. El evangelismo ha sido parte de mi coraz\u00f3n desde muy temprano.<\/p>\n<p>&nbsp;<\/p>\n<p>\u00bfCu\u00e1l fue su primer evento?<\/p>\n<p>Nunca hab\u00eda pensado en moverme en el Ministerio de Cruzadas. Mi pap\u00e1\u00a0 era un pastor de una iglesia en Texas, EEUU, para mi era un sue\u00f1o ser parte del equipo de pap\u00e1, fui parte de ese equipo por 17 a\u00f1os, pero hubo un momento en donde recib\u00ed una llamada y tuve una invitaci\u00f3n del evangelista Reinhard Bonnke para ser su asistente en \u00c1frica, al viajar con \u00e9l en diferentes partes del mundo y en \u00c1frica, empec\u00e9 a ver cosas que nunca hab\u00eda imaginado, mares de multitudes de personas, los milagros, el amor y la protecci\u00f3n de Dios siendo derramada, eso empez\u00f3 a llevarme m\u00e1s profundo a creer por almas a trav\u00e9s del evangelismo, hubo un momento en el que Reinhard me dijo:\u00a0 \u00bfpuedes ver tu destino en Dios? Para mi pensaba que era seguir llevando sus maletas y asisti\u00e9ndole en los viajes, pero \u00e9l se refer\u00eda a algo diferente era el poder iniciar el ministerio. Y esa es una larga historia para llegar al primer evento que hicimos fue en Tela, Honduras; hace 15 a\u00f1os.<\/p>\n<p>Despu\u00e9s de 15 a\u00f1os, ahora est\u00e1 en El Salvador, no es la primera vez, \u00bfPor qu\u00e9 le apasiona pa\u00edses como los Centroamericanos, que tienen un contexto diferente a los europeos?<\/p>\n<p>La respuesta m\u00e1s f\u00e1cil es que Centro Am\u00e9rica me ha recibido como uno de ellos. Cuando deje a Reinhard pens\u00e9 que tal vez deber\u00eda regresar a \u00c1frica a hacer cruzadas, ten\u00eda familia en Australia y Europa, pens\u00e9 que tal vez podr\u00eda ser por all\u00ed, pero yo le preguntaba al Se\u00f1or \u00bfd\u00f3nde quieres que yo vaya? Y El Se\u00f1or me pon\u00eda ir a Centro Am\u00e9rica, yo dec\u00eda: soy el menos calificado para ir, no hablo espa\u00f1ol, no conozco su cultura y no s\u00e9 si me va a gustar su comida. Pero El Se\u00f1or me dijo no vamos en tus fuerzas\u00a0 y con tus contactos vamos ir con los m\u00edos, poco tiempo despu\u00e9s conoc\u00ed a Dennis Aplicano, ha sido un caminar sobrenatural desde ese momento. La gente latina en particular los Centroamericanos es de la gente m\u00e1s especial que yo he conocido.<\/p>\n<p>&nbsp;<\/p>\n<p>\u00bfC\u00f3mo puede resumir su Ministerio Luz de Vida?<\/p>\n<p>Hay dos respuestas. Primero lo que significa el nombre porque tiene que ver con las siglas en ingles Life of Life (LOLI), se puede pronunciar de dos maneras en ingles LOLI como algo dulce, el otro significado es quebrantado, humilde. Cuando un d\u00eda est\u00e1bamos orando \u00a1Se\u00f1or ten misericordia en LOLI, ten misericordia de nosotros como gente que te anhela y se humilla delante de ti!, eso es lo que El Se\u00f1or nos dijo: A eso\u00a0 los llame, caminen con humildad delante de m\u00ed, si caminan en un lugar de quebranto y siempre est\u00e1n humildes dese\u00e1ndome yo voy a abrir las puertas para que prediquen\u00a0 a trav\u00e9s de puertas que se van abrir.\u00a0 Es un Ministerio de Cruzadas que tiene 4 pilares;\u00a0 1) Pasi\u00f3n por evangelismo; tenemos amor por las almas, 2) Compasi\u00f3n; visitamos \u00a0prisiones, hospitales vamos donde hay necesidad,\u00a0 3) Transformaci\u00f3n; creemos en el poder de la oraci\u00f3n, creemos en la unidad de pastores 4) Destino; creemos que cada persona tiene un destino en Dios.<\/p>\n<p>Ustedes financian sus propios eventos \u00bfA qu\u00e9 se debe este concepto?<\/p>\n<p>Inicialmente es lo que El Esp\u00edritu Santo nos dijo que hici\u00e9ramos, me he llegado enamorar de la gente de Centro Am\u00e9rica, sentir\u00a0 el deseo de ser de bendici\u00f3n es un secreto grande, lo hacemos por la direcci\u00f3n que tenemos de parte del Se\u00f1or.<\/p>\n<p>\u00bfQu\u00e9 podemos esperar en una campa\u00f1a evangelistica\u00a0 con Stephen Evans?<\/p>\n<p>No es \u00fanicamente una cruzada, la idea no es promovernos a nosotros, lo que anhelamos es que cuando la gente venga pueda tener un encuentro con Jesucristo, no importa si la gente no se acuerda de mi nombre o el ministerio, lo que s\u00ed importa es que ellos puedan conocer a Jes\u00fas, que es quien cambia vidas, familias. Estaba con un evangelista en \u00c1frica vimos ojos abrirse, o\u00eddos sordos escuchar, tantos milagros, tanto poder, y el Se\u00f1or nos llam\u00f3 en ese mismo mover solo que para Centro Am\u00e9rica.<\/p>\n<p>&nbsp;<\/p>\n<p>&nbsp;<\/p>\n<p>&nbsp;<\/p>\n","protected":false},"excerpt":{"rendered":"<p>\u00bfC\u00f3mo llega usted a conocer de Cristo? Ten\u00eda 4 a\u00f1os de edad, crec\u00ed en una familia pastoral y a los cuatro a\u00f1os de edad mi mam\u00e1 me pregunt\u00f3 \u00bfte gustar\u00eda invitar a Jes\u00fas en tu coraz\u00f3n?\u00a0 Desde luego a esa edad las mam\u00e1s preguntan \u201cquieres leche o quieres galleta\u201d, ella siempre me ofrec\u00eda algo bueno [&hellip;]<\/p>\n","protected":false},"author":3,"featured_media":4540,"comment_status":"open","ping_status":"open","sticky":false,"template":"","format":"standard","meta":[],"categories":[103],"tags":[],"yoast_head":"<!-- This site is optimized with the Yoast SEO plugin v20.8 - https:\/\/yoast.com\/wordpress\/plugins\/seo\/ -->\n<title>Entrevista con el evangelista Stephen Evans - La Prensa Cristiana<\/title>\n<meta name=\"robots\" content=\"index, follow, max-snippet:-1, max-image-preview:large, max-video-preview:-1\" \/>\n<link rel=\"canonical\" href=\"https:\/\/laprensacristiana.com\/?p=4539\" \/>\n<meta property=\"og:locale\" content=\"es_ES\" \/>\n<meta property=\"og:type\" content=\"article\" \/>\n<meta property=\"og:title\" content=\"Entrevista con el evangelista Stephen Evans - La Prensa Cristiana\" \/>\n<meta property=\"og:description\" content=\"\u00bfC\u00f3mo llega usted a conocer de Cristo? Ten\u00eda 4 a\u00f1os de edad, crec\u00ed en una familia pastoral y a los cuatro a\u00f1os de edad mi mam\u00e1 me pregunt\u00f3 \u00bfte gustar\u00eda invitar a Jes\u00fas en tu coraz\u00f3n?\u00a0 Desde luego a esa edad las mam\u00e1s preguntan \u201cquieres leche o quieres galleta\u201d, ella siempre me ofrec\u00eda algo bueno [&hellip;]\" \/>\n<meta property=\"og:url\" content=\"https:\/\/laprensacristiana.com\/?p=4539\" \/>\n<meta property=\"og:site_name\" content=\"La Prensa Cristiana\" \/>\n<meta property=\"article:published_time\" content=\"2018-10-10T22:10:12+00:00\" \/>\n<meta property=\"article:modified_time\" content=\"2020-07-01T23:26:00+00:00\" \/>\n<meta property=\"og:image\" content=\"https:\/\/laprensacristiana.com\/wp-content\/uploads\/2018\/10\/EVANGELISTA.jpg\" \/>\n\t<meta property=\"og:image:width\" content=\"1688\" \/>\n\t<meta property=\"og:image:height\" content=\"889\" \/>\n\t<meta property=\"og:image:type\" content=\"image\/jpeg\" \/>\n<meta name=\"author\" content=\"EDITOR\" \/>\n<meta name=\"twitter:card\" content=\"summary_large_image\" \/>\n<meta name=\"twitter:label1\" content=\"Escrito por\" \/>\n\t<meta name=\"twitter:data1\" content=\"EDITOR\" \/>\n\t<meta name=\"twitter:label2\" content=\"Tiempo de lectura\" \/>\n\t<meta name=\"twitter:data2\" content=\"5 minutos\" \/>\n<script type=\"application\/ld+json\" class=\"yoast-schema-graph\">{\"@context\":\"https:\/\/schema.org\",\"@graph\":[{\"@type\":\"WebPage\",\"@id\":\"https:\/\/laprensacristiana.com\/?p=4539\",\"url\":\"https:\/\/laprensacristiana.com\/?p=4539\",\"name\":\"Entrevista con el evangelista Stephen Evans - La Prensa Cristiana\",\"isPartOf\":{\"@id\":\"https:\/\/laprensacristiana.com\/#website\"},\"datePublished\":\"2018-10-10T22:10:12+00:00\",\"dateModified\":\"2020-07-01T23:26:00+00:00\",\"author\":{\"@id\":\"https:\/\/laprensacristiana.com\/#\/schema\/person\/3e7d82c6bfd6b1fa67010f8f7cd5256e\"},\"breadcrumb\":{\"@id\":\"https:\/\/laprensacristiana.com\/?p=4539#breadcrumb\"},\"inLanguage\":\"es\",\"potentialAction\":[{\"@type\":\"ReadAction\",\"target\":[\"https:\/\/laprensacristiana.com\/?p=4539\"]}]},{\"@type\":\"BreadcrumbList\",\"@id\":\"https:\/\/laprensacristiana.com\/?p=4539#breadcrumb\",\"itemListElement\":[{\"@type\":\"ListItem\",\"position\":1,\"name\":\"Portada\",\"item\":\"https:\/\/laprensacristiana.com\/\"},{\"@type\":\"ListItem\",\"position\":2,\"name\":\"Entrevista con el evangelista Stephen Evans\"}]},{\"@type\":\"WebSite\",\"@id\":\"https:\/\/laprensacristiana.com\/#website\",\"url\":\"https:\/\/laprensacristiana.com\/\",\"name\":\"La Prensa Cristiana\",\"description\":\"Anunciando Las Buenas Nuevas\",\"potentialAction\":[{\"@type\":\"SearchAction\",\"target\":{\"@type\":\"EntryPoint\",\"urlTemplate\":\"https:\/\/laprensacristiana.com\/?s={search_term_string}\"},\"query-input\":\"required name=search_term_string\"}],\"inLanguage\":\"es\"},{\"@type\":\"Person\",\"@id\":\"https:\/\/laprensacristiana.com\/#\/schema\/person\/3e7d82c6bfd6b1fa67010f8f7cd5256e\",\"name\":\"EDITOR\",\"image\":{\"@type\":\"ImageObject\",\"inLanguage\":\"es\",\"@id\":\"https:\/\/laprensacristiana.com\/#\/schema\/person\/image\/\",\"url\":\"https:\/\/secure.gravatar.com\/avatar\/72069dfb6c13772d9e8381e3638666d2?s=96&d=mm&r=g\",\"contentUrl\":\"https:\/\/secure.gravatar.com\/avatar\/72069dfb6c13772d9e8381e3638666d2?s=96&d=mm&r=g\",\"caption\":\"EDITOR\"},\"url\":\"https:\/\/laprensacristiana.com\/?author=3\"}]}<\/script>\n<!-- \/ Yoast SEO plugin. -->","yoast_head_json":{"title":"Entrevista con el evangelista Stephen Evans - La Prensa Cristiana","robots":{"index":"index","follow":"follow","max-snippet":"max-snippet:-1","max-image-preview":"max-image-preview:large","max-video-preview":"max-video-preview:-1"},"canonical":"https:\/\/laprensacristiana.com\/?p=4539","og_locale":"es_ES","og_type":"article","og_title":"Entrevista con el evangelista Stephen Evans - La Prensa Cristiana","og_description":"\u00bfC\u00f3mo llega usted a conocer de Cristo? Ten\u00eda 4 a\u00f1os de edad, crec\u00ed en una familia pastoral y a los cuatro a\u00f1os de edad mi mam\u00e1 me pregunt\u00f3 \u00bfte gustar\u00eda invitar a Jes\u00fas en tu coraz\u00f3n?\u00a0 Desde luego a esa edad las mam\u00e1s preguntan \u201cquieres leche o quieres galleta\u201d, ella siempre me ofrec\u00eda algo bueno [&hellip;]","og_url":"https:\/\/laprensacristiana.com\/?p=4539","og_site_name":"La Prensa Cristiana","article_published_time":"2018-10-10T22:10:12+00:00","article_modified_time":"2020-07-01T23:26:00+00:00","og_image":[{"width":1688,"height":889,"url":"https:\/\/laprensacristiana.com\/wp-content\/uploads\/2018\/10\/EVANGELISTA.jpg","type":"image\/jpeg"}],"author":"EDITOR","twitter_card":"summary_large_image","twitter_misc":{"Escrito por":"EDITOR","Tiempo de lectura":"5 minutos"},"schema":{"@context":"https:\/\/schema.org","@graph":[{"@type":"WebPage","@id":"https:\/\/laprensacristiana.com\/?p=4539","url":"https:\/\/laprensacristiana.com\/?p=4539","name":"Entrevista con el evangelista Stephen Evans - La Prensa Cristiana","isPartOf":{"@id":"https:\/\/laprensacristiana.com\/#website"},"datePublished":"2018-10-10T22:10:12+00:00","dateModified":"2020-07-01T23:26:00+00:00","author":{"@id":"https:\/\/laprensacristiana.com\/#\/schema\/person\/3e7d82c6bfd6b1fa67010f8f7cd5256e"},"breadcrumb":{"@id":"https:\/\/laprensacristiana.com\/?p=4539#breadcrumb"},"inLanguage":"es","potentialAction":[{"@type":"ReadAction","target":["https:\/\/laprensacristiana.com\/?p=4539"]}]},{"@type":"BreadcrumbList","@id":"https:\/\/laprensacristiana.com\/?p=4539#breadcrumb","itemListElement":[{"@type":"ListItem","position":1,"name":"Portada","item":"https:\/\/laprensacristiana.com\/"},{"@type":"ListItem","position":2,"name":"Entrevista con el evangelista Stephen Evans"}]},{"@type":"WebSite","@id":"https:\/\/laprensacristiana.com\/#website","url":"https:\/\/laprensacristiana.com\/","name":"La Prensa Cristiana","description":"Anunciando Las Buenas Nuevas","potentialAction":[{"@type":"SearchAction","target":{"@type":"EntryPoint","urlTemplate":"https:\/\/laprensacristiana.com\/?s={search_term_string}"},"query-input":"required name=search_term_string"}],"inLanguage":"es"},{"@type":"Person","@id":"https:\/\/laprensacristiana.com\/#\/schema\/person\/3e7d82c6bfd6b1fa67010f8f7cd5256e","name":"EDITOR","image":{"@type":"ImageObject","inLanguage":"es","@id":"https:\/\/laprensacristiana.com\/#\/schema\/person\/image\/","url":"https:\/\/secure.gravatar.com\/avatar\/72069dfb6c13772d9e8381e3638666d2?s=96&d=mm&r=g","contentUrl":"https:\/\/secure.gravatar.com\/avatar\/72069dfb6c13772d9e8381e3638666d2?s=96&d=mm&r=g","caption":"EDITOR"},"url":"https:\/\/laprensacristiana.com\/?author=3"}]}},"_links":{"self":[{"href":"https:\/\/laprensacristiana.com\/index.php?rest_route=\/wp\/v2\/posts\/4539"}],"collection":[{"href":"https:\/\/laprensacristiana.com\/index.php?rest_route=\/wp\/v2\/posts"}],"about":[{"href":"https:\/\/laprensacristiana.com\/index.php?rest_route=\/wp\/v2\/types\/post"}],"author":[{"embeddable":true,"href":"https:\/\/laprensacristiana.com\/index.php?rest_route=\/wp\/v2\/users\/3"}],"replies":[{"embeddable":true,"href":"https:\/\/laprensacristiana.com\/index.php?rest_route=%2Fwp%2Fv2%2Fcomments&post=4539"}],"version-history":[{"count":1,"href":"https:\/\/laprensacristiana.com\/index.php?rest_route=\/wp\/v2\/posts\/4539\/revisions"}],"predecessor-version":[{"id":4541,"href":"https:\/\/laprensacristiana.com\/index.php?rest_route=\/wp\/v2\/posts\/4539\/revisions\/4541"}],"wp:featuredmedia":[{"embeddable":true,"href":"https:\/\/laprensacristiana.com\/index.php?rest_route=\/wp\/v2\/media\/4540"}],"wp:attachment":[{"href":"https:\/\/laprensacristiana.com\/index.php?rest_route=%2Fwp%2Fv2%2Fmedia&parent=4539"}],"wp:term":[{"taxonomy":"category","embeddable":true,"href":"https:\/\/laprensacristiana.com\/index.php?rest_route=%2Fwp%2Fv2%2Fcategories&post=4539"},{"taxonomy":"post_tag","embeddable":true,"href":"https:\/\/laprensacristiana.com\/index.php?rest_route=%2Fwp%2Fv2%2Ftags&post=4539"}],"curies":[{"name":"wp","href":"https:\/\/api.w.org\/{rel}","templated":true}]}}