{"id":4548,"date":"2018-10-13T03:04:31","date_gmt":"2018-10-13T03:04:31","guid":{"rendered":"https:\/\/laprensacristiana.com\/?p=4548"},"modified":"2018-10-13T03:05:45","modified_gmt":"2018-10-13T03:05:45","slug":"el-manejo-de-la-ira-en-los-ninosel-manejo-de-la-ira-en-los-ninos","status":"publish","type":"post","link":"https:\/\/laprensacristiana.com\/?p=4548","title":{"rendered":"El manejo de la ira en los ni\u00f1os"},"content":{"rendered":"<p>La ira \u00a0es una emoci\u00f3n,\u00a0 que no es \u00a0ni positiva ni negativa, tiene la funci\u00f3n de defendernos ante alguna injusticia, el problema no es la ira en s\u00ed, \u00a0sino las consecuencias que puede traer no expresarla \u00a0adecuadamente.<\/p>\n<p>Cada ni\u00f1o vive las emociones de forma diferente, aunque la ira suele ser una de las emociones m\u00e1s dif\u00edciles de controlar, sobre todo a partir de los 2 o 3 a\u00f1os, \u00a0ese per\u00edodo se puede alargar hasta la adolescencia si no se\u00a0 les ense\u00f1a a nuestros hijos \u00a0a expresarla\u00a0 de manera adecuada.<\/p>\n<p>A partir de los 2 a\u00f1os los ni\u00f1os entran en una fase de oposici\u00f3n sistem\u00e1tica y terquedad, que pueden ser originadas por necesidades no satisfechas: falta de sue\u00f1o, cansancio, enfado, \u00a0frustraci\u00f3n, aburrimiento, hambre, por demasiada estimulaci\u00f3n o simplemente por imitaci\u00f3n.<\/p>\n<p>Durante este periodo los ni\u00f1os a\u00fan no tienen la capacidad suficiente para expresar con palabras todo aquello que quieren\u00a0 o necesitan,\u00a0 en su nivel de comprensi\u00f3n no entienden todo cuanto \u00a0se les dice del mismo modo que lo hace un adulto, tienen dificultad\u00a0 para \u00a0tolerar la frustraci\u00f3n y les resulta complicado comprender que no pueden tener siempre lo que quieren, tampoco son capaces de verbalizar lo que desean, esto trae como \u00a0resultado que expresen su emoci\u00f3n a trav\u00e9s de los berrinches.<\/p>\n<p><img decoding=\"async\" loading=\"lazy\" class=\"alignnone size-full wp-image-4550\" src=\"https:\/\/laprensacristiana.com\/wp-content\/uploads\/2018\/10\/CINTILLO.jpg\" alt=\"\" width=\"1000\" height=\"200\" srcset=\"https:\/\/laprensacristiana.com\/wp-content\/uploads\/2018\/10\/CINTILLO.jpg 1000w, https:\/\/laprensacristiana.com\/wp-content\/uploads\/2018\/10\/CINTILLO-600x120.jpg 600w, https:\/\/laprensacristiana.com\/wp-content\/uploads\/2018\/10\/CINTILLO-300x60.jpg 300w, https:\/\/laprensacristiana.com\/wp-content\/uploads\/2018\/10\/CINTILLO-768x154.jpg 768w, https:\/\/laprensacristiana.com\/wp-content\/uploads\/2018\/10\/CINTILLO-696x139.jpg 696w\" sizes=\"(max-width: 1000px) 100vw, 1000px\" \/><\/p>\n<p>A esta edad es \u00a0normal que los ni\u00f1os hagan berrinches, si bien es cierto que se deben tratar de un modo diferente seg\u00fan el nivel de comprensi\u00f3n y edad de cada ni\u00f1o, a estas edades por s\u00ed mismos los berrinches\u00a0 no son indicativos de ning\u00fan trastorno.<\/p>\n<p>Si cuando realizan\u00a0 los berrinches para calmarlos se les da \u00a0lo que piden o se hace \u00a0lo que quieren, est\u00e1n\u00a0 aprendiendo que llorando o teniendo conductas explosivas llaman la atenci\u00f3n y obtienen lo que desean, esta conducta es fortalecida y se establece como parte de su comportamiento.<\/p>\n<p>La ira es una emoci\u00f3n dif\u00edcil de manejar para los ni\u00f1os, ya que carecen en muchos casos de habilidades de autocontrol, cuando se entiende su conducta y se descubre la necesidad que la genera, \u00a0se tiene \u00a0la oportunidad para educar emocionalmente a los ni\u00f1os, para que entiendan los l\u00edmites y desarrollen habilidades sociales que necesitan.<\/p>\n<p>En la medida que el ni\u00f1o va \u00a0creciendo, adquiere mayor autonom\u00eda, comprensi\u00f3n de normas y limites, mejora su manera de comunicarse,\u00a0 va aprendiendo habilidades para desarrollar autocontrol.<\/p>\n<p>Como padres o adultos de referencia les ayudamos a expresar sus emociones de manera adecuada con nuestro ejemplo, manteniendo la calma,\u00a0 tambi\u00e9n podemos facilitar el aprendizaje de aspectos que\u00a0 fomentan su autocontrol, tales como: ponerle nombre a las emociones que siente, que reconozca como\u00a0 su cuerpo manifiesta estas emociones, ayudarle a relajarse, hacer actividades como deportes o ejercicios, ense\u00f1arle \u00a0algunas actividades que le dejen explorar esas emociones: como dibujar, pintar o escribir, la t\u00e9cnica del sem\u00e1foro, darse auto indicaciones, ser emp\u00e1tico \u201cponerse en el lugar del otro\u201d.<\/p>\n<p>Si est\u00e1 interesado en aprender c\u00f3mo ayudarle a su hijo, venga usted y su ni\u00f1o,\u00a0 en el Centro Integral de Salud le orientamos, pida una cita al 2519 2811 o vis\u00edtenos en\u00a0 el Bulevar Constituci\u00f3n, Residencial Montebello # 51,\u00a0 Le esperamos, ser\u00e1 un gusto atenderles.<\/p>\n","protected":false},"excerpt":{"rendered":"<p>La ira \u00a0es una emoci\u00f3n,\u00a0 que no es \u00a0ni positiva ni negativa, tiene la funci\u00f3n de defendernos ante alguna injusticia, el problema no es la ira en s\u00ed, \u00a0sino las consecuencias que puede traer no expresarla \u00a0adecuadamente. Cada ni\u00f1o vive las emociones de forma diferente, aunque la ira suele ser una de las emociones m\u00e1s [&hellip;]<\/p>\n","protected":false},"author":3,"featured_media":4549,"comment_status":"open","ping_status":"open","sticky":false,"template":"","format":"standard","meta":[],"categories":[2],"tags":[],"yoast_head":"<!-- This site is optimized with the Yoast SEO plugin v20.8 - https:\/\/yoast.com\/wordpress\/plugins\/seo\/ -->\n<title>El manejo de la ira en los ni\u00f1os - La Prensa Cristiana<\/title>\n<meta name=\"robots\" content=\"index, follow, max-snippet:-1, max-image-preview:large, max-video-preview:-1\" \/>\n<link rel=\"canonical\" href=\"https:\/\/laprensacristiana.com\/?p=4548\" \/>\n<meta property=\"og:locale\" content=\"es_ES\" \/>\n<meta property=\"og:type\" content=\"article\" \/>\n<meta property=\"og:title\" content=\"El manejo de la ira en los ni\u00f1os - La Prensa Cristiana\" \/>\n<meta property=\"og:description\" content=\"La ira \u00a0es una emoci\u00f3n,\u00a0 que no es \u00a0ni positiva ni negativa, tiene la funci\u00f3n de defendernos ante alguna injusticia, el problema no es la ira en s\u00ed, \u00a0sino las consecuencias que puede traer no expresarla \u00a0adecuadamente. Cada ni\u00f1o vive las emociones de forma diferente, aunque la ira suele ser una de las emociones m\u00e1s [&hellip;]\" \/>\n<meta property=\"og:url\" content=\"https:\/\/laprensacristiana.com\/?p=4548\" \/>\n<meta property=\"og:site_name\" content=\"La Prensa Cristiana\" \/>\n<meta property=\"article:published_time\" content=\"2018-10-13T03:04:31+00:00\" \/>\n<meta property=\"article:modified_time\" content=\"2018-10-13T03:05:45+00:00\" \/>\n<meta property=\"og:image\" content=\"https:\/\/laprensacristiana.com\/wp-content\/uploads\/2018\/10\/LICDA-SILVIA-696x389.jpg\" \/>\n\t<meta property=\"og:image:width\" content=\"696\" \/>\n\t<meta property=\"og:image:height\" content=\"389\" \/>\n\t<meta property=\"og:image:type\" content=\"image\/jpeg\" \/>\n<meta name=\"author\" content=\"EDITOR\" \/>\n<meta name=\"twitter:card\" content=\"summary_large_image\" \/>\n<meta name=\"twitter:label1\" content=\"Escrito por\" \/>\n\t<meta name=\"twitter:data1\" content=\"EDITOR\" \/>\n\t<meta name=\"twitter:label2\" content=\"Tiempo de lectura\" \/>\n\t<meta name=\"twitter:data2\" content=\"3 minutos\" \/>\n<script type=\"application\/ld+json\" class=\"yoast-schema-graph\">{\"@context\":\"https:\/\/schema.org\",\"@graph\":[{\"@type\":\"WebPage\",\"@id\":\"https:\/\/laprensacristiana.com\/?p=4548\",\"url\":\"https:\/\/laprensacristiana.com\/?p=4548\",\"name\":\"El manejo de la ira en los ni\u00f1os - La Prensa Cristiana\",\"isPartOf\":{\"@id\":\"https:\/\/laprensacristiana.com\/#website\"},\"datePublished\":\"2018-10-13T03:04:31+00:00\",\"dateModified\":\"2018-10-13T03:05:45+00:00\",\"author\":{\"@id\":\"https:\/\/laprensacristiana.com\/#\/schema\/person\/3e7d82c6bfd6b1fa67010f8f7cd5256e\"},\"breadcrumb\":{\"@id\":\"https:\/\/laprensacristiana.com\/?p=4548#breadcrumb\"},\"inLanguage\":\"es\",\"potentialAction\":[{\"@type\":\"ReadAction\",\"target\":[\"https:\/\/laprensacristiana.com\/?p=4548\"]}]},{\"@type\":\"BreadcrumbList\",\"@id\":\"https:\/\/laprensacristiana.com\/?p=4548#breadcrumb\",\"itemListElement\":[{\"@type\":\"ListItem\",\"position\":1,\"name\":\"Portada\",\"item\":\"https:\/\/laprensacristiana.com\/\"},{\"@type\":\"ListItem\",\"position\":2,\"name\":\"El manejo de la ira en los ni\u00f1os\"}]},{\"@type\":\"WebSite\",\"@id\":\"https:\/\/laprensacristiana.com\/#website\",\"url\":\"https:\/\/laprensacristiana.com\/\",\"name\":\"La Prensa Cristiana\",\"description\":\"Anunciando Las Buenas Nuevas\",\"potentialAction\":[{\"@type\":\"SearchAction\",\"target\":{\"@type\":\"EntryPoint\",\"urlTemplate\":\"https:\/\/laprensacristiana.com\/?s={search_term_string}\"},\"query-input\":\"required name=search_term_string\"}],\"inLanguage\":\"es\"},{\"@type\":\"Person\",\"@id\":\"https:\/\/laprensacristiana.com\/#\/schema\/person\/3e7d82c6bfd6b1fa67010f8f7cd5256e\",\"name\":\"EDITOR\",\"image\":{\"@type\":\"ImageObject\",\"inLanguage\":\"es\",\"@id\":\"https:\/\/laprensacristiana.com\/#\/schema\/person\/image\/\",\"url\":\"https:\/\/secure.gravatar.com\/avatar\/72069dfb6c13772d9e8381e3638666d2?s=96&d=mm&r=g\",\"contentUrl\":\"https:\/\/secure.gravatar.com\/avatar\/72069dfb6c13772d9e8381e3638666d2?s=96&d=mm&r=g\",\"caption\":\"EDITOR\"},\"url\":\"https:\/\/laprensacristiana.com\/?author=3\"}]}<\/script>\n<!-- \/ Yoast SEO plugin. -->","yoast_head_json":{"title":"El manejo de la ira en los ni\u00f1os - La Prensa Cristiana","robots":{"index":"index","follow":"follow","max-snippet":"max-snippet:-1","max-image-preview":"max-image-preview:large","max-video-preview":"max-video-preview:-1"},"canonical":"https:\/\/laprensacristiana.com\/?p=4548","og_locale":"es_ES","og_type":"article","og_title":"El manejo de la ira en los ni\u00f1os - La Prensa Cristiana","og_description":"La ira \u00a0es una emoci\u00f3n,\u00a0 que no es \u00a0ni positiva ni negativa, tiene la funci\u00f3n de defendernos ante alguna injusticia, el problema no es la ira en s\u00ed, \u00a0sino las consecuencias que puede traer no expresarla \u00a0adecuadamente. Cada ni\u00f1o vive las emociones de forma diferente, aunque la ira suele ser una de las emociones m\u00e1s [&hellip;]","og_url":"https:\/\/laprensacristiana.com\/?p=4548","og_site_name":"La Prensa Cristiana","article_published_time":"2018-10-13T03:04:31+00:00","article_modified_time":"2018-10-13T03:05:45+00:00","og_image":[{"width":696,"height":389,"url":"https:\/\/laprensacristiana.com\/wp-content\/uploads\/2018\/10\/LICDA-SILVIA-696x389.jpg","type":"image\/jpeg"}],"author":"EDITOR","twitter_card":"summary_large_image","twitter_misc":{"Escrito por":"EDITOR","Tiempo de lectura":"3 minutos"},"schema":{"@context":"https:\/\/schema.org","@graph":[{"@type":"WebPage","@id":"https:\/\/laprensacristiana.com\/?p=4548","url":"https:\/\/laprensacristiana.com\/?p=4548","name":"El manejo de la ira en los ni\u00f1os - La Prensa Cristiana","isPartOf":{"@id":"https:\/\/laprensacristiana.com\/#website"},"datePublished":"2018-10-13T03:04:31+00:00","dateModified":"2018-10-13T03:05:45+00:00","author":{"@id":"https:\/\/laprensacristiana.com\/#\/schema\/person\/3e7d82c6bfd6b1fa67010f8f7cd5256e"},"breadcrumb":{"@id":"https:\/\/laprensacristiana.com\/?p=4548#breadcrumb"},"inLanguage":"es","potentialAction":[{"@type":"ReadAction","target":["https:\/\/laprensacristiana.com\/?p=4548"]}]},{"@type":"BreadcrumbList","@id":"https:\/\/laprensacristiana.com\/?p=4548#breadcrumb","itemListElement":[{"@type":"ListItem","position":1,"name":"Portada","item":"https:\/\/laprensacristiana.com\/"},{"@type":"ListItem","position":2,"name":"El manejo de la ira en los ni\u00f1os"}]},{"@type":"WebSite","@id":"https:\/\/laprensacristiana.com\/#website","url":"https:\/\/laprensacristiana.com\/","name":"La Prensa Cristiana","description":"Anunciando Las Buenas Nuevas","potentialAction":[{"@type":"SearchAction","target":{"@type":"EntryPoint","urlTemplate":"https:\/\/laprensacristiana.com\/?s={search_term_string}"},"query-input":"required name=search_term_string"}],"inLanguage":"es"},{"@type":"Person","@id":"https:\/\/laprensacristiana.com\/#\/schema\/person\/3e7d82c6bfd6b1fa67010f8f7cd5256e","name":"EDITOR","image":{"@type":"ImageObject","inLanguage":"es","@id":"https:\/\/laprensacristiana.com\/#\/schema\/person\/image\/","url":"https:\/\/secure.gravatar.com\/avatar\/72069dfb6c13772d9e8381e3638666d2?s=96&d=mm&r=g","contentUrl":"https:\/\/secure.gravatar.com\/avatar\/72069dfb6c13772d9e8381e3638666d2?s=96&d=mm&r=g","caption":"EDITOR"},"url":"https:\/\/laprensacristiana.com\/?author=3"}]}},"_links":{"self":[{"href":"https:\/\/laprensacristiana.com\/index.php?rest_route=\/wp\/v2\/posts\/4548"}],"collection":[{"href":"https:\/\/laprensacristiana.com\/index.php?rest_route=\/wp\/v2\/posts"}],"about":[{"href":"https:\/\/laprensacristiana.com\/index.php?rest_route=\/wp\/v2\/types\/post"}],"author":[{"embeddable":true,"href":"https:\/\/laprensacristiana.com\/index.php?rest_route=\/wp\/v2\/users\/3"}],"replies":[{"embeddable":true,"href":"https:\/\/laprensacristiana.com\/index.php?rest_route=%2Fwp%2Fv2%2Fcomments&post=4548"}],"version-history":[{"count":2,"href":"https:\/\/laprensacristiana.com\/index.php?rest_route=\/wp\/v2\/posts\/4548\/revisions"}],"predecessor-version":[{"id":4552,"href":"https:\/\/laprensacristiana.com\/index.php?rest_route=\/wp\/v2\/posts\/4548\/revisions\/4552"}],"wp:featuredmedia":[{"embeddable":true,"href":"https:\/\/laprensacristiana.com\/index.php?rest_route=\/wp\/v2\/media\/4549"}],"wp:attachment":[{"href":"https:\/\/laprensacristiana.com\/index.php?rest_route=%2Fwp%2Fv2%2Fmedia&parent=4548"}],"wp:term":[{"taxonomy":"category","embeddable":true,"href":"https:\/\/laprensacristiana.com\/index.php?rest_route=%2Fwp%2Fv2%2Fcategories&post=4548"},{"taxonomy":"post_tag","embeddable":true,"href":"https:\/\/laprensacristiana.com\/index.php?rest_route=%2Fwp%2Fv2%2Ftags&post=4548"}],"curies":[{"name":"wp","href":"https:\/\/api.w.org\/{rel}","templated":true}]}}