{"id":4553,"date":"2018-10-13T16:00:23","date_gmt":"2018-10-13T16:00:23","guid":{"rendered":"https:\/\/laprensacristiana.com\/?p=4553"},"modified":"2020-07-01T23:25:28","modified_gmt":"2020-07-01T23:25:28","slug":"triple-seven-presenta-su-nuevo-tema-musical","status":"publish","type":"post","link":"https:\/\/laprensacristiana.com\/?p=4553","title":{"rendered":"Triple Seven  presenta su nuevo tema musical"},"content":{"rendered":"<p>Triple Seven \u00a0es un d\u00fao residente de Tampa, FL. Es \u00a0en uno de los favoritos entre los amantes del g\u00e9nero de Reggaeton Cristiano, despu\u00e9s de una pausa musical anuncian su regreso con un nuevo tema, este 11 de octubre en su p\u00e1gina oficial de Facebook compartieron\u00a0 un poco de lo que trata su tema musical:<\/p>\n<p>\u201cLlega la dificultad, llega la crisis, llega la duda, hasta el punto de querer rendirte. Lo lindo de todo esto es que en medio de la tormenta tenemos a un Dios que nos viene a rescatar, que nunca nos deja\u201d. Expreso Triple Seven.<\/p>\n<p>Tambi\u00e9n invitaron a sus seguidores a estar atentos y poder conocer el porqu\u00e9 de su silencio; \u201cFue tiempo largo en silencio en el cu\u00e1l atravesamos por momentos muy dif\u00edciles. Pero es menester pasar por diversas pruebas para ver la Gloria de Dios. Lo mejor de todo es que \u00c9l no llega ni un minuto antes ni un minuto despu\u00e9s sino que siempre llega justo a tiempo. Cuando Dios llega, TODO CAMBIA\u201d.<\/p>\n<p>Tanto Aby como Pichie se congregan en la Iglesia El Nazareno de Tampa, Florida con el Pastor Edgar D\u00edaz quien\u00a0 es el padre de Pichie. El prop\u00f3sito de este d\u00fao es \u00a0llegar a lo m\u00e1s profundo del coraz\u00f3n de los j\u00f3venes, esperan poder impactar las vidas con un mensaje refrescante y juvenil.<\/p>\n<p><img decoding=\"async\" loading=\"lazy\" class=\"alignnone size-full wp-image-4554\" src=\"https:\/\/laprensacristiana.com\/wp-content\/uploads\/2018\/10\/43669112_2482683748423575_2753635444796162048_n.jpg\" alt=\"43669112_2482683748423575_2753635444796162048_n\" width=\"960\" height=\"960\" srcset=\"https:\/\/laprensacristiana.com\/wp-content\/uploads\/2018\/10\/43669112_2482683748423575_2753635444796162048_n.jpg 960w, https:\/\/laprensacristiana.com\/wp-content\/uploads\/2018\/10\/43669112_2482683748423575_2753635444796162048_n-300x300.jpg 300w, https:\/\/laprensacristiana.com\/wp-content\/uploads\/2018\/10\/43669112_2482683748423575_2753635444796162048_n-100x100.jpg 100w, https:\/\/laprensacristiana.com\/wp-content\/uploads\/2018\/10\/43669112_2482683748423575_2753635444796162048_n-600x600.jpg 600w, https:\/\/laprensacristiana.com\/wp-content\/uploads\/2018\/10\/43669112_2482683748423575_2753635444796162048_n-150x150.jpg 150w, https:\/\/laprensacristiana.com\/wp-content\/uploads\/2018\/10\/43669112_2482683748423575_2753635444796162048_n-768x768.jpg 768w, https:\/\/laprensacristiana.com\/wp-content\/uploads\/2018\/10\/43669112_2482683748423575_2753635444796162048_n-696x696.jpg 696w, https:\/\/laprensacristiana.com\/wp-content\/uploads\/2018\/10\/43669112_2482683748423575_2753635444796162048_n-420x420.jpg 420w\" sizes=\"(max-width: 960px) 100vw, 960px\" \/><\/p>\n","protected":false},"excerpt":{"rendered":"<p>Triple Seven \u00a0es un d\u00fao residente de Tampa, FL. Es \u00a0en uno de los favoritos entre los amantes del g\u00e9nero de Reggaeton Cristiano, despu\u00e9s de una pausa musical anuncian su regreso con un nuevo tema, este 11 de octubre en su p\u00e1gina oficial de Facebook compartieron\u00a0 un poco de lo que trata su tema musical: [&hellip;]<\/p>\n","protected":false},"author":3,"featured_media":4555,"comment_status":"open","ping_status":"open","sticky":false,"template":"","format":"standard","meta":[],"categories":[101],"tags":[],"yoast_head":"<!-- This site is optimized with the Yoast SEO plugin v20.8 - https:\/\/yoast.com\/wordpress\/plugins\/seo\/ -->\n<title>Triple Seven presenta su nuevo tema musical - La Prensa Cristiana<\/title>\n<meta name=\"robots\" content=\"index, follow, max-snippet:-1, max-image-preview:large, max-video-preview:-1\" \/>\n<link rel=\"canonical\" href=\"https:\/\/laprensacristiana.com\/?p=4553\" \/>\n<meta property=\"og:locale\" content=\"es_ES\" \/>\n<meta property=\"og:type\" content=\"article\" \/>\n<meta property=\"og:title\" content=\"Triple Seven presenta su nuevo tema musical - La Prensa Cristiana\" \/>\n<meta property=\"og:description\" content=\"Triple Seven \u00a0es un d\u00fao residente de Tampa, FL. Es \u00a0en uno de los favoritos entre los amantes del g\u00e9nero de Reggaeton Cristiano, despu\u00e9s de una pausa musical anuncian su regreso con un nuevo tema, este 11 de octubre en su p\u00e1gina oficial de Facebook compartieron\u00a0 un poco de lo que trata su tema musical: [&hellip;]\" \/>\n<meta property=\"og:url\" content=\"https:\/\/laprensacristiana.com\/?p=4553\" \/>\n<meta property=\"og:site_name\" content=\"La Prensa Cristiana\" \/>\n<meta property=\"article:published_time\" content=\"2018-10-13T16:00:23+00:00\" \/>\n<meta property=\"article:modified_time\" content=\"2020-07-01T23:25:28+00:00\" \/>\n<meta property=\"og:image\" content=\"https:\/\/laprensacristiana.com\/wp-content\/uploads\/2018\/10\/11889978_1071010899590874_5068511723179158430_o-scaled.jpg\" \/>\n\t<meta property=\"og:image:width\" content=\"2560\" \/>\n\t<meta property=\"og:image:height\" content=\"944\" \/>\n\t<meta property=\"og:image:type\" content=\"image\/jpeg\" \/>\n<meta name=\"author\" content=\"EDITOR\" \/>\n<meta name=\"twitter:card\" content=\"summary_large_image\" \/>\n<meta name=\"twitter:label1\" content=\"Escrito por\" \/>\n\t<meta name=\"twitter:data1\" content=\"EDITOR\" \/>\n\t<meta name=\"twitter:label2\" content=\"Tiempo de lectura\" \/>\n\t<meta name=\"twitter:data2\" content=\"1 minuto\" \/>\n<script type=\"application\/ld+json\" class=\"yoast-schema-graph\">{\"@context\":\"https:\/\/schema.org\",\"@graph\":[{\"@type\":\"WebPage\",\"@id\":\"https:\/\/laprensacristiana.com\/?p=4553\",\"url\":\"https:\/\/laprensacristiana.com\/?p=4553\",\"name\":\"Triple Seven presenta su nuevo tema musical - La Prensa Cristiana\",\"isPartOf\":{\"@id\":\"https:\/\/laprensacristiana.com\/#website\"},\"datePublished\":\"2018-10-13T16:00:23+00:00\",\"dateModified\":\"2020-07-01T23:25:28+00:00\",\"author\":{\"@id\":\"https:\/\/laprensacristiana.com\/#\/schema\/person\/3e7d82c6bfd6b1fa67010f8f7cd5256e\"},\"breadcrumb\":{\"@id\":\"https:\/\/laprensacristiana.com\/?p=4553#breadcrumb\"},\"inLanguage\":\"es\",\"potentialAction\":[{\"@type\":\"ReadAction\",\"target\":[\"https:\/\/laprensacristiana.com\/?p=4553\"]}]},{\"@type\":\"BreadcrumbList\",\"@id\":\"https:\/\/laprensacristiana.com\/?p=4553#breadcrumb\",\"itemListElement\":[{\"@type\":\"ListItem\",\"position\":1,\"name\":\"Portada\",\"item\":\"https:\/\/laprensacristiana.com\/\"},{\"@type\":\"ListItem\",\"position\":2,\"name\":\"Triple Seven presenta su nuevo tema musical\"}]},{\"@type\":\"WebSite\",\"@id\":\"https:\/\/laprensacristiana.com\/#website\",\"url\":\"https:\/\/laprensacristiana.com\/\",\"name\":\"La Prensa Cristiana\",\"description\":\"Anunciando Las Buenas Nuevas\",\"potentialAction\":[{\"@type\":\"SearchAction\",\"target\":{\"@type\":\"EntryPoint\",\"urlTemplate\":\"https:\/\/laprensacristiana.com\/?s={search_term_string}\"},\"query-input\":\"required name=search_term_string\"}],\"inLanguage\":\"es\"},{\"@type\":\"Person\",\"@id\":\"https:\/\/laprensacristiana.com\/#\/schema\/person\/3e7d82c6bfd6b1fa67010f8f7cd5256e\",\"name\":\"EDITOR\",\"image\":{\"@type\":\"ImageObject\",\"inLanguage\":\"es\",\"@id\":\"https:\/\/laprensacristiana.com\/#\/schema\/person\/image\/\",\"url\":\"https:\/\/secure.gravatar.com\/avatar\/72069dfb6c13772d9e8381e3638666d2?s=96&d=mm&r=g\",\"contentUrl\":\"https:\/\/secure.gravatar.com\/avatar\/72069dfb6c13772d9e8381e3638666d2?s=96&d=mm&r=g\",\"caption\":\"EDITOR\"},\"url\":\"https:\/\/laprensacristiana.com\/?author=3\"}]}<\/script>\n<!-- \/ Yoast SEO plugin. -->","yoast_head_json":{"title":"Triple Seven presenta su nuevo tema musical - La Prensa Cristiana","robots":{"index":"index","follow":"follow","max-snippet":"max-snippet:-1","max-image-preview":"max-image-preview:large","max-video-preview":"max-video-preview:-1"},"canonical":"https:\/\/laprensacristiana.com\/?p=4553","og_locale":"es_ES","og_type":"article","og_title":"Triple Seven presenta su nuevo tema musical - La Prensa Cristiana","og_description":"Triple Seven \u00a0es un d\u00fao residente de Tampa, FL. Es \u00a0en uno de los favoritos entre los amantes del g\u00e9nero de Reggaeton Cristiano, despu\u00e9s de una pausa musical anuncian su regreso con un nuevo tema, este 11 de octubre en su p\u00e1gina oficial de Facebook compartieron\u00a0 un poco de lo que trata su tema musical: [&hellip;]","og_url":"https:\/\/laprensacristiana.com\/?p=4553","og_site_name":"La Prensa Cristiana","article_published_time":"2018-10-13T16:00:23+00:00","article_modified_time":"2020-07-01T23:25:28+00:00","og_image":[{"width":2560,"height":944,"url":"https:\/\/laprensacristiana.com\/wp-content\/uploads\/2018\/10\/11889978_1071010899590874_5068511723179158430_o-scaled.jpg","type":"image\/jpeg"}],"author":"EDITOR","twitter_card":"summary_large_image","twitter_misc":{"Escrito por":"EDITOR","Tiempo de lectura":"1 minuto"},"schema":{"@context":"https:\/\/schema.org","@graph":[{"@type":"WebPage","@id":"https:\/\/laprensacristiana.com\/?p=4553","url":"https:\/\/laprensacristiana.com\/?p=4553","name":"Triple Seven presenta su nuevo tema musical - La Prensa Cristiana","isPartOf":{"@id":"https:\/\/laprensacristiana.com\/#website"},"datePublished":"2018-10-13T16:00:23+00:00","dateModified":"2020-07-01T23:25:28+00:00","author":{"@id":"https:\/\/laprensacristiana.com\/#\/schema\/person\/3e7d82c6bfd6b1fa67010f8f7cd5256e"},"breadcrumb":{"@id":"https:\/\/laprensacristiana.com\/?p=4553#breadcrumb"},"inLanguage":"es","potentialAction":[{"@type":"ReadAction","target":["https:\/\/laprensacristiana.com\/?p=4553"]}]},{"@type":"BreadcrumbList","@id":"https:\/\/laprensacristiana.com\/?p=4553#breadcrumb","itemListElement":[{"@type":"ListItem","position":1,"name":"Portada","item":"https:\/\/laprensacristiana.com\/"},{"@type":"ListItem","position":2,"name":"Triple Seven presenta su nuevo tema musical"}]},{"@type":"WebSite","@id":"https:\/\/laprensacristiana.com\/#website","url":"https:\/\/laprensacristiana.com\/","name":"La Prensa Cristiana","description":"Anunciando Las Buenas Nuevas","potentialAction":[{"@type":"SearchAction","target":{"@type":"EntryPoint","urlTemplate":"https:\/\/laprensacristiana.com\/?s={search_term_string}"},"query-input":"required name=search_term_string"}],"inLanguage":"es"},{"@type":"Person","@id":"https:\/\/laprensacristiana.com\/#\/schema\/person\/3e7d82c6bfd6b1fa67010f8f7cd5256e","name":"EDITOR","image":{"@type":"ImageObject","inLanguage":"es","@id":"https:\/\/laprensacristiana.com\/#\/schema\/person\/image\/","url":"https:\/\/secure.gravatar.com\/avatar\/72069dfb6c13772d9e8381e3638666d2?s=96&d=mm&r=g","contentUrl":"https:\/\/secure.gravatar.com\/avatar\/72069dfb6c13772d9e8381e3638666d2?s=96&d=mm&r=g","caption":"EDITOR"},"url":"https:\/\/laprensacristiana.com\/?author=3"}]}},"_links":{"self":[{"href":"https:\/\/laprensacristiana.com\/index.php?rest_route=\/wp\/v2\/posts\/4553"}],"collection":[{"href":"https:\/\/laprensacristiana.com\/index.php?rest_route=\/wp\/v2\/posts"}],"about":[{"href":"https:\/\/laprensacristiana.com\/index.php?rest_route=\/wp\/v2\/types\/post"}],"author":[{"embeddable":true,"href":"https:\/\/laprensacristiana.com\/index.php?rest_route=\/wp\/v2\/users\/3"}],"replies":[{"embeddable":true,"href":"https:\/\/laprensacristiana.com\/index.php?rest_route=%2Fwp%2Fv2%2Fcomments&post=4553"}],"version-history":[{"count":1,"href":"https:\/\/laprensacristiana.com\/index.php?rest_route=\/wp\/v2\/posts\/4553\/revisions"}],"predecessor-version":[{"id":4556,"href":"https:\/\/laprensacristiana.com\/index.php?rest_route=\/wp\/v2\/posts\/4553\/revisions\/4556"}],"wp:featuredmedia":[{"embeddable":true,"href":"https:\/\/laprensacristiana.com\/index.php?rest_route=\/wp\/v2\/media\/4555"}],"wp:attachment":[{"href":"https:\/\/laprensacristiana.com\/index.php?rest_route=%2Fwp%2Fv2%2Fmedia&parent=4553"}],"wp:term":[{"taxonomy":"category","embeddable":true,"href":"https:\/\/laprensacristiana.com\/index.php?rest_route=%2Fwp%2Fv2%2Fcategories&post=4553"},{"taxonomy":"post_tag","embeddable":true,"href":"https:\/\/laprensacristiana.com\/index.php?rest_route=%2Fwp%2Fv2%2Ftags&post=4553"}],"curies":[{"name":"wp","href":"https:\/\/api.w.org\/{rel}","templated":true}]}}