{"id":4561,"date":"2018-10-16T14:14:18","date_gmt":"2018-10-16T14:14:18","guid":{"rendered":"https:\/\/laprensacristiana.com\/?p=4561"},"modified":"2020-07-01T23:25:11","modified_gmt":"2020-07-01T23:25:11","slug":"como-fortalecer-la-familia","status":"publish","type":"post","link":"https:\/\/laprensacristiana.com\/?p=4561","title":{"rendered":"\u00bfC\u00f3mo fortalecer la familia?"},"content":{"rendered":"<p>\u00abLa familia se enfrenta a amenazas y peligros a diario y la \u00fanica forma de que esta se mantenga fortalecida y unida es nutri\u00e9ndola con verdaderos y permanentes cuidados\u201d, comenta el pastor de Misi\u00f3n Cristiana Elim, Gerardo Campos.<\/p>\n<p>Al consultarle al pastor Campos, \u00bfPor qu\u00e9 para la Iglesia es tan importante la familia? Nos menciona que \u201cEl buen desarrollo de la familia no es un proceso que ocurrir\u00e1 sin las acciones de los responsables de ella. Dejarla a \u201cla buena de Dios\u201d es descuidarla hasta hacerla disfuncional. La meta de las personas no deber\u00eda ser solo casarse y tener hijos para formar una familia, se deber\u00e1 tambi\u00e9n tener como meta trabajar en su fortalecimiento. La familia enfrenta peligros y amenazas en\u00a0 el presente y en el futuro y la \u00fanica manera de sacarla adelante es nutri\u00e9ndola con verdaderos y permanentes cuidados, es algo complejo al punto de los padres o cuidadores deber\u00edamos estar al tanto de las diferentes necesidades que se presentan\u201d.<\/p>\n<p>Ante la problem\u00e1tica de los factores que intervienen negativamente en el fortalecimiento de la familia se encuentran: la falta de valoraci\u00f3n de la familia, falta de comunicaci\u00f3n, priorizar cosas ajenas a la familia y otros.<\/p>\n<p>El pastor Gerardo Campos comparte que todo compromiso inicia con una decisi\u00f3n, \u201cAntes que tomar compromisos en la congregaci\u00f3n y servir en distintos programas eclesiales, se deber\u00eda tomar como el principal ministerio o servicio a la familia. Es triste ver evang\u00e9licos fieles a sus iglesias y desleales a los suyos\u201d, exclam\u00f3.<\/p>\n<p>Por su parte, el Dr. Oscar Dur\u00e1n representante de Global University, expresa que la familia es una de las ideas m\u00e1s maravillosas de Dios, de juntar al hombre y a la mujer para formar un c\u00edrculo familiar.<\/p>\n<p>Adem\u00e1s, considera que es importante hacerse la siguiente pregunta: \u00bfHay logro si gano a toda la comunidad y pierdo a mi familia?, argumenta al respecto, que mantener fortalecida la familia tiene muchas ventajas, entre estas: salud, paz, tranquilidad, armon\u00eda, comprensi\u00f3n, buena administraci\u00f3n financiera, privacidad, buen ejemplo social etc.<\/p>\n<p>El pastor Gerardo Campos, sostiene que los frutos de una familia fortalecida son: \u201cUna familia que honra y sirve a Dios en todas las \u00e1reas de su vida, cristianos que har\u00e1n la diferencia y que transformaran una sociedad necesitada de cambios en todas las esferas y matrimonios ejemplares que modelar\u00e1n el dise\u00f1o de Dios para el ser humano\u201d.<\/p>\n<p>\u201cDesde el 19 de septiembre de 1982 hasta la fecha, he tratado de vivir cristianamente y sigo aprendiendo que \u201cla universidad de la vida\u201d es la mejor y como dijo alguien: \u201cEsta vida es buena y la vida eterna es mejor\u201d, pero hay que vivir despiertos para las dos\u201d, coment\u00f3 el pastor Oscar Dur\u00e1n.<\/p>\n<p>Puesto que, la familia es considerada como el primer ministerio por la importancia que este tiene, las recomendaciones para fortalecerlo son: ser humildes, ser sencillos, consejer\u00eda familiar si es necesaria, verlo como un privilegio, darle el valor que merece y poner en pr\u00e1ctica lo escuchado de pr\u00e9dicas con temas familiares.<\/p>\n<p>&nbsp;<\/p>\n<p>&nbsp;<\/p>\n<p>&nbsp;<\/p>\n","protected":false},"excerpt":{"rendered":"<p>\u00abLa familia se enfrenta a amenazas y peligros a diario y la \u00fanica forma de que esta se mantenga fortalecida y unida es nutri\u00e9ndola con verdaderos y permanentes cuidados\u201d, comenta el pastor de Misi\u00f3n Cristiana Elim, Gerardo Campos. Al consultarle al pastor Campos, \u00bfPor qu\u00e9 para la Iglesia es tan importante la familia? Nos menciona [&hellip;]<\/p>\n","protected":false},"author":3,"featured_media":4562,"comment_status":"open","ping_status":"open","sticky":false,"template":"","format":"standard","meta":[],"categories":[26],"tags":[],"yoast_head":"<!-- This site is optimized with the Yoast SEO plugin v20.8 - https:\/\/yoast.com\/wordpress\/plugins\/seo\/ -->\n<title>\u00bfC\u00f3mo fortalecer la familia? - La Prensa Cristiana<\/title>\n<meta name=\"robots\" content=\"index, follow, max-snippet:-1, max-image-preview:large, max-video-preview:-1\" \/>\n<link rel=\"canonical\" href=\"https:\/\/laprensacristiana.com\/?p=4561\" \/>\n<meta property=\"og:locale\" content=\"es_ES\" \/>\n<meta property=\"og:type\" content=\"article\" \/>\n<meta property=\"og:title\" content=\"\u00bfC\u00f3mo fortalecer la familia? - La Prensa Cristiana\" \/>\n<meta property=\"og:description\" content=\"\u00abLa familia se enfrenta a amenazas y peligros a diario y la \u00fanica forma de que esta se mantenga fortalecida y unida es nutri\u00e9ndola con verdaderos y permanentes cuidados\u201d, comenta el pastor de Misi\u00f3n Cristiana Elim, Gerardo Campos. Al consultarle al pastor Campos, \u00bfPor qu\u00e9 para la Iglesia es tan importante la familia? Nos menciona [&hellip;]\" \/>\n<meta property=\"og:url\" content=\"https:\/\/laprensacristiana.com\/?p=4561\" \/>\n<meta property=\"og:site_name\" content=\"La Prensa Cristiana\" \/>\n<meta property=\"article:published_time\" content=\"2018-10-16T14:14:18+00:00\" \/>\n<meta property=\"article:modified_time\" content=\"2020-07-01T23:25:11+00:00\" \/>\n<meta property=\"og:image\" content=\"https:\/\/laprensacristiana.com\/wp-content\/uploads\/2018\/10\/LAZOS.jpg\" \/>\n\t<meta property=\"og:image:width\" content=\"701\" \/>\n\t<meta property=\"og:image:height\" content=\"316\" \/>\n\t<meta property=\"og:image:type\" content=\"image\/jpeg\" \/>\n<meta name=\"author\" content=\"EDITOR\" \/>\n<meta name=\"twitter:card\" content=\"summary_large_image\" \/>\n<meta name=\"twitter:label1\" content=\"Escrito por\" \/>\n\t<meta name=\"twitter:data1\" content=\"EDITOR\" \/>\n\t<meta name=\"twitter:label2\" content=\"Tiempo de lectura\" \/>\n\t<meta name=\"twitter:data2\" content=\"3 minutos\" \/>\n<script type=\"application\/ld+json\" class=\"yoast-schema-graph\">{\"@context\":\"https:\/\/schema.org\",\"@graph\":[{\"@type\":\"WebPage\",\"@id\":\"https:\/\/laprensacristiana.com\/?p=4561\",\"url\":\"https:\/\/laprensacristiana.com\/?p=4561\",\"name\":\"\u00bfC\u00f3mo fortalecer la familia? - La Prensa Cristiana\",\"isPartOf\":{\"@id\":\"https:\/\/laprensacristiana.com\/#website\"},\"datePublished\":\"2018-10-16T14:14:18+00:00\",\"dateModified\":\"2020-07-01T23:25:11+00:00\",\"author\":{\"@id\":\"https:\/\/laprensacristiana.com\/#\/schema\/person\/3e7d82c6bfd6b1fa67010f8f7cd5256e\"},\"breadcrumb\":{\"@id\":\"https:\/\/laprensacristiana.com\/?p=4561#breadcrumb\"},\"inLanguage\":\"es\",\"potentialAction\":[{\"@type\":\"ReadAction\",\"target\":[\"https:\/\/laprensacristiana.com\/?p=4561\"]}]},{\"@type\":\"BreadcrumbList\",\"@id\":\"https:\/\/laprensacristiana.com\/?p=4561#breadcrumb\",\"itemListElement\":[{\"@type\":\"ListItem\",\"position\":1,\"name\":\"Portada\",\"item\":\"https:\/\/laprensacristiana.com\/\"},{\"@type\":\"ListItem\",\"position\":2,\"name\":\"\u00bfC\u00f3mo fortalecer la familia?\"}]},{\"@type\":\"WebSite\",\"@id\":\"https:\/\/laprensacristiana.com\/#website\",\"url\":\"https:\/\/laprensacristiana.com\/\",\"name\":\"La Prensa Cristiana\",\"description\":\"Anunciando Las Buenas Nuevas\",\"potentialAction\":[{\"@type\":\"SearchAction\",\"target\":{\"@type\":\"EntryPoint\",\"urlTemplate\":\"https:\/\/laprensacristiana.com\/?s={search_term_string}\"},\"query-input\":\"required name=search_term_string\"}],\"inLanguage\":\"es\"},{\"@type\":\"Person\",\"@id\":\"https:\/\/laprensacristiana.com\/#\/schema\/person\/3e7d82c6bfd6b1fa67010f8f7cd5256e\",\"name\":\"EDITOR\",\"image\":{\"@type\":\"ImageObject\",\"inLanguage\":\"es\",\"@id\":\"https:\/\/laprensacristiana.com\/#\/schema\/person\/image\/\",\"url\":\"https:\/\/secure.gravatar.com\/avatar\/72069dfb6c13772d9e8381e3638666d2?s=96&d=mm&r=g\",\"contentUrl\":\"https:\/\/secure.gravatar.com\/avatar\/72069dfb6c13772d9e8381e3638666d2?s=96&d=mm&r=g\",\"caption\":\"EDITOR\"},\"url\":\"https:\/\/laprensacristiana.com\/?author=3\"}]}<\/script>\n<!-- \/ Yoast SEO plugin. -->","yoast_head_json":{"title":"\u00bfC\u00f3mo fortalecer la familia? - La Prensa Cristiana","robots":{"index":"index","follow":"follow","max-snippet":"max-snippet:-1","max-image-preview":"max-image-preview:large","max-video-preview":"max-video-preview:-1"},"canonical":"https:\/\/laprensacristiana.com\/?p=4561","og_locale":"es_ES","og_type":"article","og_title":"\u00bfC\u00f3mo fortalecer la familia? - La Prensa Cristiana","og_description":"\u00abLa familia se enfrenta a amenazas y peligros a diario y la \u00fanica forma de que esta se mantenga fortalecida y unida es nutri\u00e9ndola con verdaderos y permanentes cuidados\u201d, comenta el pastor de Misi\u00f3n Cristiana Elim, Gerardo Campos. Al consultarle al pastor Campos, \u00bfPor qu\u00e9 para la Iglesia es tan importante la familia? Nos menciona [&hellip;]","og_url":"https:\/\/laprensacristiana.com\/?p=4561","og_site_name":"La Prensa Cristiana","article_published_time":"2018-10-16T14:14:18+00:00","article_modified_time":"2020-07-01T23:25:11+00:00","og_image":[{"width":701,"height":316,"url":"https:\/\/laprensacristiana.com\/wp-content\/uploads\/2018\/10\/LAZOS.jpg","type":"image\/jpeg"}],"author":"EDITOR","twitter_card":"summary_large_image","twitter_misc":{"Escrito por":"EDITOR","Tiempo de lectura":"3 minutos"},"schema":{"@context":"https:\/\/schema.org","@graph":[{"@type":"WebPage","@id":"https:\/\/laprensacristiana.com\/?p=4561","url":"https:\/\/laprensacristiana.com\/?p=4561","name":"\u00bfC\u00f3mo fortalecer la familia? - La Prensa Cristiana","isPartOf":{"@id":"https:\/\/laprensacristiana.com\/#website"},"datePublished":"2018-10-16T14:14:18+00:00","dateModified":"2020-07-01T23:25:11+00:00","author":{"@id":"https:\/\/laprensacristiana.com\/#\/schema\/person\/3e7d82c6bfd6b1fa67010f8f7cd5256e"},"breadcrumb":{"@id":"https:\/\/laprensacristiana.com\/?p=4561#breadcrumb"},"inLanguage":"es","potentialAction":[{"@type":"ReadAction","target":["https:\/\/laprensacristiana.com\/?p=4561"]}]},{"@type":"BreadcrumbList","@id":"https:\/\/laprensacristiana.com\/?p=4561#breadcrumb","itemListElement":[{"@type":"ListItem","position":1,"name":"Portada","item":"https:\/\/laprensacristiana.com\/"},{"@type":"ListItem","position":2,"name":"\u00bfC\u00f3mo fortalecer la familia?"}]},{"@type":"WebSite","@id":"https:\/\/laprensacristiana.com\/#website","url":"https:\/\/laprensacristiana.com\/","name":"La Prensa Cristiana","description":"Anunciando Las Buenas Nuevas","potentialAction":[{"@type":"SearchAction","target":{"@type":"EntryPoint","urlTemplate":"https:\/\/laprensacristiana.com\/?s={search_term_string}"},"query-input":"required name=search_term_string"}],"inLanguage":"es"},{"@type":"Person","@id":"https:\/\/laprensacristiana.com\/#\/schema\/person\/3e7d82c6bfd6b1fa67010f8f7cd5256e","name":"EDITOR","image":{"@type":"ImageObject","inLanguage":"es","@id":"https:\/\/laprensacristiana.com\/#\/schema\/person\/image\/","url":"https:\/\/secure.gravatar.com\/avatar\/72069dfb6c13772d9e8381e3638666d2?s=96&d=mm&r=g","contentUrl":"https:\/\/secure.gravatar.com\/avatar\/72069dfb6c13772d9e8381e3638666d2?s=96&d=mm&r=g","caption":"EDITOR"},"url":"https:\/\/laprensacristiana.com\/?author=3"}]}},"_links":{"self":[{"href":"https:\/\/laprensacristiana.com\/index.php?rest_route=\/wp\/v2\/posts\/4561"}],"collection":[{"href":"https:\/\/laprensacristiana.com\/index.php?rest_route=\/wp\/v2\/posts"}],"about":[{"href":"https:\/\/laprensacristiana.com\/index.php?rest_route=\/wp\/v2\/types\/post"}],"author":[{"embeddable":true,"href":"https:\/\/laprensacristiana.com\/index.php?rest_route=\/wp\/v2\/users\/3"}],"replies":[{"embeddable":true,"href":"https:\/\/laprensacristiana.com\/index.php?rest_route=%2Fwp%2Fv2%2Fcomments&post=4561"}],"version-history":[{"count":2,"href":"https:\/\/laprensacristiana.com\/index.php?rest_route=\/wp\/v2\/posts\/4561\/revisions"}],"predecessor-version":[{"id":4564,"href":"https:\/\/laprensacristiana.com\/index.php?rest_route=\/wp\/v2\/posts\/4561\/revisions\/4564"}],"wp:featuredmedia":[{"embeddable":true,"href":"https:\/\/laprensacristiana.com\/index.php?rest_route=\/wp\/v2\/media\/4562"}],"wp:attachment":[{"href":"https:\/\/laprensacristiana.com\/index.php?rest_route=%2Fwp%2Fv2%2Fmedia&parent=4561"}],"wp:term":[{"taxonomy":"category","embeddable":true,"href":"https:\/\/laprensacristiana.com\/index.php?rest_route=%2Fwp%2Fv2%2Fcategories&post=4561"},{"taxonomy":"post_tag","embeddable":true,"href":"https:\/\/laprensacristiana.com\/index.php?rest_route=%2Fwp%2Fv2%2Ftags&post=4561"}],"curies":[{"name":"wp","href":"https:\/\/api.w.org\/{rel}","templated":true}]}}