{"id":4579,"date":"2018-10-18T21:02:21","date_gmt":"2018-10-18T21:02:21","guid":{"rendered":"https:\/\/laprensacristiana.com\/?p=4579"},"modified":"2018-10-18T21:02:21","modified_gmt":"2018-10-18T21:02:21","slug":"como-tratar-la-tos-en-casa","status":"publish","type":"post","link":"https:\/\/laprensacristiana.com\/?p=4579","title":{"rendered":"\u00bfC\u00f3mo tratar la tos en casa?"},"content":{"rendered":"<p>Con estas variantes de clima, la mayor\u00eda de ni\u00f1os acude al pediatra con s\u00edntomas respiratorios, y la mayor consulta o preocupaci\u00f3n son los episodios agudos de tos, que al parecer no dejan descansar al peque\u00f1o y preocupa a los padres.<\/p>\n<p>Hay ciertos puntos que se deben de aclarar y que como padre tenemos que tomar en cuenta cada vez que el peque\u00f1o curse con un cuadro respiratorio, en esta ocasi\u00f3n y ya que las condiciones clim\u00e1ticas lo permiten queremos recordarles a los padres puntos de que es la tos y como poderla manejar en casa.<\/p>\n<ol>\n<li>La tos como tal, es un mecanismo de defensa del aparato respiratorio. Esto significa que tiene la funci\u00f3n de eliminar secreciones y cuerpos extra\u00f1os para as\u00ed mantener la v\u00eda a\u00e9rea limpia y abierta.<\/li>\n<li>La causa m\u00e1s frecuente de tos aguda son los catarros, estos catarros son producidos en su gran mayor\u00eda por centenares de virus diferentes, esto significa que resuelven sin medicaci\u00f3n en una o dos semanas.<\/li>\n<li>La tos no debe tratarse en casa sin autorizaci\u00f3n medica con \u201cjarabes\u201d que est\u00e9n destinados a eliminar la tos. Especialmente en menores de 5 a\u00f1os, ya que ha sido demostrado que no son muy eficaces; el uso de cualquier medicamento siempre tendr\u00e1 que ser bajo la supervisi\u00f3n del m\u00e9dico de la familia.<\/li>\n<li>Si eliminamos la tos del todo, el ni\u00f1o tendr\u00eda mayor retenci\u00f3n de mocos, obstrucci\u00f3n de la v\u00eda a\u00e9rea y esto llevar\u00eda a mayor riesgo de complicaciones como otitis y neumon\u00eda.<\/li>\n<li>Los <strong>Antibi\u00f3ticos <\/strong><strong>no son eficaces,<\/strong> en el tratamiento de catarros y est\u00e1n contraindicados.<\/li>\n<li>Es de mayor importancia que los ni\u00f1os con catarro est\u00e9n adecuadamente hidratados. Hay que darles l\u00edquidos con mayor frecuencia<\/li>\n<li>En algunas ocasiones est\u00e1 recomendado y dan mejor resultado, los lavados nasales, pregunta a tu pediatra la mejor forma de hacerlo<\/li>\n<li>Evitar la exposici\u00f3n al humo, en especial al humo de tabaco y le\u00f1a.<\/li>\n<li>Lavarse las manos con frecuencia, disminuir\u00e1 el riesgo de contagio si hay otros ni\u00f1os en casa.<\/li>\n<li>Consultar a tu pediatra si aparecen signos de peligro tales como:\n<ol>\n<li>Dificultad para respirar (se marcan las costillas, se hunde el estern\u00f3n, se escuchan silbidos cuando respira, respiraci\u00f3n r\u00e1pida aun estando tranquilo) esto puede ser signos tempranos de neumon\u00eda.<\/li>\n<li>Fiebre ( temperatura mayor a 38.5\u00b0 C ) que dure m\u00e1s de tres d\u00edas y solo pueda ser controlada con el uso de acetaminof\u00e9n o paracetamol<\/li>\n<li>Dolor de o\u00eddos o supuraci\u00f3n<\/li>\n<li>Tos y mocos que sobrepasen los 10 d\u00edas.<\/li>\n<\/ol>\n<\/li>\n<\/ol>\n<p>En esto 10 puntos se resumen lo que como padres debemos saber de la tos, recordar que cada ni\u00f1o es diferente, y es importante no auto medicar y consultar siempre con el pediatra de la familia.<\/p>\n<p><img decoding=\"async\" loading=\"lazy\" class=\"alignnone size-full wp-image-4550\" src=\"https:\/\/laprensacristiana.com\/wp-content\/uploads\/2018\/10\/CINTILLO.jpg\" alt=\"\" width=\"1000\" height=\"200\" srcset=\"https:\/\/laprensacristiana.com\/wp-content\/uploads\/2018\/10\/CINTILLO.jpg 1000w, https:\/\/laprensacristiana.com\/wp-content\/uploads\/2018\/10\/CINTILLO-600x120.jpg 600w, https:\/\/laprensacristiana.com\/wp-content\/uploads\/2018\/10\/CINTILLO-300x60.jpg 300w, https:\/\/laprensacristiana.com\/wp-content\/uploads\/2018\/10\/CINTILLO-768x154.jpg 768w, https:\/\/laprensacristiana.com\/wp-content\/uploads\/2018\/10\/CINTILLO-696x139.jpg 696w\" sizes=\"(max-width: 1000px) 100vw, 1000px\" \/><\/p>\n<p>&nbsp;<\/p>\n","protected":false},"excerpt":{"rendered":"<p>Con estas variantes de clima, la mayor\u00eda de ni\u00f1os acude al pediatra con s\u00edntomas respiratorios, y la mayor consulta o preocupaci\u00f3n son los episodios agudos de tos, que al parecer no dejan descansar al peque\u00f1o y preocupa a los padres. Hay ciertos puntos que se deben de aclarar y que como padre tenemos que tomar [&hellip;]<\/p>\n","protected":false},"author":3,"featured_media":3359,"comment_status":"open","ping_status":"open","sticky":false,"template":"","format":"standard","meta":[],"categories":[2],"tags":[],"yoast_head":"<!-- This site is optimized with the Yoast SEO plugin v20.8 - https:\/\/yoast.com\/wordpress\/plugins\/seo\/ -->\n<title>\u00bfC\u00f3mo tratar la tos en casa? - La Prensa Cristiana<\/title>\n<meta name=\"robots\" content=\"index, follow, max-snippet:-1, max-image-preview:large, max-video-preview:-1\" \/>\n<link rel=\"canonical\" href=\"https:\/\/laprensacristiana.com\/?p=4579\" \/>\n<meta property=\"og:locale\" content=\"es_ES\" \/>\n<meta property=\"og:type\" content=\"article\" \/>\n<meta property=\"og:title\" content=\"\u00bfC\u00f3mo tratar la tos en casa? - La Prensa Cristiana\" \/>\n<meta property=\"og:description\" content=\"Con estas variantes de clima, la mayor\u00eda de ni\u00f1os acude al pediatra con s\u00edntomas respiratorios, y la mayor consulta o preocupaci\u00f3n son los episodios agudos de tos, que al parecer no dejan descansar al peque\u00f1o y preocupa a los padres. Hay ciertos puntos que se deben de aclarar y que como padre tenemos que tomar [&hellip;]\" \/>\n<meta property=\"og:url\" content=\"https:\/\/laprensacristiana.com\/?p=4579\" \/>\n<meta property=\"og:site_name\" content=\"La Prensa Cristiana\" \/>\n<meta property=\"article:published_time\" content=\"2018-10-18T21:02:21+00:00\" \/>\n<meta property=\"og:image\" content=\"https:\/\/laprensacristiana.com\/wp-content\/uploads\/2017\/12\/DR-QUINTANILLA-scaled.jpg\" \/>\n\t<meta property=\"og:image:width\" content=\"2560\" \/>\n\t<meta property=\"og:image:height\" content=\"1429\" \/>\n\t<meta property=\"og:image:type\" content=\"image\/jpeg\" \/>\n<meta name=\"author\" content=\"EDITOR\" \/>\n<meta name=\"twitter:card\" content=\"summary_large_image\" \/>\n<meta name=\"twitter:label1\" content=\"Escrito por\" \/>\n\t<meta name=\"twitter:data1\" content=\"EDITOR\" \/>\n\t<meta name=\"twitter:label2\" content=\"Tiempo de lectura\" \/>\n\t<meta name=\"twitter:data2\" content=\"2 minutos\" \/>\n<script type=\"application\/ld+json\" class=\"yoast-schema-graph\">{\"@context\":\"https:\/\/schema.org\",\"@graph\":[{\"@type\":\"WebPage\",\"@id\":\"https:\/\/laprensacristiana.com\/?p=4579\",\"url\":\"https:\/\/laprensacristiana.com\/?p=4579\",\"name\":\"\u00bfC\u00f3mo tratar la tos en casa? - La Prensa Cristiana\",\"isPartOf\":{\"@id\":\"https:\/\/laprensacristiana.com\/#website\"},\"datePublished\":\"2018-10-18T21:02:21+00:00\",\"dateModified\":\"2018-10-18T21:02:21+00:00\",\"author\":{\"@id\":\"https:\/\/laprensacristiana.com\/#\/schema\/person\/3e7d82c6bfd6b1fa67010f8f7cd5256e\"},\"breadcrumb\":{\"@id\":\"https:\/\/laprensacristiana.com\/?p=4579#breadcrumb\"},\"inLanguage\":\"es\",\"potentialAction\":[{\"@type\":\"ReadAction\",\"target\":[\"https:\/\/laprensacristiana.com\/?p=4579\"]}]},{\"@type\":\"BreadcrumbList\",\"@id\":\"https:\/\/laprensacristiana.com\/?p=4579#breadcrumb\",\"itemListElement\":[{\"@type\":\"ListItem\",\"position\":1,\"name\":\"Portada\",\"item\":\"https:\/\/laprensacristiana.com\/\"},{\"@type\":\"ListItem\",\"position\":2,\"name\":\"\u00bfC\u00f3mo tratar la tos en casa?\"}]},{\"@type\":\"WebSite\",\"@id\":\"https:\/\/laprensacristiana.com\/#website\",\"url\":\"https:\/\/laprensacristiana.com\/\",\"name\":\"La Prensa Cristiana\",\"description\":\"Anunciando Las Buenas Nuevas\",\"potentialAction\":[{\"@type\":\"SearchAction\",\"target\":{\"@type\":\"EntryPoint\",\"urlTemplate\":\"https:\/\/laprensacristiana.com\/?s={search_term_string}\"},\"query-input\":\"required name=search_term_string\"}],\"inLanguage\":\"es\"},{\"@type\":\"Person\",\"@id\":\"https:\/\/laprensacristiana.com\/#\/schema\/person\/3e7d82c6bfd6b1fa67010f8f7cd5256e\",\"name\":\"EDITOR\",\"image\":{\"@type\":\"ImageObject\",\"inLanguage\":\"es\",\"@id\":\"https:\/\/laprensacristiana.com\/#\/schema\/person\/image\/\",\"url\":\"https:\/\/secure.gravatar.com\/avatar\/72069dfb6c13772d9e8381e3638666d2?s=96&d=mm&r=g\",\"contentUrl\":\"https:\/\/secure.gravatar.com\/avatar\/72069dfb6c13772d9e8381e3638666d2?s=96&d=mm&r=g\",\"caption\":\"EDITOR\"},\"url\":\"https:\/\/laprensacristiana.com\/?author=3\"}]}<\/script>\n<!-- \/ Yoast SEO plugin. -->","yoast_head_json":{"title":"\u00bfC\u00f3mo tratar la tos en casa? - La Prensa Cristiana","robots":{"index":"index","follow":"follow","max-snippet":"max-snippet:-1","max-image-preview":"max-image-preview:large","max-video-preview":"max-video-preview:-1"},"canonical":"https:\/\/laprensacristiana.com\/?p=4579","og_locale":"es_ES","og_type":"article","og_title":"\u00bfC\u00f3mo tratar la tos en casa? - La Prensa Cristiana","og_description":"Con estas variantes de clima, la mayor\u00eda de ni\u00f1os acude al pediatra con s\u00edntomas respiratorios, y la mayor consulta o preocupaci\u00f3n son los episodios agudos de tos, que al parecer no dejan descansar al peque\u00f1o y preocupa a los padres. Hay ciertos puntos que se deben de aclarar y que como padre tenemos que tomar [&hellip;]","og_url":"https:\/\/laprensacristiana.com\/?p=4579","og_site_name":"La Prensa Cristiana","article_published_time":"2018-10-18T21:02:21+00:00","og_image":[{"width":2560,"height":1429,"url":"https:\/\/laprensacristiana.com\/wp-content\/uploads\/2017\/12\/DR-QUINTANILLA-scaled.jpg","type":"image\/jpeg"}],"author":"EDITOR","twitter_card":"summary_large_image","twitter_misc":{"Escrito por":"EDITOR","Tiempo de lectura":"2 minutos"},"schema":{"@context":"https:\/\/schema.org","@graph":[{"@type":"WebPage","@id":"https:\/\/laprensacristiana.com\/?p=4579","url":"https:\/\/laprensacristiana.com\/?p=4579","name":"\u00bfC\u00f3mo tratar la tos en casa? - La Prensa Cristiana","isPartOf":{"@id":"https:\/\/laprensacristiana.com\/#website"},"datePublished":"2018-10-18T21:02:21+00:00","dateModified":"2018-10-18T21:02:21+00:00","author":{"@id":"https:\/\/laprensacristiana.com\/#\/schema\/person\/3e7d82c6bfd6b1fa67010f8f7cd5256e"},"breadcrumb":{"@id":"https:\/\/laprensacristiana.com\/?p=4579#breadcrumb"},"inLanguage":"es","potentialAction":[{"@type":"ReadAction","target":["https:\/\/laprensacristiana.com\/?p=4579"]}]},{"@type":"BreadcrumbList","@id":"https:\/\/laprensacristiana.com\/?p=4579#breadcrumb","itemListElement":[{"@type":"ListItem","position":1,"name":"Portada","item":"https:\/\/laprensacristiana.com\/"},{"@type":"ListItem","position":2,"name":"\u00bfC\u00f3mo tratar la tos en casa?"}]},{"@type":"WebSite","@id":"https:\/\/laprensacristiana.com\/#website","url":"https:\/\/laprensacristiana.com\/","name":"La Prensa Cristiana","description":"Anunciando Las Buenas Nuevas","potentialAction":[{"@type":"SearchAction","target":{"@type":"EntryPoint","urlTemplate":"https:\/\/laprensacristiana.com\/?s={search_term_string}"},"query-input":"required name=search_term_string"}],"inLanguage":"es"},{"@type":"Person","@id":"https:\/\/laprensacristiana.com\/#\/schema\/person\/3e7d82c6bfd6b1fa67010f8f7cd5256e","name":"EDITOR","image":{"@type":"ImageObject","inLanguage":"es","@id":"https:\/\/laprensacristiana.com\/#\/schema\/person\/image\/","url":"https:\/\/secure.gravatar.com\/avatar\/72069dfb6c13772d9e8381e3638666d2?s=96&d=mm&r=g","contentUrl":"https:\/\/secure.gravatar.com\/avatar\/72069dfb6c13772d9e8381e3638666d2?s=96&d=mm&r=g","caption":"EDITOR"},"url":"https:\/\/laprensacristiana.com\/?author=3"}]}},"_links":{"self":[{"href":"https:\/\/laprensacristiana.com\/index.php?rest_route=\/wp\/v2\/posts\/4579"}],"collection":[{"href":"https:\/\/laprensacristiana.com\/index.php?rest_route=\/wp\/v2\/posts"}],"about":[{"href":"https:\/\/laprensacristiana.com\/index.php?rest_route=\/wp\/v2\/types\/post"}],"author":[{"embeddable":true,"href":"https:\/\/laprensacristiana.com\/index.php?rest_route=\/wp\/v2\/users\/3"}],"replies":[{"embeddable":true,"href":"https:\/\/laprensacristiana.com\/index.php?rest_route=%2Fwp%2Fv2%2Fcomments&post=4579"}],"version-history":[{"count":1,"href":"https:\/\/laprensacristiana.com\/index.php?rest_route=\/wp\/v2\/posts\/4579\/revisions"}],"predecessor-version":[{"id":4580,"href":"https:\/\/laprensacristiana.com\/index.php?rest_route=\/wp\/v2\/posts\/4579\/revisions\/4580"}],"wp:featuredmedia":[{"embeddable":true,"href":"https:\/\/laprensacristiana.com\/index.php?rest_route=\/wp\/v2\/media\/3359"}],"wp:attachment":[{"href":"https:\/\/laprensacristiana.com\/index.php?rest_route=%2Fwp%2Fv2%2Fmedia&parent=4579"}],"wp:term":[{"taxonomy":"category","embeddable":true,"href":"https:\/\/laprensacristiana.com\/index.php?rest_route=%2Fwp%2Fv2%2Fcategories&post=4579"},{"taxonomy":"post_tag","embeddable":true,"href":"https:\/\/laprensacristiana.com\/index.php?rest_route=%2Fwp%2Fv2%2Ftags&post=4579"}],"curies":[{"name":"wp","href":"https:\/\/api.w.org\/{rel}","templated":true}]}}