{"id":4599,"date":"2018-10-23T20:46:46","date_gmt":"2018-10-23T20:46:46","guid":{"rendered":"https:\/\/laprensacristiana.com\/?p=4599"},"modified":"2018-10-23T20:46:46","modified_gmt":"2018-10-23T20:46:46","slug":"las-propuestas-en-seguridad-de-los-candidatos-a-la-presidencia","status":"publish","type":"post","link":"https:\/\/laprensacristiana.com\/?p=4599","title":{"rendered":"LAS PROPUESTAS EN SEGURIDAD DE LOS CANDIDATOS A LA PRESIDENCIA"},"content":{"rendered":"<p>por Pastor Mario Vega\/Misi\u00f3n Cristiana Elim<\/p>\n<p>Hace diez a\u00f1os hablar del tema de la prevenci\u00f3n de la violencia era considerado tener una posici\u00f3n blandengue y de simpat\u00eda con las pandillas.<span id=\"more-9355\"><\/span>\u00a0Hoy, despu\u00e9s de mucha reflexi\u00f3n, insistencia y, sobre todo, despu\u00e9s de los resultados desalentadores que han producido las diferentes pol\u00edticas de mano dura, finalmente ha quedado instalado el concepto de prevenci\u00f3n como totalmente razonable y valedero. Finalmente se ha comprendido que la prevenci\u00f3n de ninguna manera excluye la persecuci\u00f3n legal del delito como simplonamente se interpret\u00f3 por a\u00f1os.<\/p>\n<p>El tema de la prevenci\u00f3n ahora es una constante en el discurso de los cuatro candidatos a la presidencia. Ninguno de ellos tiene m\u00e1s una propuesta de incremento de las acciones represivas. No obstante, es importante que cada uno de ellos aclare lo que entiende tanto por prevenci\u00f3n como por represi\u00f3n.<\/p>\n<p>Si por prevenci\u00f3n de la violencia se entienden acciones tan dispersas y superficiales como el borrado de grafitis, iluminaci\u00f3n de una calle, pi\u00f1atas comunitarias o festivales bailables sin duda que no se lograr\u00e1 ning\u00fan tipo de mejora. La prevenci\u00f3n aut\u00e9ntica es aquella que va dirigida a resolver las ra\u00edces de la violencia, las cuales, son las condiciones de marginaci\u00f3n y exclusi\u00f3n en que viven las mayor\u00edas. Para que la prevenci\u00f3n sea efectiva debe ser focalizada, es decir, debe concentrar su esfuerzo en los municipios y sectores donde se produce la mayor incidencia de factores de riesgo que esencialmente son los \u00edndices de homicidios combinados con los de exclusi\u00f3n. Adem\u00e1s, la prevenci\u00f3n debe ser integral, con una coordinaci\u00f3n interinstitucional gubernamental asociada a las entidades ciudadanas que, de manera directa o indirecta, trabajan en prevenci\u00f3n de la violencia.<\/p>\n<p>Si se repite que la violencia es multicausal, la prevenci\u00f3n debe entonces atender a esas m\u00faltiples causas. El atender una causa para luego pasar a otra es decantar el fen\u00f3meno de la violencia de un punto a otro. Por ello, debe ser atendida en todas sus aristas de manera simult\u00e1nea. Se deben atender al mismo tiempo todas las condiciones que provocan el sentimiento de humillaci\u00f3n en los ni\u00f1os. No dejar lugar para que se desarrolle el pat\u00f3geno de la violencia.<\/p>\n<p>Finalmente, la prevenci\u00f3n debe ser persistente. Se trata de una labor de sembrar y cosechar. No hay atajos, los resultados ser\u00e1n notorios hasta que se forme una nueva generaci\u00f3n de j\u00f3venes que hayan disfrutado de oportunidades reales de vida. Precisamente porque la prevenci\u00f3n toma tiempo, se necesita ir m\u00e1s all\u00e1 de una administraci\u00f3n presidencial. El tema de la seguridad ya no puede continuar manej\u00e1ndose electoralmente y debe pasar a un enfoque de pol\u00edtica de naci\u00f3n.<\/p>\n<p>De igual manera es importante que los candidatos especifiquen lo que entienden por represi\u00f3n. Si con ello se refieren a una persecuci\u00f3n del delito que no observa protocolos ni el respeto a los derechos humanos, principalmente el de la vida, no se llegar\u00e1 muy lejos con el esfuerzo.<\/p>\n<p>Todo lo que se pueda hacer en el campo de la prevenci\u00f3n se vendr\u00e1 abajo al continuar con una persecuci\u00f3n violenta e igualmente criminal. La prevenci\u00f3n debe estar fundada en la inteligencia y en la identificaci\u00f3n cient\u00edfica de los responsables de cr\u00edmenes y asesinatos. Una persecuci\u00f3n basada en la detenci\u00f3n de los culpables no se vuelve repulsiva para los ciudadanos, lo que permite ganar la batalla por la conciencia de las comunidades. Solo as\u00ed la polic\u00eda ser\u00e1 vista como una garant\u00eda de protecci\u00f3n y no como una amenaza a la que se le teme m\u00e1s que a las mismas pandillas.<\/p>\n","protected":false},"excerpt":{"rendered":"<p>por Pastor Mario Vega\/Misi\u00f3n Cristiana Elim Hace diez a\u00f1os hablar del tema de la prevenci\u00f3n de la violencia era considerado tener una posici\u00f3n blandengue y de simpat\u00eda con las pandillas.\u00a0Hoy, despu\u00e9s de mucha reflexi\u00f3n, insistencia y, sobre todo, despu\u00e9s de los resultados desalentadores que han producido las diferentes pol\u00edticas de mano dura, finalmente ha quedado [&hellip;]<\/p>\n","protected":false},"author":3,"featured_media":4600,"comment_status":"open","ping_status":"open","sticky":false,"template":"","format":"standard","meta":[],"categories":[23],"tags":[],"yoast_head":"<!-- This site is optimized with the Yoast SEO plugin v20.8 - https:\/\/yoast.com\/wordpress\/plugins\/seo\/ -->\n<title>LAS PROPUESTAS EN SEGURIDAD DE LOS CANDIDATOS A LA PRESIDENCIA - La Prensa Cristiana<\/title>\n<meta name=\"robots\" content=\"index, follow, max-snippet:-1, max-image-preview:large, max-video-preview:-1\" \/>\n<link rel=\"canonical\" href=\"https:\/\/laprensacristiana.com\/?p=4599\" \/>\n<meta property=\"og:locale\" content=\"es_ES\" \/>\n<meta property=\"og:type\" content=\"article\" \/>\n<meta property=\"og:title\" content=\"LAS PROPUESTAS EN SEGURIDAD DE LOS CANDIDATOS A LA PRESIDENCIA - La Prensa Cristiana\" \/>\n<meta property=\"og:description\" content=\"por Pastor Mario Vega\/Misi\u00f3n Cristiana Elim Hace diez a\u00f1os hablar del tema de la prevenci\u00f3n de la violencia era considerado tener una posici\u00f3n blandengue y de simpat\u00eda con las pandillas.\u00a0Hoy, despu\u00e9s de mucha reflexi\u00f3n, insistencia y, sobre todo, despu\u00e9s de los resultados desalentadores que han producido las diferentes pol\u00edticas de mano dura, finalmente ha quedado [&hellip;]\" \/>\n<meta property=\"og:url\" content=\"https:\/\/laprensacristiana.com\/?p=4599\" \/>\n<meta property=\"og:site_name\" content=\"La Prensa Cristiana\" \/>\n<meta property=\"article:published_time\" content=\"2018-10-23T20:46:46+00:00\" \/>\n<meta property=\"og:image\" content=\"https:\/\/laprensacristiana.com\/wp-content\/uploads\/2018\/10\/OPINION-01-scaled.jpg\" \/>\n\t<meta property=\"og:image:width\" content=\"2560\" \/>\n\t<meta property=\"og:image:height\" content=\"1429\" \/>\n\t<meta property=\"og:image:type\" content=\"image\/jpeg\" \/>\n<meta name=\"author\" content=\"EDITOR\" \/>\n<meta name=\"twitter:card\" content=\"summary_large_image\" \/>\n<meta name=\"twitter:label1\" content=\"Escrito por\" \/>\n\t<meta name=\"twitter:data1\" content=\"EDITOR\" \/>\n\t<meta name=\"twitter:label2\" content=\"Tiempo de lectura\" \/>\n\t<meta name=\"twitter:data2\" content=\"3 minutos\" \/>\n<script type=\"application\/ld+json\" class=\"yoast-schema-graph\">{\"@context\":\"https:\/\/schema.org\",\"@graph\":[{\"@type\":\"WebPage\",\"@id\":\"https:\/\/laprensacristiana.com\/?p=4599\",\"url\":\"https:\/\/laprensacristiana.com\/?p=4599\",\"name\":\"LAS PROPUESTAS EN SEGURIDAD DE LOS CANDIDATOS A LA PRESIDENCIA - La Prensa Cristiana\",\"isPartOf\":{\"@id\":\"https:\/\/laprensacristiana.com\/#website\"},\"datePublished\":\"2018-10-23T20:46:46+00:00\",\"dateModified\":\"2018-10-23T20:46:46+00:00\",\"author\":{\"@id\":\"https:\/\/laprensacristiana.com\/#\/schema\/person\/3e7d82c6bfd6b1fa67010f8f7cd5256e\"},\"breadcrumb\":{\"@id\":\"https:\/\/laprensacristiana.com\/?p=4599#breadcrumb\"},\"inLanguage\":\"es\",\"potentialAction\":[{\"@type\":\"ReadAction\",\"target\":[\"https:\/\/laprensacristiana.com\/?p=4599\"]}]},{\"@type\":\"BreadcrumbList\",\"@id\":\"https:\/\/laprensacristiana.com\/?p=4599#breadcrumb\",\"itemListElement\":[{\"@type\":\"ListItem\",\"position\":1,\"name\":\"Portada\",\"item\":\"https:\/\/laprensacristiana.com\/\"},{\"@type\":\"ListItem\",\"position\":2,\"name\":\"LAS PROPUESTAS EN SEGURIDAD DE LOS CANDIDATOS A LA PRESIDENCIA\"}]},{\"@type\":\"WebSite\",\"@id\":\"https:\/\/laprensacristiana.com\/#website\",\"url\":\"https:\/\/laprensacristiana.com\/\",\"name\":\"La Prensa Cristiana\",\"description\":\"Anunciando Las Buenas Nuevas\",\"potentialAction\":[{\"@type\":\"SearchAction\",\"target\":{\"@type\":\"EntryPoint\",\"urlTemplate\":\"https:\/\/laprensacristiana.com\/?s={search_term_string}\"},\"query-input\":\"required name=search_term_string\"}],\"inLanguage\":\"es\"},{\"@type\":\"Person\",\"@id\":\"https:\/\/laprensacristiana.com\/#\/schema\/person\/3e7d82c6bfd6b1fa67010f8f7cd5256e\",\"name\":\"EDITOR\",\"image\":{\"@type\":\"ImageObject\",\"inLanguage\":\"es\",\"@id\":\"https:\/\/laprensacristiana.com\/#\/schema\/person\/image\/\",\"url\":\"https:\/\/secure.gravatar.com\/avatar\/72069dfb6c13772d9e8381e3638666d2?s=96&d=mm&r=g\",\"contentUrl\":\"https:\/\/secure.gravatar.com\/avatar\/72069dfb6c13772d9e8381e3638666d2?s=96&d=mm&r=g\",\"caption\":\"EDITOR\"},\"url\":\"https:\/\/laprensacristiana.com\/?author=3\"}]}<\/script>\n<!-- \/ Yoast SEO plugin. -->","yoast_head_json":{"title":"LAS PROPUESTAS EN SEGURIDAD DE LOS CANDIDATOS A LA PRESIDENCIA - La Prensa Cristiana","robots":{"index":"index","follow":"follow","max-snippet":"max-snippet:-1","max-image-preview":"max-image-preview:large","max-video-preview":"max-video-preview:-1"},"canonical":"https:\/\/laprensacristiana.com\/?p=4599","og_locale":"es_ES","og_type":"article","og_title":"LAS PROPUESTAS EN SEGURIDAD DE LOS CANDIDATOS A LA PRESIDENCIA - La Prensa Cristiana","og_description":"por Pastor Mario Vega\/Misi\u00f3n Cristiana Elim Hace diez a\u00f1os hablar del tema de la prevenci\u00f3n de la violencia era considerado tener una posici\u00f3n blandengue y de simpat\u00eda con las pandillas.\u00a0Hoy, despu\u00e9s de mucha reflexi\u00f3n, insistencia y, sobre todo, despu\u00e9s de los resultados desalentadores que han producido las diferentes pol\u00edticas de mano dura, finalmente ha quedado [&hellip;]","og_url":"https:\/\/laprensacristiana.com\/?p=4599","og_site_name":"La Prensa Cristiana","article_published_time":"2018-10-23T20:46:46+00:00","og_image":[{"width":2560,"height":1429,"url":"https:\/\/laprensacristiana.com\/wp-content\/uploads\/2018\/10\/OPINION-01-scaled.jpg","type":"image\/jpeg"}],"author":"EDITOR","twitter_card":"summary_large_image","twitter_misc":{"Escrito por":"EDITOR","Tiempo de lectura":"3 minutos"},"schema":{"@context":"https:\/\/schema.org","@graph":[{"@type":"WebPage","@id":"https:\/\/laprensacristiana.com\/?p=4599","url":"https:\/\/laprensacristiana.com\/?p=4599","name":"LAS PROPUESTAS EN SEGURIDAD DE LOS CANDIDATOS A LA PRESIDENCIA - La Prensa Cristiana","isPartOf":{"@id":"https:\/\/laprensacristiana.com\/#website"},"datePublished":"2018-10-23T20:46:46+00:00","dateModified":"2018-10-23T20:46:46+00:00","author":{"@id":"https:\/\/laprensacristiana.com\/#\/schema\/person\/3e7d82c6bfd6b1fa67010f8f7cd5256e"},"breadcrumb":{"@id":"https:\/\/laprensacristiana.com\/?p=4599#breadcrumb"},"inLanguage":"es","potentialAction":[{"@type":"ReadAction","target":["https:\/\/laprensacristiana.com\/?p=4599"]}]},{"@type":"BreadcrumbList","@id":"https:\/\/laprensacristiana.com\/?p=4599#breadcrumb","itemListElement":[{"@type":"ListItem","position":1,"name":"Portada","item":"https:\/\/laprensacristiana.com\/"},{"@type":"ListItem","position":2,"name":"LAS PROPUESTAS EN SEGURIDAD DE LOS CANDIDATOS A LA PRESIDENCIA"}]},{"@type":"WebSite","@id":"https:\/\/laprensacristiana.com\/#website","url":"https:\/\/laprensacristiana.com\/","name":"La Prensa Cristiana","description":"Anunciando Las Buenas Nuevas","potentialAction":[{"@type":"SearchAction","target":{"@type":"EntryPoint","urlTemplate":"https:\/\/laprensacristiana.com\/?s={search_term_string}"},"query-input":"required name=search_term_string"}],"inLanguage":"es"},{"@type":"Person","@id":"https:\/\/laprensacristiana.com\/#\/schema\/person\/3e7d82c6bfd6b1fa67010f8f7cd5256e","name":"EDITOR","image":{"@type":"ImageObject","inLanguage":"es","@id":"https:\/\/laprensacristiana.com\/#\/schema\/person\/image\/","url":"https:\/\/secure.gravatar.com\/avatar\/72069dfb6c13772d9e8381e3638666d2?s=96&d=mm&r=g","contentUrl":"https:\/\/secure.gravatar.com\/avatar\/72069dfb6c13772d9e8381e3638666d2?s=96&d=mm&r=g","caption":"EDITOR"},"url":"https:\/\/laprensacristiana.com\/?author=3"}]}},"_links":{"self":[{"href":"https:\/\/laprensacristiana.com\/index.php?rest_route=\/wp\/v2\/posts\/4599"}],"collection":[{"href":"https:\/\/laprensacristiana.com\/index.php?rest_route=\/wp\/v2\/posts"}],"about":[{"href":"https:\/\/laprensacristiana.com\/index.php?rest_route=\/wp\/v2\/types\/post"}],"author":[{"embeddable":true,"href":"https:\/\/laprensacristiana.com\/index.php?rest_route=\/wp\/v2\/users\/3"}],"replies":[{"embeddable":true,"href":"https:\/\/laprensacristiana.com\/index.php?rest_route=%2Fwp%2Fv2%2Fcomments&post=4599"}],"version-history":[{"count":1,"href":"https:\/\/laprensacristiana.com\/index.php?rest_route=\/wp\/v2\/posts\/4599\/revisions"}],"predecessor-version":[{"id":4601,"href":"https:\/\/laprensacristiana.com\/index.php?rest_route=\/wp\/v2\/posts\/4599\/revisions\/4601"}],"wp:featuredmedia":[{"embeddable":true,"href":"https:\/\/laprensacristiana.com\/index.php?rest_route=\/wp\/v2\/media\/4600"}],"wp:attachment":[{"href":"https:\/\/laprensacristiana.com\/index.php?rest_route=%2Fwp%2Fv2%2Fmedia&parent=4599"}],"wp:term":[{"taxonomy":"category","embeddable":true,"href":"https:\/\/laprensacristiana.com\/index.php?rest_route=%2Fwp%2Fv2%2Fcategories&post=4599"},{"taxonomy":"post_tag","embeddable":true,"href":"https:\/\/laprensacristiana.com\/index.php?rest_route=%2Fwp%2Fv2%2Ftags&post=4599"}],"curies":[{"name":"wp","href":"https:\/\/api.w.org\/{rel}","templated":true}]}}