{"id":4602,"date":"2018-10-23T23:07:11","date_gmt":"2018-10-23T23:07:11","guid":{"rendered":"https:\/\/laprensacristiana.com\/?p=4602"},"modified":"2020-07-01T23:23:31","modified_gmt":"2020-07-01T23:23:31","slug":"comunicado-world-vision-ante-el-avance-de-la-caravana-migrante","status":"publish","type":"post","link":"https:\/\/laprensacristiana.com\/?p=4602","title":{"rendered":"COMUNICADO WORLD VISION: Ante el avance de la caravana migrante"},"content":{"rendered":"<p><strong>CP-19 oct 2018 <\/strong>De acuerdo con el Comisionado Nacional de Derechos Humanos de Honduras un contingente de 4000 personas \u2013y de ellas aproximadamente 1200 ni\u00f1os y ni\u00f1as- procedentes de Honduras emprendieron una caminata con destino hacia M\u00e9xico y los Estados Unidos desde el pasado s\u00e1bado 13 de octubre.<\/p>\n<p>Las entrevistas realizadas en campo indican que la caravana la conforman mayoritariamente grupos familiares (madres, padres, hijos y hasta abuelos). Aducen como motivadores de su migraci\u00f3n la mejora en sus condiciones y medios de vida y escapar de la inseguridad, particularmente del reclutamiento forzado de los j\u00f3venes por parte de pandillas y grupos criminales organizados.<\/p>\n<p>En ese contexto, las oficinas nacionales de World Vision de El Salvador, Honduras, Guatemala, M\u00e9xico y Nicaragua, instan a los gobiernos de los pa\u00edses mencionados a:<\/p>\n<ol>\n<li>Articular los esfuerzos de pol\u00edtica p\u00fablica que garanticen el pleno respeto de los derechos humanos de las personas en tr\u00e1nsito, estipulados en convenios y tratados internacionales.<\/li>\n<li>Fortalecer, dotar de recursos y coordinar a nivel Subregional los sistemas de protecci\u00f3n de la ni\u00f1ez nacionales, con el fin de prevenir la vulneraci\u00f3n de los derechos de la ni\u00f1ez en movimiento.<\/li>\n<li>Garantizar el pleno respeto de los Derechos Humanos de las personas migrantes en tr\u00e1nsito, destino y retorno; mediante un trato justo, al amparo de lo estipulado en la Convenci\u00f3n de los Derechos del Ni\u00f1o, Acuerdo Internacional para una Migraci\u00f3n Segura y Ordenada, entre otros.<\/li>\n<li>Prohibir a toda costa la separaci\u00f3n de las personas menores de edad de sus padres, madres o cuidadores.<\/li>\n<\/ol>\n<p>World Vision a trav\u00e9s de sus oficinas nacionales en El Salvador, Guatemala, Honduras, Nicaragua y M\u00e9xico llama a la acci\u00f3n conjunta con las iglesias, sociedad civil, empresas y autoridades gubernamentales para la provisi\u00f3n de ayuda humanitaria a este contingente.<\/p>\n<p>World Vision Latinoam\u00e9rica manifiesta su honda preocupaci\u00f3n por el bienestar de las familias migrantes y aboga por su retorno y reinserci\u00f3n segura a sus pa\u00edses en condiciones de bienestar y dignidad, labor en la que seguiremos colaborando desde los pa\u00edses en donde operamos mediante las siguientes acciones: Fortalecimiento de los Sistemas de Protecci\u00f3n de la Ni\u00f1ez en los Pa\u00edses, Erradicaci\u00f3n de una cultura que perdura la violencia por medio de una Crianza con Ternura y siendo movilizadores de la sociedad para erradicar todas las formas de violencia hacia la ni\u00f1ez.<\/p>\n<p><img decoding=\"async\" loading=\"lazy\" class=\"alignnone size-full wp-image-4605\" src=\"https:\/\/laprensacristiana.com\/wp-content\/uploads\/2018\/10\/CP-Caravana-Migrantes-TNMx-oct-19-2018.jpg\" alt=\"\" width=\"2153\" height=\"2746\" \/><\/p>\n","protected":false},"excerpt":{"rendered":"<p>CP-19 oct 2018 De acuerdo con el Comisionado Nacional de Derechos Humanos de Honduras un contingente de 4000 personas \u2013y de ellas aproximadamente 1200 ni\u00f1os y ni\u00f1as- procedentes de Honduras emprendieron una caminata con destino hacia M\u00e9xico y los Estados Unidos desde el pasado s\u00e1bado 13 de octubre. Las entrevistas realizadas en campo indican que [&hellip;]<\/p>\n","protected":false},"author":3,"featured_media":4604,"comment_status":"open","ping_status":"open","sticky":false,"template":"","format":"standard","meta":[],"categories":[56],"tags":[],"yoast_head":"<!-- This site is optimized with the Yoast SEO plugin v20.8 - https:\/\/yoast.com\/wordpress\/plugins\/seo\/ -->\n<title>COMUNICADO WORLD VISION: Ante el avance de la caravana migrante - La Prensa Cristiana<\/title>\n<meta name=\"robots\" content=\"index, follow, max-snippet:-1, max-image-preview:large, max-video-preview:-1\" \/>\n<link rel=\"canonical\" href=\"https:\/\/laprensacristiana.com\/?p=4602\" \/>\n<meta property=\"og:locale\" content=\"es_ES\" \/>\n<meta property=\"og:type\" content=\"article\" \/>\n<meta property=\"og:title\" content=\"COMUNICADO WORLD VISION: Ante el avance de la caravana migrante - La Prensa Cristiana\" \/>\n<meta property=\"og:description\" content=\"CP-19 oct 2018 De acuerdo con el Comisionado Nacional de Derechos Humanos de Honduras un contingente de 4000 personas \u2013y de ellas aproximadamente 1200 ni\u00f1os y ni\u00f1as- procedentes de Honduras emprendieron una caminata con destino hacia M\u00e9xico y los Estados Unidos desde el pasado s\u00e1bado 13 de octubre. Las entrevistas realizadas en campo indican que [&hellip;]\" \/>\n<meta property=\"og:url\" content=\"https:\/\/laprensacristiana.com\/?p=4602\" \/>\n<meta property=\"og:site_name\" content=\"La Prensa Cristiana\" \/>\n<meta property=\"article:published_time\" content=\"2018-10-23T23:07:11+00:00\" \/>\n<meta property=\"article:modified_time\" content=\"2020-07-01T23:23:31+00:00\" \/>\n<meta property=\"og:image\" content=\"https:\/\/laprensacristiana.com\/wp-content\/uploads\/2018\/10\/word-vision-scaled.jpg\" \/>\n\t<meta property=\"og:image:width\" content=\"2560\" \/>\n\t<meta property=\"og:image:height\" content=\"1429\" \/>\n\t<meta property=\"og:image:type\" content=\"image\/jpeg\" \/>\n<meta name=\"author\" content=\"EDITOR\" \/>\n<meta name=\"twitter:card\" content=\"summary_large_image\" \/>\n<meta name=\"twitter:label1\" content=\"Escrito por\" \/>\n\t<meta name=\"twitter:data1\" content=\"EDITOR\" \/>\n\t<meta name=\"twitter:label2\" content=\"Tiempo de lectura\" \/>\n\t<meta name=\"twitter:data2\" content=\"2 minutos\" \/>\n<script type=\"application\/ld+json\" class=\"yoast-schema-graph\">{\"@context\":\"https:\/\/schema.org\",\"@graph\":[{\"@type\":\"WebPage\",\"@id\":\"https:\/\/laprensacristiana.com\/?p=4602\",\"url\":\"https:\/\/laprensacristiana.com\/?p=4602\",\"name\":\"COMUNICADO WORLD VISION: Ante el avance de la caravana migrante - La Prensa Cristiana\",\"isPartOf\":{\"@id\":\"https:\/\/laprensacristiana.com\/#website\"},\"datePublished\":\"2018-10-23T23:07:11+00:00\",\"dateModified\":\"2020-07-01T23:23:31+00:00\",\"author\":{\"@id\":\"https:\/\/laprensacristiana.com\/#\/schema\/person\/3e7d82c6bfd6b1fa67010f8f7cd5256e\"},\"breadcrumb\":{\"@id\":\"https:\/\/laprensacristiana.com\/?p=4602#breadcrumb\"},\"inLanguage\":\"es\",\"potentialAction\":[{\"@type\":\"ReadAction\",\"target\":[\"https:\/\/laprensacristiana.com\/?p=4602\"]}]},{\"@type\":\"BreadcrumbList\",\"@id\":\"https:\/\/laprensacristiana.com\/?p=4602#breadcrumb\",\"itemListElement\":[{\"@type\":\"ListItem\",\"position\":1,\"name\":\"Portada\",\"item\":\"https:\/\/laprensacristiana.com\/\"},{\"@type\":\"ListItem\",\"position\":2,\"name\":\"COMUNICADO WORLD VISION: Ante el avance de la caravana migrante\"}]},{\"@type\":\"WebSite\",\"@id\":\"https:\/\/laprensacristiana.com\/#website\",\"url\":\"https:\/\/laprensacristiana.com\/\",\"name\":\"La Prensa Cristiana\",\"description\":\"Anunciando Las Buenas Nuevas\",\"potentialAction\":[{\"@type\":\"SearchAction\",\"target\":{\"@type\":\"EntryPoint\",\"urlTemplate\":\"https:\/\/laprensacristiana.com\/?s={search_term_string}\"},\"query-input\":\"required name=search_term_string\"}],\"inLanguage\":\"es\"},{\"@type\":\"Person\",\"@id\":\"https:\/\/laprensacristiana.com\/#\/schema\/person\/3e7d82c6bfd6b1fa67010f8f7cd5256e\",\"name\":\"EDITOR\",\"image\":{\"@type\":\"ImageObject\",\"inLanguage\":\"es\",\"@id\":\"https:\/\/laprensacristiana.com\/#\/schema\/person\/image\/\",\"url\":\"https:\/\/secure.gravatar.com\/avatar\/72069dfb6c13772d9e8381e3638666d2?s=96&d=mm&r=g\",\"contentUrl\":\"https:\/\/secure.gravatar.com\/avatar\/72069dfb6c13772d9e8381e3638666d2?s=96&d=mm&r=g\",\"caption\":\"EDITOR\"},\"url\":\"https:\/\/laprensacristiana.com\/?author=3\"}]}<\/script>\n<!-- \/ Yoast SEO plugin. -->","yoast_head_json":{"title":"COMUNICADO WORLD VISION: Ante el avance de la caravana migrante - La Prensa Cristiana","robots":{"index":"index","follow":"follow","max-snippet":"max-snippet:-1","max-image-preview":"max-image-preview:large","max-video-preview":"max-video-preview:-1"},"canonical":"https:\/\/laprensacristiana.com\/?p=4602","og_locale":"es_ES","og_type":"article","og_title":"COMUNICADO WORLD VISION: Ante el avance de la caravana migrante - La Prensa Cristiana","og_description":"CP-19 oct 2018 De acuerdo con el Comisionado Nacional de Derechos Humanos de Honduras un contingente de 4000 personas \u2013y de ellas aproximadamente 1200 ni\u00f1os y ni\u00f1as- procedentes de Honduras emprendieron una caminata con destino hacia M\u00e9xico y los Estados Unidos desde el pasado s\u00e1bado 13 de octubre. Las entrevistas realizadas en campo indican que [&hellip;]","og_url":"https:\/\/laprensacristiana.com\/?p=4602","og_site_name":"La Prensa Cristiana","article_published_time":"2018-10-23T23:07:11+00:00","article_modified_time":"2020-07-01T23:23:31+00:00","og_image":[{"width":2560,"height":1429,"url":"https:\/\/laprensacristiana.com\/wp-content\/uploads\/2018\/10\/word-vision-scaled.jpg","type":"image\/jpeg"}],"author":"EDITOR","twitter_card":"summary_large_image","twitter_misc":{"Escrito por":"EDITOR","Tiempo de lectura":"2 minutos"},"schema":{"@context":"https:\/\/schema.org","@graph":[{"@type":"WebPage","@id":"https:\/\/laprensacristiana.com\/?p=4602","url":"https:\/\/laprensacristiana.com\/?p=4602","name":"COMUNICADO WORLD VISION: Ante el avance de la caravana migrante - La Prensa Cristiana","isPartOf":{"@id":"https:\/\/laprensacristiana.com\/#website"},"datePublished":"2018-10-23T23:07:11+00:00","dateModified":"2020-07-01T23:23:31+00:00","author":{"@id":"https:\/\/laprensacristiana.com\/#\/schema\/person\/3e7d82c6bfd6b1fa67010f8f7cd5256e"},"breadcrumb":{"@id":"https:\/\/laprensacristiana.com\/?p=4602#breadcrumb"},"inLanguage":"es","potentialAction":[{"@type":"ReadAction","target":["https:\/\/laprensacristiana.com\/?p=4602"]}]},{"@type":"BreadcrumbList","@id":"https:\/\/laprensacristiana.com\/?p=4602#breadcrumb","itemListElement":[{"@type":"ListItem","position":1,"name":"Portada","item":"https:\/\/laprensacristiana.com\/"},{"@type":"ListItem","position":2,"name":"COMUNICADO WORLD VISION: Ante el avance de la caravana migrante"}]},{"@type":"WebSite","@id":"https:\/\/laprensacristiana.com\/#website","url":"https:\/\/laprensacristiana.com\/","name":"La Prensa Cristiana","description":"Anunciando Las Buenas Nuevas","potentialAction":[{"@type":"SearchAction","target":{"@type":"EntryPoint","urlTemplate":"https:\/\/laprensacristiana.com\/?s={search_term_string}"},"query-input":"required name=search_term_string"}],"inLanguage":"es"},{"@type":"Person","@id":"https:\/\/laprensacristiana.com\/#\/schema\/person\/3e7d82c6bfd6b1fa67010f8f7cd5256e","name":"EDITOR","image":{"@type":"ImageObject","inLanguage":"es","@id":"https:\/\/laprensacristiana.com\/#\/schema\/person\/image\/","url":"https:\/\/secure.gravatar.com\/avatar\/72069dfb6c13772d9e8381e3638666d2?s=96&d=mm&r=g","contentUrl":"https:\/\/secure.gravatar.com\/avatar\/72069dfb6c13772d9e8381e3638666d2?s=96&d=mm&r=g","caption":"EDITOR"},"url":"https:\/\/laprensacristiana.com\/?author=3"}]}},"_links":{"self":[{"href":"https:\/\/laprensacristiana.com\/index.php?rest_route=\/wp\/v2\/posts\/4602"}],"collection":[{"href":"https:\/\/laprensacristiana.com\/index.php?rest_route=\/wp\/v2\/posts"}],"about":[{"href":"https:\/\/laprensacristiana.com\/index.php?rest_route=\/wp\/v2\/types\/post"}],"author":[{"embeddable":true,"href":"https:\/\/laprensacristiana.com\/index.php?rest_route=\/wp\/v2\/users\/3"}],"replies":[{"embeddable":true,"href":"https:\/\/laprensacristiana.com\/index.php?rest_route=%2Fwp%2Fv2%2Fcomments&post=4602"}],"version-history":[{"count":2,"href":"https:\/\/laprensacristiana.com\/index.php?rest_route=\/wp\/v2\/posts\/4602\/revisions"}],"predecessor-version":[{"id":4606,"href":"https:\/\/laprensacristiana.com\/index.php?rest_route=\/wp\/v2\/posts\/4602\/revisions\/4606"}],"wp:featuredmedia":[{"embeddable":true,"href":"https:\/\/laprensacristiana.com\/index.php?rest_route=\/wp\/v2\/media\/4604"}],"wp:attachment":[{"href":"https:\/\/laprensacristiana.com\/index.php?rest_route=%2Fwp%2Fv2%2Fmedia&parent=4602"}],"wp:term":[{"taxonomy":"category","embeddable":true,"href":"https:\/\/laprensacristiana.com\/index.php?rest_route=%2Fwp%2Fv2%2Fcategories&post=4602"},{"taxonomy":"post_tag","embeddable":true,"href":"https:\/\/laprensacristiana.com\/index.php?rest_route=%2Fwp%2Fv2%2Ftags&post=4602"}],"curies":[{"name":"wp","href":"https:\/\/api.w.org\/{rel}","templated":true}]}}