{"id":4622,"date":"2018-10-25T17:27:25","date_gmt":"2018-10-25T17:27:25","guid":{"rendered":"https:\/\/laprensacristiana.com\/?p=4622"},"modified":"2020-07-01T23:22:05","modified_gmt":"2020-07-01T23:22:05","slug":"a-una-voz-lanza-su-primera-produccion","status":"publish","type":"post","link":"https:\/\/laprensacristiana.com\/?p=4622","title":{"rendered":"A Una Voz lanza su primera producci\u00f3n"},"content":{"rendered":"<p>La banda est\u00e1 conformada por diferentes ministerios musicales, solistas como: Marinella Arru\u00e9, Ricardo Quinteros, Abraham Reyes, Gabby Chac\u00f3n, Steffanie Ram\u00edrez, Jonathan Rivera, Alejandra Linares, Pedro Reyes y Douglas Fern\u00e1ndez bajo la direcci\u00f3n general del Maestro Mauricio Benjam\u00edn Sol\u00eds, unidos en una sola visi\u00f3n esta producci\u00f3n fue grabada en vivo meses atr\u00e1s en el Teatro Nacional de San Salvador,\u00a0 recopilando 16 canciones de autor\u00eda salvadore\u00f1a\u00a0 que exaltan a Dios y alientan la fe.<\/p>\n<p>Fue fundada en 2013 por \u00a0el Maestro Mauricio Benjam\u00edn Sol\u00eds, este formato musical de banda est\u00e1 conformada por unos de los mejores solistas cristianos salvadore\u00f1os y una base de m\u00fasicos y coros de la Orquesta Sinf\u00f3nica Cristiana de El Salvador. En la actualidad est\u00e1 siendo dirigido por el maestro Abraham Reyes, m\u00fasico de gran trayectoria y servicio.<\/p>\n<p>El Concierto de Lanzamiento de su primera producci\u00f3n ser\u00e1 en la Gran Sala del Teatro Nacional de San Salvador ubicado en el Centro Hist\u00f3rico el d\u00eda domingo 4 de noviembre a las 6:00 p.m. con una donaci\u00f3n de $5.00\u00a0 en donde se podr\u00e1 adquirir el CD.<\/p>\n<p><em><strong>Cabe destacar que los fondos recaudados se destinar\u00e1n para el funcionamiento del Centro para el Desarrollo de las Artes de la Fundaci\u00f3n Valores y Arte<\/strong><\/em>.<\/p>\n<p>La Fundaci\u00f3n Valores y Arte fomentan e impulsan las diferentes disciplinas del arte basadas en valores morales, \u00e9ticos y cristianos. Procura preservar, sistematizar y difundir el traspaso generacional del arte en el pa\u00eds. La orquesta busca generar oportunidades de educaci\u00f3n y desarrollo, a trav\u00e9s de espacios culturales y especialmente a personas que se encuentran en\u00a0 situaci\u00f3n de riesgo.<\/p>\n<p><em><strong>\u00abEl dar a conocer el mensaje transformador de Jesucristo por medio de estas bellas composiciones nos llena de gozo e inspira nuestras vidas\u00bb -expres\u00f3 el presidente de la Fundaci\u00f3n Valores y Arte, Mauricio Sol\u00eds.<\/strong><\/em><\/p>\n<p><img decoding=\"async\" loading=\"lazy\" class=\"alignnone size-full wp-image-4624\" src=\"https:\/\/laprensacristiana.com\/wp-content\/uploads\/2018\/10\/44755996_2314363038635443_5378777253486264320_n.jpg\" alt=\"44755996_2314363038635443_5378777253486264320_n\" width=\"621\" height=\"960\" srcset=\"https:\/\/laprensacristiana.com\/wp-content\/uploads\/2018\/10\/44755996_2314363038635443_5378777253486264320_n.jpg 621w, https:\/\/laprensacristiana.com\/wp-content\/uploads\/2018\/10\/44755996_2314363038635443_5378777253486264320_n-600x928.jpg 600w, https:\/\/laprensacristiana.com\/wp-content\/uploads\/2018\/10\/44755996_2314363038635443_5378777253486264320_n-194x300.jpg 194w, https:\/\/laprensacristiana.com\/wp-content\/uploads\/2018\/10\/44755996_2314363038635443_5378777253486264320_n-272x420.jpg 272w\" sizes=\"(max-width: 621px) 100vw, 621px\" \/><\/p>\n<p>&nbsp;<\/p>\n","protected":false},"excerpt":{"rendered":"<p>La banda est\u00e1 conformada por diferentes ministerios musicales, solistas como: Marinella Arru\u00e9, Ricardo Quinteros, Abraham Reyes, Gabby Chac\u00f3n, Steffanie Ram\u00edrez, Jonathan Rivera, Alejandra Linares, Pedro Reyes y Douglas Fern\u00e1ndez bajo la direcci\u00f3n general del Maestro Mauricio Benjam\u00edn Sol\u00eds, unidos en una sola visi\u00f3n esta producci\u00f3n fue grabada en vivo meses atr\u00e1s en el Teatro Nacional [&hellip;]<\/p>\n","protected":false},"author":3,"featured_media":4623,"comment_status":"open","ping_status":"open","sticky":false,"template":"","format":"standard","meta":[],"categories":[101],"tags":[],"yoast_head":"<!-- This site is optimized with the Yoast SEO plugin v20.8 - https:\/\/yoast.com\/wordpress\/plugins\/seo\/ -->\n<title>A Una Voz lanza su primera producci\u00f3n - La Prensa Cristiana<\/title>\n<meta name=\"robots\" content=\"index, follow, max-snippet:-1, max-image-preview:large, max-video-preview:-1\" \/>\n<link rel=\"canonical\" href=\"https:\/\/laprensacristiana.com\/?p=4622\" \/>\n<meta property=\"og:locale\" content=\"es_ES\" \/>\n<meta property=\"og:type\" content=\"article\" \/>\n<meta property=\"og:title\" content=\"A Una Voz lanza su primera producci\u00f3n - La Prensa Cristiana\" \/>\n<meta property=\"og:description\" content=\"La banda est\u00e1 conformada por diferentes ministerios musicales, solistas como: Marinella Arru\u00e9, Ricardo Quinteros, Abraham Reyes, Gabby Chac\u00f3n, Steffanie Ram\u00edrez, Jonathan Rivera, Alejandra Linares, Pedro Reyes y Douglas Fern\u00e1ndez bajo la direcci\u00f3n general del Maestro Mauricio Benjam\u00edn Sol\u00eds, unidos en una sola visi\u00f3n esta producci\u00f3n fue grabada en vivo meses atr\u00e1s en el Teatro Nacional [&hellip;]\" \/>\n<meta property=\"og:url\" content=\"https:\/\/laprensacristiana.com\/?p=4622\" \/>\n<meta property=\"og:site_name\" content=\"La Prensa Cristiana\" \/>\n<meta property=\"article:published_time\" content=\"2018-10-25T17:27:25+00:00\" \/>\n<meta property=\"article:modified_time\" content=\"2020-07-01T23:22:05+00:00\" \/>\n<meta property=\"og:image\" content=\"https:\/\/laprensacristiana.com\/wp-content\/uploads\/2018\/10\/40304177_2212337762171305_2200244675531505664_o.jpg\" \/>\n\t<meta property=\"og:image:width\" content=\"2048\" \/>\n\t<meta property=\"og:image:height\" content=\"1365\" \/>\n\t<meta property=\"og:image:type\" content=\"image\/jpeg\" \/>\n<meta name=\"author\" content=\"EDITOR\" \/>\n<meta name=\"twitter:card\" content=\"summary_large_image\" \/>\n<meta name=\"twitter:label1\" content=\"Escrito por\" \/>\n\t<meta name=\"twitter:data1\" content=\"EDITOR\" \/>\n\t<meta name=\"twitter:label2\" content=\"Tiempo de lectura\" \/>\n\t<meta name=\"twitter:data2\" content=\"2 minutos\" \/>\n<script type=\"application\/ld+json\" class=\"yoast-schema-graph\">{\"@context\":\"https:\/\/schema.org\",\"@graph\":[{\"@type\":\"WebPage\",\"@id\":\"https:\/\/laprensacristiana.com\/?p=4622\",\"url\":\"https:\/\/laprensacristiana.com\/?p=4622\",\"name\":\"A Una Voz lanza su primera producci\u00f3n - La Prensa Cristiana\",\"isPartOf\":{\"@id\":\"https:\/\/laprensacristiana.com\/#website\"},\"datePublished\":\"2018-10-25T17:27:25+00:00\",\"dateModified\":\"2020-07-01T23:22:05+00:00\",\"author\":{\"@id\":\"https:\/\/laprensacristiana.com\/#\/schema\/person\/3e7d82c6bfd6b1fa67010f8f7cd5256e\"},\"breadcrumb\":{\"@id\":\"https:\/\/laprensacristiana.com\/?p=4622#breadcrumb\"},\"inLanguage\":\"es\",\"potentialAction\":[{\"@type\":\"ReadAction\",\"target\":[\"https:\/\/laprensacristiana.com\/?p=4622\"]}]},{\"@type\":\"BreadcrumbList\",\"@id\":\"https:\/\/laprensacristiana.com\/?p=4622#breadcrumb\",\"itemListElement\":[{\"@type\":\"ListItem\",\"position\":1,\"name\":\"Portada\",\"item\":\"https:\/\/laprensacristiana.com\/\"},{\"@type\":\"ListItem\",\"position\":2,\"name\":\"A Una Voz lanza su primera producci\u00f3n\"}]},{\"@type\":\"WebSite\",\"@id\":\"https:\/\/laprensacristiana.com\/#website\",\"url\":\"https:\/\/laprensacristiana.com\/\",\"name\":\"La Prensa Cristiana\",\"description\":\"Anunciando Las Buenas Nuevas\",\"potentialAction\":[{\"@type\":\"SearchAction\",\"target\":{\"@type\":\"EntryPoint\",\"urlTemplate\":\"https:\/\/laprensacristiana.com\/?s={search_term_string}\"},\"query-input\":\"required name=search_term_string\"}],\"inLanguage\":\"es\"},{\"@type\":\"Person\",\"@id\":\"https:\/\/laprensacristiana.com\/#\/schema\/person\/3e7d82c6bfd6b1fa67010f8f7cd5256e\",\"name\":\"EDITOR\",\"image\":{\"@type\":\"ImageObject\",\"inLanguage\":\"es\",\"@id\":\"https:\/\/laprensacristiana.com\/#\/schema\/person\/image\/\",\"url\":\"https:\/\/secure.gravatar.com\/avatar\/72069dfb6c13772d9e8381e3638666d2?s=96&d=mm&r=g\",\"contentUrl\":\"https:\/\/secure.gravatar.com\/avatar\/72069dfb6c13772d9e8381e3638666d2?s=96&d=mm&r=g\",\"caption\":\"EDITOR\"},\"url\":\"https:\/\/laprensacristiana.com\/?author=3\"}]}<\/script>\n<!-- \/ Yoast SEO plugin. -->","yoast_head_json":{"title":"A Una Voz lanza su primera producci\u00f3n - La Prensa Cristiana","robots":{"index":"index","follow":"follow","max-snippet":"max-snippet:-1","max-image-preview":"max-image-preview:large","max-video-preview":"max-video-preview:-1"},"canonical":"https:\/\/laprensacristiana.com\/?p=4622","og_locale":"es_ES","og_type":"article","og_title":"A Una Voz lanza su primera producci\u00f3n - La Prensa Cristiana","og_description":"La banda est\u00e1 conformada por diferentes ministerios musicales, solistas como: Marinella Arru\u00e9, Ricardo Quinteros, Abraham Reyes, Gabby Chac\u00f3n, Steffanie Ram\u00edrez, Jonathan Rivera, Alejandra Linares, Pedro Reyes y Douglas Fern\u00e1ndez bajo la direcci\u00f3n general del Maestro Mauricio Benjam\u00edn Sol\u00eds, unidos en una sola visi\u00f3n esta producci\u00f3n fue grabada en vivo meses atr\u00e1s en el Teatro Nacional [&hellip;]","og_url":"https:\/\/laprensacristiana.com\/?p=4622","og_site_name":"La Prensa Cristiana","article_published_time":"2018-10-25T17:27:25+00:00","article_modified_time":"2020-07-01T23:22:05+00:00","og_image":[{"width":2048,"height":1365,"url":"https:\/\/laprensacristiana.com\/wp-content\/uploads\/2018\/10\/40304177_2212337762171305_2200244675531505664_o.jpg","type":"image\/jpeg"}],"author":"EDITOR","twitter_card":"summary_large_image","twitter_misc":{"Escrito por":"EDITOR","Tiempo de lectura":"2 minutos"},"schema":{"@context":"https:\/\/schema.org","@graph":[{"@type":"WebPage","@id":"https:\/\/laprensacristiana.com\/?p=4622","url":"https:\/\/laprensacristiana.com\/?p=4622","name":"A Una Voz lanza su primera producci\u00f3n - La Prensa Cristiana","isPartOf":{"@id":"https:\/\/laprensacristiana.com\/#website"},"datePublished":"2018-10-25T17:27:25+00:00","dateModified":"2020-07-01T23:22:05+00:00","author":{"@id":"https:\/\/laprensacristiana.com\/#\/schema\/person\/3e7d82c6bfd6b1fa67010f8f7cd5256e"},"breadcrumb":{"@id":"https:\/\/laprensacristiana.com\/?p=4622#breadcrumb"},"inLanguage":"es","potentialAction":[{"@type":"ReadAction","target":["https:\/\/laprensacristiana.com\/?p=4622"]}]},{"@type":"BreadcrumbList","@id":"https:\/\/laprensacristiana.com\/?p=4622#breadcrumb","itemListElement":[{"@type":"ListItem","position":1,"name":"Portada","item":"https:\/\/laprensacristiana.com\/"},{"@type":"ListItem","position":2,"name":"A Una Voz lanza su primera producci\u00f3n"}]},{"@type":"WebSite","@id":"https:\/\/laprensacristiana.com\/#website","url":"https:\/\/laprensacristiana.com\/","name":"La Prensa Cristiana","description":"Anunciando Las Buenas Nuevas","potentialAction":[{"@type":"SearchAction","target":{"@type":"EntryPoint","urlTemplate":"https:\/\/laprensacristiana.com\/?s={search_term_string}"},"query-input":"required name=search_term_string"}],"inLanguage":"es"},{"@type":"Person","@id":"https:\/\/laprensacristiana.com\/#\/schema\/person\/3e7d82c6bfd6b1fa67010f8f7cd5256e","name":"EDITOR","image":{"@type":"ImageObject","inLanguage":"es","@id":"https:\/\/laprensacristiana.com\/#\/schema\/person\/image\/","url":"https:\/\/secure.gravatar.com\/avatar\/72069dfb6c13772d9e8381e3638666d2?s=96&d=mm&r=g","contentUrl":"https:\/\/secure.gravatar.com\/avatar\/72069dfb6c13772d9e8381e3638666d2?s=96&d=mm&r=g","caption":"EDITOR"},"url":"https:\/\/laprensacristiana.com\/?author=3"}]}},"_links":{"self":[{"href":"https:\/\/laprensacristiana.com\/index.php?rest_route=\/wp\/v2\/posts\/4622"}],"collection":[{"href":"https:\/\/laprensacristiana.com\/index.php?rest_route=\/wp\/v2\/posts"}],"about":[{"href":"https:\/\/laprensacristiana.com\/index.php?rest_route=\/wp\/v2\/types\/post"}],"author":[{"embeddable":true,"href":"https:\/\/laprensacristiana.com\/index.php?rest_route=\/wp\/v2\/users\/3"}],"replies":[{"embeddable":true,"href":"https:\/\/laprensacristiana.com\/index.php?rest_route=%2Fwp%2Fv2%2Fcomments&post=4622"}],"version-history":[{"count":1,"href":"https:\/\/laprensacristiana.com\/index.php?rest_route=\/wp\/v2\/posts\/4622\/revisions"}],"predecessor-version":[{"id":4625,"href":"https:\/\/laprensacristiana.com\/index.php?rest_route=\/wp\/v2\/posts\/4622\/revisions\/4625"}],"wp:featuredmedia":[{"embeddable":true,"href":"https:\/\/laprensacristiana.com\/index.php?rest_route=\/wp\/v2\/media\/4623"}],"wp:attachment":[{"href":"https:\/\/laprensacristiana.com\/index.php?rest_route=%2Fwp%2Fv2%2Fmedia&parent=4622"}],"wp:term":[{"taxonomy":"category","embeddable":true,"href":"https:\/\/laprensacristiana.com\/index.php?rest_route=%2Fwp%2Fv2%2Fcategories&post=4622"},{"taxonomy":"post_tag","embeddable":true,"href":"https:\/\/laprensacristiana.com\/index.php?rest_route=%2Fwp%2Fv2%2Ftags&post=4622"}],"curies":[{"name":"wp","href":"https:\/\/api.w.org\/{rel}","templated":true}]}}