{"id":4626,"date":"2018-10-26T13:24:11","date_gmt":"2018-10-26T13:24:11","guid":{"rendered":"https:\/\/laprensacristiana.com\/?p=4626"},"modified":"2018-10-26T13:33:18","modified_gmt":"2018-10-26T13:33:18","slug":"la-caravana-por-la-vida","status":"publish","type":"post","link":"https:\/\/laprensacristiana.com\/?p=4626","title":{"rendered":"La caravana por la vida"},"content":{"rendered":"<p>Por: Mario Vega \/ Pastor General Misi\u00f3n Cristiana Elim<\/p>\n<p>La nueva caravana que avanza hacia la frontera sur de los Estados Unidos es una dram\u00e1tica expresi\u00f3n de las desesperantes condiciones en que las grandes masas viven en el Tri\u00e1ngulo Norte de Centroam\u00e9rica. Independientemente de qui\u00e9nes sean las personas tras la organizaci\u00f3n de estos movimientos, el hecho real es que esos millares de peregrinos no hubieran emprendido tan sufrido y peligroso viaje si no fuera porque sus condiciones de vida en sus pa\u00edses son menos tolerables y menos seguras. Las caravanas son una v\u00e1lvula de escape a las condiciones insoportables en que viven, como lo ha sido el interminable flujo migratorio de las \u00faltimas d\u00e9cadas. Esas condiciones han llegado a alcanzar niveles tan deplorables que ni las barreras f\u00edsicas, ni los contingentes antimotines, ni los r\u00edos, ni las incomodidades, ni los carteles de la droga, ni las amenazas extranjeras han podido disuadirles.<\/p>\n<p>Estas expresiones tan masivas, espont\u00e1neas y aguerridas de las masas empobrecidas pueden ser presagios de futuros estallidos sociales. Hoy la furia es en contra de la desigualdad, las fronteras y las burocracias. Ma\u00f1ana puede ser en contra de los gobiernos, las elecciones y la exclusi\u00f3n perenne. Se agot\u00f3 la paciencia y la capacidad de tolerar los enga\u00f1os y malos tratos. La caravana hoy espeta en la cara del mundo que se acab\u00f3 la tolerancia hacia el fraude, la corrupci\u00f3n y la desverg\u00fcenza. Las ideolog\u00edas les salen sobrando y lo que s\u00ed tienen claro es que quieren trabajo, medicinas, educaci\u00f3n y seguridad. Hoy, al caminar, muestran que est\u00e1n ya cansados de esperar y que prefieren arrebatar las cosas por s\u00ed mismos en lugar de esperar a que a alguien se le plante escucharles. Las advertencias de que la ruta de los inmigrantes es incierta y peligrosa no detendr\u00e1n a las caravanas p\u00fablicas y a los migrantes clandestinos. Solo quien desconoce la dura realidad de su d\u00eda a d\u00eda y lo que representa el vivir y morir en los barrios puede pensar que tales advertencias surtir\u00e1n efecto. Ellos prefieren marcharse con sus ni\u00f1os, sus embarazos y sus limitaciones f\u00edsicas. Cualquier cosa es preferible al hambre y a las amenazas criminales.<\/p>\n<p>Un esc\u00e1ndalo humanitario como el de la caravana no puede ser ocultado y tampoco puede ser explicado con absurdos. Es una se\u00f1al de los tiempos que debe ser interpretada y asimilada. Hemos llegado al punto en que lo \u00fanico que podr\u00e1 aliviar la presi\u00f3n y la impaciencia es que se realicen los cambios estructurales que permitan mejoras notables en las condiciones de vida de las mayor\u00edas. Eso implica el inter\u00e9s y la capacidad en los funcionarios de elaborar un plan visionario para alcanzar el desarrollo. Tambi\u00e9n requiere la integridad y las competencias para ejecutarlo. Se debe ir m\u00e1s all\u00e1 de la ret\u00f3rica y ponernos serios con el sufrimiento de los descartables. Lo que menos necesitamos son eg\u00f3latras prepotentes, promesas de jardiner\u00eda, planes de gobierno sobre asuntos perif\u00e9ricos que no van a la ra\u00edz de la problem\u00e1tica y que solo prolongar\u00e1n la lenta agon\u00eda de un pueblo que se ha cansado de escuchar discursos. Ya no m\u00e1s propuestas cosm\u00e9ticas como los cosm\u00e9ticos sobre la cara de quienes se presentan como redentores. Es la hora de las masas, no hay liderazgos interesados, solamente un pueblo que se abre camino por s\u00ed solo, paso a paso, venciendo las barreras, burlando las fronteras.<\/p>\n<p>&nbsp;<\/p>\n","protected":false},"excerpt":{"rendered":"<p>Por: Mario Vega \/ Pastor General Misi\u00f3n Cristiana Elim La nueva caravana que avanza hacia la frontera sur de los Estados Unidos es una dram\u00e1tica expresi\u00f3n de las desesperantes condiciones en que las grandes masas viven en el Tri\u00e1ngulo Norte de Centroam\u00e9rica. Independientemente de qui\u00e9nes sean las personas tras la organizaci\u00f3n de estos movimientos, el [&hellip;]<\/p>\n","protected":false},"author":3,"featured_media":4600,"comment_status":"open","ping_status":"open","sticky":false,"template":"","format":"standard","meta":[],"categories":[23],"tags":[],"yoast_head":"<!-- This site is optimized with the Yoast SEO plugin v20.8 - https:\/\/yoast.com\/wordpress\/plugins\/seo\/ -->\n<title>La caravana por la vida - La Prensa Cristiana<\/title>\n<meta name=\"robots\" content=\"index, follow, max-snippet:-1, max-image-preview:large, max-video-preview:-1\" \/>\n<link rel=\"canonical\" href=\"https:\/\/laprensacristiana.com\/?p=4626\" \/>\n<meta property=\"og:locale\" content=\"es_ES\" \/>\n<meta property=\"og:type\" content=\"article\" \/>\n<meta property=\"og:title\" content=\"La caravana por la vida - La Prensa Cristiana\" \/>\n<meta property=\"og:description\" content=\"Por: Mario Vega \/ Pastor General Misi\u00f3n Cristiana Elim La nueva caravana que avanza hacia la frontera sur de los Estados Unidos es una dram\u00e1tica expresi\u00f3n de las desesperantes condiciones en que las grandes masas viven en el Tri\u00e1ngulo Norte de Centroam\u00e9rica. Independientemente de qui\u00e9nes sean las personas tras la organizaci\u00f3n de estos movimientos, el [&hellip;]\" \/>\n<meta property=\"og:url\" content=\"https:\/\/laprensacristiana.com\/?p=4626\" \/>\n<meta property=\"og:site_name\" content=\"La Prensa Cristiana\" \/>\n<meta property=\"article:published_time\" content=\"2018-10-26T13:24:11+00:00\" \/>\n<meta property=\"article:modified_time\" content=\"2018-10-26T13:33:18+00:00\" \/>\n<meta property=\"og:image\" content=\"https:\/\/laprensacristiana.com\/wp-content\/uploads\/2018\/10\/OPINION-01-scaled.jpg\" \/>\n\t<meta property=\"og:image:width\" content=\"2560\" \/>\n\t<meta property=\"og:image:height\" content=\"1429\" \/>\n\t<meta property=\"og:image:type\" content=\"image\/jpeg\" \/>\n<meta name=\"author\" content=\"EDITOR\" \/>\n<meta name=\"twitter:card\" content=\"summary_large_image\" \/>\n<meta name=\"twitter:label1\" content=\"Escrito por\" \/>\n\t<meta name=\"twitter:data1\" content=\"EDITOR\" \/>\n\t<meta name=\"twitter:label2\" content=\"Tiempo de lectura\" \/>\n\t<meta name=\"twitter:data2\" content=\"3 minutos\" \/>\n<script type=\"application\/ld+json\" class=\"yoast-schema-graph\">{\"@context\":\"https:\/\/schema.org\",\"@graph\":[{\"@type\":\"WebPage\",\"@id\":\"https:\/\/laprensacristiana.com\/?p=4626\",\"url\":\"https:\/\/laprensacristiana.com\/?p=4626\",\"name\":\"La caravana por la vida - La Prensa Cristiana\",\"isPartOf\":{\"@id\":\"https:\/\/laprensacristiana.com\/#website\"},\"datePublished\":\"2018-10-26T13:24:11+00:00\",\"dateModified\":\"2018-10-26T13:33:18+00:00\",\"author\":{\"@id\":\"https:\/\/laprensacristiana.com\/#\/schema\/person\/3e7d82c6bfd6b1fa67010f8f7cd5256e\"},\"breadcrumb\":{\"@id\":\"https:\/\/laprensacristiana.com\/?p=4626#breadcrumb\"},\"inLanguage\":\"es\",\"potentialAction\":[{\"@type\":\"ReadAction\",\"target\":[\"https:\/\/laprensacristiana.com\/?p=4626\"]}]},{\"@type\":\"BreadcrumbList\",\"@id\":\"https:\/\/laprensacristiana.com\/?p=4626#breadcrumb\",\"itemListElement\":[{\"@type\":\"ListItem\",\"position\":1,\"name\":\"Portada\",\"item\":\"https:\/\/laprensacristiana.com\/\"},{\"@type\":\"ListItem\",\"position\":2,\"name\":\"La caravana por la vida\"}]},{\"@type\":\"WebSite\",\"@id\":\"https:\/\/laprensacristiana.com\/#website\",\"url\":\"https:\/\/laprensacristiana.com\/\",\"name\":\"La Prensa Cristiana\",\"description\":\"Anunciando Las Buenas Nuevas\",\"potentialAction\":[{\"@type\":\"SearchAction\",\"target\":{\"@type\":\"EntryPoint\",\"urlTemplate\":\"https:\/\/laprensacristiana.com\/?s={search_term_string}\"},\"query-input\":\"required name=search_term_string\"}],\"inLanguage\":\"es\"},{\"@type\":\"Person\",\"@id\":\"https:\/\/laprensacristiana.com\/#\/schema\/person\/3e7d82c6bfd6b1fa67010f8f7cd5256e\",\"name\":\"EDITOR\",\"image\":{\"@type\":\"ImageObject\",\"inLanguage\":\"es\",\"@id\":\"https:\/\/laprensacristiana.com\/#\/schema\/person\/image\/\",\"url\":\"https:\/\/secure.gravatar.com\/avatar\/72069dfb6c13772d9e8381e3638666d2?s=96&d=mm&r=g\",\"contentUrl\":\"https:\/\/secure.gravatar.com\/avatar\/72069dfb6c13772d9e8381e3638666d2?s=96&d=mm&r=g\",\"caption\":\"EDITOR\"},\"url\":\"https:\/\/laprensacristiana.com\/?author=3\"}]}<\/script>\n<!-- \/ Yoast SEO plugin. -->","yoast_head_json":{"title":"La caravana por la vida - La Prensa Cristiana","robots":{"index":"index","follow":"follow","max-snippet":"max-snippet:-1","max-image-preview":"max-image-preview:large","max-video-preview":"max-video-preview:-1"},"canonical":"https:\/\/laprensacristiana.com\/?p=4626","og_locale":"es_ES","og_type":"article","og_title":"La caravana por la vida - La Prensa Cristiana","og_description":"Por: Mario Vega \/ Pastor General Misi\u00f3n Cristiana Elim La nueva caravana que avanza hacia la frontera sur de los Estados Unidos es una dram\u00e1tica expresi\u00f3n de las desesperantes condiciones en que las grandes masas viven en el Tri\u00e1ngulo Norte de Centroam\u00e9rica. Independientemente de qui\u00e9nes sean las personas tras la organizaci\u00f3n de estos movimientos, el [&hellip;]","og_url":"https:\/\/laprensacristiana.com\/?p=4626","og_site_name":"La Prensa Cristiana","article_published_time":"2018-10-26T13:24:11+00:00","article_modified_time":"2018-10-26T13:33:18+00:00","og_image":[{"width":2560,"height":1429,"url":"https:\/\/laprensacristiana.com\/wp-content\/uploads\/2018\/10\/OPINION-01-scaled.jpg","type":"image\/jpeg"}],"author":"EDITOR","twitter_card":"summary_large_image","twitter_misc":{"Escrito por":"EDITOR","Tiempo de lectura":"3 minutos"},"schema":{"@context":"https:\/\/schema.org","@graph":[{"@type":"WebPage","@id":"https:\/\/laprensacristiana.com\/?p=4626","url":"https:\/\/laprensacristiana.com\/?p=4626","name":"La caravana por la vida - La Prensa Cristiana","isPartOf":{"@id":"https:\/\/laprensacristiana.com\/#website"},"datePublished":"2018-10-26T13:24:11+00:00","dateModified":"2018-10-26T13:33:18+00:00","author":{"@id":"https:\/\/laprensacristiana.com\/#\/schema\/person\/3e7d82c6bfd6b1fa67010f8f7cd5256e"},"breadcrumb":{"@id":"https:\/\/laprensacristiana.com\/?p=4626#breadcrumb"},"inLanguage":"es","potentialAction":[{"@type":"ReadAction","target":["https:\/\/laprensacristiana.com\/?p=4626"]}]},{"@type":"BreadcrumbList","@id":"https:\/\/laprensacristiana.com\/?p=4626#breadcrumb","itemListElement":[{"@type":"ListItem","position":1,"name":"Portada","item":"https:\/\/laprensacristiana.com\/"},{"@type":"ListItem","position":2,"name":"La caravana por la vida"}]},{"@type":"WebSite","@id":"https:\/\/laprensacristiana.com\/#website","url":"https:\/\/laprensacristiana.com\/","name":"La Prensa Cristiana","description":"Anunciando Las Buenas Nuevas","potentialAction":[{"@type":"SearchAction","target":{"@type":"EntryPoint","urlTemplate":"https:\/\/laprensacristiana.com\/?s={search_term_string}"},"query-input":"required name=search_term_string"}],"inLanguage":"es"},{"@type":"Person","@id":"https:\/\/laprensacristiana.com\/#\/schema\/person\/3e7d82c6bfd6b1fa67010f8f7cd5256e","name":"EDITOR","image":{"@type":"ImageObject","inLanguage":"es","@id":"https:\/\/laprensacristiana.com\/#\/schema\/person\/image\/","url":"https:\/\/secure.gravatar.com\/avatar\/72069dfb6c13772d9e8381e3638666d2?s=96&d=mm&r=g","contentUrl":"https:\/\/secure.gravatar.com\/avatar\/72069dfb6c13772d9e8381e3638666d2?s=96&d=mm&r=g","caption":"EDITOR"},"url":"https:\/\/laprensacristiana.com\/?author=3"}]}},"_links":{"self":[{"href":"https:\/\/laprensacristiana.com\/index.php?rest_route=\/wp\/v2\/posts\/4626"}],"collection":[{"href":"https:\/\/laprensacristiana.com\/index.php?rest_route=\/wp\/v2\/posts"}],"about":[{"href":"https:\/\/laprensacristiana.com\/index.php?rest_route=\/wp\/v2\/types\/post"}],"author":[{"embeddable":true,"href":"https:\/\/laprensacristiana.com\/index.php?rest_route=\/wp\/v2\/users\/3"}],"replies":[{"embeddable":true,"href":"https:\/\/laprensacristiana.com\/index.php?rest_route=%2Fwp%2Fv2%2Fcomments&post=4626"}],"version-history":[{"count":2,"href":"https:\/\/laprensacristiana.com\/index.php?rest_route=\/wp\/v2\/posts\/4626\/revisions"}],"predecessor-version":[{"id":4628,"href":"https:\/\/laprensacristiana.com\/index.php?rest_route=\/wp\/v2\/posts\/4626\/revisions\/4628"}],"wp:featuredmedia":[{"embeddable":true,"href":"https:\/\/laprensacristiana.com\/index.php?rest_route=\/wp\/v2\/media\/4600"}],"wp:attachment":[{"href":"https:\/\/laprensacristiana.com\/index.php?rest_route=%2Fwp%2Fv2%2Fmedia&parent=4626"}],"wp:term":[{"taxonomy":"category","embeddable":true,"href":"https:\/\/laprensacristiana.com\/index.php?rest_route=%2Fwp%2Fv2%2Fcategories&post=4626"},{"taxonomy":"post_tag","embeddable":true,"href":"https:\/\/laprensacristiana.com\/index.php?rest_route=%2Fwp%2Fv2%2Ftags&post=4626"}],"curies":[{"name":"wp","href":"https:\/\/api.w.org\/{rel}","templated":true}]}}