{"id":4629,"date":"2018-10-28T15:47:51","date_gmt":"2018-10-28T15:47:51","guid":{"rendered":"https:\/\/laprensacristiana.com\/?p=4629"},"modified":"2020-07-01T23:21:52","modified_gmt":"2020-07-01T23:21:52","slug":"alianza-evangelica-de-e-s-elige-nueva-junta-directiva","status":"publish","type":"post","link":"https:\/\/laprensacristiana.com\/?p=4629","title":{"rendered":"Alianza Evang\u00e9lica de E.S. elige nueva junta directiva"},"content":{"rendered":"<p>El pasado jueves 25 de octubre en un restaurante capitalino la Alianza Evang\u00e9lica de El Salvador realiz\u00f3 la nueva elecci\u00f3n de junta directiva, tal cual como se encuentra plasmado en sus estatutos cada 2 a\u00f1os se hace la elecci\u00f3n de una nueva junta y un integrante su m\u00e1ximo tiempo de vigencia en un cargo son 2 periodos consecutivos.<\/p>\n<p>Para los a\u00f1os 2018 a 2020 la junta directiva qued\u00f3 integrada de la siguiente manera: Pastor Mauricio Castell\u00f3n \/ FIBAM (Presidente), Jean Paul Ortiz \/ World Vision (Vicepresidente), Carmen de Castro \/ Misi\u00f3n Cristiana ELIM (Secretaria), Pastor Pedro Coto \/ Compassion International\u00a0(Tesorero), Pastor Luis \u00c1ngel D\u00edaz \/ Iglesia de Dios (Vocal), Pastor Agust\u00edn Vinueza \/ Misi\u00f3n Centroamericana (Vocal), Pastor Marcelo C\u00e1rcamo \/ Universidad Evang\u00e9lica (Vocal), Pastor Pablo Park \/ Iglesia Presbiteriana (Vocal), Pastor Ren\u00e9 Mej\u00eda \/ Iglesia Cimiento Estable (Vocal).<\/p>\n<p>Cabe destacar que la elecci\u00f3n de esta propuesta fue por unanimidad entre los socios votantes.<\/p>\n<figure id=\"attachment_4630\" aria-describedby=\"caption-attachment-4630\" style=\"width: 1280px\" class=\"wp-caption alignnone\"><img decoding=\"async\" loading=\"lazy\" class=\"size-full wp-image-4630\" src=\"https:\/\/laprensacristiana.com\/wp-content\/uploads\/2018\/10\/WhatsApp-Image-2018-10-25-at-4.03.49-PM.jpeg\" alt=\"Lic. y Rev. Mauricio Castell\u00f3n, nuevo presidente de Alianza Evang\u00e9lica de E. S.\" width=\"1280\" height=\"853\" srcset=\"https:\/\/laprensacristiana.com\/wp-content\/uploads\/2018\/10\/WhatsApp-Image-2018-10-25-at-4.03.49-PM.jpeg 1280w, https:\/\/laprensacristiana.com\/wp-content\/uploads\/2018\/10\/WhatsApp-Image-2018-10-25-at-4.03.49-PM-600x400.jpeg 600w, https:\/\/laprensacristiana.com\/wp-content\/uploads\/2018\/10\/WhatsApp-Image-2018-10-25-at-4.03.49-PM-300x200.jpeg 300w, https:\/\/laprensacristiana.com\/wp-content\/uploads\/2018\/10\/WhatsApp-Image-2018-10-25-at-4.03.49-PM-768x512.jpeg 768w, https:\/\/laprensacristiana.com\/wp-content\/uploads\/2018\/10\/WhatsApp-Image-2018-10-25-at-4.03.49-PM-1024x682.jpeg 1024w, https:\/\/laprensacristiana.com\/wp-content\/uploads\/2018\/10\/WhatsApp-Image-2018-10-25-at-4.03.49-PM-696x464.jpeg 696w, https:\/\/laprensacristiana.com\/wp-content\/uploads\/2018\/10\/WhatsApp-Image-2018-10-25-at-4.03.49-PM-1068x712.jpeg 1068w, https:\/\/laprensacristiana.com\/wp-content\/uploads\/2018\/10\/WhatsApp-Image-2018-10-25-at-4.03.49-PM-630x420.jpeg 630w\" sizes=\"(max-width: 1280px) 100vw, 1280px\" \/><figcaption id=\"caption-attachment-4630\" class=\"wp-caption-text\">Lic. Mauricio Castell\u00f3n, nuevo presidente de Alianza Evang\u00e9lica de E.S. \/ Pastor de Iglesia Bautista Miramonte<\/figcaption><\/figure>\n<p>\u201cHacemos frente a este reto dici\u00e9ndole al Se\u00f1or: si en algo podemos servir, aqu\u00ed estamos y ponemos a disposici\u00f3n lo que \u00c9l nos ha dado, yo le dec\u00eda al hermano Mario Vega que \u00e9l ha puesto el est\u00e1ndar muy alto, creo que habr\u00e1 pocos pastores que tengan una iglesia de 85,000 miembros, una denominaci\u00f3n de 100,000 a nivel nacional, y \u00e9l a pesar de esas responsabilidades cuando fue llamado estuvo dispuesto a asumir el reto, los desaf\u00edos son grandes, yo estoy empezando un pastorado en mi iglesia, hay situaciones muy particulares en la iglesia local, y sin duda alguna son retos, pero lo hacemos en el nombre del Se\u00f1or, yo les pido sus oraciones, su compromiso de seguir apoyando y que el Se\u00f1or ayude a cohesionar m\u00e1s a la iglesia evang\u00e9lica salvadore\u00f1a. Lo que anhelamos es el lema que est\u00e1 ah\u00ed Juntos para Transformar Nuestra Naci\u00f3n, que ya no se diga m\u00e1s que somos tantos evang\u00e9licos y que El Salvador sigue igual, sino que ahora somos evang\u00e9licos pero El Salvador est\u00e1 siendo trasformado para la gloria de Dios\u201d. Expres\u00f3 el pastor Mauricio Castell\u00f3n como su primer discurso de presidente de Alianza Evang\u00e9lica.<\/p>\n","protected":false},"excerpt":{"rendered":"<p>El pasado jueves 25 de octubre en un restaurante capitalino la Alianza Evang\u00e9lica de El Salvador realiz\u00f3 la nueva elecci\u00f3n de junta directiva, tal cual como se encuentra plasmado en sus estatutos cada 2 a\u00f1os se hace la elecci\u00f3n de una nueva junta y un integrante su m\u00e1ximo tiempo de vigencia en un cargo son [&hellip;]<\/p>\n","protected":false},"author":3,"featured_media":4631,"comment_status":"open","ping_status":"open","sticky":false,"template":"","format":"standard","meta":[],"categories":[56],"tags":[],"yoast_head":"<!-- This site is optimized with the Yoast SEO plugin v20.8 - https:\/\/yoast.com\/wordpress\/plugins\/seo\/ -->\n<title>Alianza Evang\u00e9lica de E.S. elige nueva junta directiva - La Prensa Cristiana<\/title>\n<meta name=\"robots\" content=\"index, follow, max-snippet:-1, max-image-preview:large, max-video-preview:-1\" \/>\n<link rel=\"canonical\" href=\"https:\/\/laprensacristiana.com\/?p=4629\" \/>\n<meta property=\"og:locale\" content=\"es_ES\" \/>\n<meta property=\"og:type\" content=\"article\" \/>\n<meta property=\"og:title\" content=\"Alianza Evang\u00e9lica de E.S. elige nueva junta directiva - La Prensa Cristiana\" \/>\n<meta property=\"og:description\" content=\"El pasado jueves 25 de octubre en un restaurante capitalino la Alianza Evang\u00e9lica de El Salvador realiz\u00f3 la nueva elecci\u00f3n de junta directiva, tal cual como se encuentra plasmado en sus estatutos cada 2 a\u00f1os se hace la elecci\u00f3n de una nueva junta y un integrante su m\u00e1ximo tiempo de vigencia en un cargo son [&hellip;]\" \/>\n<meta property=\"og:url\" content=\"https:\/\/laprensacristiana.com\/?p=4629\" \/>\n<meta property=\"og:site_name\" content=\"La Prensa Cristiana\" \/>\n<meta property=\"article:published_time\" content=\"2018-10-28T15:47:51+00:00\" \/>\n<meta property=\"article:modified_time\" content=\"2020-07-01T23:21:52+00:00\" \/>\n<meta property=\"og:image\" content=\"https:\/\/laprensacristiana.com\/wp-content\/uploads\/2018\/10\/WhatsApp-Image-2018-10-25-at-4.03.53-PM.jpeg\" \/>\n\t<meta property=\"og:image:width\" content=\"1280\" \/>\n\t<meta property=\"og:image:height\" content=\"853\" \/>\n\t<meta property=\"og:image:type\" content=\"image\/jpeg\" \/>\n<meta name=\"author\" content=\"EDITOR\" \/>\n<meta name=\"twitter:card\" content=\"summary_large_image\" \/>\n<meta name=\"twitter:label1\" content=\"Escrito por\" \/>\n\t<meta name=\"twitter:data1\" content=\"EDITOR\" \/>\n\t<meta name=\"twitter:label2\" content=\"Tiempo de lectura\" \/>\n\t<meta name=\"twitter:data2\" content=\"2 minutos\" \/>\n<script type=\"application\/ld+json\" class=\"yoast-schema-graph\">{\"@context\":\"https:\/\/schema.org\",\"@graph\":[{\"@type\":\"WebPage\",\"@id\":\"https:\/\/laprensacristiana.com\/?p=4629\",\"url\":\"https:\/\/laprensacristiana.com\/?p=4629\",\"name\":\"Alianza Evang\u00e9lica de E.S. elige nueva junta directiva - La Prensa Cristiana\",\"isPartOf\":{\"@id\":\"https:\/\/laprensacristiana.com\/#website\"},\"datePublished\":\"2018-10-28T15:47:51+00:00\",\"dateModified\":\"2020-07-01T23:21:52+00:00\",\"author\":{\"@id\":\"https:\/\/laprensacristiana.com\/#\/schema\/person\/3e7d82c6bfd6b1fa67010f8f7cd5256e\"},\"breadcrumb\":{\"@id\":\"https:\/\/laprensacristiana.com\/?p=4629#breadcrumb\"},\"inLanguage\":\"es\",\"potentialAction\":[{\"@type\":\"ReadAction\",\"target\":[\"https:\/\/laprensacristiana.com\/?p=4629\"]}]},{\"@type\":\"BreadcrumbList\",\"@id\":\"https:\/\/laprensacristiana.com\/?p=4629#breadcrumb\",\"itemListElement\":[{\"@type\":\"ListItem\",\"position\":1,\"name\":\"Portada\",\"item\":\"https:\/\/laprensacristiana.com\/\"},{\"@type\":\"ListItem\",\"position\":2,\"name\":\"Alianza Evang\u00e9lica de E.S. elige nueva junta directiva\"}]},{\"@type\":\"WebSite\",\"@id\":\"https:\/\/laprensacristiana.com\/#website\",\"url\":\"https:\/\/laprensacristiana.com\/\",\"name\":\"La Prensa Cristiana\",\"description\":\"Anunciando Las Buenas Nuevas\",\"potentialAction\":[{\"@type\":\"SearchAction\",\"target\":{\"@type\":\"EntryPoint\",\"urlTemplate\":\"https:\/\/laprensacristiana.com\/?s={search_term_string}\"},\"query-input\":\"required name=search_term_string\"}],\"inLanguage\":\"es\"},{\"@type\":\"Person\",\"@id\":\"https:\/\/laprensacristiana.com\/#\/schema\/person\/3e7d82c6bfd6b1fa67010f8f7cd5256e\",\"name\":\"EDITOR\",\"image\":{\"@type\":\"ImageObject\",\"inLanguage\":\"es\",\"@id\":\"https:\/\/laprensacristiana.com\/#\/schema\/person\/image\/\",\"url\":\"https:\/\/secure.gravatar.com\/avatar\/72069dfb6c13772d9e8381e3638666d2?s=96&d=mm&r=g\",\"contentUrl\":\"https:\/\/secure.gravatar.com\/avatar\/72069dfb6c13772d9e8381e3638666d2?s=96&d=mm&r=g\",\"caption\":\"EDITOR\"},\"url\":\"https:\/\/laprensacristiana.com\/?author=3\"}]}<\/script>\n<!-- \/ Yoast SEO plugin. -->","yoast_head_json":{"title":"Alianza Evang\u00e9lica de E.S. elige nueva junta directiva - La Prensa Cristiana","robots":{"index":"index","follow":"follow","max-snippet":"max-snippet:-1","max-image-preview":"max-image-preview:large","max-video-preview":"max-video-preview:-1"},"canonical":"https:\/\/laprensacristiana.com\/?p=4629","og_locale":"es_ES","og_type":"article","og_title":"Alianza Evang\u00e9lica de E.S. elige nueva junta directiva - La Prensa Cristiana","og_description":"El pasado jueves 25 de octubre en un restaurante capitalino la Alianza Evang\u00e9lica de El Salvador realiz\u00f3 la nueva elecci\u00f3n de junta directiva, tal cual como se encuentra plasmado en sus estatutos cada 2 a\u00f1os se hace la elecci\u00f3n de una nueva junta y un integrante su m\u00e1ximo tiempo de vigencia en un cargo son [&hellip;]","og_url":"https:\/\/laprensacristiana.com\/?p=4629","og_site_name":"La Prensa Cristiana","article_published_time":"2018-10-28T15:47:51+00:00","article_modified_time":"2020-07-01T23:21:52+00:00","og_image":[{"width":1280,"height":853,"url":"https:\/\/laprensacristiana.com\/wp-content\/uploads\/2018\/10\/WhatsApp-Image-2018-10-25-at-4.03.53-PM.jpeg","type":"image\/jpeg"}],"author":"EDITOR","twitter_card":"summary_large_image","twitter_misc":{"Escrito por":"EDITOR","Tiempo de lectura":"2 minutos"},"schema":{"@context":"https:\/\/schema.org","@graph":[{"@type":"WebPage","@id":"https:\/\/laprensacristiana.com\/?p=4629","url":"https:\/\/laprensacristiana.com\/?p=4629","name":"Alianza Evang\u00e9lica de E.S. elige nueva junta directiva - La Prensa Cristiana","isPartOf":{"@id":"https:\/\/laprensacristiana.com\/#website"},"datePublished":"2018-10-28T15:47:51+00:00","dateModified":"2020-07-01T23:21:52+00:00","author":{"@id":"https:\/\/laprensacristiana.com\/#\/schema\/person\/3e7d82c6bfd6b1fa67010f8f7cd5256e"},"breadcrumb":{"@id":"https:\/\/laprensacristiana.com\/?p=4629#breadcrumb"},"inLanguage":"es","potentialAction":[{"@type":"ReadAction","target":["https:\/\/laprensacristiana.com\/?p=4629"]}]},{"@type":"BreadcrumbList","@id":"https:\/\/laprensacristiana.com\/?p=4629#breadcrumb","itemListElement":[{"@type":"ListItem","position":1,"name":"Portada","item":"https:\/\/laprensacristiana.com\/"},{"@type":"ListItem","position":2,"name":"Alianza Evang\u00e9lica de E.S. elige nueva junta directiva"}]},{"@type":"WebSite","@id":"https:\/\/laprensacristiana.com\/#website","url":"https:\/\/laprensacristiana.com\/","name":"La Prensa Cristiana","description":"Anunciando Las Buenas Nuevas","potentialAction":[{"@type":"SearchAction","target":{"@type":"EntryPoint","urlTemplate":"https:\/\/laprensacristiana.com\/?s={search_term_string}"},"query-input":"required name=search_term_string"}],"inLanguage":"es"},{"@type":"Person","@id":"https:\/\/laprensacristiana.com\/#\/schema\/person\/3e7d82c6bfd6b1fa67010f8f7cd5256e","name":"EDITOR","image":{"@type":"ImageObject","inLanguage":"es","@id":"https:\/\/laprensacristiana.com\/#\/schema\/person\/image\/","url":"https:\/\/secure.gravatar.com\/avatar\/72069dfb6c13772d9e8381e3638666d2?s=96&d=mm&r=g","contentUrl":"https:\/\/secure.gravatar.com\/avatar\/72069dfb6c13772d9e8381e3638666d2?s=96&d=mm&r=g","caption":"EDITOR"},"url":"https:\/\/laprensacristiana.com\/?author=3"}]}},"_links":{"self":[{"href":"https:\/\/laprensacristiana.com\/index.php?rest_route=\/wp\/v2\/posts\/4629"}],"collection":[{"href":"https:\/\/laprensacristiana.com\/index.php?rest_route=\/wp\/v2\/posts"}],"about":[{"href":"https:\/\/laprensacristiana.com\/index.php?rest_route=\/wp\/v2\/types\/post"}],"author":[{"embeddable":true,"href":"https:\/\/laprensacristiana.com\/index.php?rest_route=\/wp\/v2\/users\/3"}],"replies":[{"embeddable":true,"href":"https:\/\/laprensacristiana.com\/index.php?rest_route=%2Fwp%2Fv2%2Fcomments&post=4629"}],"version-history":[{"count":1,"href":"https:\/\/laprensacristiana.com\/index.php?rest_route=\/wp\/v2\/posts\/4629\/revisions"}],"predecessor-version":[{"id":4632,"href":"https:\/\/laprensacristiana.com\/index.php?rest_route=\/wp\/v2\/posts\/4629\/revisions\/4632"}],"wp:featuredmedia":[{"embeddable":true,"href":"https:\/\/laprensacristiana.com\/index.php?rest_route=\/wp\/v2\/media\/4631"}],"wp:attachment":[{"href":"https:\/\/laprensacristiana.com\/index.php?rest_route=%2Fwp%2Fv2%2Fmedia&parent=4629"}],"wp:term":[{"taxonomy":"category","embeddable":true,"href":"https:\/\/laprensacristiana.com\/index.php?rest_route=%2Fwp%2Fv2%2Fcategories&post=4629"},{"taxonomy":"post_tag","embeddable":true,"href":"https:\/\/laprensacristiana.com\/index.php?rest_route=%2Fwp%2Fv2%2Ftags&post=4629"}],"curies":[{"name":"wp","href":"https:\/\/api.w.org\/{rel}","templated":true}]}}