{"id":4633,"date":"2018-10-29T13:47:35","date_gmt":"2018-10-29T13:47:35","guid":{"rendered":"https:\/\/laprensacristiana.com\/?p=4633"},"modified":"2018-10-29T13:47:35","modified_gmt":"2018-10-29T13:47:35","slug":"espada-de-dos-filos","status":"publish","type":"post","link":"https:\/\/laprensacristiana.com\/?p=4633","title":{"rendered":"\u00a1Espada de dos filos!"},"content":{"rendered":"<p>Por: Pastor Edgar L\u00f3pez Bertrand Jr. \/ Tabern\u00e1culo B\u00edblico Bautista Amigos de Israel Central<\/p>\n<p>La falta de realizaci\u00f3n personal, la falta de educaci\u00f3n y el ocio son el principal motivo de todos los que tienen mala costumbre de hablar mal a tus espaldas, recuerda que no todos tenemos los mismos valores o principios; esto se da mucho entre varones como mujeres ya que la envidia afecta a toda raza, etnia, edad. Esto lo podemos ver desde los inicios de la humanidad cuando dos hermanos terminaron mal por no hacer las cosas como Dios requer\u00eda de ellos.<\/p>\n<p>Ca\u00edn mato literalmente a su hermano Abel por envidia y competitividad. Todo inici\u00f3 en la manera de preparar, lo que en el Antiguo Testamento la Biblia nos narra, que Dios pidi\u00f3 de ellos, un sacrificio que honrara a Dios. Uno lo hizo a la manera de Dios y el otro lo hizo a su manera sin respetar lo que se les demandaba en aquel entonces. Dios vio con agrado el sacrificio de uno, pero\u00a0rechaz\u00f3 el sacrificio del otro y fue all\u00ed donde esto comenz\u00f3 a complicarse.<\/p>\n<p>Fue tanta la envidia de Ca\u00edn que no soport\u00f3 el reconocimiento de Abel ante Dios, lo que le llev\u00f3 a quitarle la vida y ocultar el hecho ante Dios y su familia; \u00a1Que complicada es la envidia!, \u00a1Que complicada es la murmuraci\u00f3n!, si no se controla puede da\u00f1ar a muchas personas y terminar con buenas relaciones. La clave est\u00e1 en no dejar crecer el problema, la clave est\u00e1 en no permitir que las ra\u00edces da\u00f1en los fundamentos de una buena amistad.<\/p>\n<p>Todo hombre es una espada de dos filos, que en alg\u00fan momento de envidia hasta podr\u00eda cortar tu cabeza, o por envidia o por mera inseguridad personal, si se ve amenazado y esta inseguro de sus atributos como ser humano no dudara en da\u00f1ar a terceros para salir en caballo blanco; incluso inventar\u00e1 todo lo que sea necesario para no salir da\u00f1ado \u00e9l o menospreciado por sus acciones propias aun si es \u00e9l quien cometi\u00f3 la falta. La soberbia de los humanos es as\u00ed, da\u00f1a cuando se siente amenazada.<\/p>\n<p>\u00bfQu\u00e9 hacer si est\u00e1s en esta situaci\u00f3n?:<\/p>\n<ul>\n<li>Pide una disculpa, a pesar de no haber cometido el error.<\/li>\n<li>Sonr\u00ede y mu\u00e9strale a los dem\u00e1s que tu seguridad personal supera sus inseguridades.<\/li>\n<li>Recuerda que la mentira siempre es descubierta tarde o temprano.<\/li>\n<li>Sonr\u00ede y avanza.<\/li>\n<li>Recuerda que Dios conoce la verdad y te respaldar\u00e1 en toda situaci\u00f3n.<\/li>\n<\/ul>\n<p>No te sientas v\u00edctima de nadie, todo tiene un prop\u00f3sito y esto servir\u00e1 para limpiar tu camino de todas esas personas falsas que se atormentan a ellas mismas por medio de sus propias palabras que jam\u00e1s hablan bien de nadie, sus vidas no aportan a nadie, sus pensamientos son constantemente malos y de maldad para con todos los que les representan una amenaza en sus proyectos de vida, si es que los tienen; no olvides que al final lo \u00fanico que cambiar\u00e1 es tu percepci\u00f3n de quien ellos realmente son.<\/p>\n<p>\u00a1Cu\u00eddate de toda espada de dos filos!<\/p>\n","protected":false},"excerpt":{"rendered":"<p>Por: Pastor Edgar L\u00f3pez Bertrand Jr. \/ Tabern\u00e1culo B\u00edblico Bautista Amigos de Israel Central La falta de realizaci\u00f3n personal, la falta de educaci\u00f3n y el ocio son el principal motivo de todos los que tienen mala costumbre de hablar mal a tus espaldas, recuerda que no todos tenemos los mismos valores o principios; esto se [&hellip;]<\/p>\n","protected":false},"author":3,"featured_media":1351,"comment_status":"open","ping_status":"open","sticky":false,"template":"","format":"standard","meta":[],"categories":[23],"tags":[],"yoast_head":"<!-- This site is optimized with the Yoast SEO plugin v20.8 - https:\/\/yoast.com\/wordpress\/plugins\/seo\/ -->\n<title>\u00a1Espada de dos filos! - La Prensa Cristiana<\/title>\n<meta name=\"robots\" content=\"index, follow, max-snippet:-1, max-image-preview:large, max-video-preview:-1\" \/>\n<link rel=\"canonical\" href=\"https:\/\/laprensacristiana.com\/?p=4633\" \/>\n<meta property=\"og:locale\" content=\"es_ES\" \/>\n<meta property=\"og:type\" content=\"article\" \/>\n<meta property=\"og:title\" content=\"\u00a1Espada de dos filos! - La Prensa Cristiana\" \/>\n<meta property=\"og:description\" content=\"Por: Pastor Edgar L\u00f3pez Bertrand Jr. \/ Tabern\u00e1culo B\u00edblico Bautista Amigos de Israel Central La falta de realizaci\u00f3n personal, la falta de educaci\u00f3n y el ocio son el principal motivo de todos los que tienen mala costumbre de hablar mal a tus espaldas, recuerda que no todos tenemos los mismos valores o principios; esto se [&hellip;]\" \/>\n<meta property=\"og:url\" content=\"https:\/\/laprensacristiana.com\/?p=4633\" \/>\n<meta property=\"og:site_name\" content=\"La Prensa Cristiana\" \/>\n<meta property=\"article:published_time\" content=\"2018-10-29T13:47:35+00:00\" \/>\n<meta property=\"og:image\" content=\"https:\/\/laprensacristiana.com\/wp-content\/uploads\/2016\/08\/OPINION-PASTOR-TOBY-JR-01-scaled.jpg\" \/>\n\t<meta property=\"og:image:width\" content=\"2560\" \/>\n\t<meta property=\"og:image:height\" content=\"1429\" \/>\n\t<meta property=\"og:image:type\" content=\"image\/jpeg\" \/>\n<meta name=\"author\" content=\"EDITOR\" \/>\n<meta name=\"twitter:card\" content=\"summary_large_image\" \/>\n<meta name=\"twitter:label1\" content=\"Escrito por\" \/>\n\t<meta name=\"twitter:data1\" content=\"EDITOR\" \/>\n\t<meta name=\"twitter:label2\" content=\"Tiempo de lectura\" \/>\n\t<meta name=\"twitter:data2\" content=\"3 minutos\" \/>\n<script type=\"application\/ld+json\" class=\"yoast-schema-graph\">{\"@context\":\"https:\/\/schema.org\",\"@graph\":[{\"@type\":\"WebPage\",\"@id\":\"https:\/\/laprensacristiana.com\/?p=4633\",\"url\":\"https:\/\/laprensacristiana.com\/?p=4633\",\"name\":\"\u00a1Espada de dos filos! - La Prensa Cristiana\",\"isPartOf\":{\"@id\":\"https:\/\/laprensacristiana.com\/#website\"},\"datePublished\":\"2018-10-29T13:47:35+00:00\",\"dateModified\":\"2018-10-29T13:47:35+00:00\",\"author\":{\"@id\":\"https:\/\/laprensacristiana.com\/#\/schema\/person\/3e7d82c6bfd6b1fa67010f8f7cd5256e\"},\"breadcrumb\":{\"@id\":\"https:\/\/laprensacristiana.com\/?p=4633#breadcrumb\"},\"inLanguage\":\"es\",\"potentialAction\":[{\"@type\":\"ReadAction\",\"target\":[\"https:\/\/laprensacristiana.com\/?p=4633\"]}]},{\"@type\":\"BreadcrumbList\",\"@id\":\"https:\/\/laprensacristiana.com\/?p=4633#breadcrumb\",\"itemListElement\":[{\"@type\":\"ListItem\",\"position\":1,\"name\":\"Portada\",\"item\":\"https:\/\/laprensacristiana.com\/\"},{\"@type\":\"ListItem\",\"position\":2,\"name\":\"\u00a1Espada de dos filos!\"}]},{\"@type\":\"WebSite\",\"@id\":\"https:\/\/laprensacristiana.com\/#website\",\"url\":\"https:\/\/laprensacristiana.com\/\",\"name\":\"La Prensa Cristiana\",\"description\":\"Anunciando Las Buenas Nuevas\",\"potentialAction\":[{\"@type\":\"SearchAction\",\"target\":{\"@type\":\"EntryPoint\",\"urlTemplate\":\"https:\/\/laprensacristiana.com\/?s={search_term_string}\"},\"query-input\":\"required name=search_term_string\"}],\"inLanguage\":\"es\"},{\"@type\":\"Person\",\"@id\":\"https:\/\/laprensacristiana.com\/#\/schema\/person\/3e7d82c6bfd6b1fa67010f8f7cd5256e\",\"name\":\"EDITOR\",\"image\":{\"@type\":\"ImageObject\",\"inLanguage\":\"es\",\"@id\":\"https:\/\/laprensacristiana.com\/#\/schema\/person\/image\/\",\"url\":\"https:\/\/secure.gravatar.com\/avatar\/72069dfb6c13772d9e8381e3638666d2?s=96&d=mm&r=g\",\"contentUrl\":\"https:\/\/secure.gravatar.com\/avatar\/72069dfb6c13772d9e8381e3638666d2?s=96&d=mm&r=g\",\"caption\":\"EDITOR\"},\"url\":\"https:\/\/laprensacristiana.com\/?author=3\"}]}<\/script>\n<!-- \/ Yoast SEO plugin. -->","yoast_head_json":{"title":"\u00a1Espada de dos filos! - La Prensa Cristiana","robots":{"index":"index","follow":"follow","max-snippet":"max-snippet:-1","max-image-preview":"max-image-preview:large","max-video-preview":"max-video-preview:-1"},"canonical":"https:\/\/laprensacristiana.com\/?p=4633","og_locale":"es_ES","og_type":"article","og_title":"\u00a1Espada de dos filos! - La Prensa Cristiana","og_description":"Por: Pastor Edgar L\u00f3pez Bertrand Jr. \/ Tabern\u00e1culo B\u00edblico Bautista Amigos de Israel Central La falta de realizaci\u00f3n personal, la falta de educaci\u00f3n y el ocio son el principal motivo de todos los que tienen mala costumbre de hablar mal a tus espaldas, recuerda que no todos tenemos los mismos valores o principios; esto se [&hellip;]","og_url":"https:\/\/laprensacristiana.com\/?p=4633","og_site_name":"La Prensa Cristiana","article_published_time":"2018-10-29T13:47:35+00:00","og_image":[{"width":2560,"height":1429,"url":"https:\/\/laprensacristiana.com\/wp-content\/uploads\/2016\/08\/OPINION-PASTOR-TOBY-JR-01-scaled.jpg","type":"image\/jpeg"}],"author":"EDITOR","twitter_card":"summary_large_image","twitter_misc":{"Escrito por":"EDITOR","Tiempo de lectura":"3 minutos"},"schema":{"@context":"https:\/\/schema.org","@graph":[{"@type":"WebPage","@id":"https:\/\/laprensacristiana.com\/?p=4633","url":"https:\/\/laprensacristiana.com\/?p=4633","name":"\u00a1Espada de dos filos! - La Prensa Cristiana","isPartOf":{"@id":"https:\/\/laprensacristiana.com\/#website"},"datePublished":"2018-10-29T13:47:35+00:00","dateModified":"2018-10-29T13:47:35+00:00","author":{"@id":"https:\/\/laprensacristiana.com\/#\/schema\/person\/3e7d82c6bfd6b1fa67010f8f7cd5256e"},"breadcrumb":{"@id":"https:\/\/laprensacristiana.com\/?p=4633#breadcrumb"},"inLanguage":"es","potentialAction":[{"@type":"ReadAction","target":["https:\/\/laprensacristiana.com\/?p=4633"]}]},{"@type":"BreadcrumbList","@id":"https:\/\/laprensacristiana.com\/?p=4633#breadcrumb","itemListElement":[{"@type":"ListItem","position":1,"name":"Portada","item":"https:\/\/laprensacristiana.com\/"},{"@type":"ListItem","position":2,"name":"\u00a1Espada de dos filos!"}]},{"@type":"WebSite","@id":"https:\/\/laprensacristiana.com\/#website","url":"https:\/\/laprensacristiana.com\/","name":"La Prensa Cristiana","description":"Anunciando Las Buenas Nuevas","potentialAction":[{"@type":"SearchAction","target":{"@type":"EntryPoint","urlTemplate":"https:\/\/laprensacristiana.com\/?s={search_term_string}"},"query-input":"required name=search_term_string"}],"inLanguage":"es"},{"@type":"Person","@id":"https:\/\/laprensacristiana.com\/#\/schema\/person\/3e7d82c6bfd6b1fa67010f8f7cd5256e","name":"EDITOR","image":{"@type":"ImageObject","inLanguage":"es","@id":"https:\/\/laprensacristiana.com\/#\/schema\/person\/image\/","url":"https:\/\/secure.gravatar.com\/avatar\/72069dfb6c13772d9e8381e3638666d2?s=96&d=mm&r=g","contentUrl":"https:\/\/secure.gravatar.com\/avatar\/72069dfb6c13772d9e8381e3638666d2?s=96&d=mm&r=g","caption":"EDITOR"},"url":"https:\/\/laprensacristiana.com\/?author=3"}]}},"_links":{"self":[{"href":"https:\/\/laprensacristiana.com\/index.php?rest_route=\/wp\/v2\/posts\/4633"}],"collection":[{"href":"https:\/\/laprensacristiana.com\/index.php?rest_route=\/wp\/v2\/posts"}],"about":[{"href":"https:\/\/laprensacristiana.com\/index.php?rest_route=\/wp\/v2\/types\/post"}],"author":[{"embeddable":true,"href":"https:\/\/laprensacristiana.com\/index.php?rest_route=\/wp\/v2\/users\/3"}],"replies":[{"embeddable":true,"href":"https:\/\/laprensacristiana.com\/index.php?rest_route=%2Fwp%2Fv2%2Fcomments&post=4633"}],"version-history":[{"count":1,"href":"https:\/\/laprensacristiana.com\/index.php?rest_route=\/wp\/v2\/posts\/4633\/revisions"}],"predecessor-version":[{"id":4634,"href":"https:\/\/laprensacristiana.com\/index.php?rest_route=\/wp\/v2\/posts\/4633\/revisions\/4634"}],"wp:featuredmedia":[{"embeddable":true,"href":"https:\/\/laprensacristiana.com\/index.php?rest_route=\/wp\/v2\/media\/1351"}],"wp:attachment":[{"href":"https:\/\/laprensacristiana.com\/index.php?rest_route=%2Fwp%2Fv2%2Fmedia&parent=4633"}],"wp:term":[{"taxonomy":"category","embeddable":true,"href":"https:\/\/laprensacristiana.com\/index.php?rest_route=%2Fwp%2Fv2%2Fcategories&post=4633"},{"taxonomy":"post_tag","embeddable":true,"href":"https:\/\/laprensacristiana.com\/index.php?rest_route=%2Fwp%2Fv2%2Ftags&post=4633"}],"curies":[{"name":"wp","href":"https:\/\/api.w.org\/{rel}","templated":true}]}}