{"id":4643,"date":"2018-10-30T15:58:18","date_gmt":"2018-10-30T15:58:18","guid":{"rendered":"https:\/\/laprensacristiana.com\/?p=4643"},"modified":"2020-07-01T23:21:24","modified_gmt":"2020-07-01T23:21:24","slug":"como-si-fuera-su-ultimo-dia","status":"publish","type":"post","link":"https:\/\/laprensacristiana.com\/?p=4643","title":{"rendered":"Como si fuera su \u00faltimo d\u00eda"},"content":{"rendered":"<p>POR JULY DE SOSA<\/p>\n<p class=\"s4\">Ciertamente la vida es un regalo de Dios con fecha de caducidad, el Salmo 90:10 dice<span class=\"s3\">: Los d\u00edas de<\/span><span class=\"s3\"> nuestra edad son 70 a\u00f1os, y <\/span><span class=\"s3\">si en los m\u00e1s robustos son ochenta a\u00f1os, con todo<\/span><span class=\"s3\">, <\/span><span class=\"s3\">su fortaleza es molestia <\/span><span class=\"s3\">y trabajo, porque pronto pasan y volamos<\/span><\/p>\n<p>Para algunos, el tema de la muerte tiene vi\u00f1eta de \u201cno tocar\u201dsiendo el temor a lo desconocido la causa principal para evitar hablar acerca de esto. Lo cierto es que para los cristianos el tema de la muerte no es otra cosa que un sue\u00f1o, del que pronto despertaremos en el d\u00eda del SE\u00d1OR. Esa es la esperanza de los creyentes vivos y de los que duermen.<\/p>\n<p>Dios nos prest\u00f3 la vida para \u201cvivirla\u201d y con ella la responsabilidad de gastarla o de aprovecharla. Somos nosotros mismos los art\u00edfices de cada momento en ella, reconociendo esto considero oportuno aprovechar nuestra estancia en la tierra para dejar huella con buenos frutos, la tarea a cumplir a diario es hacer con los hombres lo que ya hicimos con Dios \u201cPonernos a cuentas\u201d perdonando sus ofensas y pidiendo perd\u00f3n por las nuestras, cumpliendo as\u00ed el mandato de Jes\u00fas \u201cAma a tu pr\u00f3jimo como a ti mismo\u201dnote que dice como a ti mismo, para poder amar a los dem\u00e1s primero debemos amarnos a nosotros mismos. Se ha preguntado usted alguna vez \u00bfporque el amor es mayor que la fe y que la esperanza? La palabra afirma: <span class=\"s3\">S<\/span><span class=\"s3\">i no tengo amor nada soy<\/span><span class=\"s3\">. De nada me sirve hablar todos los idiomas del mundo y hasta el idioma de los \u00e1ngeles<\/span><span class=\"s3\">, sino tengo amor soy como un pedazo de metal ruidoso;<\/span> <span class=\"s3\">1 Corintios 13:1<\/span><span class=\"s3\">.<\/span><\/p>\n<p>La capacidad de estar a cuentas con nosotros mismos y con los dem\u00e1s, es el term\u00f3metro que mide la cantidad de amor que poseemos, lo cierto es que para vivir la vida necesitamos de mucho amor. El amor es la fuerza que nos mueve e impulsa a seguir adelante superando cada situaci\u00f3n desfavorable para conquistar nuevas metas y abrirnos camino.<\/p>\n<p>Dios plasmo en su palabra escrita una respuesta para cualquier duda que tengamos, excepto la fecha exacta de nuestra muerte. Pienso que con el prop\u00f3sito de que vivamos cada d\u00eda como si fuera el \u00faltimo haciendo todo aquello que nos da felicidad y satisfacci\u00f3n, desechando todo rencor, dolor, odio, impotencia, envidia, frustraci\u00f3n y cualquier otro tipo de veneno que roba plenitud a nuestros d\u00edas.<\/p>\n<p>As\u00ed como no se nos revela el d\u00eda de nuestra muerte, no se revela el d\u00eda exacto de la segunda venida de Cristo. Y en su voluntad y poder ese d\u00eda podr\u00eda ser hoy. Lo que significar\u00eda que este momento seria nuestra \u00faltima oportunidad para hacer lo bueno delante de Dios antes de partir.<\/p>\n<p>Dios nos ha prestado la vida con un prop\u00f3sito especial para cada uno de nosotros, y uno en com\u00fan, hacer su voluntad para vivir libres de verg\u00fcenzas y no volver hacer <a name=\"_GoBack\"><\/a>esclavos del pecado. Disfrutando al m\u00e1ximo ese aliento de vida en nosotros.<\/p>\n<p>\u00bfQu\u00e9 le parece? si vivimos este d\u00eda como si fuera el \u00faltimoactivando nuestro amor propio y el amor que probablemente estemos debiendo a nuestro pr\u00f3jimo.<\/p>\n<p>&nbsp;<\/p>\n<p><span class=\"s2\">\u00a1Shalom!<\/span><\/p>\n<p>&nbsp;<\/p>\n","protected":false},"excerpt":{"rendered":"<p>POR JULY DE SOSA Ciertamente la vida es un regalo de Dios con fecha de caducidad, el Salmo 90:10 dice: Los d\u00edas de nuestra edad son 70 a\u00f1os, y si en los m\u00e1s robustos son ochenta a\u00f1os, con todo, su fortaleza es molestia y trabajo, porque pronto pasan y volamos Para algunos, el tema de [&hellip;]<\/p>\n","protected":false},"author":3,"featured_media":4496,"comment_status":"open","ping_status":"open","sticky":false,"template":"","format":"standard","meta":[],"categories":[36],"tags":[],"yoast_head":"<!-- This site is optimized with the Yoast SEO plugin v20.8 - https:\/\/yoast.com\/wordpress\/plugins\/seo\/ -->\n<title>Como si fuera su \u00faltimo d\u00eda - La Prensa Cristiana<\/title>\n<meta name=\"robots\" content=\"index, follow, max-snippet:-1, max-image-preview:large, max-video-preview:-1\" \/>\n<link rel=\"canonical\" href=\"https:\/\/laprensacristiana.com\/?p=4643\" \/>\n<meta property=\"og:locale\" content=\"es_ES\" \/>\n<meta property=\"og:type\" content=\"article\" \/>\n<meta property=\"og:title\" content=\"Como si fuera su \u00faltimo d\u00eda - La Prensa Cristiana\" \/>\n<meta property=\"og:description\" content=\"POR JULY DE SOSA Ciertamente la vida es un regalo de Dios con fecha de caducidad, el Salmo 90:10 dice: Los d\u00edas de nuestra edad son 70 a\u00f1os, y si en los m\u00e1s robustos son ochenta a\u00f1os, con todo, su fortaleza es molestia y trabajo, porque pronto pasan y volamos Para algunos, el tema de [&hellip;]\" \/>\n<meta property=\"og:url\" content=\"https:\/\/laprensacristiana.com\/?p=4643\" \/>\n<meta property=\"og:site_name\" content=\"La Prensa Cristiana\" \/>\n<meta property=\"article:published_time\" content=\"2018-10-30T15:58:18+00:00\" \/>\n<meta property=\"article:modified_time\" content=\"2020-07-01T23:21:24+00:00\" \/>\n<meta property=\"og:image\" content=\"https:\/\/laprensacristiana.com\/wp-content\/uploads\/2018\/10\/JULY-LPG-2017.jpg\" \/>\n\t<meta property=\"og:image:width\" content=\"1240\" \/>\n\t<meta property=\"og:image:height\" content=\"692\" \/>\n\t<meta property=\"og:image:type\" content=\"image\/jpeg\" \/>\n<meta name=\"author\" content=\"EDITOR\" \/>\n<meta name=\"twitter:card\" content=\"summary_large_image\" \/>\n<meta name=\"twitter:label1\" content=\"Escrito por\" \/>\n\t<meta name=\"twitter:data1\" content=\"EDITOR\" \/>\n\t<meta name=\"twitter:label2\" content=\"Tiempo de lectura\" \/>\n\t<meta name=\"twitter:data2\" content=\"3 minutos\" \/>\n<script type=\"application\/ld+json\" class=\"yoast-schema-graph\">{\"@context\":\"https:\/\/schema.org\",\"@graph\":[{\"@type\":\"WebPage\",\"@id\":\"https:\/\/laprensacristiana.com\/?p=4643\",\"url\":\"https:\/\/laprensacristiana.com\/?p=4643\",\"name\":\"Como si fuera su \u00faltimo d\u00eda - La Prensa Cristiana\",\"isPartOf\":{\"@id\":\"https:\/\/laprensacristiana.com\/#website\"},\"datePublished\":\"2018-10-30T15:58:18+00:00\",\"dateModified\":\"2020-07-01T23:21:24+00:00\",\"author\":{\"@id\":\"https:\/\/laprensacristiana.com\/#\/schema\/person\/3e7d82c6bfd6b1fa67010f8f7cd5256e\"},\"breadcrumb\":{\"@id\":\"https:\/\/laprensacristiana.com\/?p=4643#breadcrumb\"},\"inLanguage\":\"es\",\"potentialAction\":[{\"@type\":\"ReadAction\",\"target\":[\"https:\/\/laprensacristiana.com\/?p=4643\"]}]},{\"@type\":\"BreadcrumbList\",\"@id\":\"https:\/\/laprensacristiana.com\/?p=4643#breadcrumb\",\"itemListElement\":[{\"@type\":\"ListItem\",\"position\":1,\"name\":\"Portada\",\"item\":\"https:\/\/laprensacristiana.com\/\"},{\"@type\":\"ListItem\",\"position\":2,\"name\":\"Como si fuera su \u00faltimo d\u00eda\"}]},{\"@type\":\"WebSite\",\"@id\":\"https:\/\/laprensacristiana.com\/#website\",\"url\":\"https:\/\/laprensacristiana.com\/\",\"name\":\"La Prensa Cristiana\",\"description\":\"Anunciando Las Buenas Nuevas\",\"potentialAction\":[{\"@type\":\"SearchAction\",\"target\":{\"@type\":\"EntryPoint\",\"urlTemplate\":\"https:\/\/laprensacristiana.com\/?s={search_term_string}\"},\"query-input\":\"required name=search_term_string\"}],\"inLanguage\":\"es\"},{\"@type\":\"Person\",\"@id\":\"https:\/\/laprensacristiana.com\/#\/schema\/person\/3e7d82c6bfd6b1fa67010f8f7cd5256e\",\"name\":\"EDITOR\",\"image\":{\"@type\":\"ImageObject\",\"inLanguage\":\"es\",\"@id\":\"https:\/\/laprensacristiana.com\/#\/schema\/person\/image\/\",\"url\":\"https:\/\/secure.gravatar.com\/avatar\/72069dfb6c13772d9e8381e3638666d2?s=96&d=mm&r=g\",\"contentUrl\":\"https:\/\/secure.gravatar.com\/avatar\/72069dfb6c13772d9e8381e3638666d2?s=96&d=mm&r=g\",\"caption\":\"EDITOR\"},\"url\":\"https:\/\/laprensacristiana.com\/?author=3\"}]}<\/script>\n<!-- \/ Yoast SEO plugin. -->","yoast_head_json":{"title":"Como si fuera su \u00faltimo d\u00eda - La Prensa Cristiana","robots":{"index":"index","follow":"follow","max-snippet":"max-snippet:-1","max-image-preview":"max-image-preview:large","max-video-preview":"max-video-preview:-1"},"canonical":"https:\/\/laprensacristiana.com\/?p=4643","og_locale":"es_ES","og_type":"article","og_title":"Como si fuera su \u00faltimo d\u00eda - La Prensa Cristiana","og_description":"POR JULY DE SOSA Ciertamente la vida es un regalo de Dios con fecha de caducidad, el Salmo 90:10 dice: Los d\u00edas de nuestra edad son 70 a\u00f1os, y si en los m\u00e1s robustos son ochenta a\u00f1os, con todo, su fortaleza es molestia y trabajo, porque pronto pasan y volamos Para algunos, el tema de [&hellip;]","og_url":"https:\/\/laprensacristiana.com\/?p=4643","og_site_name":"La Prensa Cristiana","article_published_time":"2018-10-30T15:58:18+00:00","article_modified_time":"2020-07-01T23:21:24+00:00","og_image":[{"width":1240,"height":692,"url":"https:\/\/laprensacristiana.com\/wp-content\/uploads\/2018\/10\/JULY-LPG-2017.jpg","type":"image\/jpeg"}],"author":"EDITOR","twitter_card":"summary_large_image","twitter_misc":{"Escrito por":"EDITOR","Tiempo de lectura":"3 minutos"},"schema":{"@context":"https:\/\/schema.org","@graph":[{"@type":"WebPage","@id":"https:\/\/laprensacristiana.com\/?p=4643","url":"https:\/\/laprensacristiana.com\/?p=4643","name":"Como si fuera su \u00faltimo d\u00eda - La Prensa Cristiana","isPartOf":{"@id":"https:\/\/laprensacristiana.com\/#website"},"datePublished":"2018-10-30T15:58:18+00:00","dateModified":"2020-07-01T23:21:24+00:00","author":{"@id":"https:\/\/laprensacristiana.com\/#\/schema\/person\/3e7d82c6bfd6b1fa67010f8f7cd5256e"},"breadcrumb":{"@id":"https:\/\/laprensacristiana.com\/?p=4643#breadcrumb"},"inLanguage":"es","potentialAction":[{"@type":"ReadAction","target":["https:\/\/laprensacristiana.com\/?p=4643"]}]},{"@type":"BreadcrumbList","@id":"https:\/\/laprensacristiana.com\/?p=4643#breadcrumb","itemListElement":[{"@type":"ListItem","position":1,"name":"Portada","item":"https:\/\/laprensacristiana.com\/"},{"@type":"ListItem","position":2,"name":"Como si fuera su \u00faltimo d\u00eda"}]},{"@type":"WebSite","@id":"https:\/\/laprensacristiana.com\/#website","url":"https:\/\/laprensacristiana.com\/","name":"La Prensa Cristiana","description":"Anunciando Las Buenas Nuevas","potentialAction":[{"@type":"SearchAction","target":{"@type":"EntryPoint","urlTemplate":"https:\/\/laprensacristiana.com\/?s={search_term_string}"},"query-input":"required name=search_term_string"}],"inLanguage":"es"},{"@type":"Person","@id":"https:\/\/laprensacristiana.com\/#\/schema\/person\/3e7d82c6bfd6b1fa67010f8f7cd5256e","name":"EDITOR","image":{"@type":"ImageObject","inLanguage":"es","@id":"https:\/\/laprensacristiana.com\/#\/schema\/person\/image\/","url":"https:\/\/secure.gravatar.com\/avatar\/72069dfb6c13772d9e8381e3638666d2?s=96&d=mm&r=g","contentUrl":"https:\/\/secure.gravatar.com\/avatar\/72069dfb6c13772d9e8381e3638666d2?s=96&d=mm&r=g","caption":"EDITOR"},"url":"https:\/\/laprensacristiana.com\/?author=3"}]}},"_links":{"self":[{"href":"https:\/\/laprensacristiana.com\/index.php?rest_route=\/wp\/v2\/posts\/4643"}],"collection":[{"href":"https:\/\/laprensacristiana.com\/index.php?rest_route=\/wp\/v2\/posts"}],"about":[{"href":"https:\/\/laprensacristiana.com\/index.php?rest_route=\/wp\/v2\/types\/post"}],"author":[{"embeddable":true,"href":"https:\/\/laprensacristiana.com\/index.php?rest_route=\/wp\/v2\/users\/3"}],"replies":[{"embeddable":true,"href":"https:\/\/laprensacristiana.com\/index.php?rest_route=%2Fwp%2Fv2%2Fcomments&post=4643"}],"version-history":[{"count":1,"href":"https:\/\/laprensacristiana.com\/index.php?rest_route=\/wp\/v2\/posts\/4643\/revisions"}],"predecessor-version":[{"id":4644,"href":"https:\/\/laprensacristiana.com\/index.php?rest_route=\/wp\/v2\/posts\/4643\/revisions\/4644"}],"wp:featuredmedia":[{"embeddable":true,"href":"https:\/\/laprensacristiana.com\/index.php?rest_route=\/wp\/v2\/media\/4496"}],"wp:attachment":[{"href":"https:\/\/laprensacristiana.com\/index.php?rest_route=%2Fwp%2Fv2%2Fmedia&parent=4643"}],"wp:term":[{"taxonomy":"category","embeddable":true,"href":"https:\/\/laprensacristiana.com\/index.php?rest_route=%2Fwp%2Fv2%2Fcategories&post=4643"},{"taxonomy":"post_tag","embeddable":true,"href":"https:\/\/laprensacristiana.com\/index.php?rest_route=%2Fwp%2Fv2%2Ftags&post=4643"}],"curies":[{"name":"wp","href":"https:\/\/api.w.org\/{rel}","templated":true}]}}