{"id":4658,"date":"2018-11-01T22:15:28","date_gmt":"2018-11-01T22:15:28","guid":{"rendered":"https:\/\/laprensacristiana.com\/?p=4658"},"modified":"2020-07-01T23:21:09","modified_gmt":"2020-07-01T23:21:09","slug":"conmemoracion-del-dia-nacional-de-la-iglesia-evangelica-salvadorena","status":"publish","type":"post","link":"https:\/\/laprensacristiana.com\/?p=4658","title":{"rendered":"Conmemoraci\u00f3n del D\u00eda Nacional de la Iglesia Evang\u00e9lica Salvadore\u00f1a"},"content":{"rendered":"<p>El d\u00eda de ayer por la tarde se realiz\u00f3 la celebraci\u00f3n del D\u00eda Nacional de la Iglesia Evang\u00e9lica en La Plaza Libertad en el centro de San Salvador, con un acto conmemorativo, las alabanzas estuvieron a cargo\u00a0 del Salmista Herberth Solano y la palabra de Dios a cargo del Pastor Jos\u00e9 De La Paz Palacios.<\/p>\n<p><img decoding=\"async\" loading=\"lazy\" class=\"alignnone size-full wp-image-4660\" src=\"https:\/\/laprensacristiana.com\/wp-content\/uploads\/2018\/11\/ca8e605d-4ea1-4934-b687-0bbfb96dd227.jpg\" alt=\"ca8e605d-4ea1-4934-b687-0bbfb96dd227\" width=\"1280\" height=\"957\" srcset=\"https:\/\/laprensacristiana.com\/wp-content\/uploads\/2018\/11\/ca8e605d-4ea1-4934-b687-0bbfb96dd227.jpg 1280w, https:\/\/laprensacristiana.com\/wp-content\/uploads\/2018\/11\/ca8e605d-4ea1-4934-b687-0bbfb96dd227-600x449.jpg 600w, https:\/\/laprensacristiana.com\/wp-content\/uploads\/2018\/11\/ca8e605d-4ea1-4934-b687-0bbfb96dd227-300x224.jpg 300w, https:\/\/laprensacristiana.com\/wp-content\/uploads\/2018\/11\/ca8e605d-4ea1-4934-b687-0bbfb96dd227-768x574.jpg 768w, https:\/\/laprensacristiana.com\/wp-content\/uploads\/2018\/11\/ca8e605d-4ea1-4934-b687-0bbfb96dd227-1024x766.jpg 1024w, https:\/\/laprensacristiana.com\/wp-content\/uploads\/2018\/11\/ca8e605d-4ea1-4934-b687-0bbfb96dd227-80x60.jpg 80w, https:\/\/laprensacristiana.com\/wp-content\/uploads\/2018\/11\/ca8e605d-4ea1-4934-b687-0bbfb96dd227-265x198.jpg 265w, https:\/\/laprensacristiana.com\/wp-content\/uploads\/2018\/11\/ca8e605d-4ea1-4934-b687-0bbfb96dd227-696x520.jpg 696w, https:\/\/laprensacristiana.com\/wp-content\/uploads\/2018\/11\/ca8e605d-4ea1-4934-b687-0bbfb96dd227-1068x798.jpg 1068w, https:\/\/laprensacristiana.com\/wp-content\/uploads\/2018\/11\/ca8e605d-4ea1-4934-b687-0bbfb96dd227-562x420.jpg 562w\" sizes=\"(max-width: 1280px) 100vw, 1280px\" \/><\/p>\n<p>El Pastor De La Paz Palacios a trav\u00e9s de su mensaje llam\u00f3 a la iglesia a la unidad para seguir evitando las divisiones dentro del pueblo de Dios, tambi\u00e9n invit\u00f3 a no callar la injusticia social.<\/p>\n<p>\u201cNosotros como iglesia tenemos que estar apegados a las necesidades\u00a0 de nuestro pueblo\u201d expres\u00f3 el Pastor Palacios.<\/p>\n<p>Exhort\u00f3 a las autoridades para no\u00a0 solo hacer cumplir la constituci\u00f3n de la rep\u00fablica, sino tambi\u00e9n a la ley de Dios que se encuentra escrita en la Biblia.<\/p>\n<figure id=\"attachment_4661\" aria-describedby=\"caption-attachment-4661\" style=\"width: 1040px\" class=\"wp-caption alignnone\"><img decoding=\"async\" loading=\"lazy\" class=\"size-full wp-image-4661\" src=\"https:\/\/laprensacristiana.com\/wp-content\/uploads\/2018\/11\/c000543a-1f22-48ef-be69-ba11c8a40c6f.jpg\" alt=\"Pastor Jos\u00e9 De La Paz Palacios\" width=\"1040\" height=\"780\" srcset=\"https:\/\/laprensacristiana.com\/wp-content\/uploads\/2018\/11\/c000543a-1f22-48ef-be69-ba11c8a40c6f.jpg 1040w, https:\/\/laprensacristiana.com\/wp-content\/uploads\/2018\/11\/c000543a-1f22-48ef-be69-ba11c8a40c6f-600x450.jpg 600w, https:\/\/laprensacristiana.com\/wp-content\/uploads\/2018\/11\/c000543a-1f22-48ef-be69-ba11c8a40c6f-300x225.jpg 300w, https:\/\/laprensacristiana.com\/wp-content\/uploads\/2018\/11\/c000543a-1f22-48ef-be69-ba11c8a40c6f-768x576.jpg 768w, https:\/\/laprensacristiana.com\/wp-content\/uploads\/2018\/11\/c000543a-1f22-48ef-be69-ba11c8a40c6f-1024x768.jpg 1024w, https:\/\/laprensacristiana.com\/wp-content\/uploads\/2018\/11\/c000543a-1f22-48ef-be69-ba11c8a40c6f-80x60.jpg 80w, https:\/\/laprensacristiana.com\/wp-content\/uploads\/2018\/11\/c000543a-1f22-48ef-be69-ba11c8a40c6f-265x198.jpg 265w, https:\/\/laprensacristiana.com\/wp-content\/uploads\/2018\/11\/c000543a-1f22-48ef-be69-ba11c8a40c6f-696x522.jpg 696w, https:\/\/laprensacristiana.com\/wp-content\/uploads\/2018\/11\/c000543a-1f22-48ef-be69-ba11c8a40c6f-560x420.jpg 560w\" sizes=\"(max-width: 1040px) 100vw, 1040px\" \/><figcaption id=\"caption-attachment-4661\" class=\"wp-caption-text\">Pastor Jos\u00e9 De La Paz Palacios \/ iglesia Altar de Dios Internacional<\/figcaption><\/figure>\n<p>\u201cNo somos tan peque\u00f1os como creemos, somos un pueblo digno\u201d concluy\u00f3 el Pastor Jos\u00e9 De La Paz Palacios.<\/p>\n<p>La Asamblea Legislativa de El Salvador\u00a0 declar\u00f3 en el a\u00f1o 2013 el 31 de octubre\u00a0 \u00abD\u00cdA NACIONAL DE LA IGLESIA EVANG\u00c9LICA SALVADORE\u00d1A\u201d, celebraci\u00f3n que se lleva acabo cada a\u00f1o.<\/p>\n<p>Seg\u00fan datos hist\u00f3ricos en el a\u00f1o 1886 se registr\u00f3 el inicio de la iglesia evang\u00e9lica en El Salvador, cuando los primeros misioneros llegaron a territorio nacional, como Samuel Purdie quien se le considera el pionero y fundador de la iglesia evang\u00e9lica a nivel nacional.<\/p>\n<p>Algunos de los organizadores nos dieron su postura acerca de la importancia que tiene\u00a0 este d\u00eda para la iglesia evang\u00e9lica de El Salvador:<\/p>\n<p><em><strong>\u201cHemos sido favorecidos como Iglesia Evang\u00e9lica \u00a0con el decreto 514 en donde se aval\u00f3\u00a0 que la Iglesia Evang\u00e9lica\u00a0 pudiera celebrar el 31 de octubre, nos sentimos agradecidos con la Asamblea Legislativa, esta es una oportunidad para exaltar el nombre de Dios, una oportunidad para unirnos como iglesia, para dignificar al que vive y reina para siempre, estos eventos ayudan a proclamar el nombre de Dios\u201d<\/strong><\/em> expres\u00f3 el Licenciado Tomas Chev\u00e9z presidente del Fondo Social para la Vivienda.<\/p>\n<p><em><strong>\u201cEn el 2013 iniciamos esta petici\u00f3n a la Asamblea Legislativa. Esto surgi\u00f3 en la facultad de teolog\u00eda de la Universidad Cristiana de Las Asambleas de Dios junto con la Universidad Evang\u00e9lica de El Salvador\u00a0 y en ese\u00a0 momento con el respaldo del presidente de La Alianza Evang\u00e9lica de El Salvador Jorge Cervantes, hay una agenda detr\u00e1s del decreto una agenda de trabajo, detr\u00e1s de la petici\u00f3n, detr\u00e1s de la asignaci\u00f3n del D\u00eda nacional de la Iglesia Evang\u00e9lica , hay m\u00e1s de 10 puntos\u00a0 dentro de muchos que hay que trabajar, debemos buscar la unidad de la iglesia para lograrlo, para que al estar dispersos no nos sigan viendo d\u00e9biles , mencionare tres puntos de los 10:\u00a0 1)que nuestros pastores puedan contar con un fondo de jubilaci\u00f3n, un 85 % de los pastores no tienen esto, sirven, trabajan por a\u00f1os y llegan a mayores enfermos y no tienen un respaldo de vejez , 2) el 5% de nuestros pastores no tienen el t\u00edtulo de bachiller, eso no los descalifica del ministerio, hace falta que nuestra pastoral tenga un camino que debe ser trabajado, planeado para que ellos puedan hacer ex\u00e1menes e ir subiendo\u00a0 de nivel acad\u00e9mico, 3) los pastores no tienen acceso a visitar a los enfermos en el hospital, la iglesia tradicional tiene el acceso cuando lo quiere, nosotros no podemos contribuir a ir a orar y aliviar las cargas por las enfermedades psicosom\u00e1ticas que las personas padecen esos son tres puntos de una agenda de 10 \u201d<\/strong> <\/em>coment\u00f3 el Dr. Oscar Dur\u00e1n representante de Global University.<\/p>\n<p><em><strong>\u201cRepresenta una oportunidad de visualizar un poco m\u00e1s el aporte de la Iglesia Evang\u00e9lica en todas las dimensiones, en el \u00e1rea social, salud, educaci\u00f3n, familiar, el \u00e1rea de los valores cristianos, en todos estos \u00e1mbitos la iglesia a aportado, este decreto es un reconocimiento, socialmente es una buena iniciativa, en la iglesia tenemos profesionales del m\u00e1s alto nivel, gente \u00e9tica, honesta, esto es como una plataforma m\u00e1s que la iglesia puede aprovechar para extender el reino de Dios \u201c \u00a0coment\u00f3<\/strong><\/em>\u00a0el Lic. Hugo Ram\u00edrez decano de la facultad de teolog\u00eda de la Universidad Cristiana de Las Asambleas de Dios.<\/p>\n<p>Tambi\u00e9n preguntamos en qu\u00e9 \u00e1reas aporta la iglesia evang\u00e9lica a El Salvador:<\/p>\n<p><strong>\u201cUna de las \u00e1reas en las que m\u00e1s aporta la iglesia es la educaci\u00f3n, tenemos un sistema de educaci\u00f3n a trav\u00e9s de colegios cristianos ya con m\u00e1s de 50 a\u00f1os como es el caso de los \u201cLiceos Cristianos Reverendo Juan Bueno\u201d , dos universidades, podemos ver historia, est\u00e1n los \u201cColegios Bautistas\u201d que han ofrecido grandes aportes a la educaci\u00f3n del pa\u00eds, si el sistema de educaci\u00f3n del pa\u00eds est\u00e1 cubierto por instituciones evang\u00e9licas tenemos \u00a0un buen futuro\u201d<\/strong> concluy\u00f3 el Lic. Ram\u00edrez.<\/p>\n<p>&nbsp;<\/p>\n<figure id=\"attachment_4662\" aria-describedby=\"caption-attachment-4662\" style=\"width: 1040px\" class=\"wp-caption alignnone\"><img decoding=\"async\" loading=\"lazy\" class=\"size-full wp-image-4662\" src=\"https:\/\/laprensacristiana.com\/wp-content\/uploads\/2018\/11\/b42f5e1e-50a2-499e-8321-72de6dc0dca2.jpg\" alt=\"Parte del comit\u00e9 organizador Unidos para Orar \" width=\"1040\" height=\"780\" srcset=\"https:\/\/laprensacristiana.com\/wp-content\/uploads\/2018\/11\/b42f5e1e-50a2-499e-8321-72de6dc0dca2.jpg 1040w, https:\/\/laprensacristiana.com\/wp-content\/uploads\/2018\/11\/b42f5e1e-50a2-499e-8321-72de6dc0dca2-600x450.jpg 600w, https:\/\/laprensacristiana.com\/wp-content\/uploads\/2018\/11\/b42f5e1e-50a2-499e-8321-72de6dc0dca2-300x225.jpg 300w, https:\/\/laprensacristiana.com\/wp-content\/uploads\/2018\/11\/b42f5e1e-50a2-499e-8321-72de6dc0dca2-768x576.jpg 768w, https:\/\/laprensacristiana.com\/wp-content\/uploads\/2018\/11\/b42f5e1e-50a2-499e-8321-72de6dc0dca2-1024x768.jpg 1024w, https:\/\/laprensacristiana.com\/wp-content\/uploads\/2018\/11\/b42f5e1e-50a2-499e-8321-72de6dc0dca2-80x60.jpg 80w, https:\/\/laprensacristiana.com\/wp-content\/uploads\/2018\/11\/b42f5e1e-50a2-499e-8321-72de6dc0dca2-265x198.jpg 265w, https:\/\/laprensacristiana.com\/wp-content\/uploads\/2018\/11\/b42f5e1e-50a2-499e-8321-72de6dc0dca2-696x522.jpg 696w, https:\/\/laprensacristiana.com\/wp-content\/uploads\/2018\/11\/b42f5e1e-50a2-499e-8321-72de6dc0dca2-560x420.jpg 560w\" sizes=\"(max-width: 1040px) 100vw, 1040px\" \/><figcaption id=\"caption-attachment-4662\" class=\"wp-caption-text\">Parte del comit\u00e9 organizador Unidos para Orar<\/figcaption><\/figure>\n","protected":false},"excerpt":{"rendered":"<p>El d\u00eda de ayer por la tarde se realiz\u00f3 la celebraci\u00f3n del D\u00eda Nacional de la Iglesia Evang\u00e9lica en La Plaza Libertad en el centro de San Salvador, con un acto conmemorativo, las alabanzas estuvieron a cargo\u00a0 del Salmista Herberth Solano y la palabra de Dios a cargo del Pastor Jos\u00e9 De La Paz Palacios. [&hellip;]<\/p>\n","protected":false},"author":3,"featured_media":4663,"comment_status":"open","ping_status":"open","sticky":false,"template":"","format":"standard","meta":[],"categories":[56],"tags":[],"yoast_head":"<!-- This site is optimized with the Yoast SEO plugin v20.8 - https:\/\/yoast.com\/wordpress\/plugins\/seo\/ -->\n<title>Conmemoraci\u00f3n del D\u00eda Nacional de la Iglesia Evang\u00e9lica Salvadore\u00f1a - La Prensa Cristiana<\/title>\n<meta name=\"robots\" content=\"index, follow, max-snippet:-1, max-image-preview:large, max-video-preview:-1\" \/>\n<link rel=\"canonical\" href=\"https:\/\/laprensacristiana.com\/?p=4658\" \/>\n<meta property=\"og:locale\" content=\"es_ES\" \/>\n<meta property=\"og:type\" content=\"article\" \/>\n<meta property=\"og:title\" content=\"Conmemoraci\u00f3n del D\u00eda Nacional de la Iglesia Evang\u00e9lica Salvadore\u00f1a - La Prensa Cristiana\" \/>\n<meta property=\"og:description\" content=\"El d\u00eda de ayer por la tarde se realiz\u00f3 la celebraci\u00f3n del D\u00eda Nacional de la Iglesia Evang\u00e9lica en La Plaza Libertad en el centro de San Salvador, con un acto conmemorativo, las alabanzas estuvieron a cargo\u00a0 del Salmista Herberth Solano y la palabra de Dios a cargo del Pastor Jos\u00e9 De La Paz Palacios. [&hellip;]\" \/>\n<meta property=\"og:url\" content=\"https:\/\/laprensacristiana.com\/?p=4658\" \/>\n<meta property=\"og:site_name\" content=\"La Prensa Cristiana\" \/>\n<meta property=\"article:published_time\" content=\"2018-11-01T22:15:28+00:00\" \/>\n<meta property=\"article:modified_time\" content=\"2020-07-01T23:21:09+00:00\" \/>\n<meta property=\"og:image\" content=\"https:\/\/laprensacristiana.com\/wp-content\/uploads\/2018\/11\/e8e73e54-5cb8-4db1-b8b9-02c6e6dec8c8.jpg\" \/>\n\t<meta property=\"og:image:width\" content=\"1040\" \/>\n\t<meta property=\"og:image:height\" content=\"780\" \/>\n\t<meta property=\"og:image:type\" content=\"image\/jpeg\" \/>\n<meta name=\"author\" content=\"EDITOR\" \/>\n<meta name=\"twitter:card\" content=\"summary_large_image\" \/>\n<meta name=\"twitter:label1\" content=\"Escrito por\" \/>\n\t<meta name=\"twitter:data1\" content=\"EDITOR\" \/>\n\t<meta name=\"twitter:label2\" content=\"Tiempo de lectura\" \/>\n\t<meta name=\"twitter:data2\" content=\"4 minutos\" \/>\n<script type=\"application\/ld+json\" class=\"yoast-schema-graph\">{\"@context\":\"https:\/\/schema.org\",\"@graph\":[{\"@type\":\"WebPage\",\"@id\":\"https:\/\/laprensacristiana.com\/?p=4658\",\"url\":\"https:\/\/laprensacristiana.com\/?p=4658\",\"name\":\"Conmemoraci\u00f3n del D\u00eda Nacional de la Iglesia Evang\u00e9lica Salvadore\u00f1a - La Prensa Cristiana\",\"isPartOf\":{\"@id\":\"https:\/\/laprensacristiana.com\/#website\"},\"datePublished\":\"2018-11-01T22:15:28+00:00\",\"dateModified\":\"2020-07-01T23:21:09+00:00\",\"author\":{\"@id\":\"https:\/\/laprensacristiana.com\/#\/schema\/person\/3e7d82c6bfd6b1fa67010f8f7cd5256e\"},\"breadcrumb\":{\"@id\":\"https:\/\/laprensacristiana.com\/?p=4658#breadcrumb\"},\"inLanguage\":\"es\",\"potentialAction\":[{\"@type\":\"ReadAction\",\"target\":[\"https:\/\/laprensacristiana.com\/?p=4658\"]}]},{\"@type\":\"BreadcrumbList\",\"@id\":\"https:\/\/laprensacristiana.com\/?p=4658#breadcrumb\",\"itemListElement\":[{\"@type\":\"ListItem\",\"position\":1,\"name\":\"Portada\",\"item\":\"https:\/\/laprensacristiana.com\/\"},{\"@type\":\"ListItem\",\"position\":2,\"name\":\"Conmemoraci\u00f3n del D\u00eda Nacional de la Iglesia Evang\u00e9lica Salvadore\u00f1a\"}]},{\"@type\":\"WebSite\",\"@id\":\"https:\/\/laprensacristiana.com\/#website\",\"url\":\"https:\/\/laprensacristiana.com\/\",\"name\":\"La Prensa Cristiana\",\"description\":\"Anunciando Las Buenas Nuevas\",\"potentialAction\":[{\"@type\":\"SearchAction\",\"target\":{\"@type\":\"EntryPoint\",\"urlTemplate\":\"https:\/\/laprensacristiana.com\/?s={search_term_string}\"},\"query-input\":\"required name=search_term_string\"}],\"inLanguage\":\"es\"},{\"@type\":\"Person\",\"@id\":\"https:\/\/laprensacristiana.com\/#\/schema\/person\/3e7d82c6bfd6b1fa67010f8f7cd5256e\",\"name\":\"EDITOR\",\"image\":{\"@type\":\"ImageObject\",\"inLanguage\":\"es\",\"@id\":\"https:\/\/laprensacristiana.com\/#\/schema\/person\/image\/\",\"url\":\"https:\/\/secure.gravatar.com\/avatar\/72069dfb6c13772d9e8381e3638666d2?s=96&d=mm&r=g\",\"contentUrl\":\"https:\/\/secure.gravatar.com\/avatar\/72069dfb6c13772d9e8381e3638666d2?s=96&d=mm&r=g\",\"caption\":\"EDITOR\"},\"url\":\"https:\/\/laprensacristiana.com\/?author=3\"}]}<\/script>\n<!-- \/ Yoast SEO plugin. -->","yoast_head_json":{"title":"Conmemoraci\u00f3n del D\u00eda Nacional de la Iglesia Evang\u00e9lica Salvadore\u00f1a - La Prensa Cristiana","robots":{"index":"index","follow":"follow","max-snippet":"max-snippet:-1","max-image-preview":"max-image-preview:large","max-video-preview":"max-video-preview:-1"},"canonical":"https:\/\/laprensacristiana.com\/?p=4658","og_locale":"es_ES","og_type":"article","og_title":"Conmemoraci\u00f3n del D\u00eda Nacional de la Iglesia Evang\u00e9lica Salvadore\u00f1a - La Prensa Cristiana","og_description":"El d\u00eda de ayer por la tarde se realiz\u00f3 la celebraci\u00f3n del D\u00eda Nacional de la Iglesia Evang\u00e9lica en La Plaza Libertad en el centro de San Salvador, con un acto conmemorativo, las alabanzas estuvieron a cargo\u00a0 del Salmista Herberth Solano y la palabra de Dios a cargo del Pastor Jos\u00e9 De La Paz Palacios. [&hellip;]","og_url":"https:\/\/laprensacristiana.com\/?p=4658","og_site_name":"La Prensa Cristiana","article_published_time":"2018-11-01T22:15:28+00:00","article_modified_time":"2020-07-01T23:21:09+00:00","og_image":[{"width":1040,"height":780,"url":"https:\/\/laprensacristiana.com\/wp-content\/uploads\/2018\/11\/e8e73e54-5cb8-4db1-b8b9-02c6e6dec8c8.jpg","type":"image\/jpeg"}],"author":"EDITOR","twitter_card":"summary_large_image","twitter_misc":{"Escrito por":"EDITOR","Tiempo de lectura":"4 minutos"},"schema":{"@context":"https:\/\/schema.org","@graph":[{"@type":"WebPage","@id":"https:\/\/laprensacristiana.com\/?p=4658","url":"https:\/\/laprensacristiana.com\/?p=4658","name":"Conmemoraci\u00f3n del D\u00eda Nacional de la Iglesia Evang\u00e9lica Salvadore\u00f1a - La Prensa Cristiana","isPartOf":{"@id":"https:\/\/laprensacristiana.com\/#website"},"datePublished":"2018-11-01T22:15:28+00:00","dateModified":"2020-07-01T23:21:09+00:00","author":{"@id":"https:\/\/laprensacristiana.com\/#\/schema\/person\/3e7d82c6bfd6b1fa67010f8f7cd5256e"},"breadcrumb":{"@id":"https:\/\/laprensacristiana.com\/?p=4658#breadcrumb"},"inLanguage":"es","potentialAction":[{"@type":"ReadAction","target":["https:\/\/laprensacristiana.com\/?p=4658"]}]},{"@type":"BreadcrumbList","@id":"https:\/\/laprensacristiana.com\/?p=4658#breadcrumb","itemListElement":[{"@type":"ListItem","position":1,"name":"Portada","item":"https:\/\/laprensacristiana.com\/"},{"@type":"ListItem","position":2,"name":"Conmemoraci\u00f3n del D\u00eda Nacional de la Iglesia Evang\u00e9lica Salvadore\u00f1a"}]},{"@type":"WebSite","@id":"https:\/\/laprensacristiana.com\/#website","url":"https:\/\/laprensacristiana.com\/","name":"La Prensa Cristiana","description":"Anunciando Las Buenas Nuevas","potentialAction":[{"@type":"SearchAction","target":{"@type":"EntryPoint","urlTemplate":"https:\/\/laprensacristiana.com\/?s={search_term_string}"},"query-input":"required name=search_term_string"}],"inLanguage":"es"},{"@type":"Person","@id":"https:\/\/laprensacristiana.com\/#\/schema\/person\/3e7d82c6bfd6b1fa67010f8f7cd5256e","name":"EDITOR","image":{"@type":"ImageObject","inLanguage":"es","@id":"https:\/\/laprensacristiana.com\/#\/schema\/person\/image\/","url":"https:\/\/secure.gravatar.com\/avatar\/72069dfb6c13772d9e8381e3638666d2?s=96&d=mm&r=g","contentUrl":"https:\/\/secure.gravatar.com\/avatar\/72069dfb6c13772d9e8381e3638666d2?s=96&d=mm&r=g","caption":"EDITOR"},"url":"https:\/\/laprensacristiana.com\/?author=3"}]}},"_links":{"self":[{"href":"https:\/\/laprensacristiana.com\/index.php?rest_route=\/wp\/v2\/posts\/4658"}],"collection":[{"href":"https:\/\/laprensacristiana.com\/index.php?rest_route=\/wp\/v2\/posts"}],"about":[{"href":"https:\/\/laprensacristiana.com\/index.php?rest_route=\/wp\/v2\/types\/post"}],"author":[{"embeddable":true,"href":"https:\/\/laprensacristiana.com\/index.php?rest_route=\/wp\/v2\/users\/3"}],"replies":[{"embeddable":true,"href":"https:\/\/laprensacristiana.com\/index.php?rest_route=%2Fwp%2Fv2%2Fcomments&post=4658"}],"version-history":[{"count":6,"href":"https:\/\/laprensacristiana.com\/index.php?rest_route=\/wp\/v2\/posts\/4658\/revisions"}],"predecessor-version":[{"id":4669,"href":"https:\/\/laprensacristiana.com\/index.php?rest_route=\/wp\/v2\/posts\/4658\/revisions\/4669"}],"wp:featuredmedia":[{"embeddable":true,"href":"https:\/\/laprensacristiana.com\/index.php?rest_route=\/wp\/v2\/media\/4663"}],"wp:attachment":[{"href":"https:\/\/laprensacristiana.com\/index.php?rest_route=%2Fwp%2Fv2%2Fmedia&parent=4658"}],"wp:term":[{"taxonomy":"category","embeddable":true,"href":"https:\/\/laprensacristiana.com\/index.php?rest_route=%2Fwp%2Fv2%2Fcategories&post=4658"},{"taxonomy":"post_tag","embeddable":true,"href":"https:\/\/laprensacristiana.com\/index.php?rest_route=%2Fwp%2Fv2%2Ftags&post=4658"}],"curies":[{"name":"wp","href":"https:\/\/api.w.org\/{rel}","templated":true}]}}