{"id":4670,"date":"2018-11-03T14:27:18","date_gmt":"2018-11-03T14:27:18","guid":{"rendered":"https:\/\/laprensacristiana.com\/?p=4670"},"modified":"2020-07-01T23:20:56","modified_gmt":"2020-07-01T23:20:56","slug":"hoy-es-la-marcha-la-familia-es-vida","status":"publish","type":"post","link":"https:\/\/laprensacristiana.com\/?p=4670","title":{"rendered":"Hoy es la marcha \u201cLa Familia es Vida\u201d"},"content":{"rendered":"<p>El d\u00eda de hoy, a partir de las 2:00 de la tarde se llevar\u00e1 a cabo una marcha denominada: \u201cLa Familia es vida\u201d, tendr\u00e1 como punto de partida la plaza El Divino Salvador del Mundo y finalizando en la Plaza Gerardo Barrios.<\/p>\n<p>La marcha ha sido promovida a trav\u00e9s de redes sociales con el hashtag \u00a0#YoEducoAmisHijos con el cual pretenden crear conciencia y frenar las propuestas de educaci\u00f3n de los ni\u00f1os en identidad de g\u00e9nero. Es organizada por una amplia cantidad de organizaciones cristianas en El Salvador.<\/p>\n<p>Recientemente publicaron un manifiesto que detallan de la siguiente forma:<\/p>\n<p>***<\/p>\n<ol>\n<li>Defendemos y promovemos el derecho a la vida desde la concepci\u00f3n, primer y fundamental derecho humano del cual surgen todos los dem\u00e1s derechos.<\/li>\n<li>Afirmamos que el hombre y la mujer, diferentes pero complementarios, tienen la misma dignidad y derechos.<\/li>\n<li>Afirmamos que la familia es el n\u00facleo b\u00e1sico de la sociedad, la cual tiene su origen en el matrimonio entre un hombre y una mujer as\u00ed nacidos.<\/li>\n<li>Reconocemos que los padres son los principales educadores de sus hijos y tienen el derecho de elegir el tipo de educaci\u00f3n que quieren para sus hijos.<\/li>\n<li>Afirmamos que toda persona tiene el derecho a la libertad de conciencia, de religi\u00f3n y de expresi\u00f3n.<\/li>\n<\/ol>\n<p>Respondemos enf\u00e1ticamente como ciudadanos a la negativa implementaci\u00f3n de programas que promueven la ideolog\u00eda de g\u00e9nero en la curricula escolar y pol\u00edticas p\u00fablicas. Adem\u00e1s consideramos urgente que los candidatos a la presidencia y vicepresidencia de los diferentes partidos pol\u00edticos sepan que este tema es importante para los votantes salvadore\u00f1os y se comprometan a defender la Vida y la familia.<\/p>\n<p>***<\/p>\n<p>Y concluyen firmando como Movimientos Provida El Salvador y haciendo una invitaci\u00f3n a vestir todos de blanco.<\/p>\n<p><img decoding=\"async\" loading=\"lazy\" class=\"alignnone size-full wp-image-4671\" src=\"https:\/\/laprensacristiana.com\/wp-content\/uploads\/2018\/11\/45135276_2523691914322540_9174805607528529920_n.jpg\" alt=\"\" width=\"678\" height=\"960\" srcset=\"https:\/\/laprensacristiana.com\/wp-content\/uploads\/2018\/11\/45135276_2523691914322540_9174805607528529920_n.jpg 678w, https:\/\/laprensacristiana.com\/wp-content\/uploads\/2018\/11\/45135276_2523691914322540_9174805607528529920_n-600x850.jpg 600w, https:\/\/laprensacristiana.com\/wp-content\/uploads\/2018\/11\/45135276_2523691914322540_9174805607528529920_n-212x300.jpg 212w, https:\/\/laprensacristiana.com\/wp-content\/uploads\/2018\/11\/45135276_2523691914322540_9174805607528529920_n-297x420.jpg 297w\" sizes=\"(max-width: 678px) 100vw, 678px\" \/><\/p>\n","protected":false},"excerpt":{"rendered":"<p>El d\u00eda de hoy, a partir de las 2:00 de la tarde se llevar\u00e1 a cabo una marcha denominada: \u201cLa Familia es vida\u201d, tendr\u00e1 como punto de partida la plaza El Divino Salvador del Mundo y finalizando en la Plaza Gerardo Barrios. La marcha ha sido promovida a trav\u00e9s de redes sociales con el hashtag [&hellip;]<\/p>\n","protected":false},"author":3,"featured_media":4672,"comment_status":"open","ping_status":"open","sticky":false,"template":"","format":"standard","meta":[],"categories":[56],"tags":[],"yoast_head":"<!-- This site is optimized with the Yoast SEO plugin v20.8 - https:\/\/yoast.com\/wordpress\/plugins\/seo\/ -->\n<title>Hoy es la marcha \u201cLa Familia es Vida\u201d - La Prensa Cristiana<\/title>\n<meta name=\"robots\" content=\"index, follow, max-snippet:-1, max-image-preview:large, max-video-preview:-1\" \/>\n<link rel=\"canonical\" href=\"https:\/\/laprensacristiana.com\/?p=4670\" \/>\n<meta property=\"og:locale\" content=\"es_ES\" \/>\n<meta property=\"og:type\" content=\"article\" \/>\n<meta property=\"og:title\" content=\"Hoy es la marcha \u201cLa Familia es Vida\u201d - La Prensa Cristiana\" \/>\n<meta property=\"og:description\" content=\"El d\u00eda de hoy, a partir de las 2:00 de la tarde se llevar\u00e1 a cabo una marcha denominada: \u201cLa Familia es vida\u201d, tendr\u00e1 como punto de partida la plaza El Divino Salvador del Mundo y finalizando en la Plaza Gerardo Barrios. La marcha ha sido promovida a trav\u00e9s de redes sociales con el hashtag [&hellip;]\" \/>\n<meta property=\"og:url\" content=\"https:\/\/laprensacristiana.com\/?p=4670\" \/>\n<meta property=\"og:site_name\" content=\"La Prensa Cristiana\" \/>\n<meta property=\"article:published_time\" content=\"2018-11-03T14:27:18+00:00\" \/>\n<meta property=\"article:modified_time\" content=\"2020-07-01T23:20:56+00:00\" \/>\n<meta property=\"og:image\" content=\"https:\/\/laprensacristiana.com\/wp-content\/uploads\/2018\/11\/IMG_3069-scaled.jpg\" \/>\n\t<meta property=\"og:image:width\" content=\"2560\" \/>\n\t<meta property=\"og:image:height\" content=\"1707\" \/>\n\t<meta property=\"og:image:type\" content=\"image\/jpeg\" \/>\n<meta name=\"author\" content=\"EDITOR\" \/>\n<meta name=\"twitter:card\" content=\"summary_large_image\" \/>\n<meta name=\"twitter:label1\" content=\"Escrito por\" \/>\n\t<meta name=\"twitter:data1\" content=\"EDITOR\" \/>\n\t<meta name=\"twitter:label2\" content=\"Tiempo de lectura\" \/>\n\t<meta name=\"twitter:data2\" content=\"2 minutos\" \/>\n<script type=\"application\/ld+json\" class=\"yoast-schema-graph\">{\"@context\":\"https:\/\/schema.org\",\"@graph\":[{\"@type\":\"WebPage\",\"@id\":\"https:\/\/laprensacristiana.com\/?p=4670\",\"url\":\"https:\/\/laprensacristiana.com\/?p=4670\",\"name\":\"Hoy es la marcha \u201cLa Familia es Vida\u201d - La Prensa Cristiana\",\"isPartOf\":{\"@id\":\"https:\/\/laprensacristiana.com\/#website\"},\"datePublished\":\"2018-11-03T14:27:18+00:00\",\"dateModified\":\"2020-07-01T23:20:56+00:00\",\"author\":{\"@id\":\"https:\/\/laprensacristiana.com\/#\/schema\/person\/3e7d82c6bfd6b1fa67010f8f7cd5256e\"},\"breadcrumb\":{\"@id\":\"https:\/\/laprensacristiana.com\/?p=4670#breadcrumb\"},\"inLanguage\":\"es\",\"potentialAction\":[{\"@type\":\"ReadAction\",\"target\":[\"https:\/\/laprensacristiana.com\/?p=4670\"]}]},{\"@type\":\"BreadcrumbList\",\"@id\":\"https:\/\/laprensacristiana.com\/?p=4670#breadcrumb\",\"itemListElement\":[{\"@type\":\"ListItem\",\"position\":1,\"name\":\"Portada\",\"item\":\"https:\/\/laprensacristiana.com\/\"},{\"@type\":\"ListItem\",\"position\":2,\"name\":\"Hoy es la marcha \u201cLa Familia es Vida\u201d\"}]},{\"@type\":\"WebSite\",\"@id\":\"https:\/\/laprensacristiana.com\/#website\",\"url\":\"https:\/\/laprensacristiana.com\/\",\"name\":\"La Prensa Cristiana\",\"description\":\"Anunciando Las Buenas Nuevas\",\"potentialAction\":[{\"@type\":\"SearchAction\",\"target\":{\"@type\":\"EntryPoint\",\"urlTemplate\":\"https:\/\/laprensacristiana.com\/?s={search_term_string}\"},\"query-input\":\"required name=search_term_string\"}],\"inLanguage\":\"es\"},{\"@type\":\"Person\",\"@id\":\"https:\/\/laprensacristiana.com\/#\/schema\/person\/3e7d82c6bfd6b1fa67010f8f7cd5256e\",\"name\":\"EDITOR\",\"image\":{\"@type\":\"ImageObject\",\"inLanguage\":\"es\",\"@id\":\"https:\/\/laprensacristiana.com\/#\/schema\/person\/image\/\",\"url\":\"https:\/\/secure.gravatar.com\/avatar\/72069dfb6c13772d9e8381e3638666d2?s=96&d=mm&r=g\",\"contentUrl\":\"https:\/\/secure.gravatar.com\/avatar\/72069dfb6c13772d9e8381e3638666d2?s=96&d=mm&r=g\",\"caption\":\"EDITOR\"},\"url\":\"https:\/\/laprensacristiana.com\/?author=3\"}]}<\/script>\n<!-- \/ Yoast SEO plugin. -->","yoast_head_json":{"title":"Hoy es la marcha \u201cLa Familia es Vida\u201d - La Prensa Cristiana","robots":{"index":"index","follow":"follow","max-snippet":"max-snippet:-1","max-image-preview":"max-image-preview:large","max-video-preview":"max-video-preview:-1"},"canonical":"https:\/\/laprensacristiana.com\/?p=4670","og_locale":"es_ES","og_type":"article","og_title":"Hoy es la marcha \u201cLa Familia es Vida\u201d - La Prensa Cristiana","og_description":"El d\u00eda de hoy, a partir de las 2:00 de la tarde se llevar\u00e1 a cabo una marcha denominada: \u201cLa Familia es vida\u201d, tendr\u00e1 como punto de partida la plaza El Divino Salvador del Mundo y finalizando en la Plaza Gerardo Barrios. La marcha ha sido promovida a trav\u00e9s de redes sociales con el hashtag [&hellip;]","og_url":"https:\/\/laprensacristiana.com\/?p=4670","og_site_name":"La Prensa Cristiana","article_published_time":"2018-11-03T14:27:18+00:00","article_modified_time":"2020-07-01T23:20:56+00:00","og_image":[{"width":2560,"height":1707,"url":"https:\/\/laprensacristiana.com\/wp-content\/uploads\/2018\/11\/IMG_3069-scaled.jpg","type":"image\/jpeg"}],"author":"EDITOR","twitter_card":"summary_large_image","twitter_misc":{"Escrito por":"EDITOR","Tiempo de lectura":"2 minutos"},"schema":{"@context":"https:\/\/schema.org","@graph":[{"@type":"WebPage","@id":"https:\/\/laprensacristiana.com\/?p=4670","url":"https:\/\/laprensacristiana.com\/?p=4670","name":"Hoy es la marcha \u201cLa Familia es Vida\u201d - La Prensa Cristiana","isPartOf":{"@id":"https:\/\/laprensacristiana.com\/#website"},"datePublished":"2018-11-03T14:27:18+00:00","dateModified":"2020-07-01T23:20:56+00:00","author":{"@id":"https:\/\/laprensacristiana.com\/#\/schema\/person\/3e7d82c6bfd6b1fa67010f8f7cd5256e"},"breadcrumb":{"@id":"https:\/\/laprensacristiana.com\/?p=4670#breadcrumb"},"inLanguage":"es","potentialAction":[{"@type":"ReadAction","target":["https:\/\/laprensacristiana.com\/?p=4670"]}]},{"@type":"BreadcrumbList","@id":"https:\/\/laprensacristiana.com\/?p=4670#breadcrumb","itemListElement":[{"@type":"ListItem","position":1,"name":"Portada","item":"https:\/\/laprensacristiana.com\/"},{"@type":"ListItem","position":2,"name":"Hoy es la marcha \u201cLa Familia es Vida\u201d"}]},{"@type":"WebSite","@id":"https:\/\/laprensacristiana.com\/#website","url":"https:\/\/laprensacristiana.com\/","name":"La Prensa Cristiana","description":"Anunciando Las Buenas Nuevas","potentialAction":[{"@type":"SearchAction","target":{"@type":"EntryPoint","urlTemplate":"https:\/\/laprensacristiana.com\/?s={search_term_string}"},"query-input":"required name=search_term_string"}],"inLanguage":"es"},{"@type":"Person","@id":"https:\/\/laprensacristiana.com\/#\/schema\/person\/3e7d82c6bfd6b1fa67010f8f7cd5256e","name":"EDITOR","image":{"@type":"ImageObject","inLanguage":"es","@id":"https:\/\/laprensacristiana.com\/#\/schema\/person\/image\/","url":"https:\/\/secure.gravatar.com\/avatar\/72069dfb6c13772d9e8381e3638666d2?s=96&d=mm&r=g","contentUrl":"https:\/\/secure.gravatar.com\/avatar\/72069dfb6c13772d9e8381e3638666d2?s=96&d=mm&r=g","caption":"EDITOR"},"url":"https:\/\/laprensacristiana.com\/?author=3"}]}},"_links":{"self":[{"href":"https:\/\/laprensacristiana.com\/index.php?rest_route=\/wp\/v2\/posts\/4670"}],"collection":[{"href":"https:\/\/laprensacristiana.com\/index.php?rest_route=\/wp\/v2\/posts"}],"about":[{"href":"https:\/\/laprensacristiana.com\/index.php?rest_route=\/wp\/v2\/types\/post"}],"author":[{"embeddable":true,"href":"https:\/\/laprensacristiana.com\/index.php?rest_route=\/wp\/v2\/users\/3"}],"replies":[{"embeddable":true,"href":"https:\/\/laprensacristiana.com\/index.php?rest_route=%2Fwp%2Fv2%2Fcomments&post=4670"}],"version-history":[{"count":1,"href":"https:\/\/laprensacristiana.com\/index.php?rest_route=\/wp\/v2\/posts\/4670\/revisions"}],"predecessor-version":[{"id":4673,"href":"https:\/\/laprensacristiana.com\/index.php?rest_route=\/wp\/v2\/posts\/4670\/revisions\/4673"}],"wp:featuredmedia":[{"embeddable":true,"href":"https:\/\/laprensacristiana.com\/index.php?rest_route=\/wp\/v2\/media\/4672"}],"wp:attachment":[{"href":"https:\/\/laprensacristiana.com\/index.php?rest_route=%2Fwp%2Fv2%2Fmedia&parent=4670"}],"wp:term":[{"taxonomy":"category","embeddable":true,"href":"https:\/\/laprensacristiana.com\/index.php?rest_route=%2Fwp%2Fv2%2Fcategories&post=4670"},{"taxonomy":"post_tag","embeddable":true,"href":"https:\/\/laprensacristiana.com\/index.php?rest_route=%2Fwp%2Fv2%2Ftags&post=4670"}],"curies":[{"name":"wp","href":"https:\/\/api.w.org\/{rel}","templated":true}]}}