{"id":4680,"date":"2018-11-06T01:33:24","date_gmt":"2018-11-06T01:33:24","guid":{"rendered":"https:\/\/laprensacristiana.com\/?p=4680"},"modified":"2020-07-01T23:20:32","modified_gmt":"2020-07-01T23:20:32","slug":"a-una-voz-presento-su-primera-produccion","status":"publish","type":"post","link":"https:\/\/laprensacristiana.com\/?p=4680","title":{"rendered":"\u00abA Una Voz\u00bb present\u00f3 su primera producci\u00f3n"},"content":{"rendered":"<p>El d\u00eda de ayer se llev\u00f3 a cabo el lanzamiento de la producci\u00f3n de A Una Voz en la Gran Sala del Teatro Nacional de San Salvador, la producci\u00f3n fue grabada en vivo en marzo \u00a0de este a\u00f1o en el cual se recopilaron 16 canciones de diferentes salmistas salvadore\u00f1os.<\/p>\n<p>Fue una noche llena de talento y adoraci\u00f3n a Dios, se presentaron Salmistas como Ricardo Quinteros, Marinella Arru\u00e9, Abraham Reyes, Gabby Chac\u00f3n, Steffanie Ram\u00edrez, Jonathan Rivera, Alejandra Linares, Pedro Reyes y Douglas Fern\u00e1ndez quienes interpretaron\u00a0 temas exitosos como: \u201cAqu\u00ed estoy\u201d de Ricardo Quinteros, \u201cTu nombre alabar\u00e9\u201d de Marinella Arru\u00e9 y muchos m\u00e1s.<\/p>\n<p>\u201cCasi nunca se habla del que est\u00e1 detr\u00e1s de toda la parte t\u00e9cnica, hoy es un d\u00eda en el que queremos honrar el trabajo de varios meses y hablamos del Ingeniero de sonido Juan Carlos Folgar, gracias por su ayuda\u201d Expres\u00f3 el Maestro Mauricio Benjam\u00edn Sol\u00eds.<\/p>\n<p>La Fundaci\u00f3n Valores y Artes entreg\u00f3 una placa de \u00a0reconocimiento a la salmista Marinella Arru\u00e9 por sus 40 a\u00f1os de ministerio, \u00a0por su valioso aporte al arte musical del pa\u00eds, por el apoyo y participaci\u00f3n como solista en la Orquesta Sinf\u00f3nica Cristiana de El Salvador \u00a0y banda A Una Voz.<\/p>\n<p>\u201cDios es bueno, hasta el d\u00eda de hoy nos ha ayudado, cuando uno busca la voluntad \u00a0perfecta de Dios las cosas ayudan para bien, hace muchos a\u00f1os Dios puso este ministerio en mi vida y el complemento perfecto para apoyarlo. Sin Alejandro (mi esposo) no hubiera podido seguir, ha sido una aventura donde hemos hecho de todo, pero no es m\u00edo es un ministerio de familia, pero sobre todo de \u00e9l quien es la cabeza, \u00e9l es quien maneja el ministerio, aunque el ministerio se llame Marinella Arru\u00e9, sin el apoyo de mi esposo esto no hubiera podido continuar, gracias por tanto\u201d Expres\u00f3 Marinella.<\/p>\n<p>\u201cHe tenido reconocimientos pero cuando viene de gente querida se torna algo especial porque es un apoyo de la gente que le quiere para bien a uno, much\u00edsimas gracias a todos\u201d Concluy\u00f3 Arru\u00e9.<\/p>\n","protected":false},"excerpt":{"rendered":"<p>El d\u00eda de ayer se llev\u00f3 a cabo el lanzamiento de la producci\u00f3n de A Una Voz en la Gran Sala del Teatro Nacional de San Salvador, la producci\u00f3n fue grabada en vivo en marzo \u00a0de este a\u00f1o en el cual se recopilaron 16 canciones de diferentes salmistas salvadore\u00f1os. Fue una noche llena de talento [&hellip;]<\/p>\n","protected":false},"author":3,"featured_media":4681,"comment_status":"open","ping_status":"open","sticky":false,"template":"","format":"standard","meta":[],"categories":[101],"tags":[],"yoast_head":"<!-- This site is optimized with the Yoast SEO plugin v20.8 - https:\/\/yoast.com\/wordpress\/plugins\/seo\/ -->\n<title>&quot;A Una Voz&quot; present\u00f3 su primera producci\u00f3n - La Prensa Cristiana<\/title>\n<meta name=\"robots\" content=\"index, follow, max-snippet:-1, max-image-preview:large, max-video-preview:-1\" \/>\n<link rel=\"canonical\" href=\"https:\/\/laprensacristiana.com\/?p=4680\" \/>\n<meta property=\"og:locale\" content=\"es_ES\" \/>\n<meta property=\"og:type\" content=\"article\" \/>\n<meta property=\"og:title\" content=\"&quot;A Una Voz&quot; present\u00f3 su primera producci\u00f3n - La Prensa Cristiana\" \/>\n<meta property=\"og:description\" content=\"El d\u00eda de ayer se llev\u00f3 a cabo el lanzamiento de la producci\u00f3n de A Una Voz en la Gran Sala del Teatro Nacional de San Salvador, la producci\u00f3n fue grabada en vivo en marzo \u00a0de este a\u00f1o en el cual se recopilaron 16 canciones de diferentes salmistas salvadore\u00f1os. Fue una noche llena de talento [&hellip;]\" \/>\n<meta property=\"og:url\" content=\"https:\/\/laprensacristiana.com\/?p=4680\" \/>\n<meta property=\"og:site_name\" content=\"La Prensa Cristiana\" \/>\n<meta property=\"article:published_time\" content=\"2018-11-06T01:33:24+00:00\" \/>\n<meta property=\"article:modified_time\" content=\"2020-07-01T23:20:32+00:00\" \/>\n<meta property=\"og:image\" content=\"https:\/\/laprensacristiana.com\/wp-content\/uploads\/2018\/11\/WhatsApp-Image-2018-11-05-at-7.09.44-PM.jpeg\" \/>\n\t<meta property=\"og:image:width\" content=\"1280\" \/>\n\t<meta property=\"og:image:height\" content=\"957\" \/>\n\t<meta property=\"og:image:type\" content=\"image\/jpeg\" \/>\n<meta name=\"author\" content=\"EDITOR\" \/>\n<meta name=\"twitter:card\" content=\"summary_large_image\" \/>\n<meta name=\"twitter:label1\" content=\"Escrito por\" \/>\n\t<meta name=\"twitter:data1\" content=\"EDITOR\" \/>\n\t<meta name=\"twitter:label2\" content=\"Tiempo de lectura\" \/>\n\t<meta name=\"twitter:data2\" content=\"2 minutos\" \/>\n<script type=\"application\/ld+json\" class=\"yoast-schema-graph\">{\"@context\":\"https:\/\/schema.org\",\"@graph\":[{\"@type\":\"WebPage\",\"@id\":\"https:\/\/laprensacristiana.com\/?p=4680\",\"url\":\"https:\/\/laprensacristiana.com\/?p=4680\",\"name\":\"\\\"A Una Voz\\\" present\u00f3 su primera producci\u00f3n - La Prensa Cristiana\",\"isPartOf\":{\"@id\":\"https:\/\/laprensacristiana.com\/#website\"},\"datePublished\":\"2018-11-06T01:33:24+00:00\",\"dateModified\":\"2020-07-01T23:20:32+00:00\",\"author\":{\"@id\":\"https:\/\/laprensacristiana.com\/#\/schema\/person\/3e7d82c6bfd6b1fa67010f8f7cd5256e\"},\"breadcrumb\":{\"@id\":\"https:\/\/laprensacristiana.com\/?p=4680#breadcrumb\"},\"inLanguage\":\"es\",\"potentialAction\":[{\"@type\":\"ReadAction\",\"target\":[\"https:\/\/laprensacristiana.com\/?p=4680\"]}]},{\"@type\":\"BreadcrumbList\",\"@id\":\"https:\/\/laprensacristiana.com\/?p=4680#breadcrumb\",\"itemListElement\":[{\"@type\":\"ListItem\",\"position\":1,\"name\":\"Portada\",\"item\":\"https:\/\/laprensacristiana.com\/\"},{\"@type\":\"ListItem\",\"position\":2,\"name\":\"\u00abA Una Voz\u00bb present\u00f3 su primera producci\u00f3n\"}]},{\"@type\":\"WebSite\",\"@id\":\"https:\/\/laprensacristiana.com\/#website\",\"url\":\"https:\/\/laprensacristiana.com\/\",\"name\":\"La Prensa Cristiana\",\"description\":\"Anunciando Las Buenas Nuevas\",\"potentialAction\":[{\"@type\":\"SearchAction\",\"target\":{\"@type\":\"EntryPoint\",\"urlTemplate\":\"https:\/\/laprensacristiana.com\/?s={search_term_string}\"},\"query-input\":\"required name=search_term_string\"}],\"inLanguage\":\"es\"},{\"@type\":\"Person\",\"@id\":\"https:\/\/laprensacristiana.com\/#\/schema\/person\/3e7d82c6bfd6b1fa67010f8f7cd5256e\",\"name\":\"EDITOR\",\"image\":{\"@type\":\"ImageObject\",\"inLanguage\":\"es\",\"@id\":\"https:\/\/laprensacristiana.com\/#\/schema\/person\/image\/\",\"url\":\"https:\/\/secure.gravatar.com\/avatar\/72069dfb6c13772d9e8381e3638666d2?s=96&d=mm&r=g\",\"contentUrl\":\"https:\/\/secure.gravatar.com\/avatar\/72069dfb6c13772d9e8381e3638666d2?s=96&d=mm&r=g\",\"caption\":\"EDITOR\"},\"url\":\"https:\/\/laprensacristiana.com\/?author=3\"}]}<\/script>\n<!-- \/ Yoast SEO plugin. -->","yoast_head_json":{"title":"\"A Una Voz\" present\u00f3 su primera producci\u00f3n - La Prensa Cristiana","robots":{"index":"index","follow":"follow","max-snippet":"max-snippet:-1","max-image-preview":"max-image-preview:large","max-video-preview":"max-video-preview:-1"},"canonical":"https:\/\/laprensacristiana.com\/?p=4680","og_locale":"es_ES","og_type":"article","og_title":"\"A Una Voz\" present\u00f3 su primera producci\u00f3n - La Prensa Cristiana","og_description":"El d\u00eda de ayer se llev\u00f3 a cabo el lanzamiento de la producci\u00f3n de A Una Voz en la Gran Sala del Teatro Nacional de San Salvador, la producci\u00f3n fue grabada en vivo en marzo \u00a0de este a\u00f1o en el cual se recopilaron 16 canciones de diferentes salmistas salvadore\u00f1os. Fue una noche llena de talento [&hellip;]","og_url":"https:\/\/laprensacristiana.com\/?p=4680","og_site_name":"La Prensa Cristiana","article_published_time":"2018-11-06T01:33:24+00:00","article_modified_time":"2020-07-01T23:20:32+00:00","og_image":[{"width":1280,"height":957,"url":"https:\/\/laprensacristiana.com\/wp-content\/uploads\/2018\/11\/WhatsApp-Image-2018-11-05-at-7.09.44-PM.jpeg","type":"image\/jpeg"}],"author":"EDITOR","twitter_card":"summary_large_image","twitter_misc":{"Escrito por":"EDITOR","Tiempo de lectura":"2 minutos"},"schema":{"@context":"https:\/\/schema.org","@graph":[{"@type":"WebPage","@id":"https:\/\/laprensacristiana.com\/?p=4680","url":"https:\/\/laprensacristiana.com\/?p=4680","name":"\"A Una Voz\" present\u00f3 su primera producci\u00f3n - La Prensa Cristiana","isPartOf":{"@id":"https:\/\/laprensacristiana.com\/#website"},"datePublished":"2018-11-06T01:33:24+00:00","dateModified":"2020-07-01T23:20:32+00:00","author":{"@id":"https:\/\/laprensacristiana.com\/#\/schema\/person\/3e7d82c6bfd6b1fa67010f8f7cd5256e"},"breadcrumb":{"@id":"https:\/\/laprensacristiana.com\/?p=4680#breadcrumb"},"inLanguage":"es","potentialAction":[{"@type":"ReadAction","target":["https:\/\/laprensacristiana.com\/?p=4680"]}]},{"@type":"BreadcrumbList","@id":"https:\/\/laprensacristiana.com\/?p=4680#breadcrumb","itemListElement":[{"@type":"ListItem","position":1,"name":"Portada","item":"https:\/\/laprensacristiana.com\/"},{"@type":"ListItem","position":2,"name":"\u00abA Una Voz\u00bb present\u00f3 su primera producci\u00f3n"}]},{"@type":"WebSite","@id":"https:\/\/laprensacristiana.com\/#website","url":"https:\/\/laprensacristiana.com\/","name":"La Prensa Cristiana","description":"Anunciando Las Buenas Nuevas","potentialAction":[{"@type":"SearchAction","target":{"@type":"EntryPoint","urlTemplate":"https:\/\/laprensacristiana.com\/?s={search_term_string}"},"query-input":"required name=search_term_string"}],"inLanguage":"es"},{"@type":"Person","@id":"https:\/\/laprensacristiana.com\/#\/schema\/person\/3e7d82c6bfd6b1fa67010f8f7cd5256e","name":"EDITOR","image":{"@type":"ImageObject","inLanguage":"es","@id":"https:\/\/laprensacristiana.com\/#\/schema\/person\/image\/","url":"https:\/\/secure.gravatar.com\/avatar\/72069dfb6c13772d9e8381e3638666d2?s=96&d=mm&r=g","contentUrl":"https:\/\/secure.gravatar.com\/avatar\/72069dfb6c13772d9e8381e3638666d2?s=96&d=mm&r=g","caption":"EDITOR"},"url":"https:\/\/laprensacristiana.com\/?author=3"}]}},"_links":{"self":[{"href":"https:\/\/laprensacristiana.com\/index.php?rest_route=\/wp\/v2\/posts\/4680"}],"collection":[{"href":"https:\/\/laprensacristiana.com\/index.php?rest_route=\/wp\/v2\/posts"}],"about":[{"href":"https:\/\/laprensacristiana.com\/index.php?rest_route=\/wp\/v2\/types\/post"}],"author":[{"embeddable":true,"href":"https:\/\/laprensacristiana.com\/index.php?rest_route=\/wp\/v2\/users\/3"}],"replies":[{"embeddable":true,"href":"https:\/\/laprensacristiana.com\/index.php?rest_route=%2Fwp%2Fv2%2Fcomments&post=4680"}],"version-history":[{"count":3,"href":"https:\/\/laprensacristiana.com\/index.php?rest_route=\/wp\/v2\/posts\/4680\/revisions"}],"predecessor-version":[{"id":4685,"href":"https:\/\/laprensacristiana.com\/index.php?rest_route=\/wp\/v2\/posts\/4680\/revisions\/4685"}],"wp:featuredmedia":[{"embeddable":true,"href":"https:\/\/laprensacristiana.com\/index.php?rest_route=\/wp\/v2\/media\/4681"}],"wp:attachment":[{"href":"https:\/\/laprensacristiana.com\/index.php?rest_route=%2Fwp%2Fv2%2Fmedia&parent=4680"}],"wp:term":[{"taxonomy":"category","embeddable":true,"href":"https:\/\/laprensacristiana.com\/index.php?rest_route=%2Fwp%2Fv2%2Fcategories&post=4680"},{"taxonomy":"post_tag","embeddable":true,"href":"https:\/\/laprensacristiana.com\/index.php?rest_route=%2Fwp%2Fv2%2Ftags&post=4680"}],"curies":[{"name":"wp","href":"https:\/\/api.w.org\/{rel}","templated":true}]}}