{"id":4687,"date":"2018-11-06T19:12:11","date_gmt":"2018-11-06T19:12:11","guid":{"rendered":"https:\/\/laprensacristiana.com\/?p=4687"},"modified":"2020-07-01T23:20:19","modified_gmt":"2020-07-01T23:20:19","slug":"marchan-para-decir-no-a-la-ideologia-de-genero","status":"publish","type":"post","link":"https:\/\/laprensacristiana.com\/?p=4687","title":{"rendered":"Marchan para decir NO a la ideolog\u00eda de g\u00e9nero"},"content":{"rendered":"<p>Miles de cristianos de distintas denominaciones y \u00a0organizaciones religiosas, grupos pro-vida, Organizaciones sin fines de lucro, pero sobre todo familias enteras marcharon para proclamar que la familia es vida.<\/p>\n<p>El suceso tuvo lugar el pasado 03 de Noviembre en horas de la tarde, el punto de partida fue la plaza El Divino Salvador del Mundo y finaliz\u00f3 en la Plaza Gerardo Barrios.<\/p>\n<p>Con la marcha pretenden crear conciencia y frenar las propuestas de educaci\u00f3n de los ni\u00f1os en identidad de g\u00e9nero. Al evento tambi\u00e9n se hicieron presentes distintas personalidades de diversos partidos pol\u00edticos,<\/p>\n<p>\u201cLa consigna es defender el derecho a la vida, mantener postura en cuanto a la posici\u00f3n del actual gobierno sobre incidir en los programas de educaci\u00f3n sexual, sostener el derecho de la familia de criar a los hijos de una manera convencional basada en valores y principios b\u00edblicos\u201d explic\u00f3 el pastor Juan Carlos Hasbun de Iglesia Kemuel.<\/p>\n<p><img decoding=\"async\" loading=\"lazy\" class=\"alignnone size-full wp-image-4689\" src=\"https:\/\/laprensacristiana.com\/wp-content\/uploads\/2018\/11\/ARTE-WEB-TIENDAS-MORENA.jpg\" alt=\"\" width=\"1000\" height=\"428\" srcset=\"https:\/\/laprensacristiana.com\/wp-content\/uploads\/2018\/11\/ARTE-WEB-TIENDAS-MORENA.jpg 1000w, https:\/\/laprensacristiana.com\/wp-content\/uploads\/2018\/11\/ARTE-WEB-TIENDAS-MORENA-600x257.jpg 600w, https:\/\/laprensacristiana.com\/wp-content\/uploads\/2018\/11\/ARTE-WEB-TIENDAS-MORENA-300x128.jpg 300w, https:\/\/laprensacristiana.com\/wp-content\/uploads\/2018\/11\/ARTE-WEB-TIENDAS-MORENA-768x329.jpg 768w, https:\/\/laprensacristiana.com\/wp-content\/uploads\/2018\/11\/ARTE-WEB-TIENDAS-MORENA-696x298.jpg 696w, https:\/\/laprensacristiana.com\/wp-content\/uploads\/2018\/11\/ARTE-WEB-TIENDAS-MORENA-981x420.jpg 981w\" sizes=\"(max-width: 1000px) 100vw, 1000px\" \/><\/p>\n<p>La mayor\u00eda de asistentes vest\u00edan de blanco para identificar su participaci\u00f3n y de manera enf\u00e1tica afirmaron que el hombre y la mujer son diferentes pero complementarios, tienen la misma dignidad y derechos. La familia es el n\u00facleo b\u00e1sico de la sociedad, la cual tiene su origen en el matrimonio entre un hombre y una mujer as\u00ed nacidos, reconocieron que los padres son los principales educadores de sus hijos y tienen el derecho de elegir el tipo de educaci\u00f3n que quieren para sus hijos.<\/p>\n<p>\u201cEstamos aqu\u00ed diciendo no a la ideolog\u00eda de g\u00e9nero, queremos que respeten nuestro derecho como padres a educar a nuestros hijos, hagamos un compromiso de levantar la verdad en el nombre de Jes\u00fas, en este pa\u00eds que lleva su nombre, El Salvador\u201d expres\u00f3 la pastor Rosario Navas de Iglesia Del Camino.<\/p>\n<p>Respondieron enf\u00e1ticamente como ciudadanos a la negativa implementaci\u00f3n de programas que promueven la ideolog\u00eda de g\u00e9nero en la curricula escolar y pol\u00edticas p\u00fablicas y adem\u00e1s consideran urgente que los candidatos a la presidencia y vicepresidencia de los diferentes partidos pol\u00edticos sepan que este tema es importante para los votantes salvadore\u00f1os y se comprometan a defender la Vida y la familia.<\/p>\n<p>\u201cEsta marcha debe ser el inicio de un despertar para la Iglesia Evang\u00e9lica en El Salvador, si todos nos uni\u00e9ramos como un solo pueblo, dejando lo denominacional, los resultados de cambio y transformaci\u00f3n serian radicales\u201d acot\u00f3 el pastor Rafael Reyes presidente de Santa Tecla Organizada para Cristo.<\/p>\n<p>Esta marcha es la segunda que se realiza durante el presente a\u00f1o y busca ser parte de un proyecto que crezca d\u00eda con d\u00eda alrededor de estos temas que son relevantes para la comunidad cristiana salvadore\u00f1a.<\/p>\n<p><img decoding=\"async\" loading=\"lazy\" class=\"alignnone size-full wp-image-4690\" src=\"https:\/\/laprensacristiana.com\/wp-content\/uploads\/2018\/11\/WhatsApp-Image-2018-11-06-at-1.01.11-PM.jpeg\" alt=\"\" width=\"1232\" height=\"820\" srcset=\"https:\/\/laprensacristiana.com\/wp-content\/uploads\/2018\/11\/WhatsApp-Image-2018-11-06-at-1.01.11-PM.jpeg 1232w, https:\/\/laprensacristiana.com\/wp-content\/uploads\/2018\/11\/WhatsApp-Image-2018-11-06-at-1.01.11-PM-600x399.jpeg 600w, https:\/\/laprensacristiana.com\/wp-content\/uploads\/2018\/11\/WhatsApp-Image-2018-11-06-at-1.01.11-PM-300x200.jpeg 300w, https:\/\/laprensacristiana.com\/wp-content\/uploads\/2018\/11\/WhatsApp-Image-2018-11-06-at-1.01.11-PM-768x511.jpeg 768w, https:\/\/laprensacristiana.com\/wp-content\/uploads\/2018\/11\/WhatsApp-Image-2018-11-06-at-1.01.11-PM-1024x682.jpeg 1024w, https:\/\/laprensacristiana.com\/wp-content\/uploads\/2018\/11\/WhatsApp-Image-2018-11-06-at-1.01.11-PM-696x463.jpeg 696w, https:\/\/laprensacristiana.com\/wp-content\/uploads\/2018\/11\/WhatsApp-Image-2018-11-06-at-1.01.11-PM-1068x711.jpeg 1068w, https:\/\/laprensacristiana.com\/wp-content\/uploads\/2018\/11\/WhatsApp-Image-2018-11-06-at-1.01.11-PM-631x420.jpeg 631w\" sizes=\"(max-width: 1232px) 100vw, 1232px\" \/><\/p>\n","protected":false},"excerpt":{"rendered":"<p>Miles de cristianos de distintas denominaciones y \u00a0organizaciones religiosas, grupos pro-vida, Organizaciones sin fines de lucro, pero sobre todo familias enteras marcharon para proclamar que la familia es vida. El suceso tuvo lugar el pasado 03 de Noviembre en horas de la tarde, el punto de partida fue la plaza El Divino Salvador del Mundo [&hellip;]<\/p>\n","protected":false},"author":3,"featured_media":4688,"comment_status":"open","ping_status":"open","sticky":false,"template":"","format":"standard","meta":[],"categories":[56],"tags":[],"yoast_head":"<!-- This site is optimized with the Yoast SEO plugin v20.8 - https:\/\/yoast.com\/wordpress\/plugins\/seo\/ -->\n<title>Marchan para decir NO a la ideolog\u00eda de g\u00e9nero - La Prensa Cristiana<\/title>\n<meta name=\"robots\" content=\"index, follow, max-snippet:-1, max-image-preview:large, max-video-preview:-1\" \/>\n<link rel=\"canonical\" href=\"https:\/\/laprensacristiana.com\/?p=4687\" \/>\n<meta property=\"og:locale\" content=\"es_ES\" \/>\n<meta property=\"og:type\" content=\"article\" \/>\n<meta property=\"og:title\" content=\"Marchan para decir NO a la ideolog\u00eda de g\u00e9nero - La Prensa Cristiana\" \/>\n<meta property=\"og:description\" content=\"Miles de cristianos de distintas denominaciones y \u00a0organizaciones religiosas, grupos pro-vida, Organizaciones sin fines de lucro, pero sobre todo familias enteras marcharon para proclamar que la familia es vida. El suceso tuvo lugar el pasado 03 de Noviembre en horas de la tarde, el punto de partida fue la plaza El Divino Salvador del Mundo [&hellip;]\" \/>\n<meta property=\"og:url\" content=\"https:\/\/laprensacristiana.com\/?p=4687\" \/>\n<meta property=\"og:site_name\" content=\"La Prensa Cristiana\" \/>\n<meta property=\"article:published_time\" content=\"2018-11-06T19:12:11+00:00\" \/>\n<meta property=\"article:modified_time\" content=\"2020-07-01T23:20:19+00:00\" \/>\n<meta property=\"og:image\" content=\"https:\/\/laprensacristiana.com\/wp-content\/uploads\/2018\/11\/WhatsApp-Image-2018-11-06-at-12.59.37-PM.jpeg\" \/>\n\t<meta property=\"og:image:width\" content=\"1280\" \/>\n\t<meta property=\"og:image:height\" content=\"720\" \/>\n\t<meta property=\"og:image:type\" content=\"image\/jpeg\" \/>\n<meta name=\"author\" content=\"EDITOR\" \/>\n<meta name=\"twitter:card\" content=\"summary_large_image\" \/>\n<meta name=\"twitter:label1\" content=\"Escrito por\" \/>\n\t<meta name=\"twitter:data1\" content=\"EDITOR\" \/>\n\t<meta name=\"twitter:label2\" content=\"Tiempo de lectura\" \/>\n\t<meta name=\"twitter:data2\" content=\"2 minutos\" \/>\n<script type=\"application\/ld+json\" class=\"yoast-schema-graph\">{\"@context\":\"https:\/\/schema.org\",\"@graph\":[{\"@type\":\"WebPage\",\"@id\":\"https:\/\/laprensacristiana.com\/?p=4687\",\"url\":\"https:\/\/laprensacristiana.com\/?p=4687\",\"name\":\"Marchan para decir NO a la ideolog\u00eda de g\u00e9nero - La Prensa Cristiana\",\"isPartOf\":{\"@id\":\"https:\/\/laprensacristiana.com\/#website\"},\"datePublished\":\"2018-11-06T19:12:11+00:00\",\"dateModified\":\"2020-07-01T23:20:19+00:00\",\"author\":{\"@id\":\"https:\/\/laprensacristiana.com\/#\/schema\/person\/3e7d82c6bfd6b1fa67010f8f7cd5256e\"},\"breadcrumb\":{\"@id\":\"https:\/\/laprensacristiana.com\/?p=4687#breadcrumb\"},\"inLanguage\":\"es\",\"potentialAction\":[{\"@type\":\"ReadAction\",\"target\":[\"https:\/\/laprensacristiana.com\/?p=4687\"]}]},{\"@type\":\"BreadcrumbList\",\"@id\":\"https:\/\/laprensacristiana.com\/?p=4687#breadcrumb\",\"itemListElement\":[{\"@type\":\"ListItem\",\"position\":1,\"name\":\"Portada\",\"item\":\"https:\/\/laprensacristiana.com\/\"},{\"@type\":\"ListItem\",\"position\":2,\"name\":\"Marchan para decir NO a la ideolog\u00eda de g\u00e9nero\"}]},{\"@type\":\"WebSite\",\"@id\":\"https:\/\/laprensacristiana.com\/#website\",\"url\":\"https:\/\/laprensacristiana.com\/\",\"name\":\"La Prensa Cristiana\",\"description\":\"Anunciando Las Buenas Nuevas\",\"potentialAction\":[{\"@type\":\"SearchAction\",\"target\":{\"@type\":\"EntryPoint\",\"urlTemplate\":\"https:\/\/laprensacristiana.com\/?s={search_term_string}\"},\"query-input\":\"required name=search_term_string\"}],\"inLanguage\":\"es\"},{\"@type\":\"Person\",\"@id\":\"https:\/\/laprensacristiana.com\/#\/schema\/person\/3e7d82c6bfd6b1fa67010f8f7cd5256e\",\"name\":\"EDITOR\",\"image\":{\"@type\":\"ImageObject\",\"inLanguage\":\"es\",\"@id\":\"https:\/\/laprensacristiana.com\/#\/schema\/person\/image\/\",\"url\":\"https:\/\/secure.gravatar.com\/avatar\/72069dfb6c13772d9e8381e3638666d2?s=96&d=mm&r=g\",\"contentUrl\":\"https:\/\/secure.gravatar.com\/avatar\/72069dfb6c13772d9e8381e3638666d2?s=96&d=mm&r=g\",\"caption\":\"EDITOR\"},\"url\":\"https:\/\/laprensacristiana.com\/?author=3\"}]}<\/script>\n<!-- \/ Yoast SEO plugin. -->","yoast_head_json":{"title":"Marchan para decir NO a la ideolog\u00eda de g\u00e9nero - La Prensa Cristiana","robots":{"index":"index","follow":"follow","max-snippet":"max-snippet:-1","max-image-preview":"max-image-preview:large","max-video-preview":"max-video-preview:-1"},"canonical":"https:\/\/laprensacristiana.com\/?p=4687","og_locale":"es_ES","og_type":"article","og_title":"Marchan para decir NO a la ideolog\u00eda de g\u00e9nero - La Prensa Cristiana","og_description":"Miles de cristianos de distintas denominaciones y \u00a0organizaciones religiosas, grupos pro-vida, Organizaciones sin fines de lucro, pero sobre todo familias enteras marcharon para proclamar que la familia es vida. El suceso tuvo lugar el pasado 03 de Noviembre en horas de la tarde, el punto de partida fue la plaza El Divino Salvador del Mundo [&hellip;]","og_url":"https:\/\/laprensacristiana.com\/?p=4687","og_site_name":"La Prensa Cristiana","article_published_time":"2018-11-06T19:12:11+00:00","article_modified_time":"2020-07-01T23:20:19+00:00","og_image":[{"width":1280,"height":720,"url":"https:\/\/laprensacristiana.com\/wp-content\/uploads\/2018\/11\/WhatsApp-Image-2018-11-06-at-12.59.37-PM.jpeg","type":"image\/jpeg"}],"author":"EDITOR","twitter_card":"summary_large_image","twitter_misc":{"Escrito por":"EDITOR","Tiempo de lectura":"2 minutos"},"schema":{"@context":"https:\/\/schema.org","@graph":[{"@type":"WebPage","@id":"https:\/\/laprensacristiana.com\/?p=4687","url":"https:\/\/laprensacristiana.com\/?p=4687","name":"Marchan para decir NO a la ideolog\u00eda de g\u00e9nero - La Prensa Cristiana","isPartOf":{"@id":"https:\/\/laprensacristiana.com\/#website"},"datePublished":"2018-11-06T19:12:11+00:00","dateModified":"2020-07-01T23:20:19+00:00","author":{"@id":"https:\/\/laprensacristiana.com\/#\/schema\/person\/3e7d82c6bfd6b1fa67010f8f7cd5256e"},"breadcrumb":{"@id":"https:\/\/laprensacristiana.com\/?p=4687#breadcrumb"},"inLanguage":"es","potentialAction":[{"@type":"ReadAction","target":["https:\/\/laprensacristiana.com\/?p=4687"]}]},{"@type":"BreadcrumbList","@id":"https:\/\/laprensacristiana.com\/?p=4687#breadcrumb","itemListElement":[{"@type":"ListItem","position":1,"name":"Portada","item":"https:\/\/laprensacristiana.com\/"},{"@type":"ListItem","position":2,"name":"Marchan para decir NO a la ideolog\u00eda de g\u00e9nero"}]},{"@type":"WebSite","@id":"https:\/\/laprensacristiana.com\/#website","url":"https:\/\/laprensacristiana.com\/","name":"La Prensa Cristiana","description":"Anunciando Las Buenas Nuevas","potentialAction":[{"@type":"SearchAction","target":{"@type":"EntryPoint","urlTemplate":"https:\/\/laprensacristiana.com\/?s={search_term_string}"},"query-input":"required name=search_term_string"}],"inLanguage":"es"},{"@type":"Person","@id":"https:\/\/laprensacristiana.com\/#\/schema\/person\/3e7d82c6bfd6b1fa67010f8f7cd5256e","name":"EDITOR","image":{"@type":"ImageObject","inLanguage":"es","@id":"https:\/\/laprensacristiana.com\/#\/schema\/person\/image\/","url":"https:\/\/secure.gravatar.com\/avatar\/72069dfb6c13772d9e8381e3638666d2?s=96&d=mm&r=g","contentUrl":"https:\/\/secure.gravatar.com\/avatar\/72069dfb6c13772d9e8381e3638666d2?s=96&d=mm&r=g","caption":"EDITOR"},"url":"https:\/\/laprensacristiana.com\/?author=3"}]}},"_links":{"self":[{"href":"https:\/\/laprensacristiana.com\/index.php?rest_route=\/wp\/v2\/posts\/4687"}],"collection":[{"href":"https:\/\/laprensacristiana.com\/index.php?rest_route=\/wp\/v2\/posts"}],"about":[{"href":"https:\/\/laprensacristiana.com\/index.php?rest_route=\/wp\/v2\/types\/post"}],"author":[{"embeddable":true,"href":"https:\/\/laprensacristiana.com\/index.php?rest_route=\/wp\/v2\/users\/3"}],"replies":[{"embeddable":true,"href":"https:\/\/laprensacristiana.com\/index.php?rest_route=%2Fwp%2Fv2%2Fcomments&post=4687"}],"version-history":[{"count":1,"href":"https:\/\/laprensacristiana.com\/index.php?rest_route=\/wp\/v2\/posts\/4687\/revisions"}],"predecessor-version":[{"id":4691,"href":"https:\/\/laprensacristiana.com\/index.php?rest_route=\/wp\/v2\/posts\/4687\/revisions\/4691"}],"wp:featuredmedia":[{"embeddable":true,"href":"https:\/\/laprensacristiana.com\/index.php?rest_route=\/wp\/v2\/media\/4688"}],"wp:attachment":[{"href":"https:\/\/laprensacristiana.com\/index.php?rest_route=%2Fwp%2Fv2%2Fmedia&parent=4687"}],"wp:term":[{"taxonomy":"category","embeddable":true,"href":"https:\/\/laprensacristiana.com\/index.php?rest_route=%2Fwp%2Fv2%2Fcategories&post=4687"},{"taxonomy":"post_tag","embeddable":true,"href":"https:\/\/laprensacristiana.com\/index.php?rest_route=%2Fwp%2Fv2%2Ftags&post=4687"}],"curies":[{"name":"wp","href":"https:\/\/api.w.org\/{rel}","templated":true}]}}