{"id":4714,"date":"2018-11-09T22:13:41","date_gmt":"2018-11-09T22:13:41","guid":{"rendered":"https:\/\/laprensacristiana.com\/?p=4714"},"modified":"2020-07-01T23:19:18","modified_gmt":"2020-07-01T23:19:18","slug":"vete-en-paz","status":"publish","type":"post","link":"https:\/\/laprensacristiana.com\/?p=4714","title":{"rendered":"Vete en paz"},"content":{"rendered":"<p>Lucas 7:50 \u201c\u2026 vete en paz\u201d<\/p>\n<p>Indudablemente el deseo de Dios para todos sus hijos es que vivan en paz. La paz que Dios nos ofrece es una paz que sobrepasa todo entendimiento. \u00bfC\u00f3mo es posible que en medio de una sociedad corrupta por el pecado y la maldad podamos tener paz? \u00bfC\u00f3mo explicar que en medio de una sociedad dominada por el terror, el miedo y la muerte podamos caminar y\u00a0 dormir en paz? Eso no se entiende si no se conoce la Paz que solo Dios puede dar.<\/p>\n<p>Lo ir\u00f3nico de esto es que el mundo no la quiere. Quiere la paz mental, la que adormece los sentidos. Es la paz griega. El individualismo, la inteligencia, los altos estudios, las maestr\u00edas (que no son pecado), los doctorados. Los programas de televisi\u00f3n. El sexo. Lo oculto. Otros prefieren la paz romana. La de la violencia. La de la bota y el fusil. Mientras haya un arma cargada contra alguien all\u00ed habr\u00e1 paz. La paz del l\u00e1tigo y el insulto.<\/p>\n<p><img decoding=\"async\" loading=\"lazy\" class=\"alignnone size-full wp-image-4689\" src=\"https:\/\/laprensacristiana.com\/wp-content\/uploads\/2018\/11\/ARTE-WEB-TIENDAS-MORENA.jpg\" alt=\"\" width=\"1000\" height=\"428\" srcset=\"https:\/\/laprensacristiana.com\/wp-content\/uploads\/2018\/11\/ARTE-WEB-TIENDAS-MORENA.jpg 1000w, https:\/\/laprensacristiana.com\/wp-content\/uploads\/2018\/11\/ARTE-WEB-TIENDAS-MORENA-600x257.jpg 600w, https:\/\/laprensacristiana.com\/wp-content\/uploads\/2018\/11\/ARTE-WEB-TIENDAS-MORENA-300x128.jpg 300w, https:\/\/laprensacristiana.com\/wp-content\/uploads\/2018\/11\/ARTE-WEB-TIENDAS-MORENA-768x329.jpg 768w, https:\/\/laprensacristiana.com\/wp-content\/uploads\/2018\/11\/ARTE-WEB-TIENDAS-MORENA-696x298.jpg 696w, https:\/\/laprensacristiana.com\/wp-content\/uploads\/2018\/11\/ARTE-WEB-TIENDAS-MORENA-981x420.jpg 981w\" sizes=\"(max-width: 1000px) 100vw, 1000px\" \/><\/p>\n<p>Pero no es as\u00ed con Jes\u00fas. Jes\u00fas trajo una Paz que solo puede venir del Reino de Dios. Y para poderla vivir hay que pertenecer a ese Reino. Y en ese Reino hay un Rey. Un soberano que exige fidelidad y lealtad. Eso fue lo que Jes\u00fas trajo en su primera venida. Vino a traer su Paz. Liberaba y sanaba a la gente y luego los enviaba en paz.<\/p>\n<p>\u00bfPor qu\u00e9 en paz? Porque esta gente enferma, lisiada, llena de llagas y paup\u00e9rrimos eran personas rechazadas de la sociedad de su tiempo. Eran personas non gratas en los c\u00edrculos sociales de su vecindad, de su casa y en el Templo en donde los sacerdotes los exclu\u00edan por estar \u201csucios\u201d y no aptos para adorar al Dios que los estaba esperando para recibir de ellos sus ofrendas y sacrificios.<\/p>\n<p>\u201cVete en paz\u201d significa: Anda y camina entre la gente com\u00fan. Anda y vive plenamente la vida que el Padre te ha dado. Anda y come entre los sanos, los que est\u00e1n libres de las ataduras de la enfermedad. Vete en paz y vuelve a vivir tu vida de familia. Lev\u00e1ntate y toma tu camilla y vete a tu casa. Anda y abraza a los tuyos, a tus hijos y besa a tu esposa. Vete y mu\u00e9strate al sacerdote para que te vea limpio y te deje entrar a los Atrios de la Casa de Dios que te espera. Vete a tu casa y cu\u00e9ntales lo que Dios ha hecho en tu vida\u2026<\/p>\n<p>Es curioso ver que los leprosos no le piden a Jes\u00fas que los sane sino que los limpie. Jes\u00fas lo hace con un gesto de ternura: Los toca. Lo hace deliberadamente porque ellos necesitaban ademas de su sanidad, un \u201ctoque\u201d de alguien que los ame lo suficiente y no los rechace. A una mujer le dijo algo m\u00e1s hermoso: \u201cCu\u00e9ntame hija\u2026<\/p>\n<p>Otro detalle es que Jes\u00fas no los manda a \u201cservir\u201d a la iglesia. No. Los invita a comer con \u00c9l. A sentarse a su mesa y compartir el gozo y la alegr\u00eda de estar con amigos, disfrutar de su compa\u00f1\u00eda y de re\u00edrse un poco de la tragedia de la vida. Eso fue lo que criticaron de Jes\u00fas. \u00bfPor qu\u00e9 tu maestro come con pecadores? \u00bfY con qui\u00e9n m\u00e1s se iba a sentar a comer Jes\u00fas sino con ellos? \u00bfCon nosotros? Los religiosos del tiempo de Jes\u00fas eran tan \u201csantos\u201d que nunca hab\u00edan invitado a comer a nadie que no fuera de su linaje. Los ricos com\u00edan con los ricos. Los sacerdotes con los sacerdotes. Los fariseos con los fariseos. Y los pecadores con los pecadores. Comer con alguien era y sigue siendo signo de amistad. De compa\u00f1erismo. Es un signo de pertenencia.<\/p>\n<p>Y eso fue lo que asust\u00f3 a los jerarcas de la religi\u00f3n dura, fr\u00eda y deshumanizada de aquellos d\u00edas. Y lo sigue siendo hoy. Usted, amigo pastor, que no tiene las credenciales que lo hacen reconocido en las altas esferas de la religi\u00f3n entra a un restaurante en donde hay otros pastores de alto perfil, lo ven entrar y voltean a otro lado. Lo ven como con asco. Con una mirada que quiere decir: \u201c\u00bfY \u00e9ste que hace aqu\u00ed?\u201d.\u00a0 Lo mismo fue con Jes\u00fas y sus amigos publicanos, pecadores y prostitutas.<\/p>\n<p>Eso es lo hermoso de Jes\u00fas. Vino a compartir con aquellos que nadie quiere, que nadie invita, que nadie toma en cuenta por su condici\u00f3n de pobres, extranjeros, los sin voz, los que no tienen nada m\u00e1s que un poco de fe para creer que Dios los ama. Jes\u00fas les devuelve la paz. Los env\u00eda en medio de lobos para que los vean victoriosos y vencedores.<\/p>\n<p>Vete en paz quiere decir anda, camina con la frente en alto. Sonr\u00ede y disfruta de la vida abundante que el Padre env\u00eda para ti. Anda, mujer despreciada por los religiosos y mira el horizonte que Dios tiene para ti. Anda, jovencita que has sido abusada e ignorada solo porque no perteneces al clan de los favoritos del pastor y levanta tus ojos no a los montes sino a Jehov\u00e0 que es quien env\u00eda su bendici\u00f3n sobre ti. Vete en paz, amigo m\u00edo, t\u00fa que no recibes el respeto que mereces en tu trabajo, en tu iglesia, en tu casa, que el Padre te ama y te levanta del polvo para mostrar al mundo de lo que El es capaz de hacer con los olvidados de los dem\u00e1s.<\/p>\n<p>Vete en paz. En la Paz que solo el Cielo puede dar\u2026<\/p>\n","protected":false},"excerpt":{"rendered":"<p>Lucas 7:50 \u201c\u2026 vete en paz\u201d Indudablemente el deseo de Dios para todos sus hijos es que vivan en paz. La paz que Dios nos ofrece es una paz que sobrepasa todo entendimiento. \u00bfC\u00f3mo es posible que en medio de una sociedad corrupta por el pecado y la maldad podamos tener paz? \u00bfC\u00f3mo explicar que [&hellip;]<\/p>\n","protected":false},"author":3,"featured_media":4530,"comment_status":"open","ping_status":"open","sticky":false,"template":"","format":"standard","meta":[],"categories":[36],"tags":[],"yoast_head":"<!-- This site is optimized with the Yoast SEO plugin v20.8 - https:\/\/yoast.com\/wordpress\/plugins\/seo\/ -->\n<title>Vete en paz - La Prensa Cristiana<\/title>\n<meta name=\"robots\" content=\"index, follow, max-snippet:-1, max-image-preview:large, max-video-preview:-1\" \/>\n<link rel=\"canonical\" href=\"https:\/\/laprensacristiana.com\/?p=4714\" \/>\n<meta property=\"og:locale\" content=\"es_ES\" \/>\n<meta property=\"og:type\" content=\"article\" \/>\n<meta property=\"og:title\" content=\"Vete en paz - La Prensa Cristiana\" \/>\n<meta property=\"og:description\" content=\"Lucas 7:50 \u201c\u2026 vete en paz\u201d Indudablemente el deseo de Dios para todos sus hijos es que vivan en paz. La paz que Dios nos ofrece es una paz que sobrepasa todo entendimiento. \u00bfC\u00f3mo es posible que en medio de una sociedad corrupta por el pecado y la maldad podamos tener paz? \u00bfC\u00f3mo explicar que [&hellip;]\" \/>\n<meta property=\"og:url\" content=\"https:\/\/laprensacristiana.com\/?p=4714\" \/>\n<meta property=\"og:site_name\" content=\"La Prensa Cristiana\" \/>\n<meta property=\"article:published_time\" content=\"2018-11-09T22:13:41+00:00\" \/>\n<meta property=\"article:modified_time\" content=\"2020-07-01T23:19:18+00:00\" \/>\n<meta property=\"og:image\" content=\"https:\/\/laprensacristiana.com\/wp-content\/uploads\/2018\/10\/2017-11-23-PHOTO-00003245.jpg\" \/>\n\t<meta property=\"og:image:width\" content=\"1280\" \/>\n\t<meta property=\"og:image:height\" content=\"714\" \/>\n\t<meta property=\"og:image:type\" content=\"image\/jpeg\" \/>\n<meta name=\"author\" content=\"EDITOR\" \/>\n<meta name=\"twitter:card\" content=\"summary_large_image\" \/>\n<meta name=\"twitter:label1\" content=\"Escrito por\" \/>\n\t<meta name=\"twitter:data1\" content=\"EDITOR\" \/>\n\t<meta name=\"twitter:label2\" content=\"Tiempo de lectura\" \/>\n\t<meta name=\"twitter:data2\" content=\"5 minutos\" \/>\n<script type=\"application\/ld+json\" class=\"yoast-schema-graph\">{\"@context\":\"https:\/\/schema.org\",\"@graph\":[{\"@type\":\"WebPage\",\"@id\":\"https:\/\/laprensacristiana.com\/?p=4714\",\"url\":\"https:\/\/laprensacristiana.com\/?p=4714\",\"name\":\"Vete en paz - La Prensa Cristiana\",\"isPartOf\":{\"@id\":\"https:\/\/laprensacristiana.com\/#website\"},\"datePublished\":\"2018-11-09T22:13:41+00:00\",\"dateModified\":\"2020-07-01T23:19:18+00:00\",\"author\":{\"@id\":\"https:\/\/laprensacristiana.com\/#\/schema\/person\/3e7d82c6bfd6b1fa67010f8f7cd5256e\"},\"breadcrumb\":{\"@id\":\"https:\/\/laprensacristiana.com\/?p=4714#breadcrumb\"},\"inLanguage\":\"es\",\"potentialAction\":[{\"@type\":\"ReadAction\",\"target\":[\"https:\/\/laprensacristiana.com\/?p=4714\"]}]},{\"@type\":\"BreadcrumbList\",\"@id\":\"https:\/\/laprensacristiana.com\/?p=4714#breadcrumb\",\"itemListElement\":[{\"@type\":\"ListItem\",\"position\":1,\"name\":\"Portada\",\"item\":\"https:\/\/laprensacristiana.com\/\"},{\"@type\":\"ListItem\",\"position\":2,\"name\":\"Vete en paz\"}]},{\"@type\":\"WebSite\",\"@id\":\"https:\/\/laprensacristiana.com\/#website\",\"url\":\"https:\/\/laprensacristiana.com\/\",\"name\":\"La Prensa Cristiana\",\"description\":\"Anunciando Las Buenas Nuevas\",\"potentialAction\":[{\"@type\":\"SearchAction\",\"target\":{\"@type\":\"EntryPoint\",\"urlTemplate\":\"https:\/\/laprensacristiana.com\/?s={search_term_string}\"},\"query-input\":\"required name=search_term_string\"}],\"inLanguage\":\"es\"},{\"@type\":\"Person\",\"@id\":\"https:\/\/laprensacristiana.com\/#\/schema\/person\/3e7d82c6bfd6b1fa67010f8f7cd5256e\",\"name\":\"EDITOR\",\"image\":{\"@type\":\"ImageObject\",\"inLanguage\":\"es\",\"@id\":\"https:\/\/laprensacristiana.com\/#\/schema\/person\/image\/\",\"url\":\"https:\/\/secure.gravatar.com\/avatar\/72069dfb6c13772d9e8381e3638666d2?s=96&d=mm&r=g\",\"contentUrl\":\"https:\/\/secure.gravatar.com\/avatar\/72069dfb6c13772d9e8381e3638666d2?s=96&d=mm&r=g\",\"caption\":\"EDITOR\"},\"url\":\"https:\/\/laprensacristiana.com\/?author=3\"}]}<\/script>\n<!-- \/ Yoast SEO plugin. -->","yoast_head_json":{"title":"Vete en paz - La Prensa Cristiana","robots":{"index":"index","follow":"follow","max-snippet":"max-snippet:-1","max-image-preview":"max-image-preview:large","max-video-preview":"max-video-preview:-1"},"canonical":"https:\/\/laprensacristiana.com\/?p=4714","og_locale":"es_ES","og_type":"article","og_title":"Vete en paz - La Prensa Cristiana","og_description":"Lucas 7:50 \u201c\u2026 vete en paz\u201d Indudablemente el deseo de Dios para todos sus hijos es que vivan en paz. La paz que Dios nos ofrece es una paz que sobrepasa todo entendimiento. \u00bfC\u00f3mo es posible que en medio de una sociedad corrupta por el pecado y la maldad podamos tener paz? \u00bfC\u00f3mo explicar que [&hellip;]","og_url":"https:\/\/laprensacristiana.com\/?p=4714","og_site_name":"La Prensa Cristiana","article_published_time":"2018-11-09T22:13:41+00:00","article_modified_time":"2020-07-01T23:19:18+00:00","og_image":[{"width":1280,"height":714,"url":"https:\/\/laprensacristiana.com\/wp-content\/uploads\/2018\/10\/2017-11-23-PHOTO-00003245.jpg","type":"image\/jpeg"}],"author":"EDITOR","twitter_card":"summary_large_image","twitter_misc":{"Escrito por":"EDITOR","Tiempo de lectura":"5 minutos"},"schema":{"@context":"https:\/\/schema.org","@graph":[{"@type":"WebPage","@id":"https:\/\/laprensacristiana.com\/?p=4714","url":"https:\/\/laprensacristiana.com\/?p=4714","name":"Vete en paz - La Prensa Cristiana","isPartOf":{"@id":"https:\/\/laprensacristiana.com\/#website"},"datePublished":"2018-11-09T22:13:41+00:00","dateModified":"2020-07-01T23:19:18+00:00","author":{"@id":"https:\/\/laprensacristiana.com\/#\/schema\/person\/3e7d82c6bfd6b1fa67010f8f7cd5256e"},"breadcrumb":{"@id":"https:\/\/laprensacristiana.com\/?p=4714#breadcrumb"},"inLanguage":"es","potentialAction":[{"@type":"ReadAction","target":["https:\/\/laprensacristiana.com\/?p=4714"]}]},{"@type":"BreadcrumbList","@id":"https:\/\/laprensacristiana.com\/?p=4714#breadcrumb","itemListElement":[{"@type":"ListItem","position":1,"name":"Portada","item":"https:\/\/laprensacristiana.com\/"},{"@type":"ListItem","position":2,"name":"Vete en paz"}]},{"@type":"WebSite","@id":"https:\/\/laprensacristiana.com\/#website","url":"https:\/\/laprensacristiana.com\/","name":"La Prensa Cristiana","description":"Anunciando Las Buenas Nuevas","potentialAction":[{"@type":"SearchAction","target":{"@type":"EntryPoint","urlTemplate":"https:\/\/laprensacristiana.com\/?s={search_term_string}"},"query-input":"required name=search_term_string"}],"inLanguage":"es"},{"@type":"Person","@id":"https:\/\/laprensacristiana.com\/#\/schema\/person\/3e7d82c6bfd6b1fa67010f8f7cd5256e","name":"EDITOR","image":{"@type":"ImageObject","inLanguage":"es","@id":"https:\/\/laprensacristiana.com\/#\/schema\/person\/image\/","url":"https:\/\/secure.gravatar.com\/avatar\/72069dfb6c13772d9e8381e3638666d2?s=96&d=mm&r=g","contentUrl":"https:\/\/secure.gravatar.com\/avatar\/72069dfb6c13772d9e8381e3638666d2?s=96&d=mm&r=g","caption":"EDITOR"},"url":"https:\/\/laprensacristiana.com\/?author=3"}]}},"_links":{"self":[{"href":"https:\/\/laprensacristiana.com\/index.php?rest_route=\/wp\/v2\/posts\/4714"}],"collection":[{"href":"https:\/\/laprensacristiana.com\/index.php?rest_route=\/wp\/v2\/posts"}],"about":[{"href":"https:\/\/laprensacristiana.com\/index.php?rest_route=\/wp\/v2\/types\/post"}],"author":[{"embeddable":true,"href":"https:\/\/laprensacristiana.com\/index.php?rest_route=\/wp\/v2\/users\/3"}],"replies":[{"embeddable":true,"href":"https:\/\/laprensacristiana.com\/index.php?rest_route=%2Fwp%2Fv2%2Fcomments&post=4714"}],"version-history":[{"count":3,"href":"https:\/\/laprensacristiana.com\/index.php?rest_route=\/wp\/v2\/posts\/4714\/revisions"}],"predecessor-version":[{"id":4717,"href":"https:\/\/laprensacristiana.com\/index.php?rest_route=\/wp\/v2\/posts\/4714\/revisions\/4717"}],"wp:featuredmedia":[{"embeddable":true,"href":"https:\/\/laprensacristiana.com\/index.php?rest_route=\/wp\/v2\/media\/4530"}],"wp:attachment":[{"href":"https:\/\/laprensacristiana.com\/index.php?rest_route=%2Fwp%2Fv2%2Fmedia&parent=4714"}],"wp:term":[{"taxonomy":"category","embeddable":true,"href":"https:\/\/laprensacristiana.com\/index.php?rest_route=%2Fwp%2Fv2%2Fcategories&post=4714"},{"taxonomy":"post_tag","embeddable":true,"href":"https:\/\/laprensacristiana.com\/index.php?rest_route=%2Fwp%2Fv2%2Ftags&post=4714"}],"curies":[{"name":"wp","href":"https:\/\/api.w.org\/{rel}","templated":true}]}}