{"id":4718,"date":"2018-11-09T23:20:35","date_gmt":"2018-11-09T23:20:35","guid":{"rendered":"https:\/\/laprensacristiana.com\/?p=4718"},"modified":"2020-07-01T23:19:10","modified_gmt":"2020-07-01T23:19:10","slug":"marcos-witt-recibe-reconocimiento-en-colombia","status":"publish","type":"post","link":"https:\/\/laprensacristiana.com\/?p=4718","title":{"rendered":"Marcos Witt recibe reconocimiento en Colombia"},"content":{"rendered":"<p>Con m\u00e1s de tres d\u00e9cadas de carrera Marcos Witt se ha destacado como uno de los cantantes cristianos m\u00e1s influyentes \u00a0y reconocidos en espa\u00f1ol a nivel mundial, millones de personas han asistido a sus conciertos y sus producciones son de las m\u00e1s aclamadas y premiadas.<\/p>\n<p>Ha escritos libros y recibido diferentes reconocimientos, aunque en este momento se encuentre un poco ausente de los escenarios, sus alabanzas no dejan de sonar en las radios cristianas y el internet alrededor del mundo.<\/p>\n<p><img decoding=\"async\" loading=\"lazy\" class=\"alignnone size-full wp-image-4689\" src=\"https:\/\/laprensacristiana.com\/wp-content\/uploads\/2018\/11\/ARTE-WEB-TIENDAS-MORENA.jpg\" alt=\"\" width=\"1000\" height=\"428\" srcset=\"https:\/\/laprensacristiana.com\/wp-content\/uploads\/2018\/11\/ARTE-WEB-TIENDAS-MORENA.jpg 1000w, https:\/\/laprensacristiana.com\/wp-content\/uploads\/2018\/11\/ARTE-WEB-TIENDAS-MORENA-600x257.jpg 600w, https:\/\/laprensacristiana.com\/wp-content\/uploads\/2018\/11\/ARTE-WEB-TIENDAS-MORENA-300x128.jpg 300w, https:\/\/laprensacristiana.com\/wp-content\/uploads\/2018\/11\/ARTE-WEB-TIENDAS-MORENA-768x329.jpg 768w, https:\/\/laprensacristiana.com\/wp-content\/uploads\/2018\/11\/ARTE-WEB-TIENDAS-MORENA-696x298.jpg 696w, https:\/\/laprensacristiana.com\/wp-content\/uploads\/2018\/11\/ARTE-WEB-TIENDAS-MORENA-981x420.jpg 981w\" sizes=\"(max-width: 1000px) 100vw, 1000px\" \/><\/p>\n<p>Claro m\u00fasica\u00a0 es la tienda musical de mayor preferencia entre los usuarios de telefon\u00eda m\u00f3vil en Colombia, con un cat\u00e1logo de m\u00e1s de 25 millones de canciones, cubren todos los g\u00e9neros musicales, playlists y moods del momento y esta tarde le entregaron un reconocimiento a Witt por ser el cantante con m\u00e1s reproducciones de m\u00fasica g\u00f3spel.<\/p>\n<p>\u201cEstoy en Bogot\u00e1 \u00a0y claro m\u00fasica acaba de darme una distinci\u00f3n por ser quien m\u00e1s reproducciones de canciones g\u00f3spel ha tenido en su plataforma en Colombia. \u00a0Yo los honro a ustedes, por ser quienes han alcanzado esto para la m\u00fasica cristiana. \u00a1Muchas gracias!\u00a1Gracias por escuchar y alabar a Dios con las canciones que \u00e9l me ha dado!\u201d Comento Marcos Witt a trav\u00e9s de sus redes sociales.<\/p>\n<p><img decoding=\"async\" loading=\"lazy\" class=\"alignnone size-full wp-image-4720\" src=\"https:\/\/laprensacristiana.com\/wp-content\/uploads\/2018\/11\/45786287_10156929836357074_8122662074548486144_n.jpg\" alt=\"45786287_10156929836357074_8122662074548486144_n\" width=\"960\" height=\"960\" srcset=\"https:\/\/laprensacristiana.com\/wp-content\/uploads\/2018\/11\/45786287_10156929836357074_8122662074548486144_n.jpg 960w, https:\/\/laprensacristiana.com\/wp-content\/uploads\/2018\/11\/45786287_10156929836357074_8122662074548486144_n-300x300.jpg 300w, https:\/\/laprensacristiana.com\/wp-content\/uploads\/2018\/11\/45786287_10156929836357074_8122662074548486144_n-100x100.jpg 100w, https:\/\/laprensacristiana.com\/wp-content\/uploads\/2018\/11\/45786287_10156929836357074_8122662074548486144_n-600x600.jpg 600w, https:\/\/laprensacristiana.com\/wp-content\/uploads\/2018\/11\/45786287_10156929836357074_8122662074548486144_n-150x150.jpg 150w, https:\/\/laprensacristiana.com\/wp-content\/uploads\/2018\/11\/45786287_10156929836357074_8122662074548486144_n-768x768.jpg 768w, https:\/\/laprensacristiana.com\/wp-content\/uploads\/2018\/11\/45786287_10156929836357074_8122662074548486144_n-696x696.jpg 696w, https:\/\/laprensacristiana.com\/wp-content\/uploads\/2018\/11\/45786287_10156929836357074_8122662074548486144_n-420x420.jpg 420w\" sizes=\"(max-width: 960px) 100vw, 960px\" \/><\/p>\n","protected":false},"excerpt":{"rendered":"<p>Con m\u00e1s de tres d\u00e9cadas de carrera Marcos Witt se ha destacado como uno de los cantantes cristianos m\u00e1s influyentes \u00a0y reconocidos en espa\u00f1ol a nivel mundial, millones de personas han asistido a sus conciertos y sus producciones son de las m\u00e1s aclamadas y premiadas. Ha escritos libros y recibido diferentes reconocimientos, aunque en este [&hellip;]<\/p>\n","protected":false},"author":3,"featured_media":4719,"comment_status":"open","ping_status":"open","sticky":false,"template":"","format":"standard","meta":[],"categories":[101],"tags":[],"yoast_head":"<!-- This site is optimized with the Yoast SEO plugin v20.8 - https:\/\/yoast.com\/wordpress\/plugins\/seo\/ -->\n<title>Marcos Witt recibe reconocimiento en Colombia - La Prensa Cristiana<\/title>\n<meta name=\"robots\" content=\"index, follow, max-snippet:-1, max-image-preview:large, max-video-preview:-1\" \/>\n<link rel=\"canonical\" href=\"https:\/\/laprensacristiana.com\/?p=4718\" \/>\n<meta property=\"og:locale\" content=\"es_ES\" \/>\n<meta property=\"og:type\" content=\"article\" \/>\n<meta property=\"og:title\" content=\"Marcos Witt recibe reconocimiento en Colombia - La Prensa Cristiana\" \/>\n<meta property=\"og:description\" content=\"Con m\u00e1s de tres d\u00e9cadas de carrera Marcos Witt se ha destacado como uno de los cantantes cristianos m\u00e1s influyentes \u00a0y reconocidos en espa\u00f1ol a nivel mundial, millones de personas han asistido a sus conciertos y sus producciones son de las m\u00e1s aclamadas y premiadas. Ha escritos libros y recibido diferentes reconocimientos, aunque en este [&hellip;]\" \/>\n<meta property=\"og:url\" content=\"https:\/\/laprensacristiana.com\/?p=4718\" \/>\n<meta property=\"og:site_name\" content=\"La Prensa Cristiana\" \/>\n<meta property=\"article:published_time\" content=\"2018-11-09T23:20:35+00:00\" \/>\n<meta property=\"article:modified_time\" content=\"2020-07-01T23:19:10+00:00\" \/>\n<meta property=\"og:image\" content=\"https:\/\/laprensacristiana.com\/wp-content\/uploads\/2018\/11\/45696444_10156929836202074_1176673824804962304_n.jpg\" \/>\n\t<meta property=\"og:image:width\" content=\"960\" \/>\n\t<meta property=\"og:image:height\" content=\"960\" \/>\n\t<meta property=\"og:image:type\" content=\"image\/jpeg\" \/>\n<meta name=\"author\" content=\"EDITOR\" \/>\n<meta name=\"twitter:card\" content=\"summary_large_image\" \/>\n<meta name=\"twitter:label1\" content=\"Escrito por\" \/>\n\t<meta name=\"twitter:data1\" content=\"EDITOR\" \/>\n\t<meta name=\"twitter:label2\" content=\"Tiempo de lectura\" \/>\n\t<meta name=\"twitter:data2\" content=\"1 minuto\" \/>\n<script type=\"application\/ld+json\" class=\"yoast-schema-graph\">{\"@context\":\"https:\/\/schema.org\",\"@graph\":[{\"@type\":\"WebPage\",\"@id\":\"https:\/\/laprensacristiana.com\/?p=4718\",\"url\":\"https:\/\/laprensacristiana.com\/?p=4718\",\"name\":\"Marcos Witt recibe reconocimiento en Colombia - La Prensa Cristiana\",\"isPartOf\":{\"@id\":\"https:\/\/laprensacristiana.com\/#website\"},\"datePublished\":\"2018-11-09T23:20:35+00:00\",\"dateModified\":\"2020-07-01T23:19:10+00:00\",\"author\":{\"@id\":\"https:\/\/laprensacristiana.com\/#\/schema\/person\/3e7d82c6bfd6b1fa67010f8f7cd5256e\"},\"breadcrumb\":{\"@id\":\"https:\/\/laprensacristiana.com\/?p=4718#breadcrumb\"},\"inLanguage\":\"es\",\"potentialAction\":[{\"@type\":\"ReadAction\",\"target\":[\"https:\/\/laprensacristiana.com\/?p=4718\"]}]},{\"@type\":\"BreadcrumbList\",\"@id\":\"https:\/\/laprensacristiana.com\/?p=4718#breadcrumb\",\"itemListElement\":[{\"@type\":\"ListItem\",\"position\":1,\"name\":\"Portada\",\"item\":\"https:\/\/laprensacristiana.com\/\"},{\"@type\":\"ListItem\",\"position\":2,\"name\":\"Marcos Witt recibe reconocimiento en Colombia\"}]},{\"@type\":\"WebSite\",\"@id\":\"https:\/\/laprensacristiana.com\/#website\",\"url\":\"https:\/\/laprensacristiana.com\/\",\"name\":\"La Prensa Cristiana\",\"description\":\"Anunciando Las Buenas Nuevas\",\"potentialAction\":[{\"@type\":\"SearchAction\",\"target\":{\"@type\":\"EntryPoint\",\"urlTemplate\":\"https:\/\/laprensacristiana.com\/?s={search_term_string}\"},\"query-input\":\"required name=search_term_string\"}],\"inLanguage\":\"es\"},{\"@type\":\"Person\",\"@id\":\"https:\/\/laprensacristiana.com\/#\/schema\/person\/3e7d82c6bfd6b1fa67010f8f7cd5256e\",\"name\":\"EDITOR\",\"image\":{\"@type\":\"ImageObject\",\"inLanguage\":\"es\",\"@id\":\"https:\/\/laprensacristiana.com\/#\/schema\/person\/image\/\",\"url\":\"https:\/\/secure.gravatar.com\/avatar\/72069dfb6c13772d9e8381e3638666d2?s=96&d=mm&r=g\",\"contentUrl\":\"https:\/\/secure.gravatar.com\/avatar\/72069dfb6c13772d9e8381e3638666d2?s=96&d=mm&r=g\",\"caption\":\"EDITOR\"},\"url\":\"https:\/\/laprensacristiana.com\/?author=3\"}]}<\/script>\n<!-- \/ Yoast SEO plugin. -->","yoast_head_json":{"title":"Marcos Witt recibe reconocimiento en Colombia - La Prensa Cristiana","robots":{"index":"index","follow":"follow","max-snippet":"max-snippet:-1","max-image-preview":"max-image-preview:large","max-video-preview":"max-video-preview:-1"},"canonical":"https:\/\/laprensacristiana.com\/?p=4718","og_locale":"es_ES","og_type":"article","og_title":"Marcos Witt recibe reconocimiento en Colombia - La Prensa Cristiana","og_description":"Con m\u00e1s de tres d\u00e9cadas de carrera Marcos Witt se ha destacado como uno de los cantantes cristianos m\u00e1s influyentes \u00a0y reconocidos en espa\u00f1ol a nivel mundial, millones de personas han asistido a sus conciertos y sus producciones son de las m\u00e1s aclamadas y premiadas. Ha escritos libros y recibido diferentes reconocimientos, aunque en este [&hellip;]","og_url":"https:\/\/laprensacristiana.com\/?p=4718","og_site_name":"La Prensa Cristiana","article_published_time":"2018-11-09T23:20:35+00:00","article_modified_time":"2020-07-01T23:19:10+00:00","og_image":[{"width":960,"height":960,"url":"https:\/\/laprensacristiana.com\/wp-content\/uploads\/2018\/11\/45696444_10156929836202074_1176673824804962304_n.jpg","type":"image\/jpeg"}],"author":"EDITOR","twitter_card":"summary_large_image","twitter_misc":{"Escrito por":"EDITOR","Tiempo de lectura":"1 minuto"},"schema":{"@context":"https:\/\/schema.org","@graph":[{"@type":"WebPage","@id":"https:\/\/laprensacristiana.com\/?p=4718","url":"https:\/\/laprensacristiana.com\/?p=4718","name":"Marcos Witt recibe reconocimiento en Colombia - La Prensa Cristiana","isPartOf":{"@id":"https:\/\/laprensacristiana.com\/#website"},"datePublished":"2018-11-09T23:20:35+00:00","dateModified":"2020-07-01T23:19:10+00:00","author":{"@id":"https:\/\/laprensacristiana.com\/#\/schema\/person\/3e7d82c6bfd6b1fa67010f8f7cd5256e"},"breadcrumb":{"@id":"https:\/\/laprensacristiana.com\/?p=4718#breadcrumb"},"inLanguage":"es","potentialAction":[{"@type":"ReadAction","target":["https:\/\/laprensacristiana.com\/?p=4718"]}]},{"@type":"BreadcrumbList","@id":"https:\/\/laprensacristiana.com\/?p=4718#breadcrumb","itemListElement":[{"@type":"ListItem","position":1,"name":"Portada","item":"https:\/\/laprensacristiana.com\/"},{"@type":"ListItem","position":2,"name":"Marcos Witt recibe reconocimiento en Colombia"}]},{"@type":"WebSite","@id":"https:\/\/laprensacristiana.com\/#website","url":"https:\/\/laprensacristiana.com\/","name":"La Prensa Cristiana","description":"Anunciando Las Buenas Nuevas","potentialAction":[{"@type":"SearchAction","target":{"@type":"EntryPoint","urlTemplate":"https:\/\/laprensacristiana.com\/?s={search_term_string}"},"query-input":"required name=search_term_string"}],"inLanguage":"es"},{"@type":"Person","@id":"https:\/\/laprensacristiana.com\/#\/schema\/person\/3e7d82c6bfd6b1fa67010f8f7cd5256e","name":"EDITOR","image":{"@type":"ImageObject","inLanguage":"es","@id":"https:\/\/laprensacristiana.com\/#\/schema\/person\/image\/","url":"https:\/\/secure.gravatar.com\/avatar\/72069dfb6c13772d9e8381e3638666d2?s=96&d=mm&r=g","contentUrl":"https:\/\/secure.gravatar.com\/avatar\/72069dfb6c13772d9e8381e3638666d2?s=96&d=mm&r=g","caption":"EDITOR"},"url":"https:\/\/laprensacristiana.com\/?author=3"}]}},"_links":{"self":[{"href":"https:\/\/laprensacristiana.com\/index.php?rest_route=\/wp\/v2\/posts\/4718"}],"collection":[{"href":"https:\/\/laprensacristiana.com\/index.php?rest_route=\/wp\/v2\/posts"}],"about":[{"href":"https:\/\/laprensacristiana.com\/index.php?rest_route=\/wp\/v2\/types\/post"}],"author":[{"embeddable":true,"href":"https:\/\/laprensacristiana.com\/index.php?rest_route=\/wp\/v2\/users\/3"}],"replies":[{"embeddable":true,"href":"https:\/\/laprensacristiana.com\/index.php?rest_route=%2Fwp%2Fv2%2Fcomments&post=4718"}],"version-history":[{"count":2,"href":"https:\/\/laprensacristiana.com\/index.php?rest_route=\/wp\/v2\/posts\/4718\/revisions"}],"predecessor-version":[{"id":4722,"href":"https:\/\/laprensacristiana.com\/index.php?rest_route=\/wp\/v2\/posts\/4718\/revisions\/4722"}],"wp:featuredmedia":[{"embeddable":true,"href":"https:\/\/laprensacristiana.com\/index.php?rest_route=\/wp\/v2\/media\/4719"}],"wp:attachment":[{"href":"https:\/\/laprensacristiana.com\/index.php?rest_route=%2Fwp%2Fv2%2Fmedia&parent=4718"}],"wp:term":[{"taxonomy":"category","embeddable":true,"href":"https:\/\/laprensacristiana.com\/index.php?rest_route=%2Fwp%2Fv2%2Fcategories&post=4718"},{"taxonomy":"post_tag","embeddable":true,"href":"https:\/\/laprensacristiana.com\/index.php?rest_route=%2Fwp%2Fv2%2Ftags&post=4718"}],"curies":[{"name":"wp","href":"https:\/\/api.w.org\/{rel}","templated":true}]}}