{"id":4723,"date":"2018-11-10T14:12:35","date_gmt":"2018-11-10T14:12:35","guid":{"rendered":"https:\/\/laprensacristiana.com\/?p=4723"},"modified":"2020-07-01T23:18:57","modified_gmt":"2020-07-01T23:18:57","slug":"hoy-es-la-convencion-nacional-radicales","status":"publish","type":"post","link":"https:\/\/laprensacristiana.com\/?p=4723","title":{"rendered":"Hoy es la Convenci\u00f3n Nacional \u201cRADICALES\u201d"},"content":{"rendered":"<p>Cada a\u00f1o los Embajadores de Cristo (EDC) de las Asambleas de Dios realizan su convenci\u00f3n nacional, 2018 est\u00e1 programada para el d\u00eda de hoy en horas de la tarde, desde las 4:00 pm estar\u00e1n reunidos miles de j\u00f3venes provocadores de avivamiento.<\/p>\n<p>La convenci\u00f3n tendr\u00e1 lugar en el estadio M\u00e1gico Gonz\u00e1lez, los invitados internacionales son: Claudio Freidzon, Barak y Alex Zurdo.<\/p>\n<p><img decoding=\"async\" loading=\"lazy\" class=\"alignnone size-full wp-image-4725\" src=\"https:\/\/laprensacristiana.com\/wp-content\/uploads\/2018\/11\/38778035_1809740549091152_557645329508335616_n.jpg\" alt=\"\" width=\"859\" height=\"325\" srcset=\"https:\/\/laprensacristiana.com\/wp-content\/uploads\/2018\/11\/38778035_1809740549091152_557645329508335616_n.jpg 859w, https:\/\/laprensacristiana.com\/wp-content\/uploads\/2018\/11\/38778035_1809740549091152_557645329508335616_n-600x227.jpg 600w, https:\/\/laprensacristiana.com\/wp-content\/uploads\/2018\/11\/38778035_1809740549091152_557645329508335616_n-300x114.jpg 300w, https:\/\/laprensacristiana.com\/wp-content\/uploads\/2018\/11\/38778035_1809740549091152_557645329508335616_n-768x291.jpg 768w, https:\/\/laprensacristiana.com\/wp-content\/uploads\/2018\/11\/38778035_1809740549091152_557645329508335616_n-696x263.jpg 696w\" sizes=\"(max-width: 859px) 100vw, 859px\" \/><\/p>\n<p>\u201cNuestras expectativas es que todos los j\u00f3venes y hermanos que se hagan presentes sean animados, sean fortalecidos, a veces llegamos a etapas de nuestra vida en el evangelio donde estamos caminando por pura fe, fuerzas muchas veces no tenemos, oro y pido a Dios que en esta convenci\u00f3n salgan fortalecidos. Otra expectativa es que la gente sea llena por el Esp\u00edritu Santo y que en ese momento haya transformaci\u00f3n de mentes y corazones, que haya un despertar de la juventud, que reconozcamos que los j\u00f3venes son el camino a que haya un cambio en nuestra sociedad\u201d Expres\u00f3 Wilfredo Mir\u00f3n Presidente de Embajadores de Cristo.<\/p>\n<p>Cabe destacar que la convenci\u00f3n es la culminaci\u00f3n de una agenda anual que manejan a nivel nacional con aspectos como la evangelizaci\u00f3n, retiros, cumbres etc. En este a\u00f1o uno de los programas m\u00e1s destacados ha sido proyecto denominado \u201cCandil de la casa\u201d que es evangelismo en las calles alrededor de todo El Salvador.<\/p>\n<p>\u201cEl prop\u00f3sito es desafiar, motivar, apasionar e instruir a la juventud. Desafiarlos en el hecho que ellos son capaces a hacer muchas cosas en las que han sido frenados o bloqueados. Adem\u00e1s, apasionarlos y motivarlos a seguir al Se\u00f1or Jesucristo\u201d concluy\u00f3 Mir\u00f3n.<\/p>\n<p><img decoding=\"async\" loading=\"lazy\" class=\"alignnone size-full wp-image-4689\" src=\"https:\/\/laprensacristiana.com\/wp-content\/uploads\/2018\/11\/ARTE-WEB-TIENDAS-MORENA.jpg\" alt=\"\" width=\"1000\" height=\"428\" srcset=\"https:\/\/laprensacristiana.com\/wp-content\/uploads\/2018\/11\/ARTE-WEB-TIENDAS-MORENA.jpg 1000w, https:\/\/laprensacristiana.com\/wp-content\/uploads\/2018\/11\/ARTE-WEB-TIENDAS-MORENA-600x257.jpg 600w, https:\/\/laprensacristiana.com\/wp-content\/uploads\/2018\/11\/ARTE-WEB-TIENDAS-MORENA-300x128.jpg 300w, https:\/\/laprensacristiana.com\/wp-content\/uploads\/2018\/11\/ARTE-WEB-TIENDAS-MORENA-768x329.jpg 768w, https:\/\/laprensacristiana.com\/wp-content\/uploads\/2018\/11\/ARTE-WEB-TIENDAS-MORENA-696x298.jpg 696w, https:\/\/laprensacristiana.com\/wp-content\/uploads\/2018\/11\/ARTE-WEB-TIENDAS-MORENA-981x420.jpg 981w\" sizes=\"(max-width: 1000px) 100vw, 1000px\" \/><\/p>\n<p>&nbsp;<\/p>\n","protected":false},"excerpt":{"rendered":"<p>Cada a\u00f1o los Embajadores de Cristo (EDC) de las Asambleas de Dios realizan su convenci\u00f3n nacional, 2018 est\u00e1 programada para el d\u00eda de hoy en horas de la tarde, desde las 4:00 pm estar\u00e1n reunidos miles de j\u00f3venes provocadores de avivamiento. La convenci\u00f3n tendr\u00e1 lugar en el estadio M\u00e1gico Gonz\u00e1lez, los invitados internacionales son: Claudio [&hellip;]<\/p>\n","protected":false},"author":3,"featured_media":4724,"comment_status":"open","ping_status":"open","sticky":false,"template":"","format":"standard","meta":[],"categories":[56],"tags":[],"yoast_head":"<!-- This site is optimized with the Yoast SEO plugin v20.8 - https:\/\/yoast.com\/wordpress\/plugins\/seo\/ -->\n<title>Hoy es la Convenci\u00f3n Nacional \u201cRADICALES\u201d - La Prensa Cristiana<\/title>\n<meta name=\"robots\" content=\"index, follow, max-snippet:-1, max-image-preview:large, max-video-preview:-1\" \/>\n<link rel=\"canonical\" href=\"https:\/\/laprensacristiana.com\/?p=4723\" \/>\n<meta property=\"og:locale\" content=\"es_ES\" \/>\n<meta property=\"og:type\" content=\"article\" \/>\n<meta property=\"og:title\" content=\"Hoy es la Convenci\u00f3n Nacional \u201cRADICALES\u201d - La Prensa Cristiana\" \/>\n<meta property=\"og:description\" content=\"Cada a\u00f1o los Embajadores de Cristo (EDC) de las Asambleas de Dios realizan su convenci\u00f3n nacional, 2018 est\u00e1 programada para el d\u00eda de hoy en horas de la tarde, desde las 4:00 pm estar\u00e1n reunidos miles de j\u00f3venes provocadores de avivamiento. La convenci\u00f3n tendr\u00e1 lugar en el estadio M\u00e1gico Gonz\u00e1lez, los invitados internacionales son: Claudio [&hellip;]\" \/>\n<meta property=\"og:url\" content=\"https:\/\/laprensacristiana.com\/?p=4723\" \/>\n<meta property=\"og:site_name\" content=\"La Prensa Cristiana\" \/>\n<meta property=\"article:published_time\" content=\"2018-11-10T14:12:35+00:00\" \/>\n<meta property=\"article:modified_time\" content=\"2020-07-01T23:18:57+00:00\" \/>\n<meta property=\"og:image\" content=\"https:\/\/laprensacristiana.com\/wp-content\/uploads\/2018\/11\/46007510_1952311364834069_6326241975217422336_n.jpg\" \/>\n\t<meta property=\"og:image:width\" content=\"960\" \/>\n\t<meta property=\"og:image:height\" content=\"640\" \/>\n\t<meta property=\"og:image:type\" content=\"image\/jpeg\" \/>\n<meta name=\"author\" content=\"EDITOR\" \/>\n<meta name=\"twitter:card\" content=\"summary_large_image\" \/>\n<meta name=\"twitter:label1\" content=\"Escrito por\" \/>\n\t<meta name=\"twitter:data1\" content=\"EDITOR\" \/>\n\t<meta name=\"twitter:label2\" content=\"Tiempo de lectura\" \/>\n\t<meta name=\"twitter:data2\" content=\"1 minuto\" \/>\n<script type=\"application\/ld+json\" class=\"yoast-schema-graph\">{\"@context\":\"https:\/\/schema.org\",\"@graph\":[{\"@type\":\"WebPage\",\"@id\":\"https:\/\/laprensacristiana.com\/?p=4723\",\"url\":\"https:\/\/laprensacristiana.com\/?p=4723\",\"name\":\"Hoy es la Convenci\u00f3n Nacional \u201cRADICALES\u201d - La Prensa Cristiana\",\"isPartOf\":{\"@id\":\"https:\/\/laprensacristiana.com\/#website\"},\"datePublished\":\"2018-11-10T14:12:35+00:00\",\"dateModified\":\"2020-07-01T23:18:57+00:00\",\"author\":{\"@id\":\"https:\/\/laprensacristiana.com\/#\/schema\/person\/3e7d82c6bfd6b1fa67010f8f7cd5256e\"},\"breadcrumb\":{\"@id\":\"https:\/\/laprensacristiana.com\/?p=4723#breadcrumb\"},\"inLanguage\":\"es\",\"potentialAction\":[{\"@type\":\"ReadAction\",\"target\":[\"https:\/\/laprensacristiana.com\/?p=4723\"]}]},{\"@type\":\"BreadcrumbList\",\"@id\":\"https:\/\/laprensacristiana.com\/?p=4723#breadcrumb\",\"itemListElement\":[{\"@type\":\"ListItem\",\"position\":1,\"name\":\"Portada\",\"item\":\"https:\/\/laprensacristiana.com\/\"},{\"@type\":\"ListItem\",\"position\":2,\"name\":\"Hoy es la Convenci\u00f3n Nacional \u201cRADICALES\u201d\"}]},{\"@type\":\"WebSite\",\"@id\":\"https:\/\/laprensacristiana.com\/#website\",\"url\":\"https:\/\/laprensacristiana.com\/\",\"name\":\"La Prensa Cristiana\",\"description\":\"Anunciando Las Buenas Nuevas\",\"potentialAction\":[{\"@type\":\"SearchAction\",\"target\":{\"@type\":\"EntryPoint\",\"urlTemplate\":\"https:\/\/laprensacristiana.com\/?s={search_term_string}\"},\"query-input\":\"required name=search_term_string\"}],\"inLanguage\":\"es\"},{\"@type\":\"Person\",\"@id\":\"https:\/\/laprensacristiana.com\/#\/schema\/person\/3e7d82c6bfd6b1fa67010f8f7cd5256e\",\"name\":\"EDITOR\",\"image\":{\"@type\":\"ImageObject\",\"inLanguage\":\"es\",\"@id\":\"https:\/\/laprensacristiana.com\/#\/schema\/person\/image\/\",\"url\":\"https:\/\/secure.gravatar.com\/avatar\/72069dfb6c13772d9e8381e3638666d2?s=96&d=mm&r=g\",\"contentUrl\":\"https:\/\/secure.gravatar.com\/avatar\/72069dfb6c13772d9e8381e3638666d2?s=96&d=mm&r=g\",\"caption\":\"EDITOR\"},\"url\":\"https:\/\/laprensacristiana.com\/?author=3\"}]}<\/script>\n<!-- \/ Yoast SEO plugin. -->","yoast_head_json":{"title":"Hoy es la Convenci\u00f3n Nacional \u201cRADICALES\u201d - La Prensa Cristiana","robots":{"index":"index","follow":"follow","max-snippet":"max-snippet:-1","max-image-preview":"max-image-preview:large","max-video-preview":"max-video-preview:-1"},"canonical":"https:\/\/laprensacristiana.com\/?p=4723","og_locale":"es_ES","og_type":"article","og_title":"Hoy es la Convenci\u00f3n Nacional \u201cRADICALES\u201d - La Prensa Cristiana","og_description":"Cada a\u00f1o los Embajadores de Cristo (EDC) de las Asambleas de Dios realizan su convenci\u00f3n nacional, 2018 est\u00e1 programada para el d\u00eda de hoy en horas de la tarde, desde las 4:00 pm estar\u00e1n reunidos miles de j\u00f3venes provocadores de avivamiento. La convenci\u00f3n tendr\u00e1 lugar en el estadio M\u00e1gico Gonz\u00e1lez, los invitados internacionales son: Claudio [&hellip;]","og_url":"https:\/\/laprensacristiana.com\/?p=4723","og_site_name":"La Prensa Cristiana","article_published_time":"2018-11-10T14:12:35+00:00","article_modified_time":"2020-07-01T23:18:57+00:00","og_image":[{"width":960,"height":640,"url":"https:\/\/laprensacristiana.com\/wp-content\/uploads\/2018\/11\/46007510_1952311364834069_6326241975217422336_n.jpg","type":"image\/jpeg"}],"author":"EDITOR","twitter_card":"summary_large_image","twitter_misc":{"Escrito por":"EDITOR","Tiempo de lectura":"1 minuto"},"schema":{"@context":"https:\/\/schema.org","@graph":[{"@type":"WebPage","@id":"https:\/\/laprensacristiana.com\/?p=4723","url":"https:\/\/laprensacristiana.com\/?p=4723","name":"Hoy es la Convenci\u00f3n Nacional \u201cRADICALES\u201d - La Prensa Cristiana","isPartOf":{"@id":"https:\/\/laprensacristiana.com\/#website"},"datePublished":"2018-11-10T14:12:35+00:00","dateModified":"2020-07-01T23:18:57+00:00","author":{"@id":"https:\/\/laprensacristiana.com\/#\/schema\/person\/3e7d82c6bfd6b1fa67010f8f7cd5256e"},"breadcrumb":{"@id":"https:\/\/laprensacristiana.com\/?p=4723#breadcrumb"},"inLanguage":"es","potentialAction":[{"@type":"ReadAction","target":["https:\/\/laprensacristiana.com\/?p=4723"]}]},{"@type":"BreadcrumbList","@id":"https:\/\/laprensacristiana.com\/?p=4723#breadcrumb","itemListElement":[{"@type":"ListItem","position":1,"name":"Portada","item":"https:\/\/laprensacristiana.com\/"},{"@type":"ListItem","position":2,"name":"Hoy es la Convenci\u00f3n Nacional \u201cRADICALES\u201d"}]},{"@type":"WebSite","@id":"https:\/\/laprensacristiana.com\/#website","url":"https:\/\/laprensacristiana.com\/","name":"La Prensa Cristiana","description":"Anunciando Las Buenas Nuevas","potentialAction":[{"@type":"SearchAction","target":{"@type":"EntryPoint","urlTemplate":"https:\/\/laprensacristiana.com\/?s={search_term_string}"},"query-input":"required name=search_term_string"}],"inLanguage":"es"},{"@type":"Person","@id":"https:\/\/laprensacristiana.com\/#\/schema\/person\/3e7d82c6bfd6b1fa67010f8f7cd5256e","name":"EDITOR","image":{"@type":"ImageObject","inLanguage":"es","@id":"https:\/\/laprensacristiana.com\/#\/schema\/person\/image\/","url":"https:\/\/secure.gravatar.com\/avatar\/72069dfb6c13772d9e8381e3638666d2?s=96&d=mm&r=g","contentUrl":"https:\/\/secure.gravatar.com\/avatar\/72069dfb6c13772d9e8381e3638666d2?s=96&d=mm&r=g","caption":"EDITOR"},"url":"https:\/\/laprensacristiana.com\/?author=3"}]}},"_links":{"self":[{"href":"https:\/\/laprensacristiana.com\/index.php?rest_route=\/wp\/v2\/posts\/4723"}],"collection":[{"href":"https:\/\/laprensacristiana.com\/index.php?rest_route=\/wp\/v2\/posts"}],"about":[{"href":"https:\/\/laprensacristiana.com\/index.php?rest_route=\/wp\/v2\/types\/post"}],"author":[{"embeddable":true,"href":"https:\/\/laprensacristiana.com\/index.php?rest_route=\/wp\/v2\/users\/3"}],"replies":[{"embeddable":true,"href":"https:\/\/laprensacristiana.com\/index.php?rest_route=%2Fwp%2Fv2%2Fcomments&post=4723"}],"version-history":[{"count":1,"href":"https:\/\/laprensacristiana.com\/index.php?rest_route=\/wp\/v2\/posts\/4723\/revisions"}],"predecessor-version":[{"id":4726,"href":"https:\/\/laprensacristiana.com\/index.php?rest_route=\/wp\/v2\/posts\/4723\/revisions\/4726"}],"wp:featuredmedia":[{"embeddable":true,"href":"https:\/\/laprensacristiana.com\/index.php?rest_route=\/wp\/v2\/media\/4724"}],"wp:attachment":[{"href":"https:\/\/laprensacristiana.com\/index.php?rest_route=%2Fwp%2Fv2%2Fmedia&parent=4723"}],"wp:term":[{"taxonomy":"category","embeddable":true,"href":"https:\/\/laprensacristiana.com\/index.php?rest_route=%2Fwp%2Fv2%2Fcategories&post=4723"},{"taxonomy":"post_tag","embeddable":true,"href":"https:\/\/laprensacristiana.com\/index.php?rest_route=%2Fwp%2Fv2%2Ftags&post=4723"}],"curies":[{"name":"wp","href":"https:\/\/api.w.org\/{rel}","templated":true}]}}